{"id":46724,"date":"2017-06-13T13:42:16","date_gmt":"2017-06-13T11:42:16","guid":{"rendered":"http:\/\/www.budokampsport.se\/?p=46724"},"modified":"2017-06-13T13:42:16","modified_gmt":"2017-06-13T11:42:16","slug":"isa-tidblad-keskikangas-uttagen-till-world-games","status":"publish","type":"post","link":"https:\/\/www.budokampsport.se\/2017\/06\/13\/isa-tidblad-keskikangas-uttagen-till-world-games\/","title":{"rendered":"Isa Tidblad Keskikangas uttagen till World games"},"content":{"rendered":"<p>Kickboxaren Zina Djelassi \u00e4r klar och det \u00e4r \u00e4ven thaiboxningsstj\u00e4rnan Sofia Olofsson. Olofsson som vann pris som Athelete of the year ifjol, av just organisationen World games l\u00e4r bli en av spelens stora fixstj\u00e4rnor p\u00e5 f\u00f6rhand.<\/p>\n<p>Till skaran av svenska kampsportsstj\u00e4rnor som f\u00e5r \u00e5ka till Polen l\u00e4ggs nu ocks\u00e5 Isa Tidblad Keskikangas, som \u00e4r regerande Europam\u00e4starinna i -60-kilosklassen.<\/p>\n<p>Text: Jonathan Broberg<br \/>\nFoto: Matilda Ritz\u00e9n<\/p>\n","protected":false},"excerpt":{"rendered":"<p>World games i Polen i slutet av juli n\u00e4rmar sig. Klara dit sedan tidigare \u00e4r jujutsustj\u00e4rnorna Fredrik Widgren och William Seth-Wenzel. Diana Halld\u00e9n \u00e4r uttagen, men hennes start i World games \u00e4r fortfarande os\u00e4ker p\u00e5 grund av en skada.<\/p><br>","protected":false},"author":7,"featured_media":39370,"comment_status":"open","ping_status":"open","sticky":false,"template":"","format":"standard","meta":{"_acf_changed":false,"footnotes":""},"categories":[1],"tags":[],"class_list":["post-46724","post","type-post","status-publish","format-standard","has-post-thumbnail","hentry","category-okategoriserade"],"acf":[],"yoast_head":"<!-- This site is optimized with the Yoast SEO plugin v26.8 - https:\/\/yoast.com\/product\/yoast-seo-wordpress\/ -->\n<title>Isa Tidblad Keskikangas uttagen till World games - Svenska Budo &amp; Kampsportsf\u00f6rbundet<\/title>\n<meta name=\"description\" content=\"World games i Polen i slutet av juli n\u00e4rmar sig. Klara dit sedan tidigare \u00e4r jujutsustj\u00e4rnorna Fredrik Widgren och William Seth-Wenzel. Diana Halld\u00e9n \u00e4r uttagen, men hennes start i World games \u00e4r fortfarande os\u00e4ker p\u00e5 grund av en skada.\" \/>\n<meta name=\"robots\" content=\"index, follow, max-snippet:-1, max-image-preview:large, max-video-preview:-1\" \/>\n<link rel=\"canonical\" href=\"https:\/\/www.budokampsport.se\/2017\/06\/13\/isa-tidblad-keskikangas-uttagen-till-world-games\/\" \/>\n<meta property=\"og:locale\" content=\"sv_SE\" \/>\n<meta property=\"og:type\" content=\"article\" \/>\n<meta property=\"og:title\" content=\"Isa Tidblad Keskikangas uttagen till World games - Svenska Budo &amp; Kampsportsf\u00f6rbundet\" \/>\n<meta property=\"og:description\" content=\"World games i Polen i slutet av juli n\u00e4rmar sig. Klara dit sedan tidigare \u00e4r jujutsustj\u00e4rnorna Fredrik Widgren och William Seth-Wenzel. Diana Halld\u00e9n \u00e4r uttagen, men hennes start i World games \u00e4r fortfarande os\u00e4ker p\u00e5 grund av en skada.\" \/>\n<meta property=\"og:url\" content=\"https:\/\/www.budokampsport.se\/2017\/06\/13\/isa-tidblad-keskikangas-uttagen-till-world-games\/\" \/>\n<meta property=\"og:site_name\" content=\"Svenska Budo &amp; Kampsportsf\u00f6rbundet\" \/>\n<meta property=\"article:author\" content=\"https:\/\/www.facebook.com\/jonathan.broberg.7\" \/>\n<meta property=\"article:published_time\" content=\"2017-06-13T11:42:16+00:00\" \/>\n<meta property=\"og:image\" content=\"https:\/\/www.budokampsport.se\/wp-content\/uploads\/2017\/02\/isa_blick.jpg\" \/>\n\t<meta property=\"og:image:width\" content=\"850\" \/>\n\t<meta property=\"og:image:height\" content=\"567\" \/>\n\t<meta property=\"og:image:type\" content=\"image\/jpeg\" \/>\n<meta name=\"author\" content=\"Jonathan Broberg\" \/>\n<meta name=\"twitter:card\" content=\"summary_large_image\" \/>\n<meta name=\"twitter:label1\" content=\"Skriven av\" \/>\n\t<meta name=\"twitter:data1\" content=\"Jonathan Broberg\" \/>\n<script type=\"application\/ld+json\" class=\"yoast-schema-graph\">{\"@context\":\"https:\/\/schema.org\",\"@graph\":[{\"@type\":\"Article\",\"@id\":\"https:\/\/www.budokampsport.se\/2017\/06\/13\/isa-tidblad-keskikangas-uttagen-till-world-games\/#article\",\"isPartOf\":{\"@id\":\"https:\/\/www.budokampsport.se\/2017\/06\/13\/isa-tidblad-keskikangas-uttagen-till-world-games\/\"},\"author\":{\"name\":\"Jonathan Broberg\",\"@id\":\"https:\/\/www.budokampsport.se\/#\/schema\/person\/5c06d81d14850e2a8ce5493386560145\"},\"headline\":\"Isa Tidblad Keskikangas uttagen till World games\",\"datePublished\":\"2017-06-13T11:42:16+00:00\",\"mainEntityOfPage\":{\"@id\":\"https:\/\/www.budokampsport.se\/2017\/06\/13\/isa-tidblad-keskikangas-uttagen-till-world-games\/\"},\"wordCount\":81,\"commentCount\":0,\"image\":{\"@id\":\"https:\/\/www.budokampsport.se\/2017\/06\/13\/isa-tidblad-keskikangas-uttagen-till-world-games\/#primaryimage\"},\"thumbnailUrl\":\"https:\/\/www.budokampsport.se\/wp-content\/uploads\/2017\/02\/isa_blick.jpg\",\"inLanguage\":\"sv-SE\",\"potentialAction\":[{\"@type\":\"CommentAction\",\"name\":\"Comment\",\"target\":[\"https:\/\/www.budokampsport.se\/2017\/06\/13\/isa-tidblad-keskikangas-uttagen-till-world-games\/#respond\"]}]},{\"@type\":\"WebPage\",\"@id\":\"https:\/\/www.budokampsport.se\/2017\/06\/13\/isa-tidblad-keskikangas-uttagen-till-world-games\/\",\"url\":\"https:\/\/www.budokampsport.se\/2017\/06\/13\/isa-tidblad-keskikangas-uttagen-till-world-games\/\",\"name\":\"Isa Tidblad Keskikangas uttagen till World games - Svenska Budo &amp; Kampsportsf\u00f6rbundet\",\"isPartOf\":{\"@id\":\"https:\/\/www.budokampsport.se\/#website\"},\"primaryImageOfPage\":{\"@id\":\"https:\/\/www.budokampsport.se\/2017\/06\/13\/isa-tidblad-keskikangas-uttagen-till-world-games\/#primaryimage\"},\"image\":{\"@id\":\"https:\/\/www.budokampsport.se\/2017\/06\/13\/isa-tidblad-keskikangas-uttagen-till-world-games\/#primaryimage\"},\"thumbnailUrl\":\"https:\/\/www.budokampsport.se\/wp-content\/uploads\/2017\/02\/isa_blick.jpg\",\"datePublished\":\"2017-06-13T11:42:16+00:00\",\"author\":{\"@id\":\"https:\/\/www.budokampsport.se\/#\/schema\/person\/5c06d81d14850e2a8ce5493386560145\"},\"description\":\"World games i Polen i slutet av juli n\u00e4rmar sig. Klara dit sedan tidigare \u00e4r jujutsustj\u00e4rnorna Fredrik Widgren och William Seth-Wenzel. Diana Halld\u00e9n \u00e4r uttagen, men hennes start i World games \u00e4r fortfarande os\u00e4ker p\u00e5 grund av en skada.\",\"breadcrumb\":{\"@id\":\"https:\/\/www.budokampsport.se\/2017\/06\/13\/isa-tidblad-keskikangas-uttagen-till-world-games\/#breadcrumb\"},\"inLanguage\":\"sv-SE\",\"potentialAction\":[{\"@type\":\"ReadAction\",\"target\":[\"https:\/\/www.budokampsport.se\/2017\/06\/13\/isa-tidblad-keskikangas-uttagen-till-world-games\/\"]}]},{\"@type\":\"ImageObject\",\"inLanguage\":\"sv-SE\",\"@id\":\"https:\/\/www.budokampsport.se\/2017\/06\/13\/isa-tidblad-keskikangas-uttagen-till-world-games\/#primaryimage\",\"url\":\"https:\/\/www.budokampsport.se\/wp-content\/uploads\/2017\/02\/isa_blick.jpg\",\"contentUrl\":\"https:\/\/www.budokampsport.se\/wp-content\/uploads\/2017\/02\/isa_blick.jpg\",\"width\":850,\"height\":567,\"caption\":\"Foto: Matilda Ritz\u00e9n\"},{\"@type\":\"BreadcrumbList\",\"@id\":\"https:\/\/www.budokampsport.se\/2017\/06\/13\/isa-tidblad-keskikangas-uttagen-till-world-games\/#breadcrumb\",\"itemListElement\":[{\"@type\":\"ListItem\",\"position\":1,\"name\":\"Hem\",\"item\":\"https:\/\/www.budokampsport.se\/\"},{\"@type\":\"ListItem\",\"position\":2,\"name\":\"Isa Tidblad Keskikangas uttagen till World games\"}]},{\"@type\":\"WebSite\",\"@id\":\"https:\/\/www.budokampsport.se\/#website\",\"url\":\"https:\/\/www.budokampsport.se\/\",\"name\":\"Svenska Budo &amp; Kampsportsf\u00f6rbundet\",\"description\":\"T\u00e4vling, Tr\u00e4ning, Tradition\",\"potentialAction\":[{\"@type\":\"SearchAction\",\"target\":{\"@type\":\"EntryPoint\",\"urlTemplate\":\"https:\/\/www.budokampsport.se\/?s={search_term_string}\"},\"query-input\":{\"@type\":\"PropertyValueSpecification\",\"valueRequired\":true,\"valueName\":\"search_term_string\"}}],\"inLanguage\":\"sv-SE\"},{\"@type\":\"Person\",\"@id\":\"https:\/\/www.budokampsport.se\/#\/schema\/person\/5c06d81d14850e2a8ce5493386560145\",\"name\":\"Jonathan Broberg\",\"image\":{\"@type\":\"ImageObject\",\"inLanguage\":\"sv-SE\",\"@id\":\"https:\/\/www.budokampsport.se\/#\/schema\/person\/image\/\",\"url\":\"https:\/\/secure.gravatar.com\/avatar\/a58041c6cea9128bd9c40ee2f26d4136?s=96&d=blank&r=g\",\"contentUrl\":\"https:\/\/secure.gravatar.com\/avatar\/a58041c6cea9128bd9c40ee2f26d4136?s=96&d=blank&r=g\",\"caption\":\"Jonathan Broberg\"},\"sameAs\":[\"https:\/\/www.facebook.com\/jonathan.broberg.7\"],\"url\":\"https:\/\/www.budokampsport.se\/author\/jonathan\/\"}]}<\/script>\n<!-- \/ Yoast SEO plugin. -->","yoast_head_json":{"title":"Isa Tidblad Keskikangas uttagen till World games - Svenska Budo &amp; Kampsportsf\u00f6rbundet","description":"World games i Polen i slutet av juli n\u00e4rmar sig. Klara dit sedan tidigare \u00e4r jujutsustj\u00e4rnorna Fredrik Widgren och William Seth-Wenzel. Diana Halld\u00e9n \u00e4r uttagen, men hennes start i World games \u00e4r fortfarande os\u00e4ker p\u00e5 grund av en skada.","robots":{"index":"index","follow":"follow","max-snippet":"max-snippet:-1","max-image-preview":"max-image-preview:large","max-video-preview":"max-video-preview:-1"},"canonical":"https:\/\/www.budokampsport.se\/2017\/06\/13\/isa-tidblad-keskikangas-uttagen-till-world-games\/","og_locale":"sv_SE","og_type":"article","og_title":"Isa Tidblad Keskikangas uttagen till World games - Svenska Budo &amp; Kampsportsf\u00f6rbundet","og_description":"World games i Polen i slutet av juli n\u00e4rmar sig. Klara dit sedan tidigare \u00e4r jujutsustj\u00e4rnorna Fredrik Widgren och William Seth-Wenzel. Diana Halld\u00e9n \u00e4r uttagen, men hennes start i World games \u00e4r fortfarande os\u00e4ker p\u00e5 grund av en skada.","og_url":"https:\/\/www.budokampsport.se\/2017\/06\/13\/isa-tidblad-keskikangas-uttagen-till-world-games\/","og_site_name":"Svenska Budo &amp; Kampsportsf\u00f6rbundet","article_author":"https:\/\/www.facebook.com\/jonathan.broberg.7","article_published_time":"2017-06-13T11:42:16+00:00","og_image":[{"width":850,"height":567,"url":"https:\/\/www.budokampsport.se\/wp-content\/uploads\/2017\/02\/isa_blick.jpg","type":"image\/jpeg"}],"author":"Jonathan Broberg","twitter_card":"summary_large_image","twitter_misc":{"Skriven av":"Jonathan Broberg"},"schema":{"@context":"https:\/\/schema.org","@graph":[{"@type":"Article","@id":"https:\/\/www.budokampsport.se\/2017\/06\/13\/isa-tidblad-keskikangas-uttagen-till-world-games\/#article","isPartOf":{"@id":"https:\/\/www.budokampsport.se\/2017\/06\/13\/isa-tidblad-keskikangas-uttagen-till-world-games\/"},"author":{"name":"Jonathan Broberg","@id":"https:\/\/www.budokampsport.se\/#\/schema\/person\/5c06d81d14850e2a8ce5493386560145"},"headline":"Isa Tidblad Keskikangas uttagen till World games","datePublished":"2017-06-13T11:42:16+00:00","mainEntityOfPage":{"@id":"https:\/\/www.budokampsport.se\/2017\/06\/13\/isa-tidblad-keskikangas-uttagen-till-world-games\/"},"wordCount":81,"commentCount":0,"image":{"@id":"https:\/\/www.budokampsport.se\/2017\/06\/13\/isa-tidblad-keskikangas-uttagen-till-world-games\/#primaryimage"},"thumbnailUrl":"https:\/\/www.budokampsport.se\/wp-content\/uploads\/2017\/02\/isa_blick.jpg","inLanguage":"sv-SE","potentialAction":[{"@type":"CommentAction","name":"Comment","target":["https:\/\/www.budokampsport.se\/2017\/06\/13\/isa-tidblad-keskikangas-uttagen-till-world-games\/#respond"]}]},{"@type":"WebPage","@id":"https:\/\/www.budokampsport.se\/2017\/06\/13\/isa-tidblad-keskikangas-uttagen-till-world-games\/","url":"https:\/\/www.budokampsport.se\/2017\/06\/13\/isa-tidblad-keskikangas-uttagen-till-world-games\/","name":"Isa Tidblad Keskikangas uttagen till World games - Svenska Budo &amp; Kampsportsf\u00f6rbundet","isPartOf":{"@id":"https:\/\/www.budokampsport.se\/#website"},"primaryImageOfPage":{"@id":"https:\/\/www.budokampsport.se\/2017\/06\/13\/isa-tidblad-keskikangas-uttagen-till-world-games\/#primaryimage"},"image":{"@id":"https:\/\/www.budokampsport.se\/2017\/06\/13\/isa-tidblad-keskikangas-uttagen-till-world-games\/#primaryimage"},"thumbnailUrl":"https:\/\/www.budokampsport.se\/wp-content\/uploads\/2017\/02\/isa_blick.jpg","datePublished":"2017-06-13T11:42:16+00:00","author":{"@id":"https:\/\/www.budokampsport.se\/#\/schema\/person\/5c06d81d14850e2a8ce5493386560145"},"description":"World games i Polen i slutet av juli n\u00e4rmar sig. Klara dit sedan tidigare \u00e4r jujutsustj\u00e4rnorna Fredrik Widgren och William Seth-Wenzel. Diana Halld\u00e9n \u00e4r uttagen, men hennes start i World games \u00e4r fortfarande os\u00e4ker p\u00e5 grund av en skada.","breadcrumb":{"@id":"https:\/\/www.budokampsport.se\/2017\/06\/13\/isa-tidblad-keskikangas-uttagen-till-world-games\/#breadcrumb"},"inLanguage":"sv-SE","potentialAction":[{"@type":"ReadAction","target":["https:\/\/www.budokampsport.se\/2017\/06\/13\/isa-tidblad-keskikangas-uttagen-till-world-games\/"]}]},{"@type":"ImageObject","inLanguage":"sv-SE","@id":"https:\/\/www.budokampsport.se\/2017\/06\/13\/isa-tidblad-keskikangas-uttagen-till-world-games\/#primaryimage","url":"https:\/\/www.budokampsport.se\/wp-content\/uploads\/2017\/02\/isa_blick.jpg","contentUrl":"https:\/\/www.budokampsport.se\/wp-content\/uploads\/2017\/02\/isa_blick.jpg","width":850,"height":567,"caption":"Foto: Matilda Ritz\u00e9n"},{"@type":"BreadcrumbList","@id":"https:\/\/www.budokampsport.se\/2017\/06\/13\/isa-tidblad-keskikangas-uttagen-till-world-games\/#breadcrumb","itemListElement":[{"@type":"ListItem","position":1,"name":"Hem","item":"https:\/\/www.budokampsport.se\/"},{"@type":"ListItem","position":2,"name":"Isa Tidblad Keskikangas uttagen till World games"}]},{"@type":"WebSite","@id":"https:\/\/www.budokampsport.se\/#website","url":"https:\/\/www.budokampsport.se\/","name":"Svenska Budo &amp; Kampsportsf\u00f6rbundet","description":"T\u00e4vling, Tr\u00e4ning, Tradition","potentialAction":[{"@type":"SearchAction","target":{"@type":"EntryPoint","urlTemplate":"https:\/\/www.budokampsport.se\/?s={search_term_string}"},"query-input":{"@type":"PropertyValueSpecification","valueRequired":true,"valueName":"search_term_string"}}],"inLanguage":"sv-SE"},{"@type":"Person","@id":"https:\/\/www.budokampsport.se\/#\/schema\/person\/5c06d81d14850e2a8ce5493386560145","name":"Jonathan Broberg","image":{"@type":"ImageObject","inLanguage":"sv-SE","@id":"https:\/\/www.budokampsport.se\/#\/schema\/person\/image\/","url":"https:\/\/secure.gravatar.com\/avatar\/a58041c6cea9128bd9c40ee2f26d4136?s=96&d=blank&r=g","contentUrl":"https:\/\/secure.gravatar.com\/avatar\/a58041c6cea9128bd9c40ee2f26d4136?s=96&d=blank&r=g","caption":"Jonathan Broberg"},"sameAs":["https:\/\/www.facebook.com\/jonathan.broberg.7"],"url":"https:\/\/www.budokampsport.se\/author\/jonathan\/"}]}},"_links":{"self":[{"href":"https:\/\/www.budokampsport.se\/api\/wp\/v2\/posts\/46724","targetHints":{"allow":["GET"]}}],"collection":[{"href":"https:\/\/www.budokampsport.se\/api\/wp\/v2\/posts"}],"about":[{"href":"https:\/\/www.budokampsport.se\/api\/wp\/v2\/types\/post"}],"author":[{"embeddable":true,"href":"https:\/\/www.budokampsport.se\/api\/wp\/v2\/users\/7"}],"replies":[{"embeddable":true,"href":"https:\/\/www.budokampsport.se\/api\/wp\/v2\/comments?post=46724"}],"version-history":[{"count":0,"href":"https:\/\/www.budokampsport.se\/api\/wp\/v2\/posts\/46724\/revisions"}],"wp:featuredmedia":[{"embeddable":true,"href":"https:\/\/www.budokampsport.se\/api\/wp\/v2\/media\/39370"}],"wp:attachment":[{"href":"https:\/\/www.budokampsport.se\/api\/wp\/v2\/media?parent=46724"}],"wp:term":[{"taxonomy":"category","embeddable":true,"href":"https:\/\/www.budokampsport.se\/api\/wp\/v2\/categories?post=46724"},{"taxonomy":"post_tag","embeddable":true,"href":"https:\/\/www.budokampsport.se\/api\/wp\/v2\/tags?post=46724"}],"curies":[{"name":"wp","href":"https:\/\/api.w.org\/{rel}","templated":true}]}}