{"id":46736,"date":"2017-06-22T15:19:54","date_gmt":"2017-06-22T13:19:54","guid":{"rendered":"http:\/\/www.budokampsport.se\/?p=46736"},"modified":"2017-06-30T13:37:05","modified_gmt":"2017-06-30T11:37:05","slug":"sommarlasning-maria-engqvist-en-oplanerad-comeback","status":"publish","type":"post","link":"https:\/\/www.budokampsport.se\/2017\/06\/22\/sommarlasning-maria-engqvist-en-oplanerad-comeback\/","title":{"rendered":"Midsommarl\u00e4sning: Maria Engqvist &#8211; en oplanerad comeback"},"content":{"rendered":"<p><strong>Maria v\u00e4xte upp p\u00e5 Vaxholm i ett samh\u00e4lle med relativt lugn lunk, d\u00e4r fick Maria upp \u00f6gonen f\u00f6r den japanska serietidningen som gavs ut en g\u00e5ng i m\u00e5naden. Det var de mangatecknade kendout\u00f6varna som lockade och det dr\u00f6jde inte l\u00e4nge tills Marias nyfikenhet drog henne till storstaden f\u00f6r att sj\u00e4lv testa. Ingen i familjen h\u00f6ll p\u00e5 med budo och till Stockholmsklubben tog det 2 timmar &#8211; enkel v\u00e4g.<\/strong><\/p>\n<p>&#8211; Mangaintresset dog fort och kulturen med cosplay och s\u00e5nt var inte riktigt min grej, men budon fastnade jag vid.<br \/>\nUnder tv\u00e5 \u00e5r tr\u00e4nade hon kendo i samma lokal som iaidotr\u00e4ningarna h\u00f6lls, hon tyckte det s\u00e5g sp\u00e4nnande ut och best\u00e4mde sig f\u00f6r att b\u00f6rja. I efterhand \u00e4r hon inte bara tacksam \u00f6ver att hon hittade en rolig fritidsaktivitet utan ocks\u00e5 en idrott med en varm och stark v\u00e4rdegrund.<br \/>\n-Jag hade inte reflekterat s\u00e5 mycket p\u00e5 hur saker jag gjorde p\u00e5verkade andra innan. Genom budon blev jag mer uppm\u00e4rksam p\u00e5 min omgivning, man respekterade dojon och kamratskap var n\u00e5got otroligt viktig d\u00e4r.<\/p>\n<p>\u00c4ven gemenskapen \u00e4r en bidragande orsak till att Maria uppskattar sin sport, men t\u00e4vlingsmomentet \u00e4r ocks\u00e5 en viktigt del.<br \/>\n-Man f\u00e5r \u00e5ka runt om i v\u00e4rlden p\u00e5 t\u00e4vlingar, tr\u00e4ffa m\u00e4nniskor fr\u00e5n Jordanien eller Sydamerika som jag kanske inte hade tr\u00e4ffat annars. Men <span style=\"color: #000000;\">t\u00e4vlingen ger ocks\u00e5 en adrenalinkick som \u00e4r sv\u00e5r att komma \u00e5t under vardagstr\u00e4ningen, den ger mersmak.<\/span><\/p>\n<p><strong>Jodons int\u00e5g<br \/>\n<\/strong><span style=\"color: #000000;\">2010 provade Maria jodo f\u00f6r f\u00f6rsta g\u00e5ngen efter lite \u00f6vertalning fr\u00e5n sin tr\u00e4nare. Hon upplevde att det var andra vinklar, det var &#8220;mjukare&#8221; och avst\u00e5ndsbed\u00f6mningen blev mer p\u00e5taglig eftersom man till skillnad fr\u00e5n iaido t\u00e4vlar i par.<\/span><\/p>\n<p><span style=\"color: #000000;\">\u2013 Det \u00e4r ett bra komplement till iaidon och n\u00e4r n\u00e4stan alla andra tr\u00e4nade jodo k\u00e4nde jag att jag nog ocks\u00e5 m\u00e5ste b\u00f6rja. Det gick inte att undvika, skrattar Maria. Det \u00e4r dumt att v\u00e4rdera men man kan uttrycka sig lite mer p\u00e5tagligt i jodo, man f\u00e5r anv\u00e4nda kiai och det \u00e4r v\u00e4ldigt befriande, till\u00e4gger hon. I jodo t\u00e4vlar man i par men d\u00e4r endast den med jo-staven bed\u00f6ms och har m\u00f6jlighet att vinna medalj, men eftersom man v\u00e4xlar roll \u00e4r det viktigt att vara duktig i b\u00e4gge. Att inte vara helt sj\u00e4lv i t\u00e4vlingsmomentet \u00e4r ocks\u00e5 annorlunda.<\/span><\/p>\n<p><strong>Livet h\u00e4nder<br \/>\n<\/strong>Med m\u00e5nga EM-medaljer i bagaget i b\u00e5de iaidon och jodon tog pl\u00f6tsligt familjen nu en ny framtr\u00e4dande roll i Marias liv, det blev ett par hektiska \u00e5r med gifterm\u00e5l, sm\u00e5barn, skilsm\u00e4ssa och en pappa som blev sv\u00e5rt sjuk.<\/p>\n<p>&#8211; Mycket h\u00e4nde under en v\u00e4ldigt kort period som omkullkastade livet och gav det nya perspektiv.<\/p>\n<p><strong>En oplanerad comeback<br \/>\n<\/strong><span style=\"color: #000000;\">Att ta tid f\u00f6r att tr\u00e4na innan familjelivet \u00e4r f\u00f6r m\u00e5nga en sj\u00e4lvklarhet, men mitt i familjekarusellen blir det snarast en om\u00f6jlighet och n\u00e5got som kr\u00e4ver noggrann planering.<\/span><\/p>\n<p><span style=\"color: #000000;\">\u2013 Innan man skaffar familj beh\u00f6ver man n\u00e4stan bara ta h\u00e4nsyn till sig sj\u00e4lv, med familj beh\u00f6vs mer koordinering. Att inte ta saker f\u00f6r givet som jag gjorde f\u00f6rut g\u00f6r att jag \u00e4r mer tacksam \u00f6ver tr\u00e4ningsm\u00f6jligheterna nu.<\/span><\/p>\n<p><span style=\"color: #000000;\">Efter en tids paus best\u00e4mde sig Maria f\u00f6r att b\u00f6rja g\u00e5 p\u00e5 ett pass i veckan och successivt blev det fler. Under 2016 fl\u00f6t tr\u00e4ningen p\u00e5 mer stabilt och hon hade \u00e4ven m\u00f6jlighet att \u00e5ka ner till Sk\u00e5ne och Momiyama-sensei. Ett tr\u00e4ningsm\u00f6jlighet som ger henne ett tillf\u00e4lle att leva budo dygnet runt i ett par dagar.<\/span><\/p>\n<p><span style=\"color: #000000;\">\u2013 R\u00e4kningar, h\u00e4mta p\u00e5 dagis, ringa exet och byta tider, allt s\u00e5dant f\u00f6rsvinner i dojon. Varje best\u00e5ndsdel av iaidon och jodon blir s\u00f6nderplockad, efter\u00e5t funderar man &#8220;hur ska jag komma ih\u00e5g allt det h\u00e4r?&#8221; Sj\u00e4lvf\u00f6rtroendet \u00e4r inte p\u00e5 topp n\u00e4r man \u00e5ker d\u00e4rifr\u00e5n men jag \u00e4r otroligt tacksam \u00f6ver m\u00f6jligheten! Det ger fruktansv\u00e4rt mycket f\u00f6r utvecklingen.<\/span><\/p>\n<p><span style=\"color: #000000;\"><strong>\u201dJaha, vad trevligt\u201d<br \/>\n<\/strong><\/span><span style=\"color: #000000;\">\u2013 Jag hade inte alls f\u00f6rv\u00e4ntat med att det skulle g\u00e5 s\u00e5h\u00e4r bra, det var m\u00e5nga otroligt duktiga t\u00e4vlande och jag tror alla d\u00e4r k\u00e4nde att \u201dnej, m\u00e5ste jag m\u00f6ta dig!\u201d om varandra. V\u00e4ldigt h\u00f6g niv\u00e5 p\u00e5 iaidon, och v\u00e4ldigt kul! Jag var superfokuserad, resten av v\u00e4rlden f\u00f6rsvinner och man g\u00f6r det bara f\u00f6r sin egen skull. N\u00e4r matcherna gick bra k\u00e4nde jag \u201djaha va trevligt\u201d och att f\u00e5 en flagga i finalen k\u00e4ndes som ett guld. Efter SM k\u00e4nns det som jag \u00e4r med i matchen p\u00e5 riktigt igen, det \u00e4r roligt, ett kvitto p\u00e5 att jag \u00e4r tillbaka!<\/span><\/p>\n<p><span style=\"color: #000000;\">I mars i \u00e5r st\u00e4llde Maria upp p\u00e5 SM i jodo och \u00f6verraskande sig sj\u00e4lv med att g\u00e5 till finalen och dessutom vinna.<\/span><\/p>\n<p><span style=\"color: #000000;\">\u2013 Hur gick det h\u00e4r till? t\u00e4nkte jag. Kanske g\u00f6r jag n\u00e5got r\u00e4tt?<\/span><\/p>\n<p><span style=\"color: #000000;\">Sen mitt m\u00f6te med Maria har hon nu blivit uttagen till landslagstruppen i jodo inf\u00f6r h\u00f6stens EM i Heidelberg i Tyskland.<\/span><\/p>\n<p><span style=\"color: #000000;\">\u2013 Jag vill g\u00e5 in med k\u00e4nslan att g\u00f6ra det b\u00e4sta jag kan under omst\u00e4ndigheterna, men att vinna ett guld \u00e4r det b\u00e4sta som finns. Att s\u00e4ga att jag inte satsar p\u00e5 det vore att ljuga!<br \/>\n<\/span><br \/>\n<span style=\"color: #000000;\">Idag \u00e4r Maria \u00e4ven assisterade manager \u00e5t landslaget i iaido, hon aspirerar ocks\u00e5 till landslaget.<\/span><\/p>\n<p><strong>\u201dJag hade varit en tr\u00e5kigare m\u00e4nniska&#8221;<br \/>\n<\/strong><span style=\"color: #000000;\">Att s\u00e4ga att budon har p\u00e5verkat Marias liv p\u00e5 m\u00e5nga plan \u00e4r inte en \u00f6verdrift.<\/span><\/p>\n<p><span style=\"color: #000000;\">\u2013 Den har givit mig s\u00e5 otroligt mycket p\u00e5 det intellektuella planet men framf\u00f6rallt socialt, att f\u00e5 tr\u00e4ffa m\u00e4nniskor fr\u00e5n olika platser, med olika erfarenheter. I budon tr\u00e4nar man inte bara teknik, utan ocks\u00e5 att bli en b\u00e4ttre m\u00e4nniska. Den \u00e4r gr\u00e4ns\u00f6verskridande, man d\u00f6mer inte m\u00e4nniskor utan tar de som de \u00e4r. Jag hade definitivt varit en tr\u00e5kigare m\u00e4nniska utan budon.<\/span><\/p>\n<p>Text: Annie Bondefelt<br \/>\nFoto:\u00a0Hamid Ershad Sarabi<\/p>\n","protected":false},"excerpt":{"rendered":"<p>Maria v\u00e4xte upp p\u00e5 Vaxholm i ett samh\u00e4lle med relativt [&#8230;]<\/p><br>","protected":false},"author":120,"featured_media":45718,"comment_status":"open","ping_status":"open","sticky":false,"template":"","format":"standard","meta":{"_acf_changed":false,"footnotes":""},"categories":[1],"tags":[327],"class_list":["post-46736","post","type-post","status-publish","format-standard","has-post-thumbnail","hentry","category-okategoriserade","tag-kampsport-budo-budokampsport-iaido-jodo"],"acf":[],"yoast_head":"<!-- This site is optimized with the Yoast SEO plugin v26.8 - https:\/\/yoast.com\/product\/yoast-seo-wordpress\/ -->\n<title>Midsommarl\u00e4sning: Maria Engqvist - en oplanerad comeback - Svenska Budo &amp; Kampsportsf\u00f6rbundet<\/title>\n<meta name=\"description\" content=\"Budostj\u00e4rnan, Maria Engqvist, ber\u00e4ttar om sina EM-medaljer, det intensiva familjelivet och den oplanerade comebacken. I h\u00f6st v\u00e4ntar EM i jodo.\" \/>\n<meta name=\"robots\" content=\"index, follow, max-snippet:-1, max-image-preview:large, max-video-preview:-1\" \/>\n<link rel=\"canonical\" href=\"https:\/\/www.budokampsport.se\/2017\/06\/22\/sommarlasning-maria-engqvist-en-oplanerad-comeback\/\" \/>\n<meta property=\"og:locale\" content=\"sv_SE\" \/>\n<meta property=\"og:type\" content=\"article\" \/>\n<meta property=\"og:title\" content=\"Midsommarl\u00e4sning: Maria Engqvist - en oplanerad comeback - Svenska Budo &amp; Kampsportsf\u00f6rbundet\" \/>\n<meta property=\"og:description\" content=\"Budostj\u00e4rnan, Maria Engqvist, ber\u00e4ttar om sina EM-medaljer, det intensiva familjelivet och den oplanerade comebacken. I h\u00f6st v\u00e4ntar EM i jodo.\" \/>\n<meta property=\"og:url\" content=\"https:\/\/www.budokampsport.se\/2017\/06\/22\/sommarlasning-maria-engqvist-en-oplanerad-comeback\/\" \/>\n<meta property=\"og:site_name\" content=\"Svenska Budo &amp; Kampsportsf\u00f6rbundet\" \/>\n<meta property=\"article:published_time\" content=\"2017-06-22T13:19:54+00:00\" \/>\n<meta property=\"article:modified_time\" content=\"2017-06-30T11:37:05+00:00\" \/>\n<meta property=\"og:image\" content=\"https:\/\/www.budokampsport.se\/wp-content\/uploads\/2017\/05\/maria_engqvist.gif\" \/>\n\t<meta property=\"og:image:width\" content=\"435\" \/>\n\t<meta property=\"og:image:height\" content=\"298\" \/>\n\t<meta property=\"og:image:type\" content=\"image\/gif\" \/>\n<meta name=\"author\" content=\"Annie Carriage\" \/>\n<meta name=\"twitter:card\" content=\"summary_large_image\" \/>\n<meta name=\"twitter:label1\" content=\"Skriven av\" \/>\n\t<meta name=\"twitter:data1\" content=\"Annie Carriage\" \/>\n\t<meta name=\"twitter:label2\" content=\"Ber\u00e4knad l\u00e4stid\" \/>\n\t<meta name=\"twitter:data2\" content=\"5 minuter\" \/>\n<script type=\"application\/ld+json\" class=\"yoast-schema-graph\">{\"@context\":\"https:\/\/schema.org\",\"@graph\":[{\"@type\":\"Article\",\"@id\":\"https:\/\/www.budokampsport.se\/2017\/06\/22\/sommarlasning-maria-engqvist-en-oplanerad-comeback\/#article\",\"isPartOf\":{\"@id\":\"https:\/\/www.budokampsport.se\/2017\/06\/22\/sommarlasning-maria-engqvist-en-oplanerad-comeback\/\"},\"author\":{\"name\":\"Annie Carriage\",\"@id\":\"https:\/\/www.budokampsport.se\/#\/schema\/person\/c838cace8171f692e363fde3f38f208b\"},\"headline\":\"Midsommarl\u00e4sning: Maria Engqvist &#8211; en oplanerad comeback\",\"datePublished\":\"2017-06-22T13:19:54+00:00\",\"dateModified\":\"2017-06-30T11:37:05+00:00\",\"mainEntityOfPage\":{\"@id\":\"https:\/\/www.budokampsport.se\/2017\/06\/22\/sommarlasning-maria-engqvist-en-oplanerad-comeback\/\"},\"wordCount\":1079,\"commentCount\":0,\"image\":{\"@id\":\"https:\/\/www.budokampsport.se\/2017\/06\/22\/sommarlasning-maria-engqvist-en-oplanerad-comeback\/#primaryimage\"},\"thumbnailUrl\":\"https:\/\/www.budokampsport.se\/wp-content\/uploads\/2017\/05\/maria_engqvist.gif\",\"keywords\":[\"kampsport budo budokampsport iaido jodo\"],\"inLanguage\":\"sv-SE\",\"potentialAction\":[{\"@type\":\"CommentAction\",\"name\":\"Comment\",\"target\":[\"https:\/\/www.budokampsport.se\/2017\/06\/22\/sommarlasning-maria-engqvist-en-oplanerad-comeback\/#respond\"]}]},{\"@type\":\"WebPage\",\"@id\":\"https:\/\/www.budokampsport.se\/2017\/06\/22\/sommarlasning-maria-engqvist-en-oplanerad-comeback\/\",\"url\":\"https:\/\/www.budokampsport.se\/2017\/06\/22\/sommarlasning-maria-engqvist-en-oplanerad-comeback\/\",\"name\":\"Midsommarl\u00e4sning: Maria Engqvist - en oplanerad comeback - Svenska Budo &amp; Kampsportsf\u00f6rbundet\",\"isPartOf\":{\"@id\":\"https:\/\/www.budokampsport.se\/#website\"},\"primaryImageOfPage\":{\"@id\":\"https:\/\/www.budokampsport.se\/2017\/06\/22\/sommarlasning-maria-engqvist-en-oplanerad-comeback\/#primaryimage\"},\"image\":{\"@id\":\"https:\/\/www.budokampsport.se\/2017\/06\/22\/sommarlasning-maria-engqvist-en-oplanerad-comeback\/#primaryimage\"},\"thumbnailUrl\":\"https:\/\/www.budokampsport.se\/wp-content\/uploads\/2017\/05\/maria_engqvist.gif\",\"datePublished\":\"2017-06-22T13:19:54+00:00\",\"dateModified\":\"2017-06-30T11:37:05+00:00\",\"author\":{\"@id\":\"https:\/\/www.budokampsport.se\/#\/schema\/person\/c838cace8171f692e363fde3f38f208b\"},\"description\":\"Budostj\u00e4rnan, Maria Engqvist, ber\u00e4ttar om sina EM-medaljer, det intensiva familjelivet och den oplanerade comebacken. I h\u00f6st v\u00e4ntar EM i jodo.\",\"breadcrumb\":{\"@id\":\"https:\/\/www.budokampsport.se\/2017\/06\/22\/sommarlasning-maria-engqvist-en-oplanerad-comeback\/#breadcrumb\"},\"inLanguage\":\"sv-SE\",\"potentialAction\":[{\"@type\":\"ReadAction\",\"target\":[\"https:\/\/www.budokampsport.se\/2017\/06\/22\/sommarlasning-maria-engqvist-en-oplanerad-comeback\/\"]}]},{\"@type\":\"ImageObject\",\"inLanguage\":\"sv-SE\",\"@id\":\"https:\/\/www.budokampsport.se\/2017\/06\/22\/sommarlasning-maria-engqvist-en-oplanerad-comeback\/#primaryimage\",\"url\":\"https:\/\/www.budokampsport.se\/wp-content\/uploads\/2017\/05\/maria_engqvist.gif\",\"contentUrl\":\"https:\/\/www.budokampsport.se\/wp-content\/uploads\/2017\/05\/maria_engqvist.gif\",\"width\":435,\"height\":298,\"caption\":\"Foto: Hamid Ershad Sarabi\"},{\"@type\":\"BreadcrumbList\",\"@id\":\"https:\/\/www.budokampsport.se\/2017\/06\/22\/sommarlasning-maria-engqvist-en-oplanerad-comeback\/#breadcrumb\",\"itemListElement\":[{\"@type\":\"ListItem\",\"position\":1,\"name\":\"Hem\",\"item\":\"https:\/\/www.budokampsport.se\/\"},{\"@type\":\"ListItem\",\"position\":2,\"name\":\"Midsommarl\u00e4sning: Maria Engqvist &#8211; en oplanerad comeback\"}]},{\"@type\":\"WebSite\",\"@id\":\"https:\/\/www.budokampsport.se\/#website\",\"url\":\"https:\/\/www.budokampsport.se\/\",\"name\":\"Svenska Budo &amp; Kampsportsf\u00f6rbundet\",\"description\":\"T\u00e4vling, Tr\u00e4ning, Tradition\",\"potentialAction\":[{\"@type\":\"SearchAction\",\"target\":{\"@type\":\"EntryPoint\",\"urlTemplate\":\"https:\/\/www.budokampsport.se\/?s={search_term_string}\"},\"query-input\":{\"@type\":\"PropertyValueSpecification\",\"valueRequired\":true,\"valueName\":\"search_term_string\"}}],\"inLanguage\":\"sv-SE\"},{\"@type\":\"Person\",\"@id\":\"https:\/\/www.budokampsport.se\/#\/schema\/person\/c838cace8171f692e363fde3f38f208b\",\"name\":\"Annie Carriage\",\"image\":{\"@type\":\"ImageObject\",\"inLanguage\":\"sv-SE\",\"@id\":\"https:\/\/www.budokampsport.se\/#\/schema\/person\/image\/\",\"url\":\"https:\/\/secure.gravatar.com\/avatar\/9311295560bdfbdf78365a26f7df1876?s=96&d=blank&r=g\",\"contentUrl\":\"https:\/\/secure.gravatar.com\/avatar\/9311295560bdfbdf78365a26f7df1876?s=96&d=blank&r=g\",\"caption\":\"Annie Carriage\"},\"url\":\"https:\/\/www.budokampsport.se\/author\/annie-bondefelt\/\"}]}<\/script>\n<!-- \/ Yoast SEO plugin. -->","yoast_head_json":{"title":"Midsommarl\u00e4sning: Maria Engqvist - en oplanerad comeback - Svenska Budo &amp; Kampsportsf\u00f6rbundet","description":"Budostj\u00e4rnan, Maria Engqvist, ber\u00e4ttar om sina EM-medaljer, det intensiva familjelivet och den oplanerade comebacken. I h\u00f6st v\u00e4ntar EM i jodo.","robots":{"index":"index","follow":"follow","max-snippet":"max-snippet:-1","max-image-preview":"max-image-preview:large","max-video-preview":"max-video-preview:-1"},"canonical":"https:\/\/www.budokampsport.se\/2017\/06\/22\/sommarlasning-maria-engqvist-en-oplanerad-comeback\/","og_locale":"sv_SE","og_type":"article","og_title":"Midsommarl\u00e4sning: Maria Engqvist - en oplanerad comeback - Svenska Budo &amp; Kampsportsf\u00f6rbundet","og_description":"Budostj\u00e4rnan, Maria Engqvist, ber\u00e4ttar om sina EM-medaljer, det intensiva familjelivet och den oplanerade comebacken. I h\u00f6st v\u00e4ntar EM i jodo.","og_url":"https:\/\/www.budokampsport.se\/2017\/06\/22\/sommarlasning-maria-engqvist-en-oplanerad-comeback\/","og_site_name":"Svenska Budo &amp; Kampsportsf\u00f6rbundet","article_published_time":"2017-06-22T13:19:54+00:00","article_modified_time":"2017-06-30T11:37:05+00:00","og_image":[{"width":435,"height":298,"url":"https:\/\/www.budokampsport.se\/wp-content\/uploads\/2017\/05\/maria_engqvist.gif","type":"image\/gif"}],"author":"Annie Carriage","twitter_card":"summary_large_image","twitter_misc":{"Skriven av":"Annie Carriage","Ber\u00e4knad l\u00e4stid":"5 minuter"},"schema":{"@context":"https:\/\/schema.org","@graph":[{"@type":"Article","@id":"https:\/\/www.budokampsport.se\/2017\/06\/22\/sommarlasning-maria-engqvist-en-oplanerad-comeback\/#article","isPartOf":{"@id":"https:\/\/www.budokampsport.se\/2017\/06\/22\/sommarlasning-maria-engqvist-en-oplanerad-comeback\/"},"author":{"name":"Annie Carriage","@id":"https:\/\/www.budokampsport.se\/#\/schema\/person\/c838cace8171f692e363fde3f38f208b"},"headline":"Midsommarl\u00e4sning: Maria Engqvist &#8211; en oplanerad comeback","datePublished":"2017-06-22T13:19:54+00:00","dateModified":"2017-06-30T11:37:05+00:00","mainEntityOfPage":{"@id":"https:\/\/www.budokampsport.se\/2017\/06\/22\/sommarlasning-maria-engqvist-en-oplanerad-comeback\/"},"wordCount":1079,"commentCount":0,"image":{"@id":"https:\/\/www.budokampsport.se\/2017\/06\/22\/sommarlasning-maria-engqvist-en-oplanerad-comeback\/#primaryimage"},"thumbnailUrl":"https:\/\/www.budokampsport.se\/wp-content\/uploads\/2017\/05\/maria_engqvist.gif","keywords":["kampsport budo budokampsport iaido jodo"],"inLanguage":"sv-SE","potentialAction":[{"@type":"CommentAction","name":"Comment","target":["https:\/\/www.budokampsport.se\/2017\/06\/22\/sommarlasning-maria-engqvist-en-oplanerad-comeback\/#respond"]}]},{"@type":"WebPage","@id":"https:\/\/www.budokampsport.se\/2017\/06\/22\/sommarlasning-maria-engqvist-en-oplanerad-comeback\/","url":"https:\/\/www.budokampsport.se\/2017\/06\/22\/sommarlasning-maria-engqvist-en-oplanerad-comeback\/","name":"Midsommarl\u00e4sning: Maria Engqvist - en oplanerad comeback - Svenska Budo &amp; Kampsportsf\u00f6rbundet","isPartOf":{"@id":"https:\/\/www.budokampsport.se\/#website"},"primaryImageOfPage":{"@id":"https:\/\/www.budokampsport.se\/2017\/06\/22\/sommarlasning-maria-engqvist-en-oplanerad-comeback\/#primaryimage"},"image":{"@id":"https:\/\/www.budokampsport.se\/2017\/06\/22\/sommarlasning-maria-engqvist-en-oplanerad-comeback\/#primaryimage"},"thumbnailUrl":"https:\/\/www.budokampsport.se\/wp-content\/uploads\/2017\/05\/maria_engqvist.gif","datePublished":"2017-06-22T13:19:54+00:00","dateModified":"2017-06-30T11:37:05+00:00","author":{"@id":"https:\/\/www.budokampsport.se\/#\/schema\/person\/c838cace8171f692e363fde3f38f208b"},"description":"Budostj\u00e4rnan, Maria Engqvist, ber\u00e4ttar om sina EM-medaljer, det intensiva familjelivet och den oplanerade comebacken. I h\u00f6st v\u00e4ntar EM i jodo.","breadcrumb":{"@id":"https:\/\/www.budokampsport.se\/2017\/06\/22\/sommarlasning-maria-engqvist-en-oplanerad-comeback\/#breadcrumb"},"inLanguage":"sv-SE","potentialAction":[{"@type":"ReadAction","target":["https:\/\/www.budokampsport.se\/2017\/06\/22\/sommarlasning-maria-engqvist-en-oplanerad-comeback\/"]}]},{"@type":"ImageObject","inLanguage":"sv-SE","@id":"https:\/\/www.budokampsport.se\/2017\/06\/22\/sommarlasning-maria-engqvist-en-oplanerad-comeback\/#primaryimage","url":"https:\/\/www.budokampsport.se\/wp-content\/uploads\/2017\/05\/maria_engqvist.gif","contentUrl":"https:\/\/www.budokampsport.se\/wp-content\/uploads\/2017\/05\/maria_engqvist.gif","width":435,"height":298,"caption":"Foto: Hamid Ershad Sarabi"},{"@type":"BreadcrumbList","@id":"https:\/\/www.budokampsport.se\/2017\/06\/22\/sommarlasning-maria-engqvist-en-oplanerad-comeback\/#breadcrumb","itemListElement":[{"@type":"ListItem","position":1,"name":"Hem","item":"https:\/\/www.budokampsport.se\/"},{"@type":"ListItem","position":2,"name":"Midsommarl\u00e4sning: Maria Engqvist &#8211; en oplanerad comeback"}]},{"@type":"WebSite","@id":"https:\/\/www.budokampsport.se\/#website","url":"https:\/\/www.budokampsport.se\/","name":"Svenska Budo &amp; Kampsportsf\u00f6rbundet","description":"T\u00e4vling, Tr\u00e4ning, Tradition","potentialAction":[{"@type":"SearchAction","target":{"@type":"EntryPoint","urlTemplate":"https:\/\/www.budokampsport.se\/?s={search_term_string}"},"query-input":{"@type":"PropertyValueSpecification","valueRequired":true,"valueName":"search_term_string"}}],"inLanguage":"sv-SE"},{"@type":"Person","@id":"https:\/\/www.budokampsport.se\/#\/schema\/person\/c838cace8171f692e363fde3f38f208b","name":"Annie Carriage","image":{"@type":"ImageObject","inLanguage":"sv-SE","@id":"https:\/\/www.budokampsport.se\/#\/schema\/person\/image\/","url":"https:\/\/secure.gravatar.com\/avatar\/9311295560bdfbdf78365a26f7df1876?s=96&d=blank&r=g","contentUrl":"https:\/\/secure.gravatar.com\/avatar\/9311295560bdfbdf78365a26f7df1876?s=96&d=blank&r=g","caption":"Annie Carriage"},"url":"https:\/\/www.budokampsport.se\/author\/annie-bondefelt\/"}]}},"_links":{"self":[{"href":"https:\/\/www.budokampsport.se\/api\/wp\/v2\/posts\/46736","targetHints":{"allow":["GET"]}}],"collection":[{"href":"https:\/\/www.budokampsport.se\/api\/wp\/v2\/posts"}],"about":[{"href":"https:\/\/www.budokampsport.se\/api\/wp\/v2\/types\/post"}],"author":[{"embeddable":true,"href":"https:\/\/www.budokampsport.se\/api\/wp\/v2\/users\/120"}],"replies":[{"embeddable":true,"href":"https:\/\/www.budokampsport.se\/api\/wp\/v2\/comments?post=46736"}],"version-history":[{"count":0,"href":"https:\/\/www.budokampsport.se\/api\/wp\/v2\/posts\/46736\/revisions"}],"wp:featuredmedia":[{"embeddable":true,"href":"https:\/\/www.budokampsport.se\/api\/wp\/v2\/media\/45718"}],"wp:attachment":[{"href":"https:\/\/www.budokampsport.se\/api\/wp\/v2\/media?parent=46736"}],"wp:term":[{"taxonomy":"category","embeddable":true,"href":"https:\/\/www.budokampsport.se\/api\/wp\/v2\/categories?post=46736"},{"taxonomy":"post_tag","embeddable":true,"href":"https:\/\/www.budokampsport.se\/api\/wp\/v2\/tags?post=46736"}],"curies":[{"name":"wp","href":"https:\/\/api.w.org\/{rel}","templated":true}]}}