{"id":4678,"date":"2013-06-24T14:38:40","date_gmt":"2013-06-24T12:38:40","guid":{"rendered":"http:\/\/budo.wordpress.dev\/2013\/06\/24\/mastarinnan-siktar-in-sig-pa-guld-med-nytt-traningsupplagg\/"},"modified":"2016-12-06T22:36:07","modified_gmt":"2016-12-06T21:36:07","slug":"mastarinnan-siktar-in-sig-pa-guld-med-nytt-traningsupplagg","status":"publish","type":"post","link":"https:\/\/www.budokampsport.se\/2013\/06\/24\/mastarinnan-siktar-in-sig-pa-guld-med-nytt-traningsupplagg\/","title":{"rendered":"M\u00e4starinnan siktar in sig p\u00e5 guld med nytt tr\u00e4ningsuppl\u00e4gg"},"content":{"rendered":"<p><strong><img decoding=\"async\" alt=\"\" src=\"\/sites\/default\/files\/jennifer_1.gif\" style=\"height:289px; width:435px\"><br \/> \tIfjol for Jennifer \u00d6sterlin fram i thaiboxningsv\u00e4rlden i orkanfart. Hennes landslagsdebut\u00e5r slutade med b\u00e5de EM- och VM-guld. Med knappt m\u00e5naden kvar till EM i thaiboxning i Lissabon \u00e4r \u00d6sterlin sugen p\u00e5 \u00e4nnu ett guld. \u00a0<br \/> \t\u00a0\u00a0\u00a0&#8211; Jag skulle bli v\u00e4ldigt besviken om jag inte kommer hem med medalj, men jag g\u00e5r f\u00f6r guldet, s\u00e4ger hon till budokampsport.se.<\/strong><!--break--><\/p>\n<p>Fjol\u00e5ret var som den b\u00e4sta av Dickenssagor f\u00f6r Jennifer \u00d6sterlin. Det kan egentligen inte ber\u00e4ttas f\u00f6r m\u00e5nga g\u00e5nger om hennes dubbla m\u00e4sterskapstitlar som landslagsnykomling.<\/p>\n<p>Hennes framfart gav ocks\u00e5 tv\u00e5 utm\u00e4rkelser vid Kampsportsgalan i mars. Det \u00e4r med andra ord en helt annan ing\u00e5ng till EM i Lissabon som v\u00e4ntar. Alla vet numera vem Jennifer \u00d6sterlin \u00e4r.<br \/> \t\u00a0 \u00a0&#8211; Det \u00e4r klart att jag har en helt annan rutin och mer eller mindre allas \u00f6gon p\u00e5 mig nu p\u00e5 ett annat s\u00e4tt \u00e4n jag hade ifjol. Det finns det s\u00e4kert b\u00e5de f\u00f6r- och nackdelar med. Men alla tror att de kan mig s\u00e5 v\u00e4ldigt bra just nu. Allt jag kan s\u00e4ga d\u00e5 \u00e4r att vi f\u00e5r se hur bra de tycker sig kunna mig under EM\u2026<\/p>\n<p>F\u00f6r sanningen \u00e4r den att det \u00e4r en p\u00e5 m\u00e5nga s\u00e4tt ny Jennifer \u00d6sterlin som tagit form under v\u00e5ren. Hon har ny fystr\u00e4nare i \u00a0Bj\u00f6rn Rhodin p\u00e5 Westcoast4, som tillsammans med tr\u00e4nare Jens Fredholm p\u00e5 Fighter Muay\u00a0Thai lagt upp ett nytt tr\u00e4ningsprogram.<br \/> \t\u00a0 \u00a0&#8211; Bj\u00f6rn har verkligen lagt ner ett gediget tr\u00e4ningsschema f\u00f6r mig och det k\u00e4nns v\u00e4ldigt roligt och inspirerande. S\u00e5 tr\u00e4ningen har varit lite ny f\u00f6r mig, men vi ligger i fas och allt g\u00e5r v\u00e4ldigt bra.<\/p>\n<p>Det kan l\u00e5ta element\u00e4rt med fystr\u00e4ningen men n\u00e4r Jennifer ber\u00e4ttar vad som \u00e4ndrats \u00e4r det som att \u00e4ndra livs\u00e5sk\u00e5dning. Typ.<br \/> \t\u00a0 \u00a0&#8211; Jag tr\u00e4nar mer b\u00e5lstyrka nu. F\u00f6rs\u00f6ker f\u00e5 ihop kroppen p\u00e5 ett mer homogent s\u00e4tt, har tr\u00e4nat mycket balans och stabilitet och att bygga p\u00e5 muskelmassa. Vi \u00e4r inne i en powerfas nu och kommer att stegra tr\u00e4ningsdosen och intensiteten mer och mer inf\u00f6r EM.<\/p>\n<p><strong>Jennifer, med vilken k\u00e4nsla \u00e5ker du till Lissabon?<\/strong><br \/> \t\u00a0 \u00a0&#8211; Det ska bli fantastiskt roligt att se resultatet av tr\u00e4ningsuppl\u00e4gget och vad det har givit mig. Jag k\u00e4nner mig v\u00e4ldigt mycket starkare och att tr\u00e4ningen verkligen givit resultat. Det ska bli intressant att se var allt landar. \u00a0N\u00e4r det g\u00e4ller m\u00e5ls\u00e4ttning skulle jag bli v\u00e4ldigt besviken om jag inte kommer hem med medalj, fast jag g\u00e5r s\u00e5 klart f\u00f6r guldet. Jag vill naturligtvis f\u00f6rsvara min EM-titel.<\/p>\n<p>Det \u00e4r mindre \u00e4n en m\u00e5nad kvar till EM och nu b\u00f6rjar den tunga tr\u00e4ningsperioden att ta vid. Men det \u00e4r bara roligt, enligt Jennifer.<br \/> \t\u00a0 \u00a0&#8211; Det blir tyngre och tyngre nu. Vi kommer att fokusera p\u00e5 konditionen och det kommer jag att g\u00f6ra tillsammans med Bj\u00f6rn. Sedan drillas det mycket tekniker med Jens d\u00e4r det har handlat mycket om clinchen och armb\u00e5gar, men \u00e4ven en hel del nya tekniker.<\/p>\n<p>Enligt Jennifer sj\u00e4lv kompletterar hennes tr\u00e4nares olika program varandra perfekt. Hon k\u00e4nner sig starkare och b\u00e4ttre \u00e4n kanske n\u00e5gonsin. B\u00e4va m\u00e5nde hennes EM-motst\u00e5ndare.\u00a0<\/p>\n<p> \tText: Jonathan Broberg<\/p>\n","protected":false},"excerpt":{"rendered":"<p><strong><img decoding=\"async\" alt=\"\" src=\"\/sites\/default\/files\/jennifer_1.gif\" style=\"height:289px; width:435px\"><br \/><br>\tIfjol for Jennifer \u00d6sterlin fram i thaiboxningsv\u00e4rlden i orkanfart. Hennes landslagsdebut\u00e5r slutade med b\u00e5de EM- och VM-guld. Med knappt m\u00e5naden kvar till EM i thaiboxning i Lissabon \u00e4r \u00d6sterlin sugen p\u00e5 \u00e4nnu ett guld. \u00a0<br \/><br>\t\u00a0\u00a0\u00a0&#8211; Jag skulle bli v\u00e4ldigt besviken om jag inte kommer hem med medalj, men jag g\u00e5r f\u00f6r guldet, s\u00e4ger hon till budokampsport.se.<\/strong><\/p><br>","protected":false},"author":7,"featured_media":0,"comment_status":"closed","ping_status":"closed","sticky":false,"template":"","format":"standard","meta":{"_acf_changed":false,"footnotes":""},"categories":[1],"tags":[],"class_list":["post-4678","post","type-post","status-publish","format-standard","hentry","category-okategoriserade"],"acf":[],"yoast_head":"<!-- This site is optimized with the Yoast SEO plugin v26.8 - https:\/\/yoast.com\/product\/yoast-seo-wordpress\/ -->\n<title>M\u00e4starinnan siktar in sig p\u00e5 guld med nytt tr\u00e4ningsuppl\u00e4gg - Svenska Budo &amp; Kampsportsf\u00f6rbundet<\/title>\n<meta name=\"description\" content=\"Ifjol for Jennifer \u00d6sterlin fram i thaiboxningsv\u00e4rlden i orkanfart. Hennes landslagsdebut\u00e5r slutade med b\u00e5de EM- och VM-guld. Med knappt m\u00e5naden kvar till EM i thaiboxning i Lissabon \u00e4r \u00d6sterlin sugen p\u00e5 \u00e4nnu ett guld. \u00a0 \u00a0\u00a0\u00a0- Jag skulle bli v\u00e4ldigt besviken om jag inte kommer hem med medalj, men jag g\u00e5r f\u00f6r guldet, s\u00e4ger hon till budokampsport.se.\" \/>\n<meta name=\"robots\" content=\"index, follow, max-snippet:-1, max-image-preview:large, max-video-preview:-1\" \/>\n<link rel=\"canonical\" href=\"https:\/\/www.budokampsport.se\/2013\/06\/24\/mastarinnan-siktar-in-sig-pa-guld-med-nytt-traningsupplagg\/\" \/>\n<meta property=\"og:locale\" content=\"sv_SE\" \/>\n<meta property=\"og:type\" content=\"article\" \/>\n<meta property=\"og:title\" content=\"M\u00e4starinnan siktar in sig p\u00e5 guld med nytt tr\u00e4ningsuppl\u00e4gg - Svenska Budo &amp; Kampsportsf\u00f6rbundet\" \/>\n<meta property=\"og:description\" content=\"Ifjol for Jennifer \u00d6sterlin fram i thaiboxningsv\u00e4rlden i orkanfart. Hennes landslagsdebut\u00e5r slutade med b\u00e5de EM- och VM-guld. Med knappt m\u00e5naden kvar till EM i thaiboxning i Lissabon \u00e4r \u00d6sterlin sugen p\u00e5 \u00e4nnu ett guld. \u00a0 \u00a0\u00a0\u00a0- Jag skulle bli v\u00e4ldigt besviken om jag inte kommer hem med medalj, men jag g\u00e5r f\u00f6r guldet, s\u00e4ger hon till budokampsport.se.\" \/>\n<meta property=\"og:url\" content=\"https:\/\/www.budokampsport.se\/2013\/06\/24\/mastarinnan-siktar-in-sig-pa-guld-med-nytt-traningsupplagg\/\" \/>\n<meta property=\"og:site_name\" content=\"Svenska Budo &amp; Kampsportsf\u00f6rbundet\" \/>\n<meta property=\"article:author\" content=\"https:\/\/www.facebook.com\/jonathan.broberg.7\" \/>\n<meta property=\"article:published_time\" content=\"2013-06-24T12:38:40+00:00\" \/>\n<meta property=\"article:modified_time\" content=\"2016-12-06T21:36:07+00:00\" \/>\n<meta name=\"author\" content=\"Jonathan Broberg\" \/>\n<meta name=\"twitter:card\" content=\"summary_large_image\" \/>\n<meta name=\"twitter:label1\" content=\"Skriven av\" \/>\n\t<meta name=\"twitter:data1\" content=\"Jonathan Broberg\" \/>\n\t<meta name=\"twitter:label2\" content=\"Ber\u00e4knad l\u00e4stid\" \/>\n\t<meta name=\"twitter:data2\" content=\"3 minuter\" \/>\n<script type=\"application\/ld+json\" class=\"yoast-schema-graph\">{\"@context\":\"https:\/\/schema.org\",\"@graph\":[{\"@type\":\"Article\",\"@id\":\"https:\/\/www.budokampsport.se\/2013\/06\/24\/mastarinnan-siktar-in-sig-pa-guld-med-nytt-traningsupplagg\/#article\",\"isPartOf\":{\"@id\":\"https:\/\/www.budokampsport.se\/2013\/06\/24\/mastarinnan-siktar-in-sig-pa-guld-med-nytt-traningsupplagg\/\"},\"author\":{\"name\":\"Jonathan Broberg\",\"@id\":\"https:\/\/www.budokampsport.se\/#\/schema\/person\/5c06d81d14850e2a8ce5493386560145\"},\"headline\":\"M\u00e4starinnan siktar in sig p\u00e5 guld med nytt tr\u00e4ningsuppl\u00e4gg\",\"datePublished\":\"2013-06-24T12:38:40+00:00\",\"dateModified\":\"2016-12-06T21:36:07+00:00\",\"mainEntityOfPage\":{\"@id\":\"https:\/\/www.budokampsport.se\/2013\/06\/24\/mastarinnan-siktar-in-sig-pa-guld-med-nytt-traningsupplagg\/\"},\"wordCount\":595,\"inLanguage\":\"sv-SE\"},{\"@type\":\"WebPage\",\"@id\":\"https:\/\/www.budokampsport.se\/2013\/06\/24\/mastarinnan-siktar-in-sig-pa-guld-med-nytt-traningsupplagg\/\",\"url\":\"https:\/\/www.budokampsport.se\/2013\/06\/24\/mastarinnan-siktar-in-sig-pa-guld-med-nytt-traningsupplagg\/\",\"name\":\"M\u00e4starinnan siktar in sig p\u00e5 guld med nytt tr\u00e4ningsuppl\u00e4gg - Svenska Budo &amp; Kampsportsf\u00f6rbundet\",\"isPartOf\":{\"@id\":\"https:\/\/www.budokampsport.se\/#website\"},\"datePublished\":\"2013-06-24T12:38:40+00:00\",\"dateModified\":\"2016-12-06T21:36:07+00:00\",\"author\":{\"@id\":\"https:\/\/www.budokampsport.se\/#\/schema\/person\/5c06d81d14850e2a8ce5493386560145\"},\"description\":\"Ifjol for Jennifer \u00d6sterlin fram i thaiboxningsv\u00e4rlden i orkanfart. Hennes landslagsdebut\u00e5r slutade med b\u00e5de EM- och VM-guld. Med knappt m\u00e5naden kvar till EM i thaiboxning i Lissabon \u00e4r \u00d6sterlin sugen p\u00e5 \u00e4nnu ett guld. \u00a0 \u00a0\u00a0\u00a0- Jag skulle bli v\u00e4ldigt besviken om jag inte kommer hem med medalj, men jag g\u00e5r f\u00f6r guldet, s\u00e4ger hon till budokampsport.se.\",\"breadcrumb\":{\"@id\":\"https:\/\/www.budokampsport.se\/2013\/06\/24\/mastarinnan-siktar-in-sig-pa-guld-med-nytt-traningsupplagg\/#breadcrumb\"},\"inLanguage\":\"sv-SE\",\"potentialAction\":[{\"@type\":\"ReadAction\",\"target\":[\"https:\/\/www.budokampsport.se\/2013\/06\/24\/mastarinnan-siktar-in-sig-pa-guld-med-nytt-traningsupplagg\/\"]}]},{\"@type\":\"BreadcrumbList\",\"@id\":\"https:\/\/www.budokampsport.se\/2013\/06\/24\/mastarinnan-siktar-in-sig-pa-guld-med-nytt-traningsupplagg\/#breadcrumb\",\"itemListElement\":[{\"@type\":\"ListItem\",\"position\":1,\"name\":\"Hem\",\"item\":\"https:\/\/www.budokampsport.se\/\"},{\"@type\":\"ListItem\",\"position\":2,\"name\":\"M\u00e4starinnan siktar in sig p\u00e5 guld med nytt tr\u00e4ningsuppl\u00e4gg\"}]},{\"@type\":\"WebSite\",\"@id\":\"https:\/\/www.budokampsport.se\/#website\",\"url\":\"https:\/\/www.budokampsport.se\/\",\"name\":\"Svenska Budo &amp; Kampsportsf\u00f6rbundet\",\"description\":\"T\u00e4vling, Tr\u00e4ning, Tradition\",\"potentialAction\":[{\"@type\":\"SearchAction\",\"target\":{\"@type\":\"EntryPoint\",\"urlTemplate\":\"https:\/\/www.budokampsport.se\/?s={search_term_string}\"},\"query-input\":{\"@type\":\"PropertyValueSpecification\",\"valueRequired\":true,\"valueName\":\"search_term_string\"}}],\"inLanguage\":\"sv-SE\"},{\"@type\":\"Person\",\"@id\":\"https:\/\/www.budokampsport.se\/#\/schema\/person\/5c06d81d14850e2a8ce5493386560145\",\"name\":\"Jonathan Broberg\",\"image\":{\"@type\":\"ImageObject\",\"inLanguage\":\"sv-SE\",\"@id\":\"https:\/\/www.budokampsport.se\/#\/schema\/person\/image\/\",\"url\":\"https:\/\/secure.gravatar.com\/avatar\/a58041c6cea9128bd9c40ee2f26d4136?s=96&d=blank&r=g\",\"contentUrl\":\"https:\/\/secure.gravatar.com\/avatar\/a58041c6cea9128bd9c40ee2f26d4136?s=96&d=blank&r=g\",\"caption\":\"Jonathan Broberg\"},\"sameAs\":[\"https:\/\/www.facebook.com\/jonathan.broberg.7\"],\"url\":\"https:\/\/www.budokampsport.se\/author\/jonathan\/\"}]}<\/script>\n<!-- \/ Yoast SEO plugin. -->","yoast_head_json":{"title":"M\u00e4starinnan siktar in sig p\u00e5 guld med nytt tr\u00e4ningsuppl\u00e4gg - Svenska Budo &amp; Kampsportsf\u00f6rbundet","description":"Ifjol for Jennifer \u00d6sterlin fram i thaiboxningsv\u00e4rlden i orkanfart. Hennes landslagsdebut\u00e5r slutade med b\u00e5de EM- och VM-guld. Med knappt m\u00e5naden kvar till EM i thaiboxning i Lissabon \u00e4r \u00d6sterlin sugen p\u00e5 \u00e4nnu ett guld. \u00a0 \u00a0\u00a0\u00a0- Jag skulle bli v\u00e4ldigt besviken om jag inte kommer hem med medalj, men jag g\u00e5r f\u00f6r guldet, s\u00e4ger hon till budokampsport.se.","robots":{"index":"index","follow":"follow","max-snippet":"max-snippet:-1","max-image-preview":"max-image-preview:large","max-video-preview":"max-video-preview:-1"},"canonical":"https:\/\/www.budokampsport.se\/2013\/06\/24\/mastarinnan-siktar-in-sig-pa-guld-med-nytt-traningsupplagg\/","og_locale":"sv_SE","og_type":"article","og_title":"M\u00e4starinnan siktar in sig p\u00e5 guld med nytt tr\u00e4ningsuppl\u00e4gg - Svenska Budo &amp; Kampsportsf\u00f6rbundet","og_description":"Ifjol for Jennifer \u00d6sterlin fram i thaiboxningsv\u00e4rlden i orkanfart. Hennes landslagsdebut\u00e5r slutade med b\u00e5de EM- och VM-guld. Med knappt m\u00e5naden kvar till EM i thaiboxning i Lissabon \u00e4r \u00d6sterlin sugen p\u00e5 \u00e4nnu ett guld. \u00a0 \u00a0\u00a0\u00a0- Jag skulle bli v\u00e4ldigt besviken om jag inte kommer hem med medalj, men jag g\u00e5r f\u00f6r guldet, s\u00e4ger hon till budokampsport.se.","og_url":"https:\/\/www.budokampsport.se\/2013\/06\/24\/mastarinnan-siktar-in-sig-pa-guld-med-nytt-traningsupplagg\/","og_site_name":"Svenska Budo &amp; Kampsportsf\u00f6rbundet","article_author":"https:\/\/www.facebook.com\/jonathan.broberg.7","article_published_time":"2013-06-24T12:38:40+00:00","article_modified_time":"2016-12-06T21:36:07+00:00","author":"Jonathan Broberg","twitter_card":"summary_large_image","twitter_misc":{"Skriven av":"Jonathan Broberg","Ber\u00e4knad l\u00e4stid":"3 minuter"},"schema":{"@context":"https:\/\/schema.org","@graph":[{"@type":"Article","@id":"https:\/\/www.budokampsport.se\/2013\/06\/24\/mastarinnan-siktar-in-sig-pa-guld-med-nytt-traningsupplagg\/#article","isPartOf":{"@id":"https:\/\/www.budokampsport.se\/2013\/06\/24\/mastarinnan-siktar-in-sig-pa-guld-med-nytt-traningsupplagg\/"},"author":{"name":"Jonathan Broberg","@id":"https:\/\/www.budokampsport.se\/#\/schema\/person\/5c06d81d14850e2a8ce5493386560145"},"headline":"M\u00e4starinnan siktar in sig p\u00e5 guld med nytt tr\u00e4ningsuppl\u00e4gg","datePublished":"2013-06-24T12:38:40+00:00","dateModified":"2016-12-06T21:36:07+00:00","mainEntityOfPage":{"@id":"https:\/\/www.budokampsport.se\/2013\/06\/24\/mastarinnan-siktar-in-sig-pa-guld-med-nytt-traningsupplagg\/"},"wordCount":595,"inLanguage":"sv-SE"},{"@type":"WebPage","@id":"https:\/\/www.budokampsport.se\/2013\/06\/24\/mastarinnan-siktar-in-sig-pa-guld-med-nytt-traningsupplagg\/","url":"https:\/\/www.budokampsport.se\/2013\/06\/24\/mastarinnan-siktar-in-sig-pa-guld-med-nytt-traningsupplagg\/","name":"M\u00e4starinnan siktar in sig p\u00e5 guld med nytt tr\u00e4ningsuppl\u00e4gg - Svenska Budo &amp; Kampsportsf\u00f6rbundet","isPartOf":{"@id":"https:\/\/www.budokampsport.se\/#website"},"datePublished":"2013-06-24T12:38:40+00:00","dateModified":"2016-12-06T21:36:07+00:00","author":{"@id":"https:\/\/www.budokampsport.se\/#\/schema\/person\/5c06d81d14850e2a8ce5493386560145"},"description":"Ifjol for Jennifer \u00d6sterlin fram i thaiboxningsv\u00e4rlden i orkanfart. Hennes landslagsdebut\u00e5r slutade med b\u00e5de EM- och VM-guld. Med knappt m\u00e5naden kvar till EM i thaiboxning i Lissabon \u00e4r \u00d6sterlin sugen p\u00e5 \u00e4nnu ett guld. \u00a0 \u00a0\u00a0\u00a0- Jag skulle bli v\u00e4ldigt besviken om jag inte kommer hem med medalj, men jag g\u00e5r f\u00f6r guldet, s\u00e4ger hon till budokampsport.se.","breadcrumb":{"@id":"https:\/\/www.budokampsport.se\/2013\/06\/24\/mastarinnan-siktar-in-sig-pa-guld-med-nytt-traningsupplagg\/#breadcrumb"},"inLanguage":"sv-SE","potentialAction":[{"@type":"ReadAction","target":["https:\/\/www.budokampsport.se\/2013\/06\/24\/mastarinnan-siktar-in-sig-pa-guld-med-nytt-traningsupplagg\/"]}]},{"@type":"BreadcrumbList","@id":"https:\/\/www.budokampsport.se\/2013\/06\/24\/mastarinnan-siktar-in-sig-pa-guld-med-nytt-traningsupplagg\/#breadcrumb","itemListElement":[{"@type":"ListItem","position":1,"name":"Hem","item":"https:\/\/www.budokampsport.se\/"},{"@type":"ListItem","position":2,"name":"M\u00e4starinnan siktar in sig p\u00e5 guld med nytt tr\u00e4ningsuppl\u00e4gg"}]},{"@type":"WebSite","@id":"https:\/\/www.budokampsport.se\/#website","url":"https:\/\/www.budokampsport.se\/","name":"Svenska Budo &amp; Kampsportsf\u00f6rbundet","description":"T\u00e4vling, Tr\u00e4ning, Tradition","potentialAction":[{"@type":"SearchAction","target":{"@type":"EntryPoint","urlTemplate":"https:\/\/www.budokampsport.se\/?s={search_term_string}"},"query-input":{"@type":"PropertyValueSpecification","valueRequired":true,"valueName":"search_term_string"}}],"inLanguage":"sv-SE"},{"@type":"Person","@id":"https:\/\/www.budokampsport.se\/#\/schema\/person\/5c06d81d14850e2a8ce5493386560145","name":"Jonathan Broberg","image":{"@type":"ImageObject","inLanguage":"sv-SE","@id":"https:\/\/www.budokampsport.se\/#\/schema\/person\/image\/","url":"https:\/\/secure.gravatar.com\/avatar\/a58041c6cea9128bd9c40ee2f26d4136?s=96&d=blank&r=g","contentUrl":"https:\/\/secure.gravatar.com\/avatar\/a58041c6cea9128bd9c40ee2f26d4136?s=96&d=blank&r=g","caption":"Jonathan Broberg"},"sameAs":["https:\/\/www.facebook.com\/jonathan.broberg.7"],"url":"https:\/\/www.budokampsport.se\/author\/jonathan\/"}]}},"_links":{"self":[{"href":"https:\/\/www.budokampsport.se\/api\/wp\/v2\/posts\/4678","targetHints":{"allow":["GET"]}}],"collection":[{"href":"https:\/\/www.budokampsport.se\/api\/wp\/v2\/posts"}],"about":[{"href":"https:\/\/www.budokampsport.se\/api\/wp\/v2\/types\/post"}],"author":[{"embeddable":true,"href":"https:\/\/www.budokampsport.se\/api\/wp\/v2\/users\/7"}],"replies":[{"embeddable":true,"href":"https:\/\/www.budokampsport.se\/api\/wp\/v2\/comments?post=4678"}],"version-history":[{"count":0,"href":"https:\/\/www.budokampsport.se\/api\/wp\/v2\/posts\/4678\/revisions"}],"wp:attachment":[{"href":"https:\/\/www.budokampsport.se\/api\/wp\/v2\/media?parent=4678"}],"wp:term":[{"taxonomy":"category","embeddable":true,"href":"https:\/\/www.budokampsport.se\/api\/wp\/v2\/categories?post=4678"},{"taxonomy":"post_tag","embeddable":true,"href":"https:\/\/www.budokampsport.se\/api\/wp\/v2\/tags?post=4678"}],"curies":[{"name":"wp","href":"https:\/\/api.w.org\/{rel}","templated":true}]}}