{"id":4681,"date":"2013-06-26T14:49:17","date_gmt":"2013-06-26T12:49:17","guid":{"rendered":"http:\/\/budo.wordpress.dev\/2013\/06\/26\/kickboxningens-ordforande-hakan-ozan-om-betydelsen-av-world-cup\/"},"modified":"2016-12-06T22:36:08","modified_gmt":"2016-12-06T21:36:08","slug":"kickboxningens-ordforande-hakan-ozan-om-betydelsen-av-world-cup","status":"publish","type":"post","link":"https:\/\/www.budokampsport.se\/2013\/06\/26\/kickboxningens-ordforande-hakan-ozan-om-betydelsen-av-world-cup\/","title":{"rendered":"Kickboxningens ordf\u00f6rande H\u00e5kan Ozan om betydelsen av World Cup"},"content":{"rendered":"<p><strong>I<img decoding=\"async\" style=\"width: 125px; height: 188px; float: right;\" alt=\"\" src=\"\/sites\/default\/files\/hakan_ozan.jpg\">g\u00e5r stod det klart att Sverige arrangerar World Cup i kickboxning. Uppsala blir v\u00e4rdstaden. Svenska Kickboxningsf\u00f6rbundets ordf\u00f6rande H\u00e5kan Ozan \u00e4r n\u00e4rmast lyrisk \u00f6ver att m\u00e4sterskapet hamnat i Sverige.<br \/> \t\u00a0\u00a0 &#8211; N\u00e5got liknande har aldrig arrangerats i Skandinavium, s\u00e4ger han till budokampsport.<\/strong>se.<!--break--><\/p>\n<p> \t<strong>H\u00e5kan, World Cup, hur stort \u00e4r det i kickboxningsv\u00e4rlden?<\/strong><br \/> \t\u00a0\u00a0 &#8211; Mycket stort. Det \u00e4r v\u00e4ldigt stora krav f\u00f6r att f\u00e5 arrangera en v\u00e4rldscup, s\u00e5 Sverige f\u00e5r verkligen ett tillf\u00e4lle att lyfta sig och f\u00f6rb\u00e4ttra sin internationella n\u00e4rvara i arrang\u00f6rssammanhang. En v\u00e4rldscup ligger precis under ett VM eller EM, s\u00e5 f\u00f6rhoppningen \u00e4r att vi kan prestera v\u00e4l och visa upp oss som arrang\u00f6rsland och eventuellt f\u00e5 m\u00f6jlighet att arrangera ett m\u00e4sterskap senare. F\u00f6r fighters s\u00e5 \u00e4r det oerh\u00f6rt meriterande f\u00f6r framtida promotion att kunna presentera en v\u00e4rldscupsmedalj i sitt CV.<\/p>\n<p> \t<strong>Varf\u00f6r har Sverige tilldelats m\u00e4sterskapet?<\/strong><br \/> \t\u00a0\u00a0 &#8211; Tack vare h\u00e5rt arbete fr\u00e5n f\u00f6rbundets sida gentemot WAKO. N\u00e5got liknande har tidigare aldrig arrangerats i Skandinavien, s\u00e5 man var mycket v\u00e4nligt inst\u00e4llda till detta engagemang fr\u00e5n Sverige.<\/p>\n<p> \t<strong>P\u00e5 vilket s\u00e4tt kan detta f\u00e5 positiva konsekvenser f\u00f6r svensk kickboxning?<\/strong><br \/> \t\u00a0\u00a0 &#8211; F\u00f6rbundets f\u00f6rhoppningar \u00e4r naturligtvis flera. B\u00e5de att kickboxning f\u00e5r visa upp sig som internationell sport f\u00f6r den svenska publiken, att svenska ut\u00f6vare f\u00e5r ett tillf\u00e4lle att visa upp sig f\u00f6r b\u00e5de den svenska och internationella publiken, samt att detta f\u00e5r ett genomslag f\u00f6r Sverige som v\u00e4rdnation f\u00f6r internationella t\u00e4vlingar.<\/p>\n<p> \t<strong>Hur resonerade ni n\u00e4r ni la m\u00e4sterskapet i Uppsala?<\/strong><br \/> \t\u00a0\u00a0 &#8211; Inledningsvis s\u00e5 kr\u00e4vs det ju en ansvarig arrang\u00f6r med intresse och drivkraft, vilket det fanns i Uppsala genom Perry&#8217;s Gym. Att sedan Uppsala Kommun \u00e4r mycket v\u00e4lvilligt inst\u00e4llda och positiva till att det f\u00f6rl\u00e4ggs internationella arrangemang \u2013 och d\u00e5 framf\u00f6r allt m\u00e4sterskap &#8211; d\u00e4r, f\u00e4llde det avg\u00f6rande beslutet. Samtliga har varit mycket engagerade och samarbetsvilliga, vilket g\u00f6r n\u00e5got som det h\u00e4r m\u00f6jligt. Att arenan sedan ligger p\u00e5 beh\u00f6rigt avst\u00e5nd fr\u00e5n Sverige st\u00f6rsta flygplats underl\u00e4ttar ju naturligtvis ocks\u00e5 f\u00f6r tillresande b\u00e5de nationella och internationellt.<\/p>\n<p> \t<strong>Hur k\u00e4nner du inf\u00f6r detta m\u00e4sterskap?<\/strong><br \/> \t\u00a0\u00a0 &#8211; Jag ser det som en stor m\u00f6jlighet f\u00f6r svensk kickboxning att profilera sig b\u00e5de nationellt och internationellt. Vi har massor med duktiga fighters i Sverige som presterar oerh\u00f6rt v\u00e4l p\u00e5 internationella m\u00e4sterskap, men tyv\u00e4rr s\u00e5 m\u00e5ste m\u00e5nga ofta avst\u00e5 att \u00e5ka pga ekonomiska sk\u00e4l. Genom att kunna f\u00f6rl\u00e4gga n\u00e5got s\u00e5 stort och omfattande som en v\u00e4rldscup i Sverige ger samtliga en m\u00f6jlighet att kunna bevisa sig p\u00e5 den stora arenan och p\u00e5 hemmaplan. En enorm m\u00f6jlighet f\u00f6r v\u00e5ra svenska fighters och oerh\u00f6rt gl\u00e4djande f\u00f6r oss att kunna delta i att erbjuda denna m\u00f6jlighet!<\/p>\n<p> \tText: Jonathan Broberg<\/p>\n","protected":false},"excerpt":{"rendered":"<p><strong>I<img decoding=\"async\" style=\"width: 125px; height: 188px; float: right;\" alt=\"\" src=\"\/sites\/default\/files\/hakan_ozan.jpg\">g\u00e5r stod det klart att Sverige arrangerar World Cup i kickboxning. Uppsala blir v\u00e4rdstaden. Svenska Kickboxningsf\u00f6rbundets ordf\u00f6rande H\u00e5kan Ozan \u00e4r n\u00e4rmast lyrisk \u00f6ver att m\u00e4sterskapet hamnat i Sverige.<br \/><br>\t\u00a0\u00a0 &#8211; N\u00e5got liknande har aldrig arrangerats i Skandinavium, s\u00e4ger han till budokampsport.<\/strong>se.<\/p><br>","protected":false},"author":7,"featured_media":0,"comment_status":"closed","ping_status":"closed","sticky":false,"template":"","format":"standard","meta":{"_acf_changed":false,"footnotes":""},"categories":[1],"tags":[],"class_list":["post-4681","post","type-post","status-publish","format-standard","hentry","category-okategoriserade"],"acf":[],"yoast_head":"<!-- This site is optimized with the Yoast SEO plugin v26.8 - https:\/\/yoast.com\/product\/yoast-seo-wordpress\/ -->\n<title>Kickboxningens ordf\u00f6rande H\u00e5kan Ozan om betydelsen av World Cup - Svenska Budo &amp; Kampsportsf\u00f6rbundet<\/title>\n<meta name=\"description\" content=\"Ig\u00e5r stod det klart att Sverige arrangerar World Cup i kickboxning. Uppsala blir v\u00e4rdstaden. Svenska Kickboxningsf\u00f6rbundets ordf\u00f6rande H\u00e5kan Ozan \u00e4r n\u00e4rmast lyrisk \u00f6ver att m\u00e4sterskapet hamnat i Sverige. \u00a0\u00a0 - N\u00e5got liknande har aldrig arrangerats i Skandinavium, s\u00e4ger han till budokampsport.se.\" \/>\n<meta name=\"robots\" content=\"index, follow, max-snippet:-1, max-image-preview:large, max-video-preview:-1\" \/>\n<link rel=\"canonical\" href=\"https:\/\/www.budokampsport.se\/2013\/06\/26\/kickboxningens-ordforande-hakan-ozan-om-betydelsen-av-world-cup\/\" \/>\n<meta property=\"og:locale\" content=\"sv_SE\" \/>\n<meta property=\"og:type\" content=\"article\" \/>\n<meta property=\"og:title\" content=\"Kickboxningens ordf\u00f6rande H\u00e5kan Ozan om betydelsen av World Cup - Svenska Budo &amp; Kampsportsf\u00f6rbundet\" \/>\n<meta property=\"og:description\" content=\"Ig\u00e5r stod det klart att Sverige arrangerar World Cup i kickboxning. Uppsala blir v\u00e4rdstaden. Svenska Kickboxningsf\u00f6rbundets ordf\u00f6rande H\u00e5kan Ozan \u00e4r n\u00e4rmast lyrisk \u00f6ver att m\u00e4sterskapet hamnat i Sverige. \u00a0\u00a0 - N\u00e5got liknande har aldrig arrangerats i Skandinavium, s\u00e4ger han till budokampsport.se.\" \/>\n<meta property=\"og:url\" content=\"https:\/\/www.budokampsport.se\/2013\/06\/26\/kickboxningens-ordforande-hakan-ozan-om-betydelsen-av-world-cup\/\" \/>\n<meta property=\"og:site_name\" content=\"Svenska Budo &amp; Kampsportsf\u00f6rbundet\" \/>\n<meta property=\"article:author\" content=\"https:\/\/www.facebook.com\/jonathan.broberg.7\" \/>\n<meta property=\"article:published_time\" content=\"2013-06-26T12:49:17+00:00\" \/>\n<meta property=\"article:modified_time\" content=\"2016-12-06T21:36:08+00:00\" \/>\n<meta name=\"author\" content=\"Jonathan Broberg\" \/>\n<meta name=\"twitter:card\" content=\"summary_large_image\" \/>\n<meta name=\"twitter:label1\" content=\"Skriven av\" \/>\n\t<meta name=\"twitter:data1\" content=\"Jonathan Broberg\" \/>\n\t<meta name=\"twitter:label2\" content=\"Ber\u00e4knad l\u00e4stid\" \/>\n\t<meta name=\"twitter:data2\" content=\"3 minuter\" \/>\n<script type=\"application\/ld+json\" class=\"yoast-schema-graph\">{\"@context\":\"https:\/\/schema.org\",\"@graph\":[{\"@type\":\"Article\",\"@id\":\"https:\/\/www.budokampsport.se\/2013\/06\/26\/kickboxningens-ordforande-hakan-ozan-om-betydelsen-av-world-cup\/#article\",\"isPartOf\":{\"@id\":\"https:\/\/www.budokampsport.se\/2013\/06\/26\/kickboxningens-ordforande-hakan-ozan-om-betydelsen-av-world-cup\/\"},\"author\":{\"name\":\"Jonathan Broberg\",\"@id\":\"https:\/\/www.budokampsport.se\/#\/schema\/person\/5c06d81d14850e2a8ce5493386560145\"},\"headline\":\"Kickboxningens ordf\u00f6rande H\u00e5kan Ozan om betydelsen av World Cup\",\"datePublished\":\"2013-06-26T12:49:17+00:00\",\"dateModified\":\"2016-12-06T21:36:08+00:00\",\"mainEntityOfPage\":{\"@id\":\"https:\/\/www.budokampsport.se\/2013\/06\/26\/kickboxningens-ordforande-hakan-ozan-om-betydelsen-av-world-cup\/\"},\"wordCount\":537,\"inLanguage\":\"sv-SE\"},{\"@type\":\"WebPage\",\"@id\":\"https:\/\/www.budokampsport.se\/2013\/06\/26\/kickboxningens-ordforande-hakan-ozan-om-betydelsen-av-world-cup\/\",\"url\":\"https:\/\/www.budokampsport.se\/2013\/06\/26\/kickboxningens-ordforande-hakan-ozan-om-betydelsen-av-world-cup\/\",\"name\":\"Kickboxningens ordf\u00f6rande H\u00e5kan Ozan om betydelsen av World Cup - Svenska Budo &amp; Kampsportsf\u00f6rbundet\",\"isPartOf\":{\"@id\":\"https:\/\/www.budokampsport.se\/#website\"},\"datePublished\":\"2013-06-26T12:49:17+00:00\",\"dateModified\":\"2016-12-06T21:36:08+00:00\",\"author\":{\"@id\":\"https:\/\/www.budokampsport.se\/#\/schema\/person\/5c06d81d14850e2a8ce5493386560145\"},\"description\":\"Ig\u00e5r stod det klart att Sverige arrangerar World Cup i kickboxning. Uppsala blir v\u00e4rdstaden. Svenska Kickboxningsf\u00f6rbundets ordf\u00f6rande H\u00e5kan Ozan \u00e4r n\u00e4rmast lyrisk \u00f6ver att m\u00e4sterskapet hamnat i Sverige. \u00a0\u00a0 - N\u00e5got liknande har aldrig arrangerats i Skandinavium, s\u00e4ger han till budokampsport.se.\",\"breadcrumb\":{\"@id\":\"https:\/\/www.budokampsport.se\/2013\/06\/26\/kickboxningens-ordforande-hakan-ozan-om-betydelsen-av-world-cup\/#breadcrumb\"},\"inLanguage\":\"sv-SE\",\"potentialAction\":[{\"@type\":\"ReadAction\",\"target\":[\"https:\/\/www.budokampsport.se\/2013\/06\/26\/kickboxningens-ordforande-hakan-ozan-om-betydelsen-av-world-cup\/\"]}]},{\"@type\":\"BreadcrumbList\",\"@id\":\"https:\/\/www.budokampsport.se\/2013\/06\/26\/kickboxningens-ordforande-hakan-ozan-om-betydelsen-av-world-cup\/#breadcrumb\",\"itemListElement\":[{\"@type\":\"ListItem\",\"position\":1,\"name\":\"Hem\",\"item\":\"https:\/\/www.budokampsport.se\/\"},{\"@type\":\"ListItem\",\"position\":2,\"name\":\"Kickboxningens ordf\u00f6rande H\u00e5kan Ozan om betydelsen av World Cup\"}]},{\"@type\":\"WebSite\",\"@id\":\"https:\/\/www.budokampsport.se\/#website\",\"url\":\"https:\/\/www.budokampsport.se\/\",\"name\":\"Svenska Budo &amp; Kampsportsf\u00f6rbundet\",\"description\":\"T\u00e4vling, Tr\u00e4ning, Tradition\",\"potentialAction\":[{\"@type\":\"SearchAction\",\"target\":{\"@type\":\"EntryPoint\",\"urlTemplate\":\"https:\/\/www.budokampsport.se\/?s={search_term_string}\"},\"query-input\":{\"@type\":\"PropertyValueSpecification\",\"valueRequired\":true,\"valueName\":\"search_term_string\"}}],\"inLanguage\":\"sv-SE\"},{\"@type\":\"Person\",\"@id\":\"https:\/\/www.budokampsport.se\/#\/schema\/person\/5c06d81d14850e2a8ce5493386560145\",\"name\":\"Jonathan Broberg\",\"image\":{\"@type\":\"ImageObject\",\"inLanguage\":\"sv-SE\",\"@id\":\"https:\/\/www.budokampsport.se\/#\/schema\/person\/image\/\",\"url\":\"https:\/\/secure.gravatar.com\/avatar\/a58041c6cea9128bd9c40ee2f26d4136?s=96&d=blank&r=g\",\"contentUrl\":\"https:\/\/secure.gravatar.com\/avatar\/a58041c6cea9128bd9c40ee2f26d4136?s=96&d=blank&r=g\",\"caption\":\"Jonathan Broberg\"},\"sameAs\":[\"https:\/\/www.facebook.com\/jonathan.broberg.7\"],\"url\":\"https:\/\/www.budokampsport.se\/author\/jonathan\/\"}]}<\/script>\n<!-- \/ Yoast SEO plugin. -->","yoast_head_json":{"title":"Kickboxningens ordf\u00f6rande H\u00e5kan Ozan om betydelsen av World Cup - Svenska Budo &amp; Kampsportsf\u00f6rbundet","description":"Ig\u00e5r stod det klart att Sverige arrangerar World Cup i kickboxning. Uppsala blir v\u00e4rdstaden. Svenska Kickboxningsf\u00f6rbundets ordf\u00f6rande H\u00e5kan Ozan \u00e4r n\u00e4rmast lyrisk \u00f6ver att m\u00e4sterskapet hamnat i Sverige. \u00a0\u00a0 - N\u00e5got liknande har aldrig arrangerats i Skandinavium, s\u00e4ger han till budokampsport.se.","robots":{"index":"index","follow":"follow","max-snippet":"max-snippet:-1","max-image-preview":"max-image-preview:large","max-video-preview":"max-video-preview:-1"},"canonical":"https:\/\/www.budokampsport.se\/2013\/06\/26\/kickboxningens-ordforande-hakan-ozan-om-betydelsen-av-world-cup\/","og_locale":"sv_SE","og_type":"article","og_title":"Kickboxningens ordf\u00f6rande H\u00e5kan Ozan om betydelsen av World Cup - Svenska Budo &amp; Kampsportsf\u00f6rbundet","og_description":"Ig\u00e5r stod det klart att Sverige arrangerar World Cup i kickboxning. Uppsala blir v\u00e4rdstaden. Svenska Kickboxningsf\u00f6rbundets ordf\u00f6rande H\u00e5kan Ozan \u00e4r n\u00e4rmast lyrisk \u00f6ver att m\u00e4sterskapet hamnat i Sverige. \u00a0\u00a0 - N\u00e5got liknande har aldrig arrangerats i Skandinavium, s\u00e4ger han till budokampsport.se.","og_url":"https:\/\/www.budokampsport.se\/2013\/06\/26\/kickboxningens-ordforande-hakan-ozan-om-betydelsen-av-world-cup\/","og_site_name":"Svenska Budo &amp; Kampsportsf\u00f6rbundet","article_author":"https:\/\/www.facebook.com\/jonathan.broberg.7","article_published_time":"2013-06-26T12:49:17+00:00","article_modified_time":"2016-12-06T21:36:08+00:00","author":"Jonathan Broberg","twitter_card":"summary_large_image","twitter_misc":{"Skriven av":"Jonathan Broberg","Ber\u00e4knad l\u00e4stid":"3 minuter"},"schema":{"@context":"https:\/\/schema.org","@graph":[{"@type":"Article","@id":"https:\/\/www.budokampsport.se\/2013\/06\/26\/kickboxningens-ordforande-hakan-ozan-om-betydelsen-av-world-cup\/#article","isPartOf":{"@id":"https:\/\/www.budokampsport.se\/2013\/06\/26\/kickboxningens-ordforande-hakan-ozan-om-betydelsen-av-world-cup\/"},"author":{"name":"Jonathan Broberg","@id":"https:\/\/www.budokampsport.se\/#\/schema\/person\/5c06d81d14850e2a8ce5493386560145"},"headline":"Kickboxningens ordf\u00f6rande H\u00e5kan Ozan om betydelsen av World Cup","datePublished":"2013-06-26T12:49:17+00:00","dateModified":"2016-12-06T21:36:08+00:00","mainEntityOfPage":{"@id":"https:\/\/www.budokampsport.se\/2013\/06\/26\/kickboxningens-ordforande-hakan-ozan-om-betydelsen-av-world-cup\/"},"wordCount":537,"inLanguage":"sv-SE"},{"@type":"WebPage","@id":"https:\/\/www.budokampsport.se\/2013\/06\/26\/kickboxningens-ordforande-hakan-ozan-om-betydelsen-av-world-cup\/","url":"https:\/\/www.budokampsport.se\/2013\/06\/26\/kickboxningens-ordforande-hakan-ozan-om-betydelsen-av-world-cup\/","name":"Kickboxningens ordf\u00f6rande H\u00e5kan Ozan om betydelsen av World Cup - Svenska Budo &amp; Kampsportsf\u00f6rbundet","isPartOf":{"@id":"https:\/\/www.budokampsport.se\/#website"},"datePublished":"2013-06-26T12:49:17+00:00","dateModified":"2016-12-06T21:36:08+00:00","author":{"@id":"https:\/\/www.budokampsport.se\/#\/schema\/person\/5c06d81d14850e2a8ce5493386560145"},"description":"Ig\u00e5r stod det klart att Sverige arrangerar World Cup i kickboxning. Uppsala blir v\u00e4rdstaden. Svenska Kickboxningsf\u00f6rbundets ordf\u00f6rande H\u00e5kan Ozan \u00e4r n\u00e4rmast lyrisk \u00f6ver att m\u00e4sterskapet hamnat i Sverige. \u00a0\u00a0 - N\u00e5got liknande har aldrig arrangerats i Skandinavium, s\u00e4ger han till budokampsport.se.","breadcrumb":{"@id":"https:\/\/www.budokampsport.se\/2013\/06\/26\/kickboxningens-ordforande-hakan-ozan-om-betydelsen-av-world-cup\/#breadcrumb"},"inLanguage":"sv-SE","potentialAction":[{"@type":"ReadAction","target":["https:\/\/www.budokampsport.se\/2013\/06\/26\/kickboxningens-ordforande-hakan-ozan-om-betydelsen-av-world-cup\/"]}]},{"@type":"BreadcrumbList","@id":"https:\/\/www.budokampsport.se\/2013\/06\/26\/kickboxningens-ordforande-hakan-ozan-om-betydelsen-av-world-cup\/#breadcrumb","itemListElement":[{"@type":"ListItem","position":1,"name":"Hem","item":"https:\/\/www.budokampsport.se\/"},{"@type":"ListItem","position":2,"name":"Kickboxningens ordf\u00f6rande H\u00e5kan Ozan om betydelsen av World Cup"}]},{"@type":"WebSite","@id":"https:\/\/www.budokampsport.se\/#website","url":"https:\/\/www.budokampsport.se\/","name":"Svenska Budo &amp; Kampsportsf\u00f6rbundet","description":"T\u00e4vling, Tr\u00e4ning, Tradition","potentialAction":[{"@type":"SearchAction","target":{"@type":"EntryPoint","urlTemplate":"https:\/\/www.budokampsport.se\/?s={search_term_string}"},"query-input":{"@type":"PropertyValueSpecification","valueRequired":true,"valueName":"search_term_string"}}],"inLanguage":"sv-SE"},{"@type":"Person","@id":"https:\/\/www.budokampsport.se\/#\/schema\/person\/5c06d81d14850e2a8ce5493386560145","name":"Jonathan Broberg","image":{"@type":"ImageObject","inLanguage":"sv-SE","@id":"https:\/\/www.budokampsport.se\/#\/schema\/person\/image\/","url":"https:\/\/secure.gravatar.com\/avatar\/a58041c6cea9128bd9c40ee2f26d4136?s=96&d=blank&r=g","contentUrl":"https:\/\/secure.gravatar.com\/avatar\/a58041c6cea9128bd9c40ee2f26d4136?s=96&d=blank&r=g","caption":"Jonathan Broberg"},"sameAs":["https:\/\/www.facebook.com\/jonathan.broberg.7"],"url":"https:\/\/www.budokampsport.se\/author\/jonathan\/"}]}},"_links":{"self":[{"href":"https:\/\/www.budokampsport.se\/api\/wp\/v2\/posts\/4681","targetHints":{"allow":["GET"]}}],"collection":[{"href":"https:\/\/www.budokampsport.se\/api\/wp\/v2\/posts"}],"about":[{"href":"https:\/\/www.budokampsport.se\/api\/wp\/v2\/types\/post"}],"author":[{"embeddable":true,"href":"https:\/\/www.budokampsport.se\/api\/wp\/v2\/users\/7"}],"replies":[{"embeddable":true,"href":"https:\/\/www.budokampsport.se\/api\/wp\/v2\/comments?post=4681"}],"version-history":[{"count":0,"href":"https:\/\/www.budokampsport.se\/api\/wp\/v2\/posts\/4681\/revisions"}],"wp:attachment":[{"href":"https:\/\/www.budokampsport.se\/api\/wp\/v2\/media?parent=4681"}],"wp:term":[{"taxonomy":"category","embeddable":true,"href":"https:\/\/www.budokampsport.se\/api\/wp\/v2\/categories?post=4681"},{"taxonomy":"post_tag","embeddable":true,"href":"https:\/\/www.budokampsport.se\/api\/wp\/v2\/tags?post=4681"}],"curies":[{"name":"wp","href":"https:\/\/api.w.org\/{rel}","templated":true}]}}