{"id":4706,"date":"2013-08-02T07:19:36","date_gmt":"2013-08-02T05:19:36","guid":{"rendered":"http:\/\/budo.wordpress.dev\/2013\/08\/02\/johanna-rydberg-forsvarade-em-guldet\/"},"modified":"2016-12-06T22:36:13","modified_gmt":"2016-12-06T21:36:13","slug":"johanna-rydberg-forsvarade-em-guldet","status":"publish","type":"post","link":"https:\/\/www.budokampsport.se\/2013\/08\/02\/johanna-rydberg-forsvarade-em-guldet\/","title":{"rendered":"Johanna Rydberg f\u00f6rsvarade EM-guldet"},"content":{"rendered":"<p>\u00a0<\/p>\n<p><strong><img decoding=\"async\" style=\"width: 425px; height: 317px;\" alt=\"\" src=\"\/sites\/default\/files\/johanna_guld.jpg\"><\/strong><\/p>\n<p><strong>Med EM och VM-medaljer p\u00e5 meritlistan klev Johanna Rydberg in i m\u00e4sterskapet som en klar medaljkandidat. Johanna h\u00f6ll f\u00f6r favorittrycket och kom hem till Sverige med ytterligare ett EM-guld.<\/strong><\/p>\n<p><!--break--><\/p>\n<p><strong>Det var mycket som stod p\u00e5 spel n\u00e4r du gick din final, hur s\u00e5g f\u00f6rberedelserna ut under dagen?<\/strong><\/p>\n<p>&#8211; Det var en lite speciell dag, final, f\u00f6rsvara guld-biljett till combat games och m\u00f6ta ryska Oksani kizhnerova igen. Jag var v\u00e4ldigt nerv\u00f6s! Det b\u00f6rjade med att jag skulle g\u00e5 match nummer tv\u00e5 s\u00e5 vi \u00e5kte ut tidigt till arenan, masserade in liniment och v\u00e4rmde upp n\u00e4r vi pl\u00f6tsligt fick reda p\u00e5 att matchen var flyttad. Ukraina hade bokat hembiljetter samma dag och de var tvungna att tidigarel\u00e4gga deras matcher. Tydligen hade de informerat om \u00e4ndringen men det hade inte n\u00e5tt fram till svenska laget. S\u00e5 det vara bara att st\u00e4lla om, kl\u00e4 p\u00e5 sig, g\u00e5 och \u00e4ta, vila och sen en iskall dusch innan vi p\u00e5b\u00f6rjade uppv\u00e4rmningen igen! Det k\u00e4ndes bra \u00e4ven om kroppen var sliten och jag inte riktigt hade samma explosivitet som de andra dagarna och dessutom k\u00e4nde mig nerv\u00f6s. Jag ville verkligen vinna detta och f\u00e5 revansch mot ryskan!<\/p>\n<p><strong>Hur upplevde du matchen och din insats?<\/strong><\/p>\n<p>&#8211; Matchen k\u00e4ndes oerh\u00f6rt j\u00e4mn, k\u00e4nde inte att jag var \u00f6verl\u00e4gsen p\u00e5 n\u00e5got s\u00e4tt men pressade henne h\u00e5rt och m\u00e4rkte att hon blev tr\u00f6tt. Det blev mycket clinch men jag tyckte jag tr\u00e4ffade bra med h\u00e5rda kn\u00e4n. \u00d6verlag \u00e4r jag n\u00f6jd med matchen, jag tycker jag var avslappnad och metodisk. N\u00e4r vi v\u00e4ntade p\u00e5 domslutet var jag inte alls s\u00e4ker p\u00e5 vinst och blev givetvis sjukt glad!<\/p>\n<p>\u00a0<\/p>\n<p>Text: Annie Bondefelt<\/p>\n<p>Foto: privat<\/p>\n","protected":false},"excerpt":{"rendered":"<p>\u00a0<\/p><br><p><strong><img decoding=\"async\" style=\"width: 425px; height: 317px;\" alt=\"\" src=\"\/sites\/default\/files\/johanna_guld.jpg\"><\/strong><\/p><br><p><strong>Med EM och VM-medaljer p\u00e5 meritlistan klev Johanna Rydberg in i m\u00e4sterskapet som en klar medaljkandidat. Johanna h\u00f6ll f\u00f6r favorittrycket och kom hem till Sverige med ytterligare ett EM-guld.<\/strong><\/p><br><p><br>","protected":false},"author":1,"featured_media":0,"comment_status":"closed","ping_status":"closed","sticky":false,"template":"","format":"standard","meta":{"_acf_changed":false,"footnotes":""},"categories":[1],"tags":[],"class_list":["post-4706","post","type-post","status-publish","format-standard","hentry","category-okategoriserade"],"acf":[],"yoast_head":"<!-- This site is optimized with the Yoast SEO plugin v26.8 - https:\/\/yoast.com\/product\/yoast-seo-wordpress\/ -->\n<title>Johanna Rydberg f\u00f6rsvarade EM-guldet - Svenska Budo &amp; Kampsportsf\u00f6rbundet<\/title>\n<meta name=\"description\" content=\"\u00a0  Med EM och VM-medaljer p\u00e5 meritlistan klev Johanna Rydberg in i m\u00e4sterskapet som en klar medaljkandidat. Johanna h\u00f6ll f\u00f6r favorittrycket och kom hem till Sverige med ytterligare ett EM-guld.\" \/>\n<meta name=\"robots\" content=\"index, follow, max-snippet:-1, max-image-preview:large, max-video-preview:-1\" \/>\n<link rel=\"canonical\" href=\"https:\/\/www.budokampsport.se\/2013\/08\/02\/johanna-rydberg-forsvarade-em-guldet\/\" \/>\n<meta property=\"og:locale\" content=\"sv_SE\" \/>\n<meta property=\"og:type\" content=\"article\" \/>\n<meta property=\"og:title\" content=\"Johanna Rydberg f\u00f6rsvarade EM-guldet - Svenska Budo &amp; Kampsportsf\u00f6rbundet\" \/>\n<meta property=\"og:description\" content=\"\u00a0  Med EM och VM-medaljer p\u00e5 meritlistan klev Johanna Rydberg in i m\u00e4sterskapet som en klar medaljkandidat. Johanna h\u00f6ll f\u00f6r favorittrycket och kom hem till Sverige med ytterligare ett EM-guld.\" \/>\n<meta property=\"og:url\" content=\"https:\/\/www.budokampsport.se\/2013\/08\/02\/johanna-rydberg-forsvarade-em-guldet\/\" \/>\n<meta property=\"og:site_name\" content=\"Svenska Budo &amp; Kampsportsf\u00f6rbundet\" \/>\n<meta property=\"article:published_time\" content=\"2013-08-02T05:19:36+00:00\" \/>\n<meta property=\"article:modified_time\" content=\"2016-12-06T21:36:13+00:00\" \/>\n<meta name=\"author\" content=\"Tony Svensson\" \/>\n<meta name=\"twitter:card\" content=\"summary_large_image\" \/>\n<meta name=\"twitter:label1\" content=\"Skriven av\" \/>\n\t<meta name=\"twitter:data1\" content=\"Tony Svensson\" \/>\n\t<meta name=\"twitter:label2\" content=\"Ber\u00e4knad l\u00e4stid\" \/>\n\t<meta name=\"twitter:data2\" content=\"2 minuter\" \/>\n<script type=\"application\/ld+json\" class=\"yoast-schema-graph\">{\"@context\":\"https:\/\/schema.org\",\"@graph\":[{\"@type\":\"Article\",\"@id\":\"https:\/\/www.budokampsport.se\/2013\/08\/02\/johanna-rydberg-forsvarade-em-guldet\/#article\",\"isPartOf\":{\"@id\":\"https:\/\/www.budokampsport.se\/2013\/08\/02\/johanna-rydberg-forsvarade-em-guldet\/\"},\"author\":{\"name\":\"Tony Svensson\",\"@id\":\"https:\/\/www.budokampsport.se\/#\/schema\/person\/fa63fbbb0d79141e613a4ec1e6866e5e\"},\"headline\":\"Johanna Rydberg f\u00f6rsvarade EM-guldet\",\"datePublished\":\"2013-08-02T05:19:36+00:00\",\"dateModified\":\"2016-12-06T21:36:13+00:00\",\"mainEntityOfPage\":{\"@id\":\"https:\/\/www.budokampsport.se\/2013\/08\/02\/johanna-rydberg-forsvarade-em-guldet\/\"},\"wordCount\":314,\"inLanguage\":\"sv-SE\"},{\"@type\":\"WebPage\",\"@id\":\"https:\/\/www.budokampsport.se\/2013\/08\/02\/johanna-rydberg-forsvarade-em-guldet\/\",\"url\":\"https:\/\/www.budokampsport.se\/2013\/08\/02\/johanna-rydberg-forsvarade-em-guldet\/\",\"name\":\"Johanna Rydberg f\u00f6rsvarade EM-guldet - Svenska Budo &amp; Kampsportsf\u00f6rbundet\",\"isPartOf\":{\"@id\":\"https:\/\/www.budokampsport.se\/#website\"},\"datePublished\":\"2013-08-02T05:19:36+00:00\",\"dateModified\":\"2016-12-06T21:36:13+00:00\",\"author\":{\"@id\":\"https:\/\/www.budokampsport.se\/#\/schema\/person\/fa63fbbb0d79141e613a4ec1e6866e5e\"},\"description\":\"\u00a0 Med EM och VM-medaljer p\u00e5 meritlistan klev Johanna Rydberg in i m\u00e4sterskapet som en klar medaljkandidat. Johanna h\u00f6ll f\u00f6r favorittrycket och kom hem till Sverige med ytterligare ett EM-guld.\",\"breadcrumb\":{\"@id\":\"https:\/\/www.budokampsport.se\/2013\/08\/02\/johanna-rydberg-forsvarade-em-guldet\/#breadcrumb\"},\"inLanguage\":\"sv-SE\",\"potentialAction\":[{\"@type\":\"ReadAction\",\"target\":[\"https:\/\/www.budokampsport.se\/2013\/08\/02\/johanna-rydberg-forsvarade-em-guldet\/\"]}]},{\"@type\":\"BreadcrumbList\",\"@id\":\"https:\/\/www.budokampsport.se\/2013\/08\/02\/johanna-rydberg-forsvarade-em-guldet\/#breadcrumb\",\"itemListElement\":[{\"@type\":\"ListItem\",\"position\":1,\"name\":\"Hem\",\"item\":\"https:\/\/www.budokampsport.se\/\"},{\"@type\":\"ListItem\",\"position\":2,\"name\":\"Johanna Rydberg f\u00f6rsvarade EM-guldet\"}]},{\"@type\":\"WebSite\",\"@id\":\"https:\/\/www.budokampsport.se\/#website\",\"url\":\"https:\/\/www.budokampsport.se\/\",\"name\":\"Svenska Budo &amp; Kampsportsf\u00f6rbundet\",\"description\":\"T\u00e4vling, Tr\u00e4ning, Tradition\",\"potentialAction\":[{\"@type\":\"SearchAction\",\"target\":{\"@type\":\"EntryPoint\",\"urlTemplate\":\"https:\/\/www.budokampsport.se\/?s={search_term_string}\"},\"query-input\":{\"@type\":\"PropertyValueSpecification\",\"valueRequired\":true,\"valueName\":\"search_term_string\"}}],\"inLanguage\":\"sv-SE\"},{\"@type\":\"Person\",\"@id\":\"https:\/\/www.budokampsport.se\/#\/schema\/person\/fa63fbbb0d79141e613a4ec1e6866e5e\",\"name\":\"Tony Svensson\",\"image\":{\"@type\":\"ImageObject\",\"inLanguage\":\"sv-SE\",\"@id\":\"https:\/\/www.budokampsport.se\/#\/schema\/person\/image\/\",\"url\":\"https:\/\/secure.gravatar.com\/avatar\/7bc374e22b288be285d5a3938a1e7522?s=96&d=blank&r=g\",\"contentUrl\":\"https:\/\/secure.gravatar.com\/avatar\/7bc374e22b288be285d5a3938a1e7522?s=96&d=blank&r=g\",\"caption\":\"Tony Svensson\"},\"url\":\"https:\/\/www.budokampsport.se\/author\/sbk\/\"}]}<\/script>\n<!-- \/ Yoast SEO plugin. -->","yoast_head_json":{"title":"Johanna Rydberg f\u00f6rsvarade EM-guldet - Svenska Budo &amp; Kampsportsf\u00f6rbundet","description":"\u00a0  Med EM och VM-medaljer p\u00e5 meritlistan klev Johanna Rydberg in i m\u00e4sterskapet som en klar medaljkandidat. Johanna h\u00f6ll f\u00f6r favorittrycket och kom hem till Sverige med ytterligare ett EM-guld.","robots":{"index":"index","follow":"follow","max-snippet":"max-snippet:-1","max-image-preview":"max-image-preview:large","max-video-preview":"max-video-preview:-1"},"canonical":"https:\/\/www.budokampsport.se\/2013\/08\/02\/johanna-rydberg-forsvarade-em-guldet\/","og_locale":"sv_SE","og_type":"article","og_title":"Johanna Rydberg f\u00f6rsvarade EM-guldet - Svenska Budo &amp; Kampsportsf\u00f6rbundet","og_description":"\u00a0  Med EM och VM-medaljer p\u00e5 meritlistan klev Johanna Rydberg in i m\u00e4sterskapet som en klar medaljkandidat. Johanna h\u00f6ll f\u00f6r favorittrycket och kom hem till Sverige med ytterligare ett EM-guld.","og_url":"https:\/\/www.budokampsport.se\/2013\/08\/02\/johanna-rydberg-forsvarade-em-guldet\/","og_site_name":"Svenska Budo &amp; Kampsportsf\u00f6rbundet","article_published_time":"2013-08-02T05:19:36+00:00","article_modified_time":"2016-12-06T21:36:13+00:00","author":"Tony Svensson","twitter_card":"summary_large_image","twitter_misc":{"Skriven av":"Tony Svensson","Ber\u00e4knad l\u00e4stid":"2 minuter"},"schema":{"@context":"https:\/\/schema.org","@graph":[{"@type":"Article","@id":"https:\/\/www.budokampsport.se\/2013\/08\/02\/johanna-rydberg-forsvarade-em-guldet\/#article","isPartOf":{"@id":"https:\/\/www.budokampsport.se\/2013\/08\/02\/johanna-rydberg-forsvarade-em-guldet\/"},"author":{"name":"Tony Svensson","@id":"https:\/\/www.budokampsport.se\/#\/schema\/person\/fa63fbbb0d79141e613a4ec1e6866e5e"},"headline":"Johanna Rydberg f\u00f6rsvarade EM-guldet","datePublished":"2013-08-02T05:19:36+00:00","dateModified":"2016-12-06T21:36:13+00:00","mainEntityOfPage":{"@id":"https:\/\/www.budokampsport.se\/2013\/08\/02\/johanna-rydberg-forsvarade-em-guldet\/"},"wordCount":314,"inLanguage":"sv-SE"},{"@type":"WebPage","@id":"https:\/\/www.budokampsport.se\/2013\/08\/02\/johanna-rydberg-forsvarade-em-guldet\/","url":"https:\/\/www.budokampsport.se\/2013\/08\/02\/johanna-rydberg-forsvarade-em-guldet\/","name":"Johanna Rydberg f\u00f6rsvarade EM-guldet - Svenska Budo &amp; Kampsportsf\u00f6rbundet","isPartOf":{"@id":"https:\/\/www.budokampsport.se\/#website"},"datePublished":"2013-08-02T05:19:36+00:00","dateModified":"2016-12-06T21:36:13+00:00","author":{"@id":"https:\/\/www.budokampsport.se\/#\/schema\/person\/fa63fbbb0d79141e613a4ec1e6866e5e"},"description":"\u00a0 Med EM och VM-medaljer p\u00e5 meritlistan klev Johanna Rydberg in i m\u00e4sterskapet som en klar medaljkandidat. Johanna h\u00f6ll f\u00f6r favorittrycket och kom hem till Sverige med ytterligare ett EM-guld.","breadcrumb":{"@id":"https:\/\/www.budokampsport.se\/2013\/08\/02\/johanna-rydberg-forsvarade-em-guldet\/#breadcrumb"},"inLanguage":"sv-SE","potentialAction":[{"@type":"ReadAction","target":["https:\/\/www.budokampsport.se\/2013\/08\/02\/johanna-rydberg-forsvarade-em-guldet\/"]}]},{"@type":"BreadcrumbList","@id":"https:\/\/www.budokampsport.se\/2013\/08\/02\/johanna-rydberg-forsvarade-em-guldet\/#breadcrumb","itemListElement":[{"@type":"ListItem","position":1,"name":"Hem","item":"https:\/\/www.budokampsport.se\/"},{"@type":"ListItem","position":2,"name":"Johanna Rydberg f\u00f6rsvarade EM-guldet"}]},{"@type":"WebSite","@id":"https:\/\/www.budokampsport.se\/#website","url":"https:\/\/www.budokampsport.se\/","name":"Svenska Budo &amp; Kampsportsf\u00f6rbundet","description":"T\u00e4vling, Tr\u00e4ning, Tradition","potentialAction":[{"@type":"SearchAction","target":{"@type":"EntryPoint","urlTemplate":"https:\/\/www.budokampsport.se\/?s={search_term_string}"},"query-input":{"@type":"PropertyValueSpecification","valueRequired":true,"valueName":"search_term_string"}}],"inLanguage":"sv-SE"},{"@type":"Person","@id":"https:\/\/www.budokampsport.se\/#\/schema\/person\/fa63fbbb0d79141e613a4ec1e6866e5e","name":"Tony Svensson","image":{"@type":"ImageObject","inLanguage":"sv-SE","@id":"https:\/\/www.budokampsport.se\/#\/schema\/person\/image\/","url":"https:\/\/secure.gravatar.com\/avatar\/7bc374e22b288be285d5a3938a1e7522?s=96&d=blank&r=g","contentUrl":"https:\/\/secure.gravatar.com\/avatar\/7bc374e22b288be285d5a3938a1e7522?s=96&d=blank&r=g","caption":"Tony Svensson"},"url":"https:\/\/www.budokampsport.se\/author\/sbk\/"}]}},"_links":{"self":[{"href":"https:\/\/www.budokampsport.se\/api\/wp\/v2\/posts\/4706","targetHints":{"allow":["GET"]}}],"collection":[{"href":"https:\/\/www.budokampsport.se\/api\/wp\/v2\/posts"}],"about":[{"href":"https:\/\/www.budokampsport.se\/api\/wp\/v2\/types\/post"}],"author":[{"embeddable":true,"href":"https:\/\/www.budokampsport.se\/api\/wp\/v2\/users\/1"}],"replies":[{"embeddable":true,"href":"https:\/\/www.budokampsport.se\/api\/wp\/v2\/comments?post=4706"}],"version-history":[{"count":0,"href":"https:\/\/www.budokampsport.se\/api\/wp\/v2\/posts\/4706\/revisions"}],"wp:attachment":[{"href":"https:\/\/www.budokampsport.se\/api\/wp\/v2\/media?parent=4706"}],"wp:term":[{"taxonomy":"category","embeddable":true,"href":"https:\/\/www.budokampsport.se\/api\/wp\/v2\/categories?post=4706"},{"taxonomy":"post_tag","embeddable":true,"href":"https:\/\/www.budokampsport.se\/api\/wp\/v2\/tags?post=4706"}],"curies":[{"name":"wp","href":"https:\/\/api.w.org\/{rel}","templated":true}]}}