{"id":4762,"date":"2013-11-13T11:23:26","date_gmt":"2013-11-13T10:23:26","guid":{"rendered":"http:\/\/budo.wordpress.dev\/2013\/11\/13\/inga-kampsportsnomineringar-till-idrottsgalan-i-ar-heller\/"},"modified":"2016-12-06T22:36:25","modified_gmt":"2016-12-06T21:36:25","slug":"inga-kampsportsnomineringar-till-idrottsgalan-i-ar-heller","status":"publish","type":"post","link":"https:\/\/www.budokampsport.se\/2013\/11\/13\/inga-kampsportsnomineringar-till-idrottsgalan-i-ar-heller\/","title":{"rendered":"Inga kampsportsnomineringar till Idrottsgalan i \u00e5r heller"},"content":{"rendered":"<p><strong><img decoding=\"async\" alt=\"\" src=\"\/sites\/default\/files\/tsuba_notext_cmyk_copy.jpg\" style=\"float:right; height:139px; width:175px\">F\u00f6r bara en liten stund sedan presenterades Idrottsgalans nomineringar. De toppas av l\u00e4ngdskidor, fotboll, hockey och golf. Kampsport, med bland annat 18 internationella m\u00e4sterskapsguld hittills under \u00e5ret, fick ingen nominerad idrottare nu heller.<br \/>\u00a0\u00a0 &#8211; Det \u00e4r skandal. Nomineringarna visar ensidigheten, tr\u00e5ngsyntheten hos de som best\u00e4mmer. Maken till fr\u00e4ckhet har jag knappt varit med om, utbrister Svenska Budo &#038; Kampsportsf\u00f6rbundets ordf\u00f6rande Stefan Stenudd till budokampsport.se.<\/strong><!--break--><\/p>\n<p>Svenska Idrottsgalan presenterade idag sina nomineringar till Idrottsgalan. Inom svensk kampsport, som \u00e4r p\u00e5 v\u00e4g mot ett medaljm\u00e4ssigt rekord\u00e5r, fanns vissa f\u00f6rhoppningar om en historisk f\u00f6rsta nominering.<\/p>\n<p>Men det blev allts\u00e5 ingen nominerad denna g\u00e5ng heller. Ist\u00e4llet toppas galan av de stora traditionellt starka svenska idrotterna. N\u00e5got som f\u00e5r Svenska Budo &#038; Kampsportsf\u00f6rbundets ordf\u00f6rande Stefan Stenudd att rasa.<br \/>\u00a0\u00a0 &#8211; Det \u00e4r skr\u00e4mmande. Det \u00e4r s\u00e5 of\u00f6rsk\u00e4mt\u00a0mot svenskt idrottsliv att n\u00e5gra f\u00e5 stora idrotter f\u00e5r allt utrymme. Det \u00e4r som om de som best\u00e4mmer inte har koll p\u00e5, och inte heller vill ha koll p\u00e5, de lite mindre idrotterna.<\/p>\n<p><strong>Kommer inte g\u00e5 p\u00e5 Idrottsgalan<\/strong><br \/>Svenska Budo &#038; Kampsportsf\u00f6rbundet \u00e4r p\u00e5 v\u00e4g mot ett medaljm\u00e4ssigt rekord\u00e5r. Tidigare slogs det \u00e4ven fast att SB&#038;K-idrottare vinner flest VM-medaljer av alla idrottare.<br \/>\u00a0\u00a0 &#8211; Det h\u00e4r handlar ju inte enbart om v\u00e5ra idrotter, de mindre idrotterna f\u00e5r n\u00e4stan aldrig synas. Vad s\u00e4nder det f\u00f6r signaler? H\u00e4r har vi idrottens stora gemensamma fest \u2013 och s\u00e5 \u00e4r det som vanligt bara n\u00e5gra f\u00e5 som f\u00e5r vara med i rampljuset. Hur enahanda \u00e4r det h\u00e4r egentligen? Jag kan inte se det p\u00e5 annat s\u00e4tt \u00e4n att det \u00e4r mobbning det handlar om. Det h\u00e4r \u00e4r skandal.<\/p>\n<p>Ifjol bojkottade Svenska Budo &#038; Kampsportsf\u00f6rbundet galan p\u00e5 grund av utebliven nominering \u2013 ska du g\u00e5 i \u00e5r?<br \/>\u00a0\u00a0 &#8211;\u00a0 Nej!<\/p>\n<p><a href=\"http:\/\/www.svt.se\/sport\/nomineringarna-till-idrottsgalan-2014\">H\u00e4r \u00e4r nomineringarna.<\/a><\/p>\n<p>Text: Jonathan Broberg<\/p>\n","protected":false},"excerpt":{"rendered":"<p><strong><img decoding=\"async\" alt=\"\" src=\"\/sites\/default\/files\/tsuba_notext_cmyk_copy.jpg\" style=\"float:right; height:139px; width:175px\">F\u00f6r bara en liten stund sedan presenterades Idrottsgalans nomineringar. De toppas av l\u00e4ngdskidor, fotboll, hockey och golf. Kampsport, med bland annat 18 internationella m\u00e4sterskapsguld hittills under \u00e5ret, fick ingen nominerad idrottare nu heller.<br \/>\u00a0\u00a0 &#8211; Det \u00e4r skandal. Nomineringarna visar ensidigheten, tr\u00e5ngsyntheten hos de som best\u00e4mmer. Maken till fr\u00e4ckhet har jag knappt varit med om, utbrister Svenska Budo &#038; Kampsportsf\u00f6rbundets ordf\u00f6rande Stefan Stenudd till budokampsport.se.<\/strong><\/p><br>","protected":false},"author":7,"featured_media":0,"comment_status":"closed","ping_status":"closed","sticky":false,"template":"","format":"standard","meta":{"_acf_changed":false,"footnotes":""},"categories":[1],"tags":[],"class_list":["post-4762","post","type-post","status-publish","format-standard","hentry","category-okategoriserade"],"acf":[],"yoast_head":"<!-- This site is optimized with the Yoast SEO plugin v26.8 - https:\/\/yoast.com\/product\/yoast-seo-wordpress\/ -->\n<title>Inga kampsportsnomineringar till Idrottsgalan i \u00e5r heller - Svenska Budo &amp; Kampsportsf\u00f6rbundet<\/title>\n<meta name=\"description\" content=\"F\u00f6r bara en liten stund sedan presenterades Idrottsgalans nomineringar. De toppas av l\u00e4ngdskidor, fotboll, hockey och golf. Kampsport, med bland annat 18 internationella m\u00e4sterskapsguld hittills under \u00e5ret, fick ingen nominerad idrottare nu heller.\u00a0\u00a0 - Det \u00e4r skandal. Nomineringarna visar ensidigheten, tr\u00e5ngsyntheten hos de som best\u00e4mmer. Maken till fr\u00e4ckhet har jag knappt varit med om, utbrister Svenska Budo &amp; Kampsportsf\u00f6rbundets ordf\u00f6rande Stefan Stenudd till budokampsport.se.\" \/>\n<meta name=\"robots\" content=\"index, follow, max-snippet:-1, max-image-preview:large, max-video-preview:-1\" \/>\n<link rel=\"canonical\" href=\"https:\/\/www.budokampsport.se\/2013\/11\/13\/inga-kampsportsnomineringar-till-idrottsgalan-i-ar-heller\/\" \/>\n<meta property=\"og:locale\" content=\"sv_SE\" \/>\n<meta property=\"og:type\" content=\"article\" \/>\n<meta property=\"og:title\" content=\"Inga kampsportsnomineringar till Idrottsgalan i \u00e5r heller - Svenska Budo &amp; Kampsportsf\u00f6rbundet\" \/>\n<meta property=\"og:description\" content=\"F\u00f6r bara en liten stund sedan presenterades Idrottsgalans nomineringar. De toppas av l\u00e4ngdskidor, fotboll, hockey och golf. Kampsport, med bland annat 18 internationella m\u00e4sterskapsguld hittills under \u00e5ret, fick ingen nominerad idrottare nu heller.\u00a0\u00a0 - Det \u00e4r skandal. Nomineringarna visar ensidigheten, tr\u00e5ngsyntheten hos de som best\u00e4mmer. Maken till fr\u00e4ckhet har jag knappt varit med om, utbrister Svenska Budo &amp; Kampsportsf\u00f6rbundets ordf\u00f6rande Stefan Stenudd till budokampsport.se.\" \/>\n<meta property=\"og:url\" content=\"https:\/\/www.budokampsport.se\/2013\/11\/13\/inga-kampsportsnomineringar-till-idrottsgalan-i-ar-heller\/\" \/>\n<meta property=\"og:site_name\" content=\"Svenska Budo &amp; Kampsportsf\u00f6rbundet\" \/>\n<meta property=\"article:author\" content=\"https:\/\/www.facebook.com\/jonathan.broberg.7\" \/>\n<meta property=\"article:published_time\" content=\"2013-11-13T10:23:26+00:00\" \/>\n<meta property=\"article:modified_time\" content=\"2016-12-06T21:36:25+00:00\" \/>\n<meta name=\"author\" content=\"Jonathan Broberg\" \/>\n<meta name=\"twitter:card\" content=\"summary_large_image\" \/>\n<meta name=\"twitter:label1\" content=\"Skriven av\" \/>\n\t<meta name=\"twitter:data1\" content=\"Jonathan Broberg\" \/>\n\t<meta name=\"twitter:label2\" content=\"Ber\u00e4knad l\u00e4stid\" \/>\n\t<meta name=\"twitter:data2\" content=\"2 minuter\" \/>\n<script type=\"application\/ld+json\" class=\"yoast-schema-graph\">{\"@context\":\"https:\/\/schema.org\",\"@graph\":[{\"@type\":\"Article\",\"@id\":\"https:\/\/www.budokampsport.se\/2013\/11\/13\/inga-kampsportsnomineringar-till-idrottsgalan-i-ar-heller\/#article\",\"isPartOf\":{\"@id\":\"https:\/\/www.budokampsport.se\/2013\/11\/13\/inga-kampsportsnomineringar-till-idrottsgalan-i-ar-heller\/\"},\"author\":{\"name\":\"Jonathan Broberg\",\"@id\":\"https:\/\/www.budokampsport.se\/#\/schema\/person\/5c06d81d14850e2a8ce5493386560145\"},\"headline\":\"Inga kampsportsnomineringar till Idrottsgalan i \u00e5r heller\",\"datePublished\":\"2013-11-13T10:23:26+00:00\",\"dateModified\":\"2016-12-06T21:36:25+00:00\",\"mainEntityOfPage\":{\"@id\":\"https:\/\/www.budokampsport.se\/2013\/11\/13\/inga-kampsportsnomineringar-till-idrottsgalan-i-ar-heller\/\"},\"wordCount\":334,\"inLanguage\":\"sv-SE\"},{\"@type\":\"WebPage\",\"@id\":\"https:\/\/www.budokampsport.se\/2013\/11\/13\/inga-kampsportsnomineringar-till-idrottsgalan-i-ar-heller\/\",\"url\":\"https:\/\/www.budokampsport.se\/2013\/11\/13\/inga-kampsportsnomineringar-till-idrottsgalan-i-ar-heller\/\",\"name\":\"Inga kampsportsnomineringar till Idrottsgalan i \u00e5r heller - Svenska Budo &amp; Kampsportsf\u00f6rbundet\",\"isPartOf\":{\"@id\":\"https:\/\/www.budokampsport.se\/#website\"},\"datePublished\":\"2013-11-13T10:23:26+00:00\",\"dateModified\":\"2016-12-06T21:36:25+00:00\",\"author\":{\"@id\":\"https:\/\/www.budokampsport.se\/#\/schema\/person\/5c06d81d14850e2a8ce5493386560145\"},\"description\":\"F\u00f6r bara en liten stund sedan presenterades Idrottsgalans nomineringar. De toppas av l\u00e4ngdskidor, fotboll, hockey och golf. Kampsport, med bland annat 18 internationella m\u00e4sterskapsguld hittills under \u00e5ret, fick ingen nominerad idrottare nu heller.\u00a0\u00a0 - Det \u00e4r skandal. Nomineringarna visar ensidigheten, tr\u00e5ngsyntheten hos de som best\u00e4mmer. Maken till fr\u00e4ckhet har jag knappt varit med om, utbrister Svenska Budo & Kampsportsf\u00f6rbundets ordf\u00f6rande Stefan Stenudd till budokampsport.se.\",\"breadcrumb\":{\"@id\":\"https:\/\/www.budokampsport.se\/2013\/11\/13\/inga-kampsportsnomineringar-till-idrottsgalan-i-ar-heller\/#breadcrumb\"},\"inLanguage\":\"sv-SE\",\"potentialAction\":[{\"@type\":\"ReadAction\",\"target\":[\"https:\/\/www.budokampsport.se\/2013\/11\/13\/inga-kampsportsnomineringar-till-idrottsgalan-i-ar-heller\/\"]}]},{\"@type\":\"BreadcrumbList\",\"@id\":\"https:\/\/www.budokampsport.se\/2013\/11\/13\/inga-kampsportsnomineringar-till-idrottsgalan-i-ar-heller\/#breadcrumb\",\"itemListElement\":[{\"@type\":\"ListItem\",\"position\":1,\"name\":\"Hem\",\"item\":\"https:\/\/www.budokampsport.se\/\"},{\"@type\":\"ListItem\",\"position\":2,\"name\":\"Inga kampsportsnomineringar till Idrottsgalan i \u00e5r heller\"}]},{\"@type\":\"WebSite\",\"@id\":\"https:\/\/www.budokampsport.se\/#website\",\"url\":\"https:\/\/www.budokampsport.se\/\",\"name\":\"Svenska Budo &amp; Kampsportsf\u00f6rbundet\",\"description\":\"T\u00e4vling, Tr\u00e4ning, Tradition\",\"potentialAction\":[{\"@type\":\"SearchAction\",\"target\":{\"@type\":\"EntryPoint\",\"urlTemplate\":\"https:\/\/www.budokampsport.se\/?s={search_term_string}\"},\"query-input\":{\"@type\":\"PropertyValueSpecification\",\"valueRequired\":true,\"valueName\":\"search_term_string\"}}],\"inLanguage\":\"sv-SE\"},{\"@type\":\"Person\",\"@id\":\"https:\/\/www.budokampsport.se\/#\/schema\/person\/5c06d81d14850e2a8ce5493386560145\",\"name\":\"Jonathan Broberg\",\"image\":{\"@type\":\"ImageObject\",\"inLanguage\":\"sv-SE\",\"@id\":\"https:\/\/www.budokampsport.se\/#\/schema\/person\/image\/\",\"url\":\"https:\/\/secure.gravatar.com\/avatar\/a58041c6cea9128bd9c40ee2f26d4136?s=96&d=blank&r=g\",\"contentUrl\":\"https:\/\/secure.gravatar.com\/avatar\/a58041c6cea9128bd9c40ee2f26d4136?s=96&d=blank&r=g\",\"caption\":\"Jonathan Broberg\"},\"sameAs\":[\"https:\/\/www.facebook.com\/jonathan.broberg.7\"],\"url\":\"https:\/\/www.budokampsport.se\/author\/jonathan\/\"}]}<\/script>\n<!-- \/ Yoast SEO plugin. -->","yoast_head_json":{"title":"Inga kampsportsnomineringar till Idrottsgalan i \u00e5r heller - Svenska Budo &amp; Kampsportsf\u00f6rbundet","description":"F\u00f6r bara en liten stund sedan presenterades Idrottsgalans nomineringar. De toppas av l\u00e4ngdskidor, fotboll, hockey och golf. Kampsport, med bland annat 18 internationella m\u00e4sterskapsguld hittills under \u00e5ret, fick ingen nominerad idrottare nu heller.\u00a0\u00a0 - Det \u00e4r skandal. Nomineringarna visar ensidigheten, tr\u00e5ngsyntheten hos de som best\u00e4mmer. Maken till fr\u00e4ckhet har jag knappt varit med om, utbrister Svenska Budo & Kampsportsf\u00f6rbundets ordf\u00f6rande Stefan Stenudd till budokampsport.se.","robots":{"index":"index","follow":"follow","max-snippet":"max-snippet:-1","max-image-preview":"max-image-preview:large","max-video-preview":"max-video-preview:-1"},"canonical":"https:\/\/www.budokampsport.se\/2013\/11\/13\/inga-kampsportsnomineringar-till-idrottsgalan-i-ar-heller\/","og_locale":"sv_SE","og_type":"article","og_title":"Inga kampsportsnomineringar till Idrottsgalan i \u00e5r heller - Svenska Budo &amp; Kampsportsf\u00f6rbundet","og_description":"F\u00f6r bara en liten stund sedan presenterades Idrottsgalans nomineringar. De toppas av l\u00e4ngdskidor, fotboll, hockey och golf. Kampsport, med bland annat 18 internationella m\u00e4sterskapsguld hittills under \u00e5ret, fick ingen nominerad idrottare nu heller.\u00a0\u00a0 - Det \u00e4r skandal. Nomineringarna visar ensidigheten, tr\u00e5ngsyntheten hos de som best\u00e4mmer. Maken till fr\u00e4ckhet har jag knappt varit med om, utbrister Svenska Budo & Kampsportsf\u00f6rbundets ordf\u00f6rande Stefan Stenudd till budokampsport.se.","og_url":"https:\/\/www.budokampsport.se\/2013\/11\/13\/inga-kampsportsnomineringar-till-idrottsgalan-i-ar-heller\/","og_site_name":"Svenska Budo &amp; Kampsportsf\u00f6rbundet","article_author":"https:\/\/www.facebook.com\/jonathan.broberg.7","article_published_time":"2013-11-13T10:23:26+00:00","article_modified_time":"2016-12-06T21:36:25+00:00","author":"Jonathan Broberg","twitter_card":"summary_large_image","twitter_misc":{"Skriven av":"Jonathan Broberg","Ber\u00e4knad l\u00e4stid":"2 minuter"},"schema":{"@context":"https:\/\/schema.org","@graph":[{"@type":"Article","@id":"https:\/\/www.budokampsport.se\/2013\/11\/13\/inga-kampsportsnomineringar-till-idrottsgalan-i-ar-heller\/#article","isPartOf":{"@id":"https:\/\/www.budokampsport.se\/2013\/11\/13\/inga-kampsportsnomineringar-till-idrottsgalan-i-ar-heller\/"},"author":{"name":"Jonathan Broberg","@id":"https:\/\/www.budokampsport.se\/#\/schema\/person\/5c06d81d14850e2a8ce5493386560145"},"headline":"Inga kampsportsnomineringar till Idrottsgalan i \u00e5r heller","datePublished":"2013-11-13T10:23:26+00:00","dateModified":"2016-12-06T21:36:25+00:00","mainEntityOfPage":{"@id":"https:\/\/www.budokampsport.se\/2013\/11\/13\/inga-kampsportsnomineringar-till-idrottsgalan-i-ar-heller\/"},"wordCount":334,"inLanguage":"sv-SE"},{"@type":"WebPage","@id":"https:\/\/www.budokampsport.se\/2013\/11\/13\/inga-kampsportsnomineringar-till-idrottsgalan-i-ar-heller\/","url":"https:\/\/www.budokampsport.se\/2013\/11\/13\/inga-kampsportsnomineringar-till-idrottsgalan-i-ar-heller\/","name":"Inga kampsportsnomineringar till Idrottsgalan i \u00e5r heller - Svenska Budo &amp; Kampsportsf\u00f6rbundet","isPartOf":{"@id":"https:\/\/www.budokampsport.se\/#website"},"datePublished":"2013-11-13T10:23:26+00:00","dateModified":"2016-12-06T21:36:25+00:00","author":{"@id":"https:\/\/www.budokampsport.se\/#\/schema\/person\/5c06d81d14850e2a8ce5493386560145"},"description":"F\u00f6r bara en liten stund sedan presenterades Idrottsgalans nomineringar. De toppas av l\u00e4ngdskidor, fotboll, hockey och golf. Kampsport, med bland annat 18 internationella m\u00e4sterskapsguld hittills under \u00e5ret, fick ingen nominerad idrottare nu heller.\u00a0\u00a0 - Det \u00e4r skandal. Nomineringarna visar ensidigheten, tr\u00e5ngsyntheten hos de som best\u00e4mmer. Maken till fr\u00e4ckhet har jag knappt varit med om, utbrister Svenska Budo & Kampsportsf\u00f6rbundets ordf\u00f6rande Stefan Stenudd till budokampsport.se.","breadcrumb":{"@id":"https:\/\/www.budokampsport.se\/2013\/11\/13\/inga-kampsportsnomineringar-till-idrottsgalan-i-ar-heller\/#breadcrumb"},"inLanguage":"sv-SE","potentialAction":[{"@type":"ReadAction","target":["https:\/\/www.budokampsport.se\/2013\/11\/13\/inga-kampsportsnomineringar-till-idrottsgalan-i-ar-heller\/"]}]},{"@type":"BreadcrumbList","@id":"https:\/\/www.budokampsport.se\/2013\/11\/13\/inga-kampsportsnomineringar-till-idrottsgalan-i-ar-heller\/#breadcrumb","itemListElement":[{"@type":"ListItem","position":1,"name":"Hem","item":"https:\/\/www.budokampsport.se\/"},{"@type":"ListItem","position":2,"name":"Inga kampsportsnomineringar till Idrottsgalan i \u00e5r heller"}]},{"@type":"WebSite","@id":"https:\/\/www.budokampsport.se\/#website","url":"https:\/\/www.budokampsport.se\/","name":"Svenska Budo &amp; Kampsportsf\u00f6rbundet","description":"T\u00e4vling, Tr\u00e4ning, Tradition","potentialAction":[{"@type":"SearchAction","target":{"@type":"EntryPoint","urlTemplate":"https:\/\/www.budokampsport.se\/?s={search_term_string}"},"query-input":{"@type":"PropertyValueSpecification","valueRequired":true,"valueName":"search_term_string"}}],"inLanguage":"sv-SE"},{"@type":"Person","@id":"https:\/\/www.budokampsport.se\/#\/schema\/person\/5c06d81d14850e2a8ce5493386560145","name":"Jonathan Broberg","image":{"@type":"ImageObject","inLanguage":"sv-SE","@id":"https:\/\/www.budokampsport.se\/#\/schema\/person\/image\/","url":"https:\/\/secure.gravatar.com\/avatar\/a58041c6cea9128bd9c40ee2f26d4136?s=96&d=blank&r=g","contentUrl":"https:\/\/secure.gravatar.com\/avatar\/a58041c6cea9128bd9c40ee2f26d4136?s=96&d=blank&r=g","caption":"Jonathan Broberg"},"sameAs":["https:\/\/www.facebook.com\/jonathan.broberg.7"],"url":"https:\/\/www.budokampsport.se\/author\/jonathan\/"}]}},"_links":{"self":[{"href":"https:\/\/www.budokampsport.se\/api\/wp\/v2\/posts\/4762","targetHints":{"allow":["GET"]}}],"collection":[{"href":"https:\/\/www.budokampsport.se\/api\/wp\/v2\/posts"}],"about":[{"href":"https:\/\/www.budokampsport.se\/api\/wp\/v2\/types\/post"}],"author":[{"embeddable":true,"href":"https:\/\/www.budokampsport.se\/api\/wp\/v2\/users\/7"}],"replies":[{"embeddable":true,"href":"https:\/\/www.budokampsport.se\/api\/wp\/v2\/comments?post=4762"}],"version-history":[{"count":0,"href":"https:\/\/www.budokampsport.se\/api\/wp\/v2\/posts\/4762\/revisions"}],"wp:attachment":[{"href":"https:\/\/www.budokampsport.se\/api\/wp\/v2\/media?parent=4762"}],"wp:term":[{"taxonomy":"category","embeddable":true,"href":"https:\/\/www.budokampsport.se\/api\/wp\/v2\/categories?post=4762"},{"taxonomy":"post_tag","embeddable":true,"href":"https:\/\/www.budokampsport.se\/api\/wp\/v2\/tags?post=4762"}],"curies":[{"name":"wp","href":"https:\/\/api.w.org\/{rel}","templated":true}]}}