{"id":47802,"date":"2017-07-29T18:03:55","date_gmt":"2017-07-29T16:03:55","guid":{"rendered":"http:\/\/www.budokampsport.se\/?p=47802"},"modified":"2017-07-30T22:37:05","modified_gmt":"2017-07-30T20:37:05","slug":"dubbelt-brons-till-sverige-world-games","status":"publish","type":"post","link":"https:\/\/www.budokampsport.se\/2017\/07\/29\/dubbelt-brons-till-sverige-world-games\/","title":{"rendered":"Dubbelt brons till Sverige i World Games"},"content":{"rendered":"<p><span style=\"font-size: 14pt;\">Sverige tog dubbla bronsmedaljer i ju jutsu under eftermiddagens World Games-t\u00e4vlingar i Wroclaw, Polen. Den v\u00e4lmeriterade Fredrik Widgren besegrade fransmannen Percy Kunsa och det nya stj\u00e4rnskott, 20-\u00e5rige William Seth-Wenzel, utklassade Junior David Cabezas Quinones fr\u00e5n Colombia i sin match.<br \/>\n<\/span><br \/>\n<span style=\"font-size: 14pt;\"><em>&#8211; Det kan inte bli b\u00e4ttre \u00e4n s\u00e5 h\u00e4r, <\/em>s\u00e4ger William Seth-Wenzel till budokampsport.se.<\/span><\/p>\n<p><strong>William Seth-Wenzel<\/strong> besegrade Nicolas Aramis fr\u00e5n Schweiz enkelt i kvartsfinalen och st\u00e4lldes i semifinal mot den danska v\u00e4rldsettan Mikkel Willard som tog initiativet och vann mot svensken. I bronsmatchen mot Junior David Cabezas Quinones fr\u00e5n Colombia levererade Seth-Wenzel direkt och tog ledningen, han hade vassa tekniker i markkampen och matchen avgjordes innan full tid.<\/p>\n<p><em>&#8211; Jag hade lite f\u00f6r mycket respekt f\u00f6r dansken i semifinalen, jag kom inte ig\u00e5ng ordentligt. I bronsmatchen hade jag en b\u00e4ttre tajming. Jag \u00e4r tacksam \u00f6ver att ha hunnit med tre m\u00e4sterskap p\u00e5 en s\u00e4song och att det har har resulterat i ett JVM-guld, ett EM-guld och ett World Games-brons. Jag \u00e4r j\u00e4tteglad, det kan inte bli b\u00e4ttre \u00e4n s\u00e5 h\u00e4r, <\/em>s\u00e4ger Seth-Wenzel till budokampsport.se<\/p>\n<p><strong>Fredrik Widgren<\/strong> som sen tidigare har b\u00e5de VM och EM-medaljer st\u00e4lldes mot tufft motst\u00e5nd d\u00e5 han m\u00f6tte den meriterade fransmannen Percy Kunsa och den intensiva ryssen Ilia Borok i b\u00f6rjan av turneringen. Percy Kunsa \u00e5terkom sedan i bronsmatchen d\u00e4r Widgren inledde \u00f6vertygande och tog direkt 3 po\u00e4ng innan en fin fasth\u00e5llning resulterade i 7-0. Trots f\u00f6rs\u00f6k till kontring var Widren \u00f6verl\u00e4gsen och vann slutligen med siffrorna 20-6.<\/p>\n<p>&#8211; <em>Det var 4 \u00e5r sen jag t\u00e4vlade p\u00e5 World Games sist och nu har jag \u00e4ntligen f\u00e5tt revansch. Vi hade en bra gameplan och jag l\u00e4ste fransmannen l\u00e4tt<\/em>, s\u00e4ger Fredrik Widgren till budokampsport.se<\/p>\n<p>Som rapporterat tidigare fick Sverige ocks\u00e5 en hedersam fj\u00e4rdeplacering genom Max Hederstr\u00f6m som gjorde en imponerande insats under turneringen men hade inte marginalerna p\u00e5 sin sida.<\/p>\n<p>Text: Annie Bondefelt<br \/>\nFoto: Annie Bondefelt<\/p>\n","protected":false},"excerpt":{"rendered":"<p>Sverige tog dubbla bronsmedaljer i ju jutsu under eftermiddagens World [&#8230;]<\/p><br>","protected":false},"author":120,"featured_media":47804,"comment_status":"open","ping_status":"open","sticky":false,"template":"","format":"standard","meta":{"_acf_changed":false,"footnotes":""},"categories":[1],"tags":[],"class_list":["post-47802","post","type-post","status-publish","format-standard","has-post-thumbnail","hentry","category-okategoriserade"],"acf":[],"yoast_head":"<!-- This site is optimized with the Yoast SEO plugin v26.8 - https:\/\/yoast.com\/product\/yoast-seo-wordpress\/ -->\n<title>Dubbelt brons till Sverige i World Games - Svenska Budo &amp; Kampsportsf\u00f6rbundet<\/title>\n<meta name=\"description\" content=\"Sverige tog dubbla bronsmedaljer i ju jutsu under eftermiddagens World Games-t\u00e4vlingar i Wroclaw, Polen. Den v\u00e4lmeriterade Fredrik Widgren besegrade\" \/>\n<meta name=\"robots\" content=\"index, follow, max-snippet:-1, max-image-preview:large, max-video-preview:-1\" \/>\n<link rel=\"canonical\" href=\"https:\/\/www.budokampsport.se\/2017\/07\/29\/dubbelt-brons-till-sverige-world-games\/\" \/>\n<meta property=\"og:locale\" content=\"sv_SE\" \/>\n<meta property=\"og:type\" content=\"article\" \/>\n<meta property=\"og:title\" content=\"Dubbelt brons till Sverige i World Games - Svenska Budo &amp; Kampsportsf\u00f6rbundet\" \/>\n<meta property=\"og:description\" content=\"Sverige tog dubbla bronsmedaljer i ju jutsu under eftermiddagens World Games-t\u00e4vlingar i Wroclaw, Polen. Den v\u00e4lmeriterade Fredrik Widgren besegrade\" \/>\n<meta property=\"og:url\" content=\"https:\/\/www.budokampsport.se\/2017\/07\/29\/dubbelt-brons-till-sverige-world-games\/\" \/>\n<meta property=\"og:site_name\" content=\"Svenska Budo &amp; Kampsportsf\u00f6rbundet\" \/>\n<meta property=\"article:published_time\" content=\"2017-07-29T16:03:55+00:00\" \/>\n<meta property=\"article:modified_time\" content=\"2017-07-30T20:37:05+00:00\" \/>\n<meta property=\"og:image\" content=\"https:\/\/www.budokampsport.se\/wp-content\/uploads\/2017\/07\/William-Seth-Wenzel-och-Fredrik-Widgren-e1624881568104.jpg\" \/>\n\t<meta property=\"og:image:width\" content=\"850\" \/>\n\t<meta property=\"og:image:height\" content=\"581\" \/>\n\t<meta property=\"og:image:type\" content=\"image\/jpeg\" \/>\n<meta name=\"author\" content=\"Annie Carriage\" \/>\n<meta name=\"twitter:card\" content=\"summary_large_image\" \/>\n<meta name=\"twitter:label1\" content=\"Skriven av\" \/>\n\t<meta name=\"twitter:data1\" content=\"Annie Carriage\" \/>\n\t<meta name=\"twitter:label2\" content=\"Ber\u00e4knad l\u00e4stid\" \/>\n\t<meta name=\"twitter:data2\" content=\"2 minuter\" \/>\n<script type=\"application\/ld+json\" class=\"yoast-schema-graph\">{\"@context\":\"https:\/\/schema.org\",\"@graph\":[{\"@type\":\"Article\",\"@id\":\"https:\/\/www.budokampsport.se\/2017\/07\/29\/dubbelt-brons-till-sverige-world-games\/#article\",\"isPartOf\":{\"@id\":\"https:\/\/www.budokampsport.se\/2017\/07\/29\/dubbelt-brons-till-sverige-world-games\/\"},\"author\":{\"name\":\"Annie Carriage\",\"@id\":\"https:\/\/www.budokampsport.se\/#\/schema\/person\/c838cace8171f692e363fde3f38f208b\"},\"headline\":\"Dubbelt brons till Sverige i World Games\",\"datePublished\":\"2017-07-29T16:03:55+00:00\",\"dateModified\":\"2017-07-30T20:37:05+00:00\",\"mainEntityOfPage\":{\"@id\":\"https:\/\/www.budokampsport.se\/2017\/07\/29\/dubbelt-brons-till-sverige-world-games\/\"},\"wordCount\":354,\"commentCount\":0,\"image\":{\"@id\":\"https:\/\/www.budokampsport.se\/2017\/07\/29\/dubbelt-brons-till-sverige-world-games\/#primaryimage\"},\"thumbnailUrl\":\"https:\/\/www.budokampsport.se\/wp-content\/uploads\/2017\/07\/William-Seth-Wenzel-och-Fredrik-Widgren-e1624881568104.jpg\",\"inLanguage\":\"sv-SE\",\"potentialAction\":[{\"@type\":\"CommentAction\",\"name\":\"Comment\",\"target\":[\"https:\/\/www.budokampsport.se\/2017\/07\/29\/dubbelt-brons-till-sverige-world-games\/#respond\"]}]},{\"@type\":\"WebPage\",\"@id\":\"https:\/\/www.budokampsport.se\/2017\/07\/29\/dubbelt-brons-till-sverige-world-games\/\",\"url\":\"https:\/\/www.budokampsport.se\/2017\/07\/29\/dubbelt-brons-till-sverige-world-games\/\",\"name\":\"Dubbelt brons till Sverige i World Games - Svenska Budo &amp; Kampsportsf\u00f6rbundet\",\"isPartOf\":{\"@id\":\"https:\/\/www.budokampsport.se\/#website\"},\"primaryImageOfPage\":{\"@id\":\"https:\/\/www.budokampsport.se\/2017\/07\/29\/dubbelt-brons-till-sverige-world-games\/#primaryimage\"},\"image\":{\"@id\":\"https:\/\/www.budokampsport.se\/2017\/07\/29\/dubbelt-brons-till-sverige-world-games\/#primaryimage\"},\"thumbnailUrl\":\"https:\/\/www.budokampsport.se\/wp-content\/uploads\/2017\/07\/William-Seth-Wenzel-och-Fredrik-Widgren-e1624881568104.jpg\",\"datePublished\":\"2017-07-29T16:03:55+00:00\",\"dateModified\":\"2017-07-30T20:37:05+00:00\",\"author\":{\"@id\":\"https:\/\/www.budokampsport.se\/#\/schema\/person\/c838cace8171f692e363fde3f38f208b\"},\"description\":\"Sverige tog dubbla bronsmedaljer i ju jutsu under eftermiddagens World Games-t\u00e4vlingar i Wroclaw, Polen. Den v\u00e4lmeriterade Fredrik Widgren besegrade\",\"breadcrumb\":{\"@id\":\"https:\/\/www.budokampsport.se\/2017\/07\/29\/dubbelt-brons-till-sverige-world-games\/#breadcrumb\"},\"inLanguage\":\"sv-SE\",\"potentialAction\":[{\"@type\":\"ReadAction\",\"target\":[\"https:\/\/www.budokampsport.se\/2017\/07\/29\/dubbelt-brons-till-sverige-world-games\/\"]}]},{\"@type\":\"ImageObject\",\"inLanguage\":\"sv-SE\",\"@id\":\"https:\/\/www.budokampsport.se\/2017\/07\/29\/dubbelt-brons-till-sverige-world-games\/#primaryimage\",\"url\":\"https:\/\/www.budokampsport.se\/wp-content\/uploads\/2017\/07\/William-Seth-Wenzel-och-Fredrik-Widgren-e1624881568104.jpg\",\"contentUrl\":\"https:\/\/www.budokampsport.se\/wp-content\/uploads\/2017\/07\/William-Seth-Wenzel-och-Fredrik-Widgren-e1624881568104.jpg\",\"width\":850,\"height\":581},{\"@type\":\"BreadcrumbList\",\"@id\":\"https:\/\/www.budokampsport.se\/2017\/07\/29\/dubbelt-brons-till-sverige-world-games\/#breadcrumb\",\"itemListElement\":[{\"@type\":\"ListItem\",\"position\":1,\"name\":\"Hem\",\"item\":\"https:\/\/www.budokampsport.se\/\"},{\"@type\":\"ListItem\",\"position\":2,\"name\":\"Dubbelt brons till Sverige i World Games\"}]},{\"@type\":\"WebSite\",\"@id\":\"https:\/\/www.budokampsport.se\/#website\",\"url\":\"https:\/\/www.budokampsport.se\/\",\"name\":\"Svenska Budo &amp; Kampsportsf\u00f6rbundet\",\"description\":\"T\u00e4vling, Tr\u00e4ning, Tradition\",\"potentialAction\":[{\"@type\":\"SearchAction\",\"target\":{\"@type\":\"EntryPoint\",\"urlTemplate\":\"https:\/\/www.budokampsport.se\/?s={search_term_string}\"},\"query-input\":{\"@type\":\"PropertyValueSpecification\",\"valueRequired\":true,\"valueName\":\"search_term_string\"}}],\"inLanguage\":\"sv-SE\"},{\"@type\":\"Person\",\"@id\":\"https:\/\/www.budokampsport.se\/#\/schema\/person\/c838cace8171f692e363fde3f38f208b\",\"name\":\"Annie Carriage\",\"image\":{\"@type\":\"ImageObject\",\"inLanguage\":\"sv-SE\",\"@id\":\"https:\/\/www.budokampsport.se\/#\/schema\/person\/image\/\",\"url\":\"https:\/\/secure.gravatar.com\/avatar\/9311295560bdfbdf78365a26f7df1876?s=96&d=blank&r=g\",\"contentUrl\":\"https:\/\/secure.gravatar.com\/avatar\/9311295560bdfbdf78365a26f7df1876?s=96&d=blank&r=g\",\"caption\":\"Annie Carriage\"},\"url\":\"https:\/\/www.budokampsport.se\/author\/annie-bondefelt\/\"}]}<\/script>\n<!-- \/ Yoast SEO plugin. -->","yoast_head_json":{"title":"Dubbelt brons till Sverige i World Games - Svenska Budo &amp; Kampsportsf\u00f6rbundet","description":"Sverige tog dubbla bronsmedaljer i ju jutsu under eftermiddagens World Games-t\u00e4vlingar i Wroclaw, Polen. Den v\u00e4lmeriterade Fredrik Widgren besegrade","robots":{"index":"index","follow":"follow","max-snippet":"max-snippet:-1","max-image-preview":"max-image-preview:large","max-video-preview":"max-video-preview:-1"},"canonical":"https:\/\/www.budokampsport.se\/2017\/07\/29\/dubbelt-brons-till-sverige-world-games\/","og_locale":"sv_SE","og_type":"article","og_title":"Dubbelt brons till Sverige i World Games - Svenska Budo &amp; Kampsportsf\u00f6rbundet","og_description":"Sverige tog dubbla bronsmedaljer i ju jutsu under eftermiddagens World Games-t\u00e4vlingar i Wroclaw, Polen. Den v\u00e4lmeriterade Fredrik Widgren besegrade","og_url":"https:\/\/www.budokampsport.se\/2017\/07\/29\/dubbelt-brons-till-sverige-world-games\/","og_site_name":"Svenska Budo &amp; Kampsportsf\u00f6rbundet","article_published_time":"2017-07-29T16:03:55+00:00","article_modified_time":"2017-07-30T20:37:05+00:00","og_image":[{"width":850,"height":581,"url":"https:\/\/www.budokampsport.se\/wp-content\/uploads\/2017\/07\/William-Seth-Wenzel-och-Fredrik-Widgren-e1624881568104.jpg","type":"image\/jpeg"}],"author":"Annie Carriage","twitter_card":"summary_large_image","twitter_misc":{"Skriven av":"Annie Carriage","Ber\u00e4knad l\u00e4stid":"2 minuter"},"schema":{"@context":"https:\/\/schema.org","@graph":[{"@type":"Article","@id":"https:\/\/www.budokampsport.se\/2017\/07\/29\/dubbelt-brons-till-sverige-world-games\/#article","isPartOf":{"@id":"https:\/\/www.budokampsport.se\/2017\/07\/29\/dubbelt-brons-till-sverige-world-games\/"},"author":{"name":"Annie Carriage","@id":"https:\/\/www.budokampsport.se\/#\/schema\/person\/c838cace8171f692e363fde3f38f208b"},"headline":"Dubbelt brons till Sverige i World Games","datePublished":"2017-07-29T16:03:55+00:00","dateModified":"2017-07-30T20:37:05+00:00","mainEntityOfPage":{"@id":"https:\/\/www.budokampsport.se\/2017\/07\/29\/dubbelt-brons-till-sverige-world-games\/"},"wordCount":354,"commentCount":0,"image":{"@id":"https:\/\/www.budokampsport.se\/2017\/07\/29\/dubbelt-brons-till-sverige-world-games\/#primaryimage"},"thumbnailUrl":"https:\/\/www.budokampsport.se\/wp-content\/uploads\/2017\/07\/William-Seth-Wenzel-och-Fredrik-Widgren-e1624881568104.jpg","inLanguage":"sv-SE","potentialAction":[{"@type":"CommentAction","name":"Comment","target":["https:\/\/www.budokampsport.se\/2017\/07\/29\/dubbelt-brons-till-sverige-world-games\/#respond"]}]},{"@type":"WebPage","@id":"https:\/\/www.budokampsport.se\/2017\/07\/29\/dubbelt-brons-till-sverige-world-games\/","url":"https:\/\/www.budokampsport.se\/2017\/07\/29\/dubbelt-brons-till-sverige-world-games\/","name":"Dubbelt brons till Sverige i World Games - Svenska Budo &amp; Kampsportsf\u00f6rbundet","isPartOf":{"@id":"https:\/\/www.budokampsport.se\/#website"},"primaryImageOfPage":{"@id":"https:\/\/www.budokampsport.se\/2017\/07\/29\/dubbelt-brons-till-sverige-world-games\/#primaryimage"},"image":{"@id":"https:\/\/www.budokampsport.se\/2017\/07\/29\/dubbelt-brons-till-sverige-world-games\/#primaryimage"},"thumbnailUrl":"https:\/\/www.budokampsport.se\/wp-content\/uploads\/2017\/07\/William-Seth-Wenzel-och-Fredrik-Widgren-e1624881568104.jpg","datePublished":"2017-07-29T16:03:55+00:00","dateModified":"2017-07-30T20:37:05+00:00","author":{"@id":"https:\/\/www.budokampsport.se\/#\/schema\/person\/c838cace8171f692e363fde3f38f208b"},"description":"Sverige tog dubbla bronsmedaljer i ju jutsu under eftermiddagens World Games-t\u00e4vlingar i Wroclaw, Polen. Den v\u00e4lmeriterade Fredrik Widgren besegrade","breadcrumb":{"@id":"https:\/\/www.budokampsport.se\/2017\/07\/29\/dubbelt-brons-till-sverige-world-games\/#breadcrumb"},"inLanguage":"sv-SE","potentialAction":[{"@type":"ReadAction","target":["https:\/\/www.budokampsport.se\/2017\/07\/29\/dubbelt-brons-till-sverige-world-games\/"]}]},{"@type":"ImageObject","inLanguage":"sv-SE","@id":"https:\/\/www.budokampsport.se\/2017\/07\/29\/dubbelt-brons-till-sverige-world-games\/#primaryimage","url":"https:\/\/www.budokampsport.se\/wp-content\/uploads\/2017\/07\/William-Seth-Wenzel-och-Fredrik-Widgren-e1624881568104.jpg","contentUrl":"https:\/\/www.budokampsport.se\/wp-content\/uploads\/2017\/07\/William-Seth-Wenzel-och-Fredrik-Widgren-e1624881568104.jpg","width":850,"height":581},{"@type":"BreadcrumbList","@id":"https:\/\/www.budokampsport.se\/2017\/07\/29\/dubbelt-brons-till-sverige-world-games\/#breadcrumb","itemListElement":[{"@type":"ListItem","position":1,"name":"Hem","item":"https:\/\/www.budokampsport.se\/"},{"@type":"ListItem","position":2,"name":"Dubbelt brons till Sverige i World Games"}]},{"@type":"WebSite","@id":"https:\/\/www.budokampsport.se\/#website","url":"https:\/\/www.budokampsport.se\/","name":"Svenska Budo &amp; Kampsportsf\u00f6rbundet","description":"T\u00e4vling, Tr\u00e4ning, Tradition","potentialAction":[{"@type":"SearchAction","target":{"@type":"EntryPoint","urlTemplate":"https:\/\/www.budokampsport.se\/?s={search_term_string}"},"query-input":{"@type":"PropertyValueSpecification","valueRequired":true,"valueName":"search_term_string"}}],"inLanguage":"sv-SE"},{"@type":"Person","@id":"https:\/\/www.budokampsport.se\/#\/schema\/person\/c838cace8171f692e363fde3f38f208b","name":"Annie Carriage","image":{"@type":"ImageObject","inLanguage":"sv-SE","@id":"https:\/\/www.budokampsport.se\/#\/schema\/person\/image\/","url":"https:\/\/secure.gravatar.com\/avatar\/9311295560bdfbdf78365a26f7df1876?s=96&d=blank&r=g","contentUrl":"https:\/\/secure.gravatar.com\/avatar\/9311295560bdfbdf78365a26f7df1876?s=96&d=blank&r=g","caption":"Annie Carriage"},"url":"https:\/\/www.budokampsport.se\/author\/annie-bondefelt\/"}]}},"_links":{"self":[{"href":"https:\/\/www.budokampsport.se\/api\/wp\/v2\/posts\/47802","targetHints":{"allow":["GET"]}}],"collection":[{"href":"https:\/\/www.budokampsport.se\/api\/wp\/v2\/posts"}],"about":[{"href":"https:\/\/www.budokampsport.se\/api\/wp\/v2\/types\/post"}],"author":[{"embeddable":true,"href":"https:\/\/www.budokampsport.se\/api\/wp\/v2\/users\/120"}],"replies":[{"embeddable":true,"href":"https:\/\/www.budokampsport.se\/api\/wp\/v2\/comments?post=47802"}],"version-history":[{"count":0,"href":"https:\/\/www.budokampsport.se\/api\/wp\/v2\/posts\/47802\/revisions"}],"wp:featuredmedia":[{"embeddable":true,"href":"https:\/\/www.budokampsport.se\/api\/wp\/v2\/media\/47804"}],"wp:attachment":[{"href":"https:\/\/www.budokampsport.se\/api\/wp\/v2\/media?parent=47802"}],"wp:term":[{"taxonomy":"category","embeddable":true,"href":"https:\/\/www.budokampsport.se\/api\/wp\/v2\/categories?post=47802"},{"taxonomy":"post_tag","embeddable":true,"href":"https:\/\/www.budokampsport.se\/api\/wp\/v2\/tags?post=47802"}],"curies":[{"name":"wp","href":"https:\/\/api.w.org\/{rel}","templated":true}]}}