{"id":4796,"date":"2013-12-05T13:55:24","date_gmt":"2013-12-05T12:55:24","guid":{"rendered":"http:\/\/budo.wordpress.dev\/2013\/12\/05\/senaste-nytt-karin-edenius-i-vm-final-efter-nervpers\/"},"modified":"2016-12-06T22:36:33","modified_gmt":"2016-12-06T21:36:33","slug":"senaste-nytt-karin-edenius-i-vm-final-efter-nervpers","status":"publish","type":"post","link":"https:\/\/www.budokampsport.se\/2013\/12\/05\/senaste-nytt-karin-edenius-i-vm-final-efter-nervpers\/","title":{"rendered":"Senaste nytt: Karin Edenius i VM-final efter nervpers"},"content":{"rendered":"<p><strong><img decoding=\"async\" alt=\"\" src=\"http:\/\/www.budokampsport.se\/sites\/default\/files\/vm.png\" style=\"float:right; height:175px; width:125px\">Karin Edenius stormar fram i VM i kickboxning, light kontakt. Semifinalen, som avgjordes f\u00f6r bara en liten stund sedan, vanns efter en riktig nagelbitare.<br \/>\u00a0\u00a0 &#8211; En riktigt sk\u00f6n seger, s\u00e4ger hon till budokampsport.se.<\/strong><!--break--><\/p>\n<p>Karin Edenius vann VM-guld 2011. Men under EM 2012 vred hon till kn\u00e4t och det visade sig sedermera att det var en korsbandsskada.<\/p>\n<p>Till i \u00e5r har Karin lagt om tr\u00e4ningen en hel del, bland annat via sin fystr\u00e4nare Bj\u00f6rn Rhodin, och det verkar onekligen givit resultat. F\u00f6r i dagens semifinal mot italienskan Roberta Cargno i -70kg visade Edenius stor kraft och kyla.<\/p>\n<p>Efter f\u00f6rsta ronden ledde italienskan och s\u00e5g ut att kontrollera h\u00e4ndelserna.<br \/>\u00a0\u00a0 &#8211; F\u00f6rsta ronden missf\u00f6rstod jag helt po\u00e4ngm\u00e4ssigt d\u00e5 jag trodde jag fick utdelning f\u00f6r kontringssparkar vilket jag inte fick och l\u00e5g under i b\u00f6rjan av matchen. Sedan j\u00e4mnade jag ut och gick om i sista ronden.<\/p>\n<p><strong>&#8220;Tryckte p\u00e5 med huvud- och stoppsparkar&#8221;<\/strong><br \/>Den senare delen av semifinalen blev en verklig batalj och nerv\u00f6s historia d\u00e4r Karin k\u00e4mpade sig tillbaka och v\u00e4nde matchen i slutskedet.<br \/>\u00a0\u00a0 &#8211; Ja, en riktig rysare som jag som tur var kammade hem efter ett antal huvudsparkar som satt som en sm\u00e4ck. Jag k\u00e4nde att jag hade mycket mer att ge och n\u00e4r jag klev in i &#8220;VM-mode&#8221; mentalt och best\u00e4mde mig f\u00f6r att nu j\u00e4vlar \u00e4r det bara att \u00f6ka, d\u00e5 sl\u00e4ppte det och jag tryckte p\u00e5 med huvudsparkar och stoppsparkar som alltid ger utdelning om man f\u00e5r till dem.<\/p>\n<p>Nu v\u00e4ntar \u00e5terigen VM-final f\u00f6r Edenius. Motst\u00e5ndare blir kroatiskan Anna Znaor, som Karin besegrade under VM-finalen 2011.<\/p>\n<p>Text: Jonathan Broberg<\/p>\n","protected":false},"excerpt":{"rendered":"<p><strong><img decoding=\"async\" alt=\"\" src=\"http:\/\/www.budokampsport.se\/sites\/default\/files\/vm.png\" style=\"float:right; height:175px; width:125px\">Karin Edenius stormar fram i VM i kickboxning, light kontakt. Semifinalen, som avgjordes f\u00f6r bara en liten stund sedan, vanns efter en riktig nagelbitare.<br \/>\u00a0\u00a0 &#8211; En riktigt sk\u00f6n seger, s\u00e4ger hon till budokampsport.se.<\/strong><\/p><br>","protected":false},"author":7,"featured_media":0,"comment_status":"closed","ping_status":"closed","sticky":false,"template":"","format":"standard","meta":{"_acf_changed":false,"footnotes":""},"categories":[1],"tags":[],"class_list":["post-4796","post","type-post","status-publish","format-standard","hentry","category-okategoriserade"],"acf":[],"yoast_head":"<!-- This site is optimized with the Yoast SEO plugin v26.8 - https:\/\/yoast.com\/product\/yoast-seo-wordpress\/ -->\n<title>Senaste nytt: Karin Edenius i VM-final efter nervpers - Svenska Budo &amp; Kampsportsf\u00f6rbundet<\/title>\n<meta name=\"description\" content=\"Karin Edenius stormar fram i VM i kickboxning, light kontakt. Semifinalen, som avgjordes f\u00f6r bara en liten stund sedan, vanns efter en riktig nagelbitare.\u00a0\u00a0 - En riktigt sk\u00f6n seger, s\u00e4ger hon till budokampsport.se.\" \/>\n<meta name=\"robots\" content=\"index, follow, max-snippet:-1, max-image-preview:large, max-video-preview:-1\" \/>\n<link rel=\"canonical\" href=\"https:\/\/www.budokampsport.se\/2013\/12\/05\/senaste-nytt-karin-edenius-i-vm-final-efter-nervpers\/\" \/>\n<meta property=\"og:locale\" content=\"sv_SE\" \/>\n<meta property=\"og:type\" content=\"article\" \/>\n<meta property=\"og:title\" content=\"Senaste nytt: Karin Edenius i VM-final efter nervpers - Svenska Budo &amp; Kampsportsf\u00f6rbundet\" \/>\n<meta property=\"og:description\" content=\"Karin Edenius stormar fram i VM i kickboxning, light kontakt. Semifinalen, som avgjordes f\u00f6r bara en liten stund sedan, vanns efter en riktig nagelbitare.\u00a0\u00a0 - En riktigt sk\u00f6n seger, s\u00e4ger hon till budokampsport.se.\" \/>\n<meta property=\"og:url\" content=\"https:\/\/www.budokampsport.se\/2013\/12\/05\/senaste-nytt-karin-edenius-i-vm-final-efter-nervpers\/\" \/>\n<meta property=\"og:site_name\" content=\"Svenska Budo &amp; Kampsportsf\u00f6rbundet\" \/>\n<meta property=\"article:author\" content=\"https:\/\/www.facebook.com\/jonathan.broberg.7\" \/>\n<meta property=\"article:published_time\" content=\"2013-12-05T12:55:24+00:00\" \/>\n<meta property=\"article:modified_time\" content=\"2016-12-06T21:36:33+00:00\" \/>\n<meta property=\"og:image\" content=\"http:\/\/www.budokampsport.se\/sites\/default\/files\/vm.png\" \/>\n<meta name=\"author\" content=\"Jonathan Broberg\" \/>\n<meta name=\"twitter:card\" content=\"summary_large_image\" \/>\n<meta name=\"twitter:label1\" content=\"Skriven av\" \/>\n\t<meta name=\"twitter:data1\" content=\"Jonathan Broberg\" \/>\n\t<meta name=\"twitter:label2\" content=\"Ber\u00e4knad l\u00e4stid\" \/>\n\t<meta name=\"twitter:data2\" content=\"1 minut\" \/>\n<script type=\"application\/ld+json\" class=\"yoast-schema-graph\">{\"@context\":\"https:\/\/schema.org\",\"@graph\":[{\"@type\":\"Article\",\"@id\":\"https:\/\/www.budokampsport.se\/2013\/12\/05\/senaste-nytt-karin-edenius-i-vm-final-efter-nervpers\/#article\",\"isPartOf\":{\"@id\":\"https:\/\/www.budokampsport.se\/2013\/12\/05\/senaste-nytt-karin-edenius-i-vm-final-efter-nervpers\/\"},\"author\":{\"name\":\"Jonathan Broberg\",\"@id\":\"https:\/\/www.budokampsport.se\/#\/schema\/person\/5c06d81d14850e2a8ce5493386560145\"},\"headline\":\"Senaste nytt: Karin Edenius i VM-final efter nervpers\",\"datePublished\":\"2013-12-05T12:55:24+00:00\",\"dateModified\":\"2016-12-06T21:36:33+00:00\",\"mainEntityOfPage\":{\"@id\":\"https:\/\/www.budokampsport.se\/2013\/12\/05\/senaste-nytt-karin-edenius-i-vm-final-efter-nervpers\/\"},\"wordCount\":302,\"image\":{\"@id\":\"https:\/\/www.budokampsport.se\/2013\/12\/05\/senaste-nytt-karin-edenius-i-vm-final-efter-nervpers\/#primaryimage\"},\"thumbnailUrl\":\"http:\/\/www.budokampsport.se\/sites\/default\/files\/vm.png\",\"inLanguage\":\"sv-SE\"},{\"@type\":\"WebPage\",\"@id\":\"https:\/\/www.budokampsport.se\/2013\/12\/05\/senaste-nytt-karin-edenius-i-vm-final-efter-nervpers\/\",\"url\":\"https:\/\/www.budokampsport.se\/2013\/12\/05\/senaste-nytt-karin-edenius-i-vm-final-efter-nervpers\/\",\"name\":\"Senaste nytt: Karin Edenius i VM-final efter nervpers - Svenska Budo &amp; Kampsportsf\u00f6rbundet\",\"isPartOf\":{\"@id\":\"https:\/\/www.budokampsport.se\/#website\"},\"primaryImageOfPage\":{\"@id\":\"https:\/\/www.budokampsport.se\/2013\/12\/05\/senaste-nytt-karin-edenius-i-vm-final-efter-nervpers\/#primaryimage\"},\"image\":{\"@id\":\"https:\/\/www.budokampsport.se\/2013\/12\/05\/senaste-nytt-karin-edenius-i-vm-final-efter-nervpers\/#primaryimage\"},\"thumbnailUrl\":\"http:\/\/www.budokampsport.se\/sites\/default\/files\/vm.png\",\"datePublished\":\"2013-12-05T12:55:24+00:00\",\"dateModified\":\"2016-12-06T21:36:33+00:00\",\"author\":{\"@id\":\"https:\/\/www.budokampsport.se\/#\/schema\/person\/5c06d81d14850e2a8ce5493386560145\"},\"description\":\"Karin Edenius stormar fram i VM i kickboxning, light kontakt. Semifinalen, som avgjordes f\u00f6r bara en liten stund sedan, vanns efter en riktig nagelbitare.\u00a0\u00a0 - En riktigt sk\u00f6n seger, s\u00e4ger hon till budokampsport.se.\",\"breadcrumb\":{\"@id\":\"https:\/\/www.budokampsport.se\/2013\/12\/05\/senaste-nytt-karin-edenius-i-vm-final-efter-nervpers\/#breadcrumb\"},\"inLanguage\":\"sv-SE\",\"potentialAction\":[{\"@type\":\"ReadAction\",\"target\":[\"https:\/\/www.budokampsport.se\/2013\/12\/05\/senaste-nytt-karin-edenius-i-vm-final-efter-nervpers\/\"]}]},{\"@type\":\"ImageObject\",\"inLanguage\":\"sv-SE\",\"@id\":\"https:\/\/www.budokampsport.se\/2013\/12\/05\/senaste-nytt-karin-edenius-i-vm-final-efter-nervpers\/#primaryimage\",\"url\":\"http:\/\/www.budokampsport.se\/sites\/default\/files\/vm.png\",\"contentUrl\":\"http:\/\/www.budokampsport.se\/sites\/default\/files\/vm.png\"},{\"@type\":\"BreadcrumbList\",\"@id\":\"https:\/\/www.budokampsport.se\/2013\/12\/05\/senaste-nytt-karin-edenius-i-vm-final-efter-nervpers\/#breadcrumb\",\"itemListElement\":[{\"@type\":\"ListItem\",\"position\":1,\"name\":\"Hem\",\"item\":\"https:\/\/www.budokampsport.se\/\"},{\"@type\":\"ListItem\",\"position\":2,\"name\":\"Senaste nytt: Karin Edenius i VM-final efter nervpers\"}]},{\"@type\":\"WebSite\",\"@id\":\"https:\/\/www.budokampsport.se\/#website\",\"url\":\"https:\/\/www.budokampsport.se\/\",\"name\":\"Svenska Budo &amp; Kampsportsf\u00f6rbundet\",\"description\":\"T\u00e4vling, Tr\u00e4ning, Tradition\",\"potentialAction\":[{\"@type\":\"SearchAction\",\"target\":{\"@type\":\"EntryPoint\",\"urlTemplate\":\"https:\/\/www.budokampsport.se\/?s={search_term_string}\"},\"query-input\":{\"@type\":\"PropertyValueSpecification\",\"valueRequired\":true,\"valueName\":\"search_term_string\"}}],\"inLanguage\":\"sv-SE\"},{\"@type\":\"Person\",\"@id\":\"https:\/\/www.budokampsport.se\/#\/schema\/person\/5c06d81d14850e2a8ce5493386560145\",\"name\":\"Jonathan Broberg\",\"image\":{\"@type\":\"ImageObject\",\"inLanguage\":\"sv-SE\",\"@id\":\"https:\/\/www.budokampsport.se\/#\/schema\/person\/image\/\",\"url\":\"https:\/\/secure.gravatar.com\/avatar\/a58041c6cea9128bd9c40ee2f26d4136?s=96&d=blank&r=g\",\"contentUrl\":\"https:\/\/secure.gravatar.com\/avatar\/a58041c6cea9128bd9c40ee2f26d4136?s=96&d=blank&r=g\",\"caption\":\"Jonathan Broberg\"},\"sameAs\":[\"https:\/\/www.facebook.com\/jonathan.broberg.7\"],\"url\":\"https:\/\/www.budokampsport.se\/author\/jonathan\/\"}]}<\/script>\n<!-- \/ Yoast SEO plugin. -->","yoast_head_json":{"title":"Senaste nytt: Karin Edenius i VM-final efter nervpers - Svenska Budo &amp; Kampsportsf\u00f6rbundet","description":"Karin Edenius stormar fram i VM i kickboxning, light kontakt. Semifinalen, som avgjordes f\u00f6r bara en liten stund sedan, vanns efter en riktig nagelbitare.\u00a0\u00a0 - En riktigt sk\u00f6n seger, s\u00e4ger hon till budokampsport.se.","robots":{"index":"index","follow":"follow","max-snippet":"max-snippet:-1","max-image-preview":"max-image-preview:large","max-video-preview":"max-video-preview:-1"},"canonical":"https:\/\/www.budokampsport.se\/2013\/12\/05\/senaste-nytt-karin-edenius-i-vm-final-efter-nervpers\/","og_locale":"sv_SE","og_type":"article","og_title":"Senaste nytt: Karin Edenius i VM-final efter nervpers - Svenska Budo &amp; Kampsportsf\u00f6rbundet","og_description":"Karin Edenius stormar fram i VM i kickboxning, light kontakt. Semifinalen, som avgjordes f\u00f6r bara en liten stund sedan, vanns efter en riktig nagelbitare.\u00a0\u00a0 - En riktigt sk\u00f6n seger, s\u00e4ger hon till budokampsport.se.","og_url":"https:\/\/www.budokampsport.se\/2013\/12\/05\/senaste-nytt-karin-edenius-i-vm-final-efter-nervpers\/","og_site_name":"Svenska Budo &amp; Kampsportsf\u00f6rbundet","article_author":"https:\/\/www.facebook.com\/jonathan.broberg.7","article_published_time":"2013-12-05T12:55:24+00:00","article_modified_time":"2016-12-06T21:36:33+00:00","og_image":[{"url":"http:\/\/www.budokampsport.se\/sites\/default\/files\/vm.png","type":"","width":"","height":""}],"author":"Jonathan Broberg","twitter_card":"summary_large_image","twitter_misc":{"Skriven av":"Jonathan Broberg","Ber\u00e4knad l\u00e4stid":"1 minut"},"schema":{"@context":"https:\/\/schema.org","@graph":[{"@type":"Article","@id":"https:\/\/www.budokampsport.se\/2013\/12\/05\/senaste-nytt-karin-edenius-i-vm-final-efter-nervpers\/#article","isPartOf":{"@id":"https:\/\/www.budokampsport.se\/2013\/12\/05\/senaste-nytt-karin-edenius-i-vm-final-efter-nervpers\/"},"author":{"name":"Jonathan Broberg","@id":"https:\/\/www.budokampsport.se\/#\/schema\/person\/5c06d81d14850e2a8ce5493386560145"},"headline":"Senaste nytt: Karin Edenius i VM-final efter nervpers","datePublished":"2013-12-05T12:55:24+00:00","dateModified":"2016-12-06T21:36:33+00:00","mainEntityOfPage":{"@id":"https:\/\/www.budokampsport.se\/2013\/12\/05\/senaste-nytt-karin-edenius-i-vm-final-efter-nervpers\/"},"wordCount":302,"image":{"@id":"https:\/\/www.budokampsport.se\/2013\/12\/05\/senaste-nytt-karin-edenius-i-vm-final-efter-nervpers\/#primaryimage"},"thumbnailUrl":"http:\/\/www.budokampsport.se\/sites\/default\/files\/vm.png","inLanguage":"sv-SE"},{"@type":"WebPage","@id":"https:\/\/www.budokampsport.se\/2013\/12\/05\/senaste-nytt-karin-edenius-i-vm-final-efter-nervpers\/","url":"https:\/\/www.budokampsport.se\/2013\/12\/05\/senaste-nytt-karin-edenius-i-vm-final-efter-nervpers\/","name":"Senaste nytt: Karin Edenius i VM-final efter nervpers - Svenska Budo &amp; Kampsportsf\u00f6rbundet","isPartOf":{"@id":"https:\/\/www.budokampsport.se\/#website"},"primaryImageOfPage":{"@id":"https:\/\/www.budokampsport.se\/2013\/12\/05\/senaste-nytt-karin-edenius-i-vm-final-efter-nervpers\/#primaryimage"},"image":{"@id":"https:\/\/www.budokampsport.se\/2013\/12\/05\/senaste-nytt-karin-edenius-i-vm-final-efter-nervpers\/#primaryimage"},"thumbnailUrl":"http:\/\/www.budokampsport.se\/sites\/default\/files\/vm.png","datePublished":"2013-12-05T12:55:24+00:00","dateModified":"2016-12-06T21:36:33+00:00","author":{"@id":"https:\/\/www.budokampsport.se\/#\/schema\/person\/5c06d81d14850e2a8ce5493386560145"},"description":"Karin Edenius stormar fram i VM i kickboxning, light kontakt. Semifinalen, som avgjordes f\u00f6r bara en liten stund sedan, vanns efter en riktig nagelbitare.\u00a0\u00a0 - En riktigt sk\u00f6n seger, s\u00e4ger hon till budokampsport.se.","breadcrumb":{"@id":"https:\/\/www.budokampsport.se\/2013\/12\/05\/senaste-nytt-karin-edenius-i-vm-final-efter-nervpers\/#breadcrumb"},"inLanguage":"sv-SE","potentialAction":[{"@type":"ReadAction","target":["https:\/\/www.budokampsport.se\/2013\/12\/05\/senaste-nytt-karin-edenius-i-vm-final-efter-nervpers\/"]}]},{"@type":"ImageObject","inLanguage":"sv-SE","@id":"https:\/\/www.budokampsport.se\/2013\/12\/05\/senaste-nytt-karin-edenius-i-vm-final-efter-nervpers\/#primaryimage","url":"http:\/\/www.budokampsport.se\/sites\/default\/files\/vm.png","contentUrl":"http:\/\/www.budokampsport.se\/sites\/default\/files\/vm.png"},{"@type":"BreadcrumbList","@id":"https:\/\/www.budokampsport.se\/2013\/12\/05\/senaste-nytt-karin-edenius-i-vm-final-efter-nervpers\/#breadcrumb","itemListElement":[{"@type":"ListItem","position":1,"name":"Hem","item":"https:\/\/www.budokampsport.se\/"},{"@type":"ListItem","position":2,"name":"Senaste nytt: Karin Edenius i VM-final efter nervpers"}]},{"@type":"WebSite","@id":"https:\/\/www.budokampsport.se\/#website","url":"https:\/\/www.budokampsport.se\/","name":"Svenska Budo &amp; Kampsportsf\u00f6rbundet","description":"T\u00e4vling, Tr\u00e4ning, Tradition","potentialAction":[{"@type":"SearchAction","target":{"@type":"EntryPoint","urlTemplate":"https:\/\/www.budokampsport.se\/?s={search_term_string}"},"query-input":{"@type":"PropertyValueSpecification","valueRequired":true,"valueName":"search_term_string"}}],"inLanguage":"sv-SE"},{"@type":"Person","@id":"https:\/\/www.budokampsport.se\/#\/schema\/person\/5c06d81d14850e2a8ce5493386560145","name":"Jonathan Broberg","image":{"@type":"ImageObject","inLanguage":"sv-SE","@id":"https:\/\/www.budokampsport.se\/#\/schema\/person\/image\/","url":"https:\/\/secure.gravatar.com\/avatar\/a58041c6cea9128bd9c40ee2f26d4136?s=96&d=blank&r=g","contentUrl":"https:\/\/secure.gravatar.com\/avatar\/a58041c6cea9128bd9c40ee2f26d4136?s=96&d=blank&r=g","caption":"Jonathan Broberg"},"sameAs":["https:\/\/www.facebook.com\/jonathan.broberg.7"],"url":"https:\/\/www.budokampsport.se\/author\/jonathan\/"}]}},"_links":{"self":[{"href":"https:\/\/www.budokampsport.se\/api\/wp\/v2\/posts\/4796","targetHints":{"allow":["GET"]}}],"collection":[{"href":"https:\/\/www.budokampsport.se\/api\/wp\/v2\/posts"}],"about":[{"href":"https:\/\/www.budokampsport.se\/api\/wp\/v2\/types\/post"}],"author":[{"embeddable":true,"href":"https:\/\/www.budokampsport.se\/api\/wp\/v2\/users\/7"}],"replies":[{"embeddable":true,"href":"https:\/\/www.budokampsport.se\/api\/wp\/v2\/comments?post=4796"}],"version-history":[{"count":0,"href":"https:\/\/www.budokampsport.se\/api\/wp\/v2\/posts\/4796\/revisions"}],"wp:attachment":[{"href":"https:\/\/www.budokampsport.se\/api\/wp\/v2\/media?parent=4796"}],"wp:term":[{"taxonomy":"category","embeddable":true,"href":"https:\/\/www.budokampsport.se\/api\/wp\/v2\/categories?post=4796"},{"taxonomy":"post_tag","embeddable":true,"href":"https:\/\/www.budokampsport.se\/api\/wp\/v2\/tags?post=4796"}],"curies":[{"name":"wp","href":"https:\/\/api.w.org\/{rel}","templated":true}]}}