{"id":47992,"date":"2017-08-03T09:42:35","date_gmt":"2017-08-03T07:42:35","guid":{"rendered":"http:\/\/www.budokampsport.se\/?p=47992"},"modified":"2017-08-03T09:43:05","modified_gmt":"2017-08-03T07:43:05","slug":"alla-som-ar-med-kan-plocka-hem-medaljer","status":"publish","type":"post","link":"https:\/\/www.budokampsport.se\/2017\/08\/03\/alla-som-ar-med-kan-plocka-hem-medaljer\/","title":{"rendered":"\u201dAlla som \u00e4r med kan plocka hem medaljer\u201d"},"content":{"rendered":"<p>Landslagscoachen Jonas Jensen ger h\u00e4r sin syn p\u00e5 den svenska truppens slagkraftighet.<br \/>\n&#8211; Det finns mycket talang i truppen. Zina Djelassi har tagit medalj p\u00e5 m\u00e4sterskap tidigare och \u00e4r den som \u00e4r mest rutinerad i de h\u00e4r sammanhangen. Det \u00e4r dock v\u00e4ldigt j\u00e4mt i toppen och sm\u00e5 marginaler som avg\u00f6r. Alla som \u00e4r med kan plocka hem medaljer om de f\u00e5r allt att st\u00e4mma och har marginalerna p\u00e5 sin sida.<br \/>\n&#8211; De som \u00e4r med i truppen \u00e4r unga och skulle de inte ta hem medaljer p\u00e5 det h\u00e4r m\u00e4sterskapet s\u00e5 kommer de i alla fall samla p\u00e5 sig ov\u00e4rderlig m\u00e4sterskapsrutin f\u00f6r framtiden. Det \u00e4r viktigt att v\u00e5ra duktiga fighters f\u00e5r m\u00f6jligheten komma ut och t\u00e4vla internationellt.<\/p>\n<p>Text: Jonathan Broberg<br \/>\nFoto: Olof Pettersson<\/p>\n","protected":false},"excerpt":{"rendered":"<p>I g\u00e5r presenterades VM-truppen i kickboxning, ett m\u00e4sterskap som g\u00e5r i Budapest 3-12 november.<\/p><br>","protected":false},"author":7,"featured_media":37722,"comment_status":"open","ping_status":"open","sticky":false,"template":"","format":"standard","meta":{"_acf_changed":false,"footnotes":""},"categories":[1],"tags":[],"class_list":["post-47992","post","type-post","status-publish","format-standard","has-post-thumbnail","hentry","category-okategoriserade"],"acf":[],"yoast_head":"<!-- This site is optimized with the Yoast SEO plugin v26.8 - https:\/\/yoast.com\/product\/yoast-seo-wordpress\/ -->\n<title>\u201dAlla som \u00e4r med kan plocka hem medaljer\u201d - Svenska Budo &amp; Kampsportsf\u00f6rbundet<\/title>\n<meta name=\"description\" content=\"I g\u00e5r presenterades VM-truppen i kickboxning, ett m\u00e4sterskap som g\u00e5r i Budapest 3-12 november.\" \/>\n<meta name=\"robots\" content=\"index, follow, max-snippet:-1, max-image-preview:large, max-video-preview:-1\" \/>\n<link rel=\"canonical\" href=\"https:\/\/www.budokampsport.se\/2017\/08\/03\/alla-som-ar-med-kan-plocka-hem-medaljer\/\" \/>\n<meta property=\"og:locale\" content=\"sv_SE\" \/>\n<meta property=\"og:type\" content=\"article\" \/>\n<meta property=\"og:title\" content=\"\u201dAlla som \u00e4r med kan plocka hem medaljer\u201d - Svenska Budo &amp; Kampsportsf\u00f6rbundet\" \/>\n<meta property=\"og:description\" content=\"I g\u00e5r presenterades VM-truppen i kickboxning, ett m\u00e4sterskap som g\u00e5r i Budapest 3-12 november.\" \/>\n<meta property=\"og:url\" content=\"https:\/\/www.budokampsport.se\/2017\/08\/03\/alla-som-ar-med-kan-plocka-hem-medaljer\/\" \/>\n<meta property=\"og:site_name\" content=\"Svenska Budo &amp; Kampsportsf\u00f6rbundet\" \/>\n<meta property=\"article:author\" content=\"https:\/\/www.facebook.com\/jonathan.broberg.7\" \/>\n<meta property=\"article:published_time\" content=\"2017-08-03T07:42:35+00:00\" \/>\n<meta property=\"article:modified_time\" content=\"2017-08-03T07:43:05+00:00\" \/>\n<meta property=\"og:image\" content=\"https:\/\/www.budokampsport.se\/wp-content\/uploads\/2017\/01\/Jonas-Jensen_front.jpg\" \/>\n\t<meta property=\"og:image:width\" content=\"480\" \/>\n\t<meta property=\"og:image:height\" content=\"369\" \/>\n\t<meta property=\"og:image:type\" content=\"image\/jpeg\" \/>\n<meta name=\"author\" content=\"Jonathan Broberg\" \/>\n<meta name=\"twitter:card\" content=\"summary_large_image\" \/>\n<meta name=\"twitter:label1\" content=\"Skriven av\" \/>\n\t<meta name=\"twitter:data1\" content=\"Jonathan Broberg\" \/>\n\t<meta name=\"twitter:label2\" content=\"Ber\u00e4knad l\u00e4stid\" \/>\n\t<meta name=\"twitter:data2\" content=\"1 minut\" \/>\n<script type=\"application\/ld+json\" class=\"yoast-schema-graph\">{\"@context\":\"https:\/\/schema.org\",\"@graph\":[{\"@type\":\"Article\",\"@id\":\"https:\/\/www.budokampsport.se\/2017\/08\/03\/alla-som-ar-med-kan-plocka-hem-medaljer\/#article\",\"isPartOf\":{\"@id\":\"https:\/\/www.budokampsport.se\/2017\/08\/03\/alla-som-ar-med-kan-plocka-hem-medaljer\/\"},\"author\":{\"name\":\"Jonathan Broberg\",\"@id\":\"https:\/\/www.budokampsport.se\/#\/schema\/person\/5c06d81d14850e2a8ce5493386560145\"},\"headline\":\"\u201dAlla som \u00e4r med kan plocka hem medaljer\u201d\",\"datePublished\":\"2017-08-03T07:42:35+00:00\",\"dateModified\":\"2017-08-03T07:43:05+00:00\",\"mainEntityOfPage\":{\"@id\":\"https:\/\/www.budokampsport.se\/2017\/08\/03\/alla-som-ar-med-kan-plocka-hem-medaljer\/\"},\"wordCount\":148,\"commentCount\":0,\"image\":{\"@id\":\"https:\/\/www.budokampsport.se\/2017\/08\/03\/alla-som-ar-med-kan-plocka-hem-medaljer\/#primaryimage\"},\"thumbnailUrl\":\"https:\/\/www.budokampsport.se\/wp-content\/uploads\/2017\/01\/Jonas-Jensen_front.jpg\",\"inLanguage\":\"sv-SE\",\"potentialAction\":[{\"@type\":\"CommentAction\",\"name\":\"Comment\",\"target\":[\"https:\/\/www.budokampsport.se\/2017\/08\/03\/alla-som-ar-med-kan-plocka-hem-medaljer\/#respond\"]}]},{\"@type\":\"WebPage\",\"@id\":\"https:\/\/www.budokampsport.se\/2017\/08\/03\/alla-som-ar-med-kan-plocka-hem-medaljer\/\",\"url\":\"https:\/\/www.budokampsport.se\/2017\/08\/03\/alla-som-ar-med-kan-plocka-hem-medaljer\/\",\"name\":\"\u201dAlla som \u00e4r med kan plocka hem medaljer\u201d - Svenska Budo &amp; Kampsportsf\u00f6rbundet\",\"isPartOf\":{\"@id\":\"https:\/\/www.budokampsport.se\/#website\"},\"primaryImageOfPage\":{\"@id\":\"https:\/\/www.budokampsport.se\/2017\/08\/03\/alla-som-ar-med-kan-plocka-hem-medaljer\/#primaryimage\"},\"image\":{\"@id\":\"https:\/\/www.budokampsport.se\/2017\/08\/03\/alla-som-ar-med-kan-plocka-hem-medaljer\/#primaryimage\"},\"thumbnailUrl\":\"https:\/\/www.budokampsport.se\/wp-content\/uploads\/2017\/01\/Jonas-Jensen_front.jpg\",\"datePublished\":\"2017-08-03T07:42:35+00:00\",\"dateModified\":\"2017-08-03T07:43:05+00:00\",\"author\":{\"@id\":\"https:\/\/www.budokampsport.se\/#\/schema\/person\/5c06d81d14850e2a8ce5493386560145\"},\"description\":\"I g\u00e5r presenterades VM-truppen i kickboxning, ett m\u00e4sterskap som g\u00e5r i Budapest 3-12 november.\",\"breadcrumb\":{\"@id\":\"https:\/\/www.budokampsport.se\/2017\/08\/03\/alla-som-ar-med-kan-plocka-hem-medaljer\/#breadcrumb\"},\"inLanguage\":\"sv-SE\",\"potentialAction\":[{\"@type\":\"ReadAction\",\"target\":[\"https:\/\/www.budokampsport.se\/2017\/08\/03\/alla-som-ar-med-kan-plocka-hem-medaljer\/\"]}]},{\"@type\":\"ImageObject\",\"inLanguage\":\"sv-SE\",\"@id\":\"https:\/\/www.budokampsport.se\/2017\/08\/03\/alla-som-ar-med-kan-plocka-hem-medaljer\/#primaryimage\",\"url\":\"https:\/\/www.budokampsport.se\/wp-content\/uploads\/2017\/01\/Jonas-Jensen_front.jpg\",\"contentUrl\":\"https:\/\/www.budokampsport.se\/wp-content\/uploads\/2017\/01\/Jonas-Jensen_front.jpg\",\"width\":480,\"height\":369,\"caption\":\"Foto: Olof Pettersson\"},{\"@type\":\"BreadcrumbList\",\"@id\":\"https:\/\/www.budokampsport.se\/2017\/08\/03\/alla-som-ar-med-kan-plocka-hem-medaljer\/#breadcrumb\",\"itemListElement\":[{\"@type\":\"ListItem\",\"position\":1,\"name\":\"Hem\",\"item\":\"https:\/\/www.budokampsport.se\/\"},{\"@type\":\"ListItem\",\"position\":2,\"name\":\"\u201dAlla som \u00e4r med kan plocka hem medaljer\u201d\"}]},{\"@type\":\"WebSite\",\"@id\":\"https:\/\/www.budokampsport.se\/#website\",\"url\":\"https:\/\/www.budokampsport.se\/\",\"name\":\"Svenska Budo &amp; Kampsportsf\u00f6rbundet\",\"description\":\"T\u00e4vling, Tr\u00e4ning, Tradition\",\"potentialAction\":[{\"@type\":\"SearchAction\",\"target\":{\"@type\":\"EntryPoint\",\"urlTemplate\":\"https:\/\/www.budokampsport.se\/?s={search_term_string}\"},\"query-input\":{\"@type\":\"PropertyValueSpecification\",\"valueRequired\":true,\"valueName\":\"search_term_string\"}}],\"inLanguage\":\"sv-SE\"},{\"@type\":\"Person\",\"@id\":\"https:\/\/www.budokampsport.se\/#\/schema\/person\/5c06d81d14850e2a8ce5493386560145\",\"name\":\"Jonathan Broberg\",\"image\":{\"@type\":\"ImageObject\",\"inLanguage\":\"sv-SE\",\"@id\":\"https:\/\/www.budokampsport.se\/#\/schema\/person\/image\/\",\"url\":\"https:\/\/secure.gravatar.com\/avatar\/a58041c6cea9128bd9c40ee2f26d4136?s=96&d=blank&r=g\",\"contentUrl\":\"https:\/\/secure.gravatar.com\/avatar\/a58041c6cea9128bd9c40ee2f26d4136?s=96&d=blank&r=g\",\"caption\":\"Jonathan Broberg\"},\"sameAs\":[\"https:\/\/www.facebook.com\/jonathan.broberg.7\"],\"url\":\"https:\/\/www.budokampsport.se\/author\/jonathan\/\"}]}<\/script>\n<!-- \/ Yoast SEO plugin. -->","yoast_head_json":{"title":"\u201dAlla som \u00e4r med kan plocka hem medaljer\u201d - Svenska Budo &amp; Kampsportsf\u00f6rbundet","description":"I g\u00e5r presenterades VM-truppen i kickboxning, ett m\u00e4sterskap som g\u00e5r i Budapest 3-12 november.","robots":{"index":"index","follow":"follow","max-snippet":"max-snippet:-1","max-image-preview":"max-image-preview:large","max-video-preview":"max-video-preview:-1"},"canonical":"https:\/\/www.budokampsport.se\/2017\/08\/03\/alla-som-ar-med-kan-plocka-hem-medaljer\/","og_locale":"sv_SE","og_type":"article","og_title":"\u201dAlla som \u00e4r med kan plocka hem medaljer\u201d - Svenska Budo &amp; Kampsportsf\u00f6rbundet","og_description":"I g\u00e5r presenterades VM-truppen i kickboxning, ett m\u00e4sterskap som g\u00e5r i Budapest 3-12 november.","og_url":"https:\/\/www.budokampsport.se\/2017\/08\/03\/alla-som-ar-med-kan-plocka-hem-medaljer\/","og_site_name":"Svenska Budo &amp; Kampsportsf\u00f6rbundet","article_author":"https:\/\/www.facebook.com\/jonathan.broberg.7","article_published_time":"2017-08-03T07:42:35+00:00","article_modified_time":"2017-08-03T07:43:05+00:00","og_image":[{"width":480,"height":369,"url":"https:\/\/www.budokampsport.se\/wp-content\/uploads\/2017\/01\/Jonas-Jensen_front.jpg","type":"image\/jpeg"}],"author":"Jonathan Broberg","twitter_card":"summary_large_image","twitter_misc":{"Skriven av":"Jonathan Broberg","Ber\u00e4knad l\u00e4stid":"1 minut"},"schema":{"@context":"https:\/\/schema.org","@graph":[{"@type":"Article","@id":"https:\/\/www.budokampsport.se\/2017\/08\/03\/alla-som-ar-med-kan-plocka-hem-medaljer\/#article","isPartOf":{"@id":"https:\/\/www.budokampsport.se\/2017\/08\/03\/alla-som-ar-med-kan-plocka-hem-medaljer\/"},"author":{"name":"Jonathan Broberg","@id":"https:\/\/www.budokampsport.se\/#\/schema\/person\/5c06d81d14850e2a8ce5493386560145"},"headline":"\u201dAlla som \u00e4r med kan plocka hem medaljer\u201d","datePublished":"2017-08-03T07:42:35+00:00","dateModified":"2017-08-03T07:43:05+00:00","mainEntityOfPage":{"@id":"https:\/\/www.budokampsport.se\/2017\/08\/03\/alla-som-ar-med-kan-plocka-hem-medaljer\/"},"wordCount":148,"commentCount":0,"image":{"@id":"https:\/\/www.budokampsport.se\/2017\/08\/03\/alla-som-ar-med-kan-plocka-hem-medaljer\/#primaryimage"},"thumbnailUrl":"https:\/\/www.budokampsport.se\/wp-content\/uploads\/2017\/01\/Jonas-Jensen_front.jpg","inLanguage":"sv-SE","potentialAction":[{"@type":"CommentAction","name":"Comment","target":["https:\/\/www.budokampsport.se\/2017\/08\/03\/alla-som-ar-med-kan-plocka-hem-medaljer\/#respond"]}]},{"@type":"WebPage","@id":"https:\/\/www.budokampsport.se\/2017\/08\/03\/alla-som-ar-med-kan-plocka-hem-medaljer\/","url":"https:\/\/www.budokampsport.se\/2017\/08\/03\/alla-som-ar-med-kan-plocka-hem-medaljer\/","name":"\u201dAlla som \u00e4r med kan plocka hem medaljer\u201d - Svenska Budo &amp; Kampsportsf\u00f6rbundet","isPartOf":{"@id":"https:\/\/www.budokampsport.se\/#website"},"primaryImageOfPage":{"@id":"https:\/\/www.budokampsport.se\/2017\/08\/03\/alla-som-ar-med-kan-plocka-hem-medaljer\/#primaryimage"},"image":{"@id":"https:\/\/www.budokampsport.se\/2017\/08\/03\/alla-som-ar-med-kan-plocka-hem-medaljer\/#primaryimage"},"thumbnailUrl":"https:\/\/www.budokampsport.se\/wp-content\/uploads\/2017\/01\/Jonas-Jensen_front.jpg","datePublished":"2017-08-03T07:42:35+00:00","dateModified":"2017-08-03T07:43:05+00:00","author":{"@id":"https:\/\/www.budokampsport.se\/#\/schema\/person\/5c06d81d14850e2a8ce5493386560145"},"description":"I g\u00e5r presenterades VM-truppen i kickboxning, ett m\u00e4sterskap som g\u00e5r i Budapest 3-12 november.","breadcrumb":{"@id":"https:\/\/www.budokampsport.se\/2017\/08\/03\/alla-som-ar-med-kan-plocka-hem-medaljer\/#breadcrumb"},"inLanguage":"sv-SE","potentialAction":[{"@type":"ReadAction","target":["https:\/\/www.budokampsport.se\/2017\/08\/03\/alla-som-ar-med-kan-plocka-hem-medaljer\/"]}]},{"@type":"ImageObject","inLanguage":"sv-SE","@id":"https:\/\/www.budokampsport.se\/2017\/08\/03\/alla-som-ar-med-kan-plocka-hem-medaljer\/#primaryimage","url":"https:\/\/www.budokampsport.se\/wp-content\/uploads\/2017\/01\/Jonas-Jensen_front.jpg","contentUrl":"https:\/\/www.budokampsport.se\/wp-content\/uploads\/2017\/01\/Jonas-Jensen_front.jpg","width":480,"height":369,"caption":"Foto: Olof Pettersson"},{"@type":"BreadcrumbList","@id":"https:\/\/www.budokampsport.se\/2017\/08\/03\/alla-som-ar-med-kan-plocka-hem-medaljer\/#breadcrumb","itemListElement":[{"@type":"ListItem","position":1,"name":"Hem","item":"https:\/\/www.budokampsport.se\/"},{"@type":"ListItem","position":2,"name":"\u201dAlla som \u00e4r med kan plocka hem medaljer\u201d"}]},{"@type":"WebSite","@id":"https:\/\/www.budokampsport.se\/#website","url":"https:\/\/www.budokampsport.se\/","name":"Svenska Budo &amp; Kampsportsf\u00f6rbundet","description":"T\u00e4vling, Tr\u00e4ning, Tradition","potentialAction":[{"@type":"SearchAction","target":{"@type":"EntryPoint","urlTemplate":"https:\/\/www.budokampsport.se\/?s={search_term_string}"},"query-input":{"@type":"PropertyValueSpecification","valueRequired":true,"valueName":"search_term_string"}}],"inLanguage":"sv-SE"},{"@type":"Person","@id":"https:\/\/www.budokampsport.se\/#\/schema\/person\/5c06d81d14850e2a8ce5493386560145","name":"Jonathan Broberg","image":{"@type":"ImageObject","inLanguage":"sv-SE","@id":"https:\/\/www.budokampsport.se\/#\/schema\/person\/image\/","url":"https:\/\/secure.gravatar.com\/avatar\/a58041c6cea9128bd9c40ee2f26d4136?s=96&d=blank&r=g","contentUrl":"https:\/\/secure.gravatar.com\/avatar\/a58041c6cea9128bd9c40ee2f26d4136?s=96&d=blank&r=g","caption":"Jonathan Broberg"},"sameAs":["https:\/\/www.facebook.com\/jonathan.broberg.7"],"url":"https:\/\/www.budokampsport.se\/author\/jonathan\/"}]}},"_links":{"self":[{"href":"https:\/\/www.budokampsport.se\/api\/wp\/v2\/posts\/47992","targetHints":{"allow":["GET"]}}],"collection":[{"href":"https:\/\/www.budokampsport.se\/api\/wp\/v2\/posts"}],"about":[{"href":"https:\/\/www.budokampsport.se\/api\/wp\/v2\/types\/post"}],"author":[{"embeddable":true,"href":"https:\/\/www.budokampsport.se\/api\/wp\/v2\/users\/7"}],"replies":[{"embeddable":true,"href":"https:\/\/www.budokampsport.se\/api\/wp\/v2\/comments?post=47992"}],"version-history":[{"count":0,"href":"https:\/\/www.budokampsport.se\/api\/wp\/v2\/posts\/47992\/revisions"}],"wp:featuredmedia":[{"embeddable":true,"href":"https:\/\/www.budokampsport.se\/api\/wp\/v2\/media\/37722"}],"wp:attachment":[{"href":"https:\/\/www.budokampsport.se\/api\/wp\/v2\/media?parent=47992"}],"wp:term":[{"taxonomy":"category","embeddable":true,"href":"https:\/\/www.budokampsport.se\/api\/wp\/v2\/categories?post=47992"},{"taxonomy":"post_tag","embeddable":true,"href":"https:\/\/www.budokampsport.se\/api\/wp\/v2\/tags?post=47992"}],"curies":[{"name":"wp","href":"https:\/\/api.w.org\/{rel}","templated":true}]}}