{"id":4805,"date":"2013-12-16T14:57:29","date_gmt":"2013-12-16T13:57:29","guid":{"rendered":"http:\/\/budo.wordpress.dev\/2013\/12\/16\/sa-firar-profilerna-jul-martin-blad-capoeira\/"},"modified":"2023-11-10T09:01:10","modified_gmt":"2023-11-10T08:01:10","slug":"sa-firar-profilerna-jul-martin-blad-capoeira","status":"publish","type":"post","link":"https:\/\/www.budokampsport.se\/2013\/12\/16\/sa-firar-profilerna-jul-martin-blad-capoeira\/","title":{"rendered":"S\u00e5 firar profilerna jul &#8211; Martin Blad, capoeira"},"content":{"rendered":"<p>\n<strong>Budokampsport.ses popul\u00e4ra julnedr\u00e4kning \u00e4r tillbaka. Som vanligt efter lucia startar vi en nedr\u00e4kning fram till jul med olika kampsportsprofiler och hur dessa ska fira jul, hur de sett p\u00e5 2013 och hur deras n\u00e4stkommande \u00e5r ser ut att bli.\u00a0V\u00e5r f\u00f6rsta profil \u00e4r capoeirastj\u00e4rnan Martin Blad. <\/strong><!--break--><\/p>\n<p>Martin hade ett uts\u00f6kt 2013. Under en och samma junivecka gifte sig Martin och hann ocks\u00e5 med att gradera sig och \u00e4r efter det Sveriges f\u00f6rste professor i capoeira.<\/p>\n<p><strong>Martin, om du ser tillbaka p\u00e5 2013, hur har det \u00e5ret varit f\u00f6r dig b\u00e5de personligt och idrottsligt?<\/strong><br \/>\n\u00a0 \u00a0&#8211; 2013 har nog varit det mest sp\u00e4nnande \u00e5ret n\u00e5gonsin f\u00f6r mig. Det st\u00f6rsta h\u00e4nde den 1\/6 d\u00e5 jag och Linnea (f.d Sk\u00e5pdal) gifte oss. T\u00e4nk dig en skogsdunge med solen som skiner in genom tr\u00e4den och din blivande fru kommer inridandes p\u00e5 en vit h\u00e4st, d\u00e4r har du det. Helt fantastiskt.\u00a0<br \/>\n\u00a0 \u00a0&#8211; Capoeiran varit en stor del detta \u00e5ret ocks\u00e5, veckan innan v\u00e5rt br\u00f6llop graderades jag. P\u00e5 ett stort event med flera m\u00e4stare n\u00e4rvarande fick \u00e4ran att titulera mig som f\u00f6rste svensk, Professor i Capoeira. Jag fick \u00e4ven \u00e4ran att h\u00e5lla en uppvisning och representera Capoeiran p\u00e5 Kampsportsgalan. Det var en mycket sp\u00e4nnande och stor utmaning d\u00e5 jag fick g\u00f6ra den ensam.\u00a0<br \/>\n\u00a0 \u00a0&#8211; Jag har ocks\u00e5 varit utomlands och haft seminarium tillsammans med min M\u00e4stare Tubar\u00e3o. Allt detta har visat f\u00f6r mig att med dedikation, tro och gl\u00e4dje i sinnet kan man lyckas n\u00e5 sitt m\u00e5l. Jag hoppas att det kan inspirera andra att det \u00e4r m\u00f6jligt och att de forts\u00e4tter k\u00e4mpa mot sina m\u00e5l, framf\u00f6rallt med gl\u00e4dje i sinnet.<\/p>\n<p><strong>Hur kommer du att fira julen?<\/strong><br \/>\n\u00a0 \u00a0&#8211; Julen kommer att firas med min nyblivna fru och v\u00e5ra familjer. Lite \u201dg\u00f6tt\u201d h\u00e4ng med n\u00e4ra och k\u00e4ra. (M\u00e5ste bek\u00e4nna att lite tr\u00e4ning \u00e4r inplacerat i schemat ocks\u00e5 mellan julborden.)\u00a0<\/p>\n<p><strong>Vad \u00f6nskar du dig mest av allt i julklapp?<\/strong><br \/>\n\u00a0 \u00a0&#8211; Har faktiskt v\u00e4ldigt lite p\u00e5 den listan, jag \u00e4r i en fas d\u00e4r vi f\u00f6rs\u00f6ker att g\u00f6ra oss av med obetydliga och \u00f6verfl\u00f6diga prylar i hemmet. Saker som har gjort sitt hos oss kan f\u00e5 v\u00e4rma andras hem och hj\u00e4rta ist\u00e4llet. Skulle jag \u00f6nska mig n\u00e5got \u00e4r det nog att f\u00e5 en tid bokad hos min tatuerare Per p\u00e5 413gbg.se och g\u00f6ra klart mitt p\u00e5g\u00e5ende projekt p\u00e5 armen.\u00a0<\/p>\n<p><strong>Har du n\u00e5got ny\u00e5rsl\u00f6fte, i s\u00e5 fall vad och varf\u00f6r?<\/strong><br \/>\n\u00a0 \u00a0&#8211; Ny\u00e5rsl\u00f6ften har jag s\u00e4llan gett eller haft. Tror att vi beh\u00f6ver m\u00e5l att sikta emot, men ny\u00e5rsl\u00f6ftet har inte varit n\u00e5got drivande f\u00f6r mig. Om vi ist\u00e4llet lovar oss sj\u00e4lva p\u00e5 riktigt och att m\u00e5let \u00e4r tillr\u00e4ckligt viktigt s\u00e5 beh\u00f6vs nog inte en speciell dag, dagen du lovar blir den speciella ist\u00e4llet.\u00a0<\/p>\n<p><strong><\/p>\n<p>Om du blickar fram mot 2014, vad tror du om det \u00e5ret b\u00e5de personligt och idrottsligt<\/strong>?<br \/>\n\u00a0 \u00a0&#8211; 2014 kommer bli ytterligare ett fantastiskt \u00e5r. Jag har b\u00f6rjat h\u00e5lla capoeiraklasser i CRUDO&#8217;s lokaler i samarbete med GBG MMA. D\u00e4r jag \u00e4ven f\u00e5tt jobba med deras fighters f\u00f6r utmana dem att g\u00e5 utanf\u00f6r sina bekv\u00e4mlighetszoner, r\u00f6rlighet och sparkteknik bland annat. Det \u00e4r n\u00e5got som jag verkligen ser som en fantastisk utmaning och gl\u00e4ds \u00e5t f\u00f6rtroendet som headcoach Joakim Enberg gett mig. Kommer att bli mycket sp\u00e4nnande att se vad vi kan \u00e5stadkomma d\u00e4r och f\u00e5 se den nya gruppen med hungriga capoeiristas formas.\u00a0<br \/>\n\u00a0 \u00a0&#8211; Jag kommer att forts\u00e4tta att jobba med min Capoeira och utveckla mina kunskaper, resa runt och delta i internationella evenemang. Ladda med ny kunskap att ta med hem och dela med mig av.<br \/>\n\u00a0 \u00a0&#8211; Personligen s\u00e5 ser jag fram emot att forts\u00e4tta att forma den familj som vi skapar tillsammans jag och min nyblivna fru. Att forts\u00e4tta jobba med coaching i mitt och Linneas f\u00f6retag. Jobba mer med f\u00f6rel\u00e4sningar och seminarium p\u00e5 ny mark med nya m\u00e4nniskor.<\/p>\n<p><em>Budokampsport.se \u00f6nskar Martin Blad all lycka fram \u00f6ver och en riktigt god jul och ett gott nytt \u00e5r.Imorgon forts\u00e4tter nedr\u00e4kningen inf\u00f6r jul, d\u00e5 med kickboxningslandslagets Camila Rivarola.<\/em><\/p>\n<p>Text: Jonathan Broberg<\/p>\n","protected":false},"excerpt":{"rendered":"<p><strong>Budokampsport.ses popul\u00e4ra julnedr\u00e4kning \u00e4r tillbaka. Som vanligt efter lucia startar vi en nedr\u00e4kning fram till jul med olika kampsportsprofiler och hur dessa ska fira jul, hur de sett p\u00e5 2013 och hur deras n\u00e4stkommande \u00e5r ser ut att bli.\u00a0V\u00e5r f\u00f6rsta profil \u00e4r capoeirastj\u00e4rnan Martin Blad. <\/strong><\/p><br>","protected":false},"author":7,"featured_media":0,"comment_status":"closed","ping_status":"closed","sticky":false,"template":"","format":"standard","meta":{"_acf_changed":false,"footnotes":""},"categories":[1],"tags":[],"class_list":["post-4805","post","type-post","status-publish","format-standard","hentry","category-okategoriserade"],"acf":[],"yoast_head":"<!-- This site is optimized with the Yoast SEO plugin v26.8 - https:\/\/yoast.com\/product\/yoast-seo-wordpress\/ -->\n<title>S\u00e5 firar profilerna jul - Martin Blad, capoeira - Svenska Budo &amp; Kampsportsf\u00f6rbundet<\/title>\n<meta name=\"description\" content=\"Budokampsport.ses popul\u00e4ra julnedr\u00e4kning \u00e4r tillbaka. Som vanligt efter lucia startar vi en nedr\u00e4kning fram till jul med olika kampsportsprofiler och hur dessa ska fira jul, hur de sett p\u00e5 2013 och hur deras n\u00e4stkommande \u00e5r ser ut att bli.\u00a0V\u00e5r f\u00f6rsta profil \u00e4r capoeirastj\u00e4rnan Martin Blad.\" \/>\n<meta name=\"robots\" content=\"index, follow, max-snippet:-1, max-image-preview:large, max-video-preview:-1\" \/>\n<link rel=\"canonical\" href=\"https:\/\/www.budokampsport.se\/2013\/12\/16\/sa-firar-profilerna-jul-martin-blad-capoeira\/\" \/>\n<meta property=\"og:locale\" content=\"sv_SE\" \/>\n<meta property=\"og:type\" content=\"article\" \/>\n<meta property=\"og:title\" content=\"S\u00e5 firar profilerna jul - Martin Blad, capoeira - Svenska Budo &amp; Kampsportsf\u00f6rbundet\" \/>\n<meta property=\"og:description\" content=\"Budokampsport.ses popul\u00e4ra julnedr\u00e4kning \u00e4r tillbaka. Som vanligt efter lucia startar vi en nedr\u00e4kning fram till jul med olika kampsportsprofiler och hur dessa ska fira jul, hur de sett p\u00e5 2013 och hur deras n\u00e4stkommande \u00e5r ser ut att bli.\u00a0V\u00e5r f\u00f6rsta profil \u00e4r capoeirastj\u00e4rnan Martin Blad.\" \/>\n<meta property=\"og:url\" content=\"https:\/\/www.budokampsport.se\/2013\/12\/16\/sa-firar-profilerna-jul-martin-blad-capoeira\/\" \/>\n<meta property=\"og:site_name\" content=\"Svenska Budo &amp; Kampsportsf\u00f6rbundet\" \/>\n<meta property=\"article:author\" content=\"https:\/\/www.facebook.com\/jonathan.broberg.7\" \/>\n<meta property=\"article:published_time\" content=\"2013-12-16T13:57:29+00:00\" \/>\n<meta property=\"article:modified_time\" content=\"2023-11-10T08:01:10+00:00\" \/>\n<meta name=\"author\" content=\"Jonathan Broberg\" \/>\n<meta name=\"twitter:card\" content=\"summary_large_image\" \/>\n<meta name=\"twitter:label1\" content=\"Skriven av\" \/>\n\t<meta name=\"twitter:data1\" content=\"Jonathan Broberg\" \/>\n\t<meta name=\"twitter:label2\" content=\"Ber\u00e4knad l\u00e4stid\" \/>\n\t<meta name=\"twitter:data2\" content=\"4 minuter\" \/>\n<script type=\"application\/ld+json\" class=\"yoast-schema-graph\">{\"@context\":\"https:\/\/schema.org\",\"@graph\":[{\"@type\":\"Article\",\"@id\":\"https:\/\/www.budokampsport.se\/2013\/12\/16\/sa-firar-profilerna-jul-martin-blad-capoeira\/#article\",\"isPartOf\":{\"@id\":\"https:\/\/www.budokampsport.se\/2013\/12\/16\/sa-firar-profilerna-jul-martin-blad-capoeira\/\"},\"author\":{\"name\":\"Jonathan Broberg\",\"@id\":\"https:\/\/www.budokampsport.se\/#\/schema\/person\/5c06d81d14850e2a8ce5493386560145\"},\"headline\":\"S\u00e5 firar profilerna jul &#8211; Martin Blad, capoeira\",\"datePublished\":\"2013-12-16T13:57:29+00:00\",\"dateModified\":\"2023-11-10T08:01:10+00:00\",\"mainEntityOfPage\":{\"@id\":\"https:\/\/www.budokampsport.se\/2013\/12\/16\/sa-firar-profilerna-jul-martin-blad-capoeira\/\"},\"wordCount\":762,\"inLanguage\":\"sv-SE\"},{\"@type\":\"WebPage\",\"@id\":\"https:\/\/www.budokampsport.se\/2013\/12\/16\/sa-firar-profilerna-jul-martin-blad-capoeira\/\",\"url\":\"https:\/\/www.budokampsport.se\/2013\/12\/16\/sa-firar-profilerna-jul-martin-blad-capoeira\/\",\"name\":\"S\u00e5 firar profilerna jul - Martin Blad, capoeira - Svenska Budo &amp; Kampsportsf\u00f6rbundet\",\"isPartOf\":{\"@id\":\"https:\/\/www.budokampsport.se\/#website\"},\"datePublished\":\"2013-12-16T13:57:29+00:00\",\"dateModified\":\"2023-11-10T08:01:10+00:00\",\"author\":{\"@id\":\"https:\/\/www.budokampsport.se\/#\/schema\/person\/5c06d81d14850e2a8ce5493386560145\"},\"description\":\"Budokampsport.ses popul\u00e4ra julnedr\u00e4kning \u00e4r tillbaka. Som vanligt efter lucia startar vi en nedr\u00e4kning fram till jul med olika kampsportsprofiler och hur dessa ska fira jul, hur de sett p\u00e5 2013 och hur deras n\u00e4stkommande \u00e5r ser ut att bli.\u00a0V\u00e5r f\u00f6rsta profil \u00e4r capoeirastj\u00e4rnan Martin Blad.\",\"breadcrumb\":{\"@id\":\"https:\/\/www.budokampsport.se\/2013\/12\/16\/sa-firar-profilerna-jul-martin-blad-capoeira\/#breadcrumb\"},\"inLanguage\":\"sv-SE\",\"potentialAction\":[{\"@type\":\"ReadAction\",\"target\":[\"https:\/\/www.budokampsport.se\/2013\/12\/16\/sa-firar-profilerna-jul-martin-blad-capoeira\/\"]}]},{\"@type\":\"BreadcrumbList\",\"@id\":\"https:\/\/www.budokampsport.se\/2013\/12\/16\/sa-firar-profilerna-jul-martin-blad-capoeira\/#breadcrumb\",\"itemListElement\":[{\"@type\":\"ListItem\",\"position\":1,\"name\":\"Hem\",\"item\":\"https:\/\/www.budokampsport.se\/\"},{\"@type\":\"ListItem\",\"position\":2,\"name\":\"S\u00e5 firar profilerna jul &#8211; Martin Blad, capoeira\"}]},{\"@type\":\"WebSite\",\"@id\":\"https:\/\/www.budokampsport.se\/#website\",\"url\":\"https:\/\/www.budokampsport.se\/\",\"name\":\"Svenska Budo &amp; Kampsportsf\u00f6rbundet\",\"description\":\"T\u00e4vling, Tr\u00e4ning, Tradition\",\"potentialAction\":[{\"@type\":\"SearchAction\",\"target\":{\"@type\":\"EntryPoint\",\"urlTemplate\":\"https:\/\/www.budokampsport.se\/?s={search_term_string}\"},\"query-input\":{\"@type\":\"PropertyValueSpecification\",\"valueRequired\":true,\"valueName\":\"search_term_string\"}}],\"inLanguage\":\"sv-SE\"},{\"@type\":\"Person\",\"@id\":\"https:\/\/www.budokampsport.se\/#\/schema\/person\/5c06d81d14850e2a8ce5493386560145\",\"name\":\"Jonathan Broberg\",\"image\":{\"@type\":\"ImageObject\",\"inLanguage\":\"sv-SE\",\"@id\":\"https:\/\/www.budokampsport.se\/#\/schema\/person\/image\/\",\"url\":\"https:\/\/secure.gravatar.com\/avatar\/a58041c6cea9128bd9c40ee2f26d4136?s=96&d=blank&r=g\",\"contentUrl\":\"https:\/\/secure.gravatar.com\/avatar\/a58041c6cea9128bd9c40ee2f26d4136?s=96&d=blank&r=g\",\"caption\":\"Jonathan Broberg\"},\"sameAs\":[\"https:\/\/www.facebook.com\/jonathan.broberg.7\"],\"url\":\"https:\/\/www.budokampsport.se\/author\/jonathan\/\"}]}<\/script>\n<!-- \/ Yoast SEO plugin. -->","yoast_head_json":{"title":"S\u00e5 firar profilerna jul - Martin Blad, capoeira - Svenska Budo &amp; Kampsportsf\u00f6rbundet","description":"Budokampsport.ses popul\u00e4ra julnedr\u00e4kning \u00e4r tillbaka. Som vanligt efter lucia startar vi en nedr\u00e4kning fram till jul med olika kampsportsprofiler och hur dessa ska fira jul, hur de sett p\u00e5 2013 och hur deras n\u00e4stkommande \u00e5r ser ut att bli.\u00a0V\u00e5r f\u00f6rsta profil \u00e4r capoeirastj\u00e4rnan Martin Blad.","robots":{"index":"index","follow":"follow","max-snippet":"max-snippet:-1","max-image-preview":"max-image-preview:large","max-video-preview":"max-video-preview:-1"},"canonical":"https:\/\/www.budokampsport.se\/2013\/12\/16\/sa-firar-profilerna-jul-martin-blad-capoeira\/","og_locale":"sv_SE","og_type":"article","og_title":"S\u00e5 firar profilerna jul - Martin Blad, capoeira - Svenska Budo &amp; Kampsportsf\u00f6rbundet","og_description":"Budokampsport.ses popul\u00e4ra julnedr\u00e4kning \u00e4r tillbaka. Som vanligt efter lucia startar vi en nedr\u00e4kning fram till jul med olika kampsportsprofiler och hur dessa ska fira jul, hur de sett p\u00e5 2013 och hur deras n\u00e4stkommande \u00e5r ser ut att bli.\u00a0V\u00e5r f\u00f6rsta profil \u00e4r capoeirastj\u00e4rnan Martin Blad.","og_url":"https:\/\/www.budokampsport.se\/2013\/12\/16\/sa-firar-profilerna-jul-martin-blad-capoeira\/","og_site_name":"Svenska Budo &amp; Kampsportsf\u00f6rbundet","article_author":"https:\/\/www.facebook.com\/jonathan.broberg.7","article_published_time":"2013-12-16T13:57:29+00:00","article_modified_time":"2023-11-10T08:01:10+00:00","author":"Jonathan Broberg","twitter_card":"summary_large_image","twitter_misc":{"Skriven av":"Jonathan Broberg","Ber\u00e4knad l\u00e4stid":"4 minuter"},"schema":{"@context":"https:\/\/schema.org","@graph":[{"@type":"Article","@id":"https:\/\/www.budokampsport.se\/2013\/12\/16\/sa-firar-profilerna-jul-martin-blad-capoeira\/#article","isPartOf":{"@id":"https:\/\/www.budokampsport.se\/2013\/12\/16\/sa-firar-profilerna-jul-martin-blad-capoeira\/"},"author":{"name":"Jonathan Broberg","@id":"https:\/\/www.budokampsport.se\/#\/schema\/person\/5c06d81d14850e2a8ce5493386560145"},"headline":"S\u00e5 firar profilerna jul &#8211; Martin Blad, capoeira","datePublished":"2013-12-16T13:57:29+00:00","dateModified":"2023-11-10T08:01:10+00:00","mainEntityOfPage":{"@id":"https:\/\/www.budokampsport.se\/2013\/12\/16\/sa-firar-profilerna-jul-martin-blad-capoeira\/"},"wordCount":762,"inLanguage":"sv-SE"},{"@type":"WebPage","@id":"https:\/\/www.budokampsport.se\/2013\/12\/16\/sa-firar-profilerna-jul-martin-blad-capoeira\/","url":"https:\/\/www.budokampsport.se\/2013\/12\/16\/sa-firar-profilerna-jul-martin-blad-capoeira\/","name":"S\u00e5 firar profilerna jul - Martin Blad, capoeira - Svenska Budo &amp; Kampsportsf\u00f6rbundet","isPartOf":{"@id":"https:\/\/www.budokampsport.se\/#website"},"datePublished":"2013-12-16T13:57:29+00:00","dateModified":"2023-11-10T08:01:10+00:00","author":{"@id":"https:\/\/www.budokampsport.se\/#\/schema\/person\/5c06d81d14850e2a8ce5493386560145"},"description":"Budokampsport.ses popul\u00e4ra julnedr\u00e4kning \u00e4r tillbaka. Som vanligt efter lucia startar vi en nedr\u00e4kning fram till jul med olika kampsportsprofiler och hur dessa ska fira jul, hur de sett p\u00e5 2013 och hur deras n\u00e4stkommande \u00e5r ser ut att bli.\u00a0V\u00e5r f\u00f6rsta profil \u00e4r capoeirastj\u00e4rnan Martin Blad.","breadcrumb":{"@id":"https:\/\/www.budokampsport.se\/2013\/12\/16\/sa-firar-profilerna-jul-martin-blad-capoeira\/#breadcrumb"},"inLanguage":"sv-SE","potentialAction":[{"@type":"ReadAction","target":["https:\/\/www.budokampsport.se\/2013\/12\/16\/sa-firar-profilerna-jul-martin-blad-capoeira\/"]}]},{"@type":"BreadcrumbList","@id":"https:\/\/www.budokampsport.se\/2013\/12\/16\/sa-firar-profilerna-jul-martin-blad-capoeira\/#breadcrumb","itemListElement":[{"@type":"ListItem","position":1,"name":"Hem","item":"https:\/\/www.budokampsport.se\/"},{"@type":"ListItem","position":2,"name":"S\u00e5 firar profilerna jul &#8211; Martin Blad, capoeira"}]},{"@type":"WebSite","@id":"https:\/\/www.budokampsport.se\/#website","url":"https:\/\/www.budokampsport.se\/","name":"Svenska Budo &amp; Kampsportsf\u00f6rbundet","description":"T\u00e4vling, Tr\u00e4ning, Tradition","potentialAction":[{"@type":"SearchAction","target":{"@type":"EntryPoint","urlTemplate":"https:\/\/www.budokampsport.se\/?s={search_term_string}"},"query-input":{"@type":"PropertyValueSpecification","valueRequired":true,"valueName":"search_term_string"}}],"inLanguage":"sv-SE"},{"@type":"Person","@id":"https:\/\/www.budokampsport.se\/#\/schema\/person\/5c06d81d14850e2a8ce5493386560145","name":"Jonathan Broberg","image":{"@type":"ImageObject","inLanguage":"sv-SE","@id":"https:\/\/www.budokampsport.se\/#\/schema\/person\/image\/","url":"https:\/\/secure.gravatar.com\/avatar\/a58041c6cea9128bd9c40ee2f26d4136?s=96&d=blank&r=g","contentUrl":"https:\/\/secure.gravatar.com\/avatar\/a58041c6cea9128bd9c40ee2f26d4136?s=96&d=blank&r=g","caption":"Jonathan Broberg"},"sameAs":["https:\/\/www.facebook.com\/jonathan.broberg.7"],"url":"https:\/\/www.budokampsport.se\/author\/jonathan\/"}]}},"_links":{"self":[{"href":"https:\/\/www.budokampsport.se\/api\/wp\/v2\/posts\/4805","targetHints":{"allow":["GET"]}}],"collection":[{"href":"https:\/\/www.budokampsport.se\/api\/wp\/v2\/posts"}],"about":[{"href":"https:\/\/www.budokampsport.se\/api\/wp\/v2\/types\/post"}],"author":[{"embeddable":true,"href":"https:\/\/www.budokampsport.se\/api\/wp\/v2\/users\/7"}],"replies":[{"embeddable":true,"href":"https:\/\/www.budokampsport.se\/api\/wp\/v2\/comments?post=4805"}],"version-history":[{"count":0,"href":"https:\/\/www.budokampsport.se\/api\/wp\/v2\/posts\/4805\/revisions"}],"wp:attachment":[{"href":"https:\/\/www.budokampsport.se\/api\/wp\/v2\/media?parent=4805"}],"wp:term":[{"taxonomy":"category","embeddable":true,"href":"https:\/\/www.budokampsport.se\/api\/wp\/v2\/categories?post=4805"},{"taxonomy":"post_tag","embeddable":true,"href":"https:\/\/www.budokampsport.se\/api\/wp\/v2\/tags?post=4805"}],"curies":[{"name":"wp","href":"https:\/\/api.w.org\/{rel}","templated":true}]}}