{"id":4806,"date":"2013-12-17T11:08:00","date_gmt":"2013-12-17T10:08:00","guid":{"rendered":"http:\/\/budo.wordpress.dev\/2013\/12\/17\/sa-firar-profilerna-jul-camila-rivarola-kickboxning\/"},"modified":"2016-12-06T22:36:35","modified_gmt":"2016-12-06T21:36:35","slug":"sa-firar-profilerna-jul-camila-rivarola-kickboxning","status":"publish","type":"post","link":"https:\/\/www.budokampsport.se\/2013\/12\/17\/sa-firar-profilerna-jul-camila-rivarola-kickboxning\/","title":{"rendered":"S\u00e5 firar profilerna jul \u2013 Camila Rivarola, kickboxning"},"content":{"rendered":"<p><strong>Budokampsport.ses popul\u00e4ra julnedr\u00e4kning forts\u00e4tter. Nedr\u00e4kning fr\u00e5n lucia fram till jul \u00e4r med olika kampsportsprofiler och hur dessa ska fira jul, hur de sett p\u00e5 2013 och hur deras n\u00e4stkommande \u00e5r ser ut att bli.\u00a0V\u00e5r n\u00e4sta profil \u00e4r rookien Camila Rivarola fr\u00e5n kickboxningslandslaget.<\/strong><!--break--><\/p>\n<p>Camila Rivarola upplevde ett divergerande 2013. Det som inleddes i moll slutade i dur.Under \u00e5ret har Rivarola hunnit med att vinna SM-silver\u00a0i kickboxning, d\u00e4r hon drabbades av ett armbrott.<\/p>\n<p>Men Rivarola l\u00e4kte ihop snabbt och redan under h\u00f6sten var hon f\u00f6r f\u00f6rsta g\u00e5ngen med i kickboxningslandslaget, det landslag som lite senare skulle till ett haussat v\u00e4rldsm\u00e4sterskap.<\/p>\n<p>V\u00e4l d\u00e4r ville debutanten inte n\u00f6ja sig med att bara se och l\u00e4ra. Rivarola imponerade p\u00e5 m\u00e5nga med sin ettriga och tekniska stil. Det r\u00e4ckte till ett VM-brons.<\/p>\n<p><strong>Camila, om du ser tillbaka p\u00e5 2013, hur har det \u00e5ret varit f\u00f6r dig b\u00e5de personligt och idrottsligt?<\/strong><br \/>\u00a0\u00a0 &#8211; Det har varit ett h\u00e4ndelserikt \u00e5r p\u00e5 alla plan, men sammanfattningsvis kan jag inte vara mer n\u00f6jd. I b\u00f6rjan p\u00e5 \u00e5ret fick jag erfara en f\u00f6rlust p\u00e5 grund av d\u00e5ligt fokus och f\u00f6rberedelse. Det kommer inte att h\u00e4nda igen. Den l\u00e4rdomen tog jag dock med mig till SM och sedan till VM d\u00e4r jag gjorde v\u00e4ldigt bra matcher. Jag har \u00e4ven \u00e5terh\u00e4mtat mig fr\u00e5n en bruten arm som gick mitt itu under SM finalen. Och det med r\u00e5ge, jag blev n\u00e4mligen ett VM-brons rikare!<br \/>\u00a0\u00a0 &#8211; Ut\u00f6ver idrottsliga aktiviteter studerar jag och har nu p\u00e5b\u00f6rjat min B-uppsats, det har \u00e4ven dykt upp en del m\u00f6jligheter vid sidan om studierna som jag f\u00f6rs\u00f6ker ta tillvara p\u00e5.<\/p>\n<p><strong>Hur kommer du att fira julen?<\/strong><br \/>\u00a0\u00a0 &#8211; Det blir en riktig turn\u00e9! Man vill hinna med att tr\u00e4ffa hela familjen vilket n\u00e4stan f\u00f6ruts\u00e4tter att man klonar sig. P\u00e5 tv\u00e5 dagar ska jag f\u00f6rs\u00f6ka beta av tre hem. Jag r\u00e4knar f\u00f6rst\u00e5s med att bli \u00f6verg\u00f6dd av en brokig skara uruguayaner, greker och svenskar.<\/p>\n<p><img decoding=\"async\" alt=\"\" src=\"\/sites\/default\/files\/camila.gif\" style=\"width:435px\"><\/p>\n<p><strong>Vad \u00f6nskar du dig mest av allt i julklapp?<\/strong><br \/>\u00a0\u00a0 &#8211; Sol, m\u00e5ste ha bj\u00e4llra p\u00e5 mig i ringen, syns knappt\u2026<\/p>\n<p><strong>Har du n\u00e5got ny\u00e5rsl\u00f6fte, i s\u00e5 fall vad och varf\u00f6r?<\/strong><br \/>\u00a0\u00a0 &#8211; Jag ska klara massa chins. Ska chinsa ut alla! Varf\u00f6r? Jag gillar att t\u00e4vla, lite f\u00f6r mycket ibland, men s\u00e5 \u00e4r det. Nu har jag sagt det. It\u2019s on!<\/p>\n<p><strong>Om du blickar fram mot 2014, vad tror du om det \u00e5ret b\u00e5de personligt och idrottsligt?<\/strong><br \/>\u00a0\u00a0 &#8211; Jag hoppas p\u00e5 ett bra t\u00e4vlings\u00e5r, ser mest fram emot EM d\u00e5 jag saknar erfarenhet av st\u00f6rre m\u00e4sterskap. Ut\u00f6ver t\u00e4vlingar vill jag jobba mer p\u00e5 min fysik och kondition, eftersom jag \u00e4r en v\u00e4ldigt teknisk fighter. Visserligen explosiv och kvick i benen, men med lite extra tryck skulle det vara optimalt.<br \/>\u00a0\u00a0 &#8211; Jag tror p\u00e5 att ha balans i livet, skulle jag enbart satsa p\u00e5 fighting skulle jag l\u00e5sa mig och f\u00f6rmodligen tr\u00f6ttna. Om jag f\u00e5r satsa p\u00e5 olika saker, fighting, studier, jobb etc \u00e4r jag n\u00f6jd. Jag hoppas kunna beh\u00e5lla den balansen under 2014 och r\u00f6ra mig fram\u00e5t p\u00e5 samtliga plan. \u00c4n s\u00e5 l\u00e4nge g\u00e5r jag i r\u00e4tt riktning.<\/p>\n<p><em>Budokampsport.se \u00f6nskar Camila all lycka fram \u00f6ver och en riktigt god jul och ett gott nytt \u00e5r.Imorgon forts\u00e4tter nedr\u00e4kningen inf\u00f6r jul, d\u00e5 med kampsportsprofilen Lisa Pihl.<\/em><\/p>\n<p>Text och foto: Jonathan Broberg<\/p>\n","protected":false},"excerpt":{"rendered":"<p><strong>Budokampsport.ses popul\u00e4ra julnedr\u00e4kning forts\u00e4tter. Nedr\u00e4kning fr\u00e5n lucia fram till jul \u00e4r med olika kampsportsprofiler och hur dessa ska fira jul, hur de sett p\u00e5 2013 och hur deras n\u00e4stkommande \u00e5r ser ut att bli.\u00a0V\u00e5r n\u00e4sta profil \u00e4r rookien Camila Rivarola fr\u00e5n kickboxningslandslaget.<\/strong><\/p><br>","protected":false},"author":7,"featured_media":0,"comment_status":"closed","ping_status":"closed","sticky":false,"template":"","format":"standard","meta":{"_acf_changed":false,"footnotes":""},"categories":[1],"tags":[],"class_list":["post-4806","post","type-post","status-publish","format-standard","hentry","category-okategoriserade"],"acf":[],"yoast_head":"<!-- This site is optimized with the Yoast SEO plugin v26.8 - https:\/\/yoast.com\/product\/yoast-seo-wordpress\/ -->\n<title>S\u00e5 firar profilerna jul \u2013 Camila Rivarola, kickboxning - Svenska Budo &amp; Kampsportsf\u00f6rbundet<\/title>\n<meta name=\"description\" content=\"Budokampsport.ses popul\u00e4ra julnedr\u00e4kning forts\u00e4tter. Nedr\u00e4kning fr\u00e5n lucia fram till jul \u00e4r med olika kampsportsprofiler och hur dessa ska fira jul, hur de sett p\u00e5 2013 och hur deras n\u00e4stkommande \u00e5r ser ut att bli.\u00a0V\u00e5r n\u00e4sta profil \u00e4r rookien Camila Rivarola fr\u00e5n kickboxningslandslaget.\" \/>\n<meta name=\"robots\" content=\"index, follow, max-snippet:-1, max-image-preview:large, max-video-preview:-1\" \/>\n<link rel=\"canonical\" href=\"https:\/\/www.budokampsport.se\/2013\/12\/17\/sa-firar-profilerna-jul-camila-rivarola-kickboxning\/\" \/>\n<meta property=\"og:locale\" content=\"sv_SE\" \/>\n<meta property=\"og:type\" content=\"article\" \/>\n<meta property=\"og:title\" content=\"S\u00e5 firar profilerna jul \u2013 Camila Rivarola, kickboxning - Svenska Budo &amp; Kampsportsf\u00f6rbundet\" \/>\n<meta property=\"og:description\" content=\"Budokampsport.ses popul\u00e4ra julnedr\u00e4kning forts\u00e4tter. Nedr\u00e4kning fr\u00e5n lucia fram till jul \u00e4r med olika kampsportsprofiler och hur dessa ska fira jul, hur de sett p\u00e5 2013 och hur deras n\u00e4stkommande \u00e5r ser ut att bli.\u00a0V\u00e5r n\u00e4sta profil \u00e4r rookien Camila Rivarola fr\u00e5n kickboxningslandslaget.\" \/>\n<meta property=\"og:url\" content=\"https:\/\/www.budokampsport.se\/2013\/12\/17\/sa-firar-profilerna-jul-camila-rivarola-kickboxning\/\" \/>\n<meta property=\"og:site_name\" content=\"Svenska Budo &amp; Kampsportsf\u00f6rbundet\" \/>\n<meta property=\"article:author\" content=\"https:\/\/www.facebook.com\/jonathan.broberg.7\" \/>\n<meta property=\"article:published_time\" content=\"2013-12-17T10:08:00+00:00\" \/>\n<meta property=\"article:modified_time\" content=\"2016-12-06T21:36:35+00:00\" \/>\n<meta name=\"author\" content=\"Jonathan Broberg\" \/>\n<meta name=\"twitter:card\" content=\"summary_large_image\" \/>\n<meta name=\"twitter:label1\" content=\"Skriven av\" \/>\n\t<meta name=\"twitter:data1\" content=\"Jonathan Broberg\" \/>\n\t<meta name=\"twitter:label2\" content=\"Ber\u00e4knad l\u00e4stid\" \/>\n\t<meta name=\"twitter:data2\" content=\"3 minuter\" \/>\n<script type=\"application\/ld+json\" class=\"yoast-schema-graph\">{\"@context\":\"https:\/\/schema.org\",\"@graph\":[{\"@type\":\"Article\",\"@id\":\"https:\/\/www.budokampsport.se\/2013\/12\/17\/sa-firar-profilerna-jul-camila-rivarola-kickboxning\/#article\",\"isPartOf\":{\"@id\":\"https:\/\/www.budokampsport.se\/2013\/12\/17\/sa-firar-profilerna-jul-camila-rivarola-kickboxning\/\"},\"author\":{\"name\":\"Jonathan Broberg\",\"@id\":\"https:\/\/www.budokampsport.se\/#\/schema\/person\/5c06d81d14850e2a8ce5493386560145\"},\"headline\":\"S\u00e5 firar profilerna jul \u2013 Camila Rivarola, kickboxning\",\"datePublished\":\"2013-12-17T10:08:00+00:00\",\"dateModified\":\"2016-12-06T21:36:35+00:00\",\"mainEntityOfPage\":{\"@id\":\"https:\/\/www.budokampsport.se\/2013\/12\/17\/sa-firar-profilerna-jul-camila-rivarola-kickboxning\/\"},\"wordCount\":624,\"inLanguage\":\"sv-SE\"},{\"@type\":\"WebPage\",\"@id\":\"https:\/\/www.budokampsport.se\/2013\/12\/17\/sa-firar-profilerna-jul-camila-rivarola-kickboxning\/\",\"url\":\"https:\/\/www.budokampsport.se\/2013\/12\/17\/sa-firar-profilerna-jul-camila-rivarola-kickboxning\/\",\"name\":\"S\u00e5 firar profilerna jul \u2013 Camila Rivarola, kickboxning - Svenska Budo &amp; Kampsportsf\u00f6rbundet\",\"isPartOf\":{\"@id\":\"https:\/\/www.budokampsport.se\/#website\"},\"datePublished\":\"2013-12-17T10:08:00+00:00\",\"dateModified\":\"2016-12-06T21:36:35+00:00\",\"author\":{\"@id\":\"https:\/\/www.budokampsport.se\/#\/schema\/person\/5c06d81d14850e2a8ce5493386560145\"},\"description\":\"Budokampsport.ses popul\u00e4ra julnedr\u00e4kning forts\u00e4tter. Nedr\u00e4kning fr\u00e5n lucia fram till jul \u00e4r med olika kampsportsprofiler och hur dessa ska fira jul, hur de sett p\u00e5 2013 och hur deras n\u00e4stkommande \u00e5r ser ut att bli.\u00a0V\u00e5r n\u00e4sta profil \u00e4r rookien Camila Rivarola fr\u00e5n kickboxningslandslaget.\",\"breadcrumb\":{\"@id\":\"https:\/\/www.budokampsport.se\/2013\/12\/17\/sa-firar-profilerna-jul-camila-rivarola-kickboxning\/#breadcrumb\"},\"inLanguage\":\"sv-SE\",\"potentialAction\":[{\"@type\":\"ReadAction\",\"target\":[\"https:\/\/www.budokampsport.se\/2013\/12\/17\/sa-firar-profilerna-jul-camila-rivarola-kickboxning\/\"]}]},{\"@type\":\"BreadcrumbList\",\"@id\":\"https:\/\/www.budokampsport.se\/2013\/12\/17\/sa-firar-profilerna-jul-camila-rivarola-kickboxning\/#breadcrumb\",\"itemListElement\":[{\"@type\":\"ListItem\",\"position\":1,\"name\":\"Hem\",\"item\":\"https:\/\/www.budokampsport.se\/\"},{\"@type\":\"ListItem\",\"position\":2,\"name\":\"S\u00e5 firar profilerna jul \u2013 Camila Rivarola, kickboxning\"}]},{\"@type\":\"WebSite\",\"@id\":\"https:\/\/www.budokampsport.se\/#website\",\"url\":\"https:\/\/www.budokampsport.se\/\",\"name\":\"Svenska Budo &amp; Kampsportsf\u00f6rbundet\",\"description\":\"T\u00e4vling, Tr\u00e4ning, Tradition\",\"potentialAction\":[{\"@type\":\"SearchAction\",\"target\":{\"@type\":\"EntryPoint\",\"urlTemplate\":\"https:\/\/www.budokampsport.se\/?s={search_term_string}\"},\"query-input\":{\"@type\":\"PropertyValueSpecification\",\"valueRequired\":true,\"valueName\":\"search_term_string\"}}],\"inLanguage\":\"sv-SE\"},{\"@type\":\"Person\",\"@id\":\"https:\/\/www.budokampsport.se\/#\/schema\/person\/5c06d81d14850e2a8ce5493386560145\",\"name\":\"Jonathan Broberg\",\"image\":{\"@type\":\"ImageObject\",\"inLanguage\":\"sv-SE\",\"@id\":\"https:\/\/www.budokampsport.se\/#\/schema\/person\/image\/\",\"url\":\"https:\/\/secure.gravatar.com\/avatar\/a58041c6cea9128bd9c40ee2f26d4136?s=96&d=blank&r=g\",\"contentUrl\":\"https:\/\/secure.gravatar.com\/avatar\/a58041c6cea9128bd9c40ee2f26d4136?s=96&d=blank&r=g\",\"caption\":\"Jonathan Broberg\"},\"sameAs\":[\"https:\/\/www.facebook.com\/jonathan.broberg.7\"],\"url\":\"https:\/\/www.budokampsport.se\/author\/jonathan\/\"}]}<\/script>\n<!-- \/ Yoast SEO plugin. -->","yoast_head_json":{"title":"S\u00e5 firar profilerna jul \u2013 Camila Rivarola, kickboxning - Svenska Budo &amp; Kampsportsf\u00f6rbundet","description":"Budokampsport.ses popul\u00e4ra julnedr\u00e4kning forts\u00e4tter. Nedr\u00e4kning fr\u00e5n lucia fram till jul \u00e4r med olika kampsportsprofiler och hur dessa ska fira jul, hur de sett p\u00e5 2013 och hur deras n\u00e4stkommande \u00e5r ser ut att bli.\u00a0V\u00e5r n\u00e4sta profil \u00e4r rookien Camila Rivarola fr\u00e5n kickboxningslandslaget.","robots":{"index":"index","follow":"follow","max-snippet":"max-snippet:-1","max-image-preview":"max-image-preview:large","max-video-preview":"max-video-preview:-1"},"canonical":"https:\/\/www.budokampsport.se\/2013\/12\/17\/sa-firar-profilerna-jul-camila-rivarola-kickboxning\/","og_locale":"sv_SE","og_type":"article","og_title":"S\u00e5 firar profilerna jul \u2013 Camila Rivarola, kickboxning - Svenska Budo &amp; Kampsportsf\u00f6rbundet","og_description":"Budokampsport.ses popul\u00e4ra julnedr\u00e4kning forts\u00e4tter. Nedr\u00e4kning fr\u00e5n lucia fram till jul \u00e4r med olika kampsportsprofiler och hur dessa ska fira jul, hur de sett p\u00e5 2013 och hur deras n\u00e4stkommande \u00e5r ser ut att bli.\u00a0V\u00e5r n\u00e4sta profil \u00e4r rookien Camila Rivarola fr\u00e5n kickboxningslandslaget.","og_url":"https:\/\/www.budokampsport.se\/2013\/12\/17\/sa-firar-profilerna-jul-camila-rivarola-kickboxning\/","og_site_name":"Svenska Budo &amp; Kampsportsf\u00f6rbundet","article_author":"https:\/\/www.facebook.com\/jonathan.broberg.7","article_published_time":"2013-12-17T10:08:00+00:00","article_modified_time":"2016-12-06T21:36:35+00:00","author":"Jonathan Broberg","twitter_card":"summary_large_image","twitter_misc":{"Skriven av":"Jonathan Broberg","Ber\u00e4knad l\u00e4stid":"3 minuter"},"schema":{"@context":"https:\/\/schema.org","@graph":[{"@type":"Article","@id":"https:\/\/www.budokampsport.se\/2013\/12\/17\/sa-firar-profilerna-jul-camila-rivarola-kickboxning\/#article","isPartOf":{"@id":"https:\/\/www.budokampsport.se\/2013\/12\/17\/sa-firar-profilerna-jul-camila-rivarola-kickboxning\/"},"author":{"name":"Jonathan Broberg","@id":"https:\/\/www.budokampsport.se\/#\/schema\/person\/5c06d81d14850e2a8ce5493386560145"},"headline":"S\u00e5 firar profilerna jul \u2013 Camila Rivarola, kickboxning","datePublished":"2013-12-17T10:08:00+00:00","dateModified":"2016-12-06T21:36:35+00:00","mainEntityOfPage":{"@id":"https:\/\/www.budokampsport.se\/2013\/12\/17\/sa-firar-profilerna-jul-camila-rivarola-kickboxning\/"},"wordCount":624,"inLanguage":"sv-SE"},{"@type":"WebPage","@id":"https:\/\/www.budokampsport.se\/2013\/12\/17\/sa-firar-profilerna-jul-camila-rivarola-kickboxning\/","url":"https:\/\/www.budokampsport.se\/2013\/12\/17\/sa-firar-profilerna-jul-camila-rivarola-kickboxning\/","name":"S\u00e5 firar profilerna jul \u2013 Camila Rivarola, kickboxning - Svenska Budo &amp; Kampsportsf\u00f6rbundet","isPartOf":{"@id":"https:\/\/www.budokampsport.se\/#website"},"datePublished":"2013-12-17T10:08:00+00:00","dateModified":"2016-12-06T21:36:35+00:00","author":{"@id":"https:\/\/www.budokampsport.se\/#\/schema\/person\/5c06d81d14850e2a8ce5493386560145"},"description":"Budokampsport.ses popul\u00e4ra julnedr\u00e4kning forts\u00e4tter. Nedr\u00e4kning fr\u00e5n lucia fram till jul \u00e4r med olika kampsportsprofiler och hur dessa ska fira jul, hur de sett p\u00e5 2013 och hur deras n\u00e4stkommande \u00e5r ser ut att bli.\u00a0V\u00e5r n\u00e4sta profil \u00e4r rookien Camila Rivarola fr\u00e5n kickboxningslandslaget.","breadcrumb":{"@id":"https:\/\/www.budokampsport.se\/2013\/12\/17\/sa-firar-profilerna-jul-camila-rivarola-kickboxning\/#breadcrumb"},"inLanguage":"sv-SE","potentialAction":[{"@type":"ReadAction","target":["https:\/\/www.budokampsport.se\/2013\/12\/17\/sa-firar-profilerna-jul-camila-rivarola-kickboxning\/"]}]},{"@type":"BreadcrumbList","@id":"https:\/\/www.budokampsport.se\/2013\/12\/17\/sa-firar-profilerna-jul-camila-rivarola-kickboxning\/#breadcrumb","itemListElement":[{"@type":"ListItem","position":1,"name":"Hem","item":"https:\/\/www.budokampsport.se\/"},{"@type":"ListItem","position":2,"name":"S\u00e5 firar profilerna jul \u2013 Camila Rivarola, kickboxning"}]},{"@type":"WebSite","@id":"https:\/\/www.budokampsport.se\/#website","url":"https:\/\/www.budokampsport.se\/","name":"Svenska Budo &amp; Kampsportsf\u00f6rbundet","description":"T\u00e4vling, Tr\u00e4ning, Tradition","potentialAction":[{"@type":"SearchAction","target":{"@type":"EntryPoint","urlTemplate":"https:\/\/www.budokampsport.se\/?s={search_term_string}"},"query-input":{"@type":"PropertyValueSpecification","valueRequired":true,"valueName":"search_term_string"}}],"inLanguage":"sv-SE"},{"@type":"Person","@id":"https:\/\/www.budokampsport.se\/#\/schema\/person\/5c06d81d14850e2a8ce5493386560145","name":"Jonathan Broberg","image":{"@type":"ImageObject","inLanguage":"sv-SE","@id":"https:\/\/www.budokampsport.se\/#\/schema\/person\/image\/","url":"https:\/\/secure.gravatar.com\/avatar\/a58041c6cea9128bd9c40ee2f26d4136?s=96&d=blank&r=g","contentUrl":"https:\/\/secure.gravatar.com\/avatar\/a58041c6cea9128bd9c40ee2f26d4136?s=96&d=blank&r=g","caption":"Jonathan Broberg"},"sameAs":["https:\/\/www.facebook.com\/jonathan.broberg.7"],"url":"https:\/\/www.budokampsport.se\/author\/jonathan\/"}]}},"_links":{"self":[{"href":"https:\/\/www.budokampsport.se\/api\/wp\/v2\/posts\/4806","targetHints":{"allow":["GET"]}}],"collection":[{"href":"https:\/\/www.budokampsport.se\/api\/wp\/v2\/posts"}],"about":[{"href":"https:\/\/www.budokampsport.se\/api\/wp\/v2\/types\/post"}],"author":[{"embeddable":true,"href":"https:\/\/www.budokampsport.se\/api\/wp\/v2\/users\/7"}],"replies":[{"embeddable":true,"href":"https:\/\/www.budokampsport.se\/api\/wp\/v2\/comments?post=4806"}],"version-history":[{"count":0,"href":"https:\/\/www.budokampsport.se\/api\/wp\/v2\/posts\/4806\/revisions"}],"wp:attachment":[{"href":"https:\/\/www.budokampsport.se\/api\/wp\/v2\/media?parent=4806"}],"wp:term":[{"taxonomy":"category","embeddable":true,"href":"https:\/\/www.budokampsport.se\/api\/wp\/v2\/categories?post=4806"},{"taxonomy":"post_tag","embeddable":true,"href":"https:\/\/www.budokampsport.se\/api\/wp\/v2\/tags?post=4806"}],"curies":[{"name":"wp","href":"https:\/\/api.w.org\/{rel}","templated":true}]}}