{"id":4807,"date":"2013-12-18T11:05:04","date_gmt":"2013-12-18T10:05:04","guid":{"rendered":"http:\/\/budo.wordpress.dev\/2013\/12\/18\/mats-nilsson-naste-svensk-med-ufc-kontrakt\/"},"modified":"2016-12-06T22:36:35","modified_gmt":"2016-12-06T21:36:35","slug":"mats-nilsson-naste-svensk-med-ufc-kontrakt","status":"publish","type":"post","link":"https:\/\/www.budokampsport.se\/2013\/12\/18\/mats-nilsson-naste-svensk-med-ufc-kontrakt\/","title":{"rendered":"Mats Nilsson n\u00e4ste svensk med UFC-kontrakt"},"content":{"rendered":"<p><strong><span style=\"line-height:1.6em\"><img decoding=\"async\" alt=\"\" src=\"\/sites\/default\/files\/gala_mats.jpg\" style=\"float:right; height:222px; width:150px\">Sverige har blivit en riktig MMA-plantskola till UFC och nu st\u00e5r det klart att \u00e4ven Mats Nilsson fr\u00e5n Helsingborg f\u00e5r chansen i v\u00e4rldens st\u00f6rsta kampsportsorganisation.<\/span><\/strong><br \/><span style=\"line-height:1.6em\"><strong>\u00a0 \u00a0&#8211; Det har varit en dr\u00f6m l\u00e4nge, s\u00e4ger han till budokampsport.se.<\/strong><\/span><!--break--><\/p>\n<p><span style=\"line-height:1.6em\">\u00c4nnu en svensk MMA-idrottare ges chansen i UFC. Mats Nilsson fr\u00e5n Helsingborg har f\u00e5tt kontrakt med organisationen och har dessutom blivit bokad p\u00e5 Londongalan den 8:e mars.<\/span><\/p>\n<p><span style=\"line-height:1.6em\">Mats Nilsson, som har flera utm\u00e4rkelser p\u00e5 Kampsportsgalan, \u00e4r naturligtvis glad \u00f6ver UFC-m\u00f6jligheten.<\/span><br \/><span style=\"line-height:1.6em\">\u00a0 &#8211; Vad ska man s\u00e4ga? Det \u00e4r sj\u00e4lvklart fantastiskt roligt. Det har varit en dr\u00f6m l\u00e4nge och ett m\u00e5l de sista \u00e5ren. Nu g\u00e4ller det att t\u00e4nka om! Inse att det h\u00e4r \u00e4r b\u00f6rjan och inte slutet.<\/span><\/p>\n<p><span style=\"line-height:1.6em\">Text: Jonathan Broberg<br \/>Foto: Hamid Ershad<\/span><\/p>\n","protected":false},"excerpt":{"rendered":"<p><strong><span style=\"line-height:1.6em\"><img decoding=\"async\" alt=\"\" src=\"\/sites\/default\/files\/gala_mats.jpg\" style=\"float:right; height:222px; width:150px\">Sverige har blivit en riktig MMA-plantskola till UFC och nu st\u00e5r det klart att \u00e4ven Mats Nilsson fr\u00e5n Helsingborg f\u00e5r chansen i v\u00e4rldens st\u00f6rsta kampsportsorganisation.<\/span><\/strong><br \/><span style=\"line-height:1.6em\"><strong>\u00a0 \u00a0&#8211; Det har varit en dr\u00f6m l\u00e4nge, s\u00e4ger han till budokampsport.se.<\/strong><\/span><\/p><br>","protected":false},"author":7,"featured_media":0,"comment_status":"closed","ping_status":"closed","sticky":false,"template":"","format":"standard","meta":{"_acf_changed":false,"footnotes":""},"categories":[1],"tags":[],"class_list":["post-4807","post","type-post","status-publish","format-standard","hentry","category-okategoriserade"],"acf":[],"yoast_head":"<!-- This site is optimized with the Yoast SEO plugin v26.8 - https:\/\/yoast.com\/product\/yoast-seo-wordpress\/ -->\n<title>Mats Nilsson n\u00e4ste svensk med UFC-kontrakt - Svenska Budo &amp; Kampsportsf\u00f6rbundet<\/title>\n<meta name=\"description\" content=\"Sverige har blivit en riktig MMA-plantskola till UFC och nu st\u00e5r det klart att \u00e4ven Mats Nilsson fr\u00e5n Helsingborg f\u00e5r chansen i v\u00e4rldens st\u00f6rsta kampsportsorganisation.\u00a0 \u00a0- Det har varit en dr\u00f6m l\u00e4nge, s\u00e4ger han till budokampsport.se.\" \/>\n<meta name=\"robots\" content=\"index, follow, max-snippet:-1, max-image-preview:large, max-video-preview:-1\" \/>\n<link rel=\"canonical\" href=\"https:\/\/www.budokampsport.se\/2013\/12\/18\/mats-nilsson-naste-svensk-med-ufc-kontrakt\/\" \/>\n<meta property=\"og:locale\" content=\"sv_SE\" \/>\n<meta property=\"og:type\" content=\"article\" \/>\n<meta property=\"og:title\" content=\"Mats Nilsson n\u00e4ste svensk med UFC-kontrakt - Svenska Budo &amp; Kampsportsf\u00f6rbundet\" \/>\n<meta property=\"og:description\" content=\"Sverige har blivit en riktig MMA-plantskola till UFC och nu st\u00e5r det klart att \u00e4ven Mats Nilsson fr\u00e5n Helsingborg f\u00e5r chansen i v\u00e4rldens st\u00f6rsta kampsportsorganisation.\u00a0 \u00a0- Det har varit en dr\u00f6m l\u00e4nge, s\u00e4ger han till budokampsport.se.\" \/>\n<meta property=\"og:url\" content=\"https:\/\/www.budokampsport.se\/2013\/12\/18\/mats-nilsson-naste-svensk-med-ufc-kontrakt\/\" \/>\n<meta property=\"og:site_name\" content=\"Svenska Budo &amp; Kampsportsf\u00f6rbundet\" \/>\n<meta property=\"article:author\" content=\"https:\/\/www.facebook.com\/jonathan.broberg.7\" \/>\n<meta property=\"article:published_time\" content=\"2013-12-18T10:05:04+00:00\" \/>\n<meta property=\"article:modified_time\" content=\"2016-12-06T21:36:35+00:00\" \/>\n<meta name=\"author\" content=\"Jonathan Broberg\" \/>\n<meta name=\"twitter:card\" content=\"summary_large_image\" \/>\n<meta name=\"twitter:label1\" content=\"Skriven av\" \/>\n\t<meta name=\"twitter:data1\" content=\"Jonathan Broberg\" \/>\n\t<meta name=\"twitter:label2\" content=\"Ber\u00e4knad l\u00e4stid\" \/>\n\t<meta name=\"twitter:data2\" content=\"1 minut\" \/>\n<script type=\"application\/ld+json\" class=\"yoast-schema-graph\">{\"@context\":\"https:\/\/schema.org\",\"@graph\":[{\"@type\":\"Article\",\"@id\":\"https:\/\/www.budokampsport.se\/2013\/12\/18\/mats-nilsson-naste-svensk-med-ufc-kontrakt\/#article\",\"isPartOf\":{\"@id\":\"https:\/\/www.budokampsport.se\/2013\/12\/18\/mats-nilsson-naste-svensk-med-ufc-kontrakt\/\"},\"author\":{\"name\":\"Jonathan Broberg\",\"@id\":\"https:\/\/www.budokampsport.se\/#\/schema\/person\/5c06d81d14850e2a8ce5493386560145\"},\"headline\":\"Mats Nilsson n\u00e4ste svensk med UFC-kontrakt\",\"datePublished\":\"2013-12-18T10:05:04+00:00\",\"dateModified\":\"2016-12-06T21:36:35+00:00\",\"mainEntityOfPage\":{\"@id\":\"https:\/\/www.budokampsport.se\/2013\/12\/18\/mats-nilsson-naste-svensk-med-ufc-kontrakt\/\"},\"wordCount\":147,\"inLanguage\":\"sv-SE\"},{\"@type\":\"WebPage\",\"@id\":\"https:\/\/www.budokampsport.se\/2013\/12\/18\/mats-nilsson-naste-svensk-med-ufc-kontrakt\/\",\"url\":\"https:\/\/www.budokampsport.se\/2013\/12\/18\/mats-nilsson-naste-svensk-med-ufc-kontrakt\/\",\"name\":\"Mats Nilsson n\u00e4ste svensk med UFC-kontrakt - Svenska Budo &amp; Kampsportsf\u00f6rbundet\",\"isPartOf\":{\"@id\":\"https:\/\/www.budokampsport.se\/#website\"},\"datePublished\":\"2013-12-18T10:05:04+00:00\",\"dateModified\":\"2016-12-06T21:36:35+00:00\",\"author\":{\"@id\":\"https:\/\/www.budokampsport.se\/#\/schema\/person\/5c06d81d14850e2a8ce5493386560145\"},\"description\":\"Sverige har blivit en riktig MMA-plantskola till UFC och nu st\u00e5r det klart att \u00e4ven Mats Nilsson fr\u00e5n Helsingborg f\u00e5r chansen i v\u00e4rldens st\u00f6rsta kampsportsorganisation.\u00a0 \u00a0- Det har varit en dr\u00f6m l\u00e4nge, s\u00e4ger han till budokampsport.se.\",\"breadcrumb\":{\"@id\":\"https:\/\/www.budokampsport.se\/2013\/12\/18\/mats-nilsson-naste-svensk-med-ufc-kontrakt\/#breadcrumb\"},\"inLanguage\":\"sv-SE\",\"potentialAction\":[{\"@type\":\"ReadAction\",\"target\":[\"https:\/\/www.budokampsport.se\/2013\/12\/18\/mats-nilsson-naste-svensk-med-ufc-kontrakt\/\"]}]},{\"@type\":\"BreadcrumbList\",\"@id\":\"https:\/\/www.budokampsport.se\/2013\/12\/18\/mats-nilsson-naste-svensk-med-ufc-kontrakt\/#breadcrumb\",\"itemListElement\":[{\"@type\":\"ListItem\",\"position\":1,\"name\":\"Hem\",\"item\":\"https:\/\/www.budokampsport.se\/\"},{\"@type\":\"ListItem\",\"position\":2,\"name\":\"Mats Nilsson n\u00e4ste svensk med UFC-kontrakt\"}]},{\"@type\":\"WebSite\",\"@id\":\"https:\/\/www.budokampsport.se\/#website\",\"url\":\"https:\/\/www.budokampsport.se\/\",\"name\":\"Svenska Budo &amp; Kampsportsf\u00f6rbundet\",\"description\":\"T\u00e4vling, Tr\u00e4ning, Tradition\",\"potentialAction\":[{\"@type\":\"SearchAction\",\"target\":{\"@type\":\"EntryPoint\",\"urlTemplate\":\"https:\/\/www.budokampsport.se\/?s={search_term_string}\"},\"query-input\":{\"@type\":\"PropertyValueSpecification\",\"valueRequired\":true,\"valueName\":\"search_term_string\"}}],\"inLanguage\":\"sv-SE\"},{\"@type\":\"Person\",\"@id\":\"https:\/\/www.budokampsport.se\/#\/schema\/person\/5c06d81d14850e2a8ce5493386560145\",\"name\":\"Jonathan Broberg\",\"image\":{\"@type\":\"ImageObject\",\"inLanguage\":\"sv-SE\",\"@id\":\"https:\/\/www.budokampsport.se\/#\/schema\/person\/image\/\",\"url\":\"https:\/\/secure.gravatar.com\/avatar\/a58041c6cea9128bd9c40ee2f26d4136?s=96&d=blank&r=g\",\"contentUrl\":\"https:\/\/secure.gravatar.com\/avatar\/a58041c6cea9128bd9c40ee2f26d4136?s=96&d=blank&r=g\",\"caption\":\"Jonathan Broberg\"},\"sameAs\":[\"https:\/\/www.facebook.com\/jonathan.broberg.7\"],\"url\":\"https:\/\/www.budokampsport.se\/author\/jonathan\/\"}]}<\/script>\n<!-- \/ Yoast SEO plugin. -->","yoast_head_json":{"title":"Mats Nilsson n\u00e4ste svensk med UFC-kontrakt - Svenska Budo &amp; Kampsportsf\u00f6rbundet","description":"Sverige har blivit en riktig MMA-plantskola till UFC och nu st\u00e5r det klart att \u00e4ven Mats Nilsson fr\u00e5n Helsingborg f\u00e5r chansen i v\u00e4rldens st\u00f6rsta kampsportsorganisation.\u00a0 \u00a0- Det har varit en dr\u00f6m l\u00e4nge, s\u00e4ger han till budokampsport.se.","robots":{"index":"index","follow":"follow","max-snippet":"max-snippet:-1","max-image-preview":"max-image-preview:large","max-video-preview":"max-video-preview:-1"},"canonical":"https:\/\/www.budokampsport.se\/2013\/12\/18\/mats-nilsson-naste-svensk-med-ufc-kontrakt\/","og_locale":"sv_SE","og_type":"article","og_title":"Mats Nilsson n\u00e4ste svensk med UFC-kontrakt - Svenska Budo &amp; Kampsportsf\u00f6rbundet","og_description":"Sverige har blivit en riktig MMA-plantskola till UFC och nu st\u00e5r det klart att \u00e4ven Mats Nilsson fr\u00e5n Helsingborg f\u00e5r chansen i v\u00e4rldens st\u00f6rsta kampsportsorganisation.\u00a0 \u00a0- Det har varit en dr\u00f6m l\u00e4nge, s\u00e4ger han till budokampsport.se.","og_url":"https:\/\/www.budokampsport.se\/2013\/12\/18\/mats-nilsson-naste-svensk-med-ufc-kontrakt\/","og_site_name":"Svenska Budo &amp; Kampsportsf\u00f6rbundet","article_author":"https:\/\/www.facebook.com\/jonathan.broberg.7","article_published_time":"2013-12-18T10:05:04+00:00","article_modified_time":"2016-12-06T21:36:35+00:00","author":"Jonathan Broberg","twitter_card":"summary_large_image","twitter_misc":{"Skriven av":"Jonathan Broberg","Ber\u00e4knad l\u00e4stid":"1 minut"},"schema":{"@context":"https:\/\/schema.org","@graph":[{"@type":"Article","@id":"https:\/\/www.budokampsport.se\/2013\/12\/18\/mats-nilsson-naste-svensk-med-ufc-kontrakt\/#article","isPartOf":{"@id":"https:\/\/www.budokampsport.se\/2013\/12\/18\/mats-nilsson-naste-svensk-med-ufc-kontrakt\/"},"author":{"name":"Jonathan Broberg","@id":"https:\/\/www.budokampsport.se\/#\/schema\/person\/5c06d81d14850e2a8ce5493386560145"},"headline":"Mats Nilsson n\u00e4ste svensk med UFC-kontrakt","datePublished":"2013-12-18T10:05:04+00:00","dateModified":"2016-12-06T21:36:35+00:00","mainEntityOfPage":{"@id":"https:\/\/www.budokampsport.se\/2013\/12\/18\/mats-nilsson-naste-svensk-med-ufc-kontrakt\/"},"wordCount":147,"inLanguage":"sv-SE"},{"@type":"WebPage","@id":"https:\/\/www.budokampsport.se\/2013\/12\/18\/mats-nilsson-naste-svensk-med-ufc-kontrakt\/","url":"https:\/\/www.budokampsport.se\/2013\/12\/18\/mats-nilsson-naste-svensk-med-ufc-kontrakt\/","name":"Mats Nilsson n\u00e4ste svensk med UFC-kontrakt - Svenska Budo &amp; Kampsportsf\u00f6rbundet","isPartOf":{"@id":"https:\/\/www.budokampsport.se\/#website"},"datePublished":"2013-12-18T10:05:04+00:00","dateModified":"2016-12-06T21:36:35+00:00","author":{"@id":"https:\/\/www.budokampsport.se\/#\/schema\/person\/5c06d81d14850e2a8ce5493386560145"},"description":"Sverige har blivit en riktig MMA-plantskola till UFC och nu st\u00e5r det klart att \u00e4ven Mats Nilsson fr\u00e5n Helsingborg f\u00e5r chansen i v\u00e4rldens st\u00f6rsta kampsportsorganisation.\u00a0 \u00a0- Det har varit en dr\u00f6m l\u00e4nge, s\u00e4ger han till budokampsport.se.","breadcrumb":{"@id":"https:\/\/www.budokampsport.se\/2013\/12\/18\/mats-nilsson-naste-svensk-med-ufc-kontrakt\/#breadcrumb"},"inLanguage":"sv-SE","potentialAction":[{"@type":"ReadAction","target":["https:\/\/www.budokampsport.se\/2013\/12\/18\/mats-nilsson-naste-svensk-med-ufc-kontrakt\/"]}]},{"@type":"BreadcrumbList","@id":"https:\/\/www.budokampsport.se\/2013\/12\/18\/mats-nilsson-naste-svensk-med-ufc-kontrakt\/#breadcrumb","itemListElement":[{"@type":"ListItem","position":1,"name":"Hem","item":"https:\/\/www.budokampsport.se\/"},{"@type":"ListItem","position":2,"name":"Mats Nilsson n\u00e4ste svensk med UFC-kontrakt"}]},{"@type":"WebSite","@id":"https:\/\/www.budokampsport.se\/#website","url":"https:\/\/www.budokampsport.se\/","name":"Svenska Budo &amp; Kampsportsf\u00f6rbundet","description":"T\u00e4vling, Tr\u00e4ning, Tradition","potentialAction":[{"@type":"SearchAction","target":{"@type":"EntryPoint","urlTemplate":"https:\/\/www.budokampsport.se\/?s={search_term_string}"},"query-input":{"@type":"PropertyValueSpecification","valueRequired":true,"valueName":"search_term_string"}}],"inLanguage":"sv-SE"},{"@type":"Person","@id":"https:\/\/www.budokampsport.se\/#\/schema\/person\/5c06d81d14850e2a8ce5493386560145","name":"Jonathan Broberg","image":{"@type":"ImageObject","inLanguage":"sv-SE","@id":"https:\/\/www.budokampsport.se\/#\/schema\/person\/image\/","url":"https:\/\/secure.gravatar.com\/avatar\/a58041c6cea9128bd9c40ee2f26d4136?s=96&d=blank&r=g","contentUrl":"https:\/\/secure.gravatar.com\/avatar\/a58041c6cea9128bd9c40ee2f26d4136?s=96&d=blank&r=g","caption":"Jonathan Broberg"},"sameAs":["https:\/\/www.facebook.com\/jonathan.broberg.7"],"url":"https:\/\/www.budokampsport.se\/author\/jonathan\/"}]}},"_links":{"self":[{"href":"https:\/\/www.budokampsport.se\/api\/wp\/v2\/posts\/4807","targetHints":{"allow":["GET"]}}],"collection":[{"href":"https:\/\/www.budokampsport.se\/api\/wp\/v2\/posts"}],"about":[{"href":"https:\/\/www.budokampsport.se\/api\/wp\/v2\/types\/post"}],"author":[{"embeddable":true,"href":"https:\/\/www.budokampsport.se\/api\/wp\/v2\/users\/7"}],"replies":[{"embeddable":true,"href":"https:\/\/www.budokampsport.se\/api\/wp\/v2\/comments?post=4807"}],"version-history":[{"count":0,"href":"https:\/\/www.budokampsport.se\/api\/wp\/v2\/posts\/4807\/revisions"}],"wp:attachment":[{"href":"https:\/\/www.budokampsport.se\/api\/wp\/v2\/media?parent=4807"}],"wp:term":[{"taxonomy":"category","embeddable":true,"href":"https:\/\/www.budokampsport.se\/api\/wp\/v2\/categories?post=4807"},{"taxonomy":"post_tag","embeddable":true,"href":"https:\/\/www.budokampsport.se\/api\/wp\/v2\/tags?post=4807"}],"curies":[{"name":"wp","href":"https:\/\/api.w.org\/{rel}","templated":true}]}}