{"id":4810,"date":"2013-12-18T12:20:31","date_gmt":"2013-12-18T11:20:31","guid":{"rendered":"http:\/\/budo.wordpress.dev\/2013\/12\/18\/sa-firar-profilerna-jul-lisa-pihl-submission-wrestlingmma\/"},"modified":"2016-12-06T22:36:35","modified_gmt":"2016-12-06T21:36:35","slug":"sa-firar-profilerna-jul-lisa-pihl-submission-wrestlingmma","status":"publish","type":"post","link":"https:\/\/www.budokampsport.se\/2013\/12\/18\/sa-firar-profilerna-jul-lisa-pihl-submission-wrestlingmma\/","title":{"rendered":"S\u00e5 firar profilerna jul \u2013 Lisa Pihl, submission wrestling\/MMA"},"content":{"rendered":"<p><strong>Budokampsport.ses popul\u00e4ra julnedr\u00e4kning forts\u00e4tter. Nedr\u00e4kning fr\u00e5n lucia fram till jul \u00e4r med olika kampsportsprofiler och hur dessa ska fira jul, hur de sett p\u00e5 2013 och hur deras n\u00e4stkommande \u00e5r ser ut att bli.\u00a0V\u00e5r n\u00e4sta profil \u00e4r v\u00e4rldsm\u00e4starinnan i submission wrestling och nyblivna svenska m\u00e4starinnan i amat\u00f6r-MMA, Lisa Pihl.<\/strong><!--break--><\/p>\n<p>Lisa Pihl har sedan tiden som skribent p\u00e5 fightermag.se utvecklat sitt egna kampsportsut\u00f6vande rej\u00e4lt. Ist\u00e4llet f\u00f6r att sj\u00e4lv skriva om andra blir hon numera allt mer gestaltad f\u00f6r sina kampsportsframg\u00e5ngar.<\/p>\n<p>Under VM i submission wrestling i \u00e5r vann Lisa Pihl ett VM-guld, p\u00e5 ett minst sagt ovanligt s\u00e4tt. Hon f\u00f6ljde med landslaget f\u00f6r att coacha. Samtidigt, i hennes viktklass, kom flera avhopp och till slut stod en ensam person kvar, utan matchning.<\/p>\n<p><strong>Lisa ombads d\u00e5<\/strong>, eftersom hon \u00e4nd\u00e5 var i fysisk toppform sj\u00e4lv, att st\u00e4lla upp s\u00e5 att den kvarvarande personen \u00e5tminstone skulle f\u00e5 en match. Men efter att Lisa anm\u00e4lt sig drog sig den kvarvarande personen sj\u00e4lv sig ur t\u00e4vlingen \u2013 och ensam kvar i viktklassen blev Lisa Pihl v\u00e4rldsm\u00e4starinna.<\/p>\n<p>Naturligtvis dr\u00e5pligt p\u00e5 sitt s\u00e4tt, men h\u00f6sten 2013 visade Pihl att hon \u00e4nd\u00e5 blir att r\u00e4kna med fram \u00f6ver. Brons p\u00e5 stort\u00e4vlingen ADCC, SM-guld i shootgithing och amat\u00f6r-MMA och hennes meriter b\u00f6rjar bli allt fler.<\/p>\n<p><strong>Lisa, om du ser tillbaka p\u00e5 2013, hur har det \u00e5ret varit f\u00f6r dig b\u00e5de personligt och idrottsligt?<\/strong><br \/>\u00a0 \u00a0&#8211; 2013 har varit ett omtumlande \u00e5r som jag trots allt avslutar starkt. Jag \u00e4r dock ganska sliten nu efter tre t\u00e4vlingar p\u00e5 tv\u00e5 veckor. Jag har inte kunnat tr\u00e4na s\u00e5 mycket som jag \u00f6nskat s\u00e5 mitt fokus har legat p\u00e5 den mentala tr\u00e4ningen, vilket har gett bra resultat. De idrottsliga h\u00f6jdpunkterna fr\u00e5n \u00e5ret \u00e4r bronset p\u00e5 ADCC-EM, att coacha p\u00e5 FILA-VM samt de tv\u00e5 SM-gulden i Shootfighting och SW.<\/p>\n<p><strong>Hur kommer du att fira julen?<\/strong><br \/>\u00a0 \u00a0&#8211; Sj\u00e4lvklart blir det att brottas i tomtem\u00f6ssa p\u00e5 det traditionsenliga \u201djulaftonsrullet\u201d p\u00e5 Fighter Centre och Gladius MMA. D\u00e4refter f\u00f6ljer lugnt firande med n\u00e4ra och k\u00e4ra och p\u00e5 annandagen \u00e5ker jag upp till Stockholm f\u00f6r att roa mig lite.<\/p>\n<p><strong><img decoding=\"async\" alt=\"\" src=\"\/sites\/default\/files\/lisa_pihl.jpg\" style=\"width:435px\"><\/p>\n<p>Vad \u00f6nskar du dig mest av allt i julklapp?<\/strong><br \/>\u00a0 \u00a0&#8211; Mer tid p\u00e5 dygnet och en ny m\u00f6ssa.<\/p>\n<p><strong>Har du n\u00e5got ny\u00e5rsl\u00f6fte, i s\u00e5 fall vad och varf\u00f6r?<\/strong><br \/>\u00a0 \u00a0&#8211; Always improve.<\/p>\n<p><strong>Om du blickar fram mot 2014, vad tror du om det \u00e5ret b\u00e5de personligt och idrottsligt?<\/strong><br \/>\u00a0 \u00a0&#8211; Jag k\u00e4nner mig mycket hoppfull inf\u00f6r 2014 och jag \u00e4r redan nu ganska s\u00e4ker p\u00e5 att det kommer toppa 2013. Mer v\u00e5gar jag inte s\u00e4ga just nu.<\/p>\n<p>Text: Jonathan Broberg<br \/>Foto: Micha Forsberg<\/p>\n","protected":false},"excerpt":{"rendered":"<p><strong>Budokampsport.ses popul\u00e4ra julnedr\u00e4kning forts\u00e4tter. Nedr\u00e4kning fr\u00e5n lucia fram till jul \u00e4r med olika kampsportsprofiler och hur dessa ska fira jul, hur de sett p\u00e5 2013 och hur deras n\u00e4stkommande \u00e5r ser ut att bli.\u00a0V\u00e5r n\u00e4sta profil \u00e4r v\u00e4rldsm\u00e4starinnan i submission wrestling och nyblivna svenska m\u00e4starinnan i amat\u00f6r-MMA, Lisa Pihl.<\/strong><\/p><br>","protected":false},"author":7,"featured_media":0,"comment_status":"closed","ping_status":"closed","sticky":false,"template":"","format":"standard","meta":{"_acf_changed":false,"footnotes":""},"categories":[1],"tags":[],"class_list":["post-4810","post","type-post","status-publish","format-standard","hentry","category-okategoriserade"],"acf":[],"yoast_head":"<!-- This site is optimized with the Yoast SEO plugin v26.8 - https:\/\/yoast.com\/product\/yoast-seo-wordpress\/ -->\n<title>S\u00e5 firar profilerna jul \u2013 Lisa Pihl, submission wrestling\/MMA - Svenska Budo &amp; Kampsportsf\u00f6rbundet<\/title>\n<meta name=\"description\" content=\"Budokampsport.ses popul\u00e4ra julnedr\u00e4kning forts\u00e4tter. Nedr\u00e4kning fr\u00e5n lucia fram till jul \u00e4r med olika kampsportsprofiler och hur dessa ska fira jul, hur de sett p\u00e5 2013 och hur deras n\u00e4stkommande \u00e5r ser ut att bli.\u00a0V\u00e5r n\u00e4sta profil \u00e4r v\u00e4rldsm\u00e4starinnan i submission wrestling och nyblivna svenska m\u00e4starinnan i amat\u00f6r-MMA, Lisa Pihl.\" \/>\n<meta name=\"robots\" content=\"index, follow, max-snippet:-1, max-image-preview:large, max-video-preview:-1\" \/>\n<link rel=\"canonical\" href=\"https:\/\/www.budokampsport.se\/2013\/12\/18\/sa-firar-profilerna-jul-lisa-pihl-submission-wrestlingmma\/\" \/>\n<meta property=\"og:locale\" content=\"sv_SE\" \/>\n<meta property=\"og:type\" content=\"article\" \/>\n<meta property=\"og:title\" content=\"S\u00e5 firar profilerna jul \u2013 Lisa Pihl, submission wrestling\/MMA - Svenska Budo &amp; Kampsportsf\u00f6rbundet\" \/>\n<meta property=\"og:description\" content=\"Budokampsport.ses popul\u00e4ra julnedr\u00e4kning forts\u00e4tter. Nedr\u00e4kning fr\u00e5n lucia fram till jul \u00e4r med olika kampsportsprofiler och hur dessa ska fira jul, hur de sett p\u00e5 2013 och hur deras n\u00e4stkommande \u00e5r ser ut att bli.\u00a0V\u00e5r n\u00e4sta profil \u00e4r v\u00e4rldsm\u00e4starinnan i submission wrestling och nyblivna svenska m\u00e4starinnan i amat\u00f6r-MMA, Lisa Pihl.\" \/>\n<meta property=\"og:url\" content=\"https:\/\/www.budokampsport.se\/2013\/12\/18\/sa-firar-profilerna-jul-lisa-pihl-submission-wrestlingmma\/\" \/>\n<meta property=\"og:site_name\" content=\"Svenska Budo &amp; Kampsportsf\u00f6rbundet\" \/>\n<meta property=\"article:author\" content=\"https:\/\/www.facebook.com\/jonathan.broberg.7\" \/>\n<meta property=\"article:published_time\" content=\"2013-12-18T11:20:31+00:00\" \/>\n<meta property=\"article:modified_time\" content=\"2016-12-06T21:36:35+00:00\" \/>\n<meta name=\"author\" content=\"Jonathan Broberg\" \/>\n<meta name=\"twitter:card\" content=\"summary_large_image\" \/>\n<meta name=\"twitter:label1\" content=\"Skriven av\" \/>\n\t<meta name=\"twitter:data1\" content=\"Jonathan Broberg\" \/>\n\t<meta name=\"twitter:label2\" content=\"Ber\u00e4knad l\u00e4stid\" \/>\n\t<meta name=\"twitter:data2\" content=\"2 minuter\" \/>\n<script type=\"application\/ld+json\" class=\"yoast-schema-graph\">{\"@context\":\"https:\/\/schema.org\",\"@graph\":[{\"@type\":\"Article\",\"@id\":\"https:\/\/www.budokampsport.se\/2013\/12\/18\/sa-firar-profilerna-jul-lisa-pihl-submission-wrestlingmma\/#article\",\"isPartOf\":{\"@id\":\"https:\/\/www.budokampsport.se\/2013\/12\/18\/sa-firar-profilerna-jul-lisa-pihl-submission-wrestlingmma\/\"},\"author\":{\"name\":\"Jonathan Broberg\",\"@id\":\"https:\/\/www.budokampsport.se\/#\/schema\/person\/5c06d81d14850e2a8ce5493386560145\"},\"headline\":\"S\u00e5 firar profilerna jul \u2013 Lisa Pihl, submission wrestling\/MMA\",\"datePublished\":\"2013-12-18T11:20:31+00:00\",\"dateModified\":\"2016-12-06T21:36:35+00:00\",\"mainEntityOfPage\":{\"@id\":\"https:\/\/www.budokampsport.se\/2013\/12\/18\/sa-firar-profilerna-jul-lisa-pihl-submission-wrestlingmma\/\"},\"wordCount\":483,\"inLanguage\":\"sv-SE\"},{\"@type\":\"WebPage\",\"@id\":\"https:\/\/www.budokampsport.se\/2013\/12\/18\/sa-firar-profilerna-jul-lisa-pihl-submission-wrestlingmma\/\",\"url\":\"https:\/\/www.budokampsport.se\/2013\/12\/18\/sa-firar-profilerna-jul-lisa-pihl-submission-wrestlingmma\/\",\"name\":\"S\u00e5 firar profilerna jul \u2013 Lisa Pihl, submission wrestling\/MMA - Svenska Budo &amp; Kampsportsf\u00f6rbundet\",\"isPartOf\":{\"@id\":\"https:\/\/www.budokampsport.se\/#website\"},\"datePublished\":\"2013-12-18T11:20:31+00:00\",\"dateModified\":\"2016-12-06T21:36:35+00:00\",\"author\":{\"@id\":\"https:\/\/www.budokampsport.se\/#\/schema\/person\/5c06d81d14850e2a8ce5493386560145\"},\"description\":\"Budokampsport.ses popul\u00e4ra julnedr\u00e4kning forts\u00e4tter. Nedr\u00e4kning fr\u00e5n lucia fram till jul \u00e4r med olika kampsportsprofiler och hur dessa ska fira jul, hur de sett p\u00e5 2013 och hur deras n\u00e4stkommande \u00e5r ser ut att bli.\u00a0V\u00e5r n\u00e4sta profil \u00e4r v\u00e4rldsm\u00e4starinnan i submission wrestling och nyblivna svenska m\u00e4starinnan i amat\u00f6r-MMA, Lisa Pihl.\",\"breadcrumb\":{\"@id\":\"https:\/\/www.budokampsport.se\/2013\/12\/18\/sa-firar-profilerna-jul-lisa-pihl-submission-wrestlingmma\/#breadcrumb\"},\"inLanguage\":\"sv-SE\",\"potentialAction\":[{\"@type\":\"ReadAction\",\"target\":[\"https:\/\/www.budokampsport.se\/2013\/12\/18\/sa-firar-profilerna-jul-lisa-pihl-submission-wrestlingmma\/\"]}]},{\"@type\":\"BreadcrumbList\",\"@id\":\"https:\/\/www.budokampsport.se\/2013\/12\/18\/sa-firar-profilerna-jul-lisa-pihl-submission-wrestlingmma\/#breadcrumb\",\"itemListElement\":[{\"@type\":\"ListItem\",\"position\":1,\"name\":\"Hem\",\"item\":\"https:\/\/www.budokampsport.se\/\"},{\"@type\":\"ListItem\",\"position\":2,\"name\":\"S\u00e5 firar profilerna jul \u2013 Lisa Pihl, submission wrestling\/MMA\"}]},{\"@type\":\"WebSite\",\"@id\":\"https:\/\/www.budokampsport.se\/#website\",\"url\":\"https:\/\/www.budokampsport.se\/\",\"name\":\"Svenska Budo &amp; Kampsportsf\u00f6rbundet\",\"description\":\"T\u00e4vling, Tr\u00e4ning, Tradition\",\"potentialAction\":[{\"@type\":\"SearchAction\",\"target\":{\"@type\":\"EntryPoint\",\"urlTemplate\":\"https:\/\/www.budokampsport.se\/?s={search_term_string}\"},\"query-input\":{\"@type\":\"PropertyValueSpecification\",\"valueRequired\":true,\"valueName\":\"search_term_string\"}}],\"inLanguage\":\"sv-SE\"},{\"@type\":\"Person\",\"@id\":\"https:\/\/www.budokampsport.se\/#\/schema\/person\/5c06d81d14850e2a8ce5493386560145\",\"name\":\"Jonathan Broberg\",\"image\":{\"@type\":\"ImageObject\",\"inLanguage\":\"sv-SE\",\"@id\":\"https:\/\/www.budokampsport.se\/#\/schema\/person\/image\/\",\"url\":\"https:\/\/secure.gravatar.com\/avatar\/a58041c6cea9128bd9c40ee2f26d4136?s=96&d=blank&r=g\",\"contentUrl\":\"https:\/\/secure.gravatar.com\/avatar\/a58041c6cea9128bd9c40ee2f26d4136?s=96&d=blank&r=g\",\"caption\":\"Jonathan Broberg\"},\"sameAs\":[\"https:\/\/www.facebook.com\/jonathan.broberg.7\"],\"url\":\"https:\/\/www.budokampsport.se\/author\/jonathan\/\"}]}<\/script>\n<!-- \/ Yoast SEO plugin. -->","yoast_head_json":{"title":"S\u00e5 firar profilerna jul \u2013 Lisa Pihl, submission wrestling\/MMA - Svenska Budo &amp; Kampsportsf\u00f6rbundet","description":"Budokampsport.ses popul\u00e4ra julnedr\u00e4kning forts\u00e4tter. Nedr\u00e4kning fr\u00e5n lucia fram till jul \u00e4r med olika kampsportsprofiler och hur dessa ska fira jul, hur de sett p\u00e5 2013 och hur deras n\u00e4stkommande \u00e5r ser ut att bli.\u00a0V\u00e5r n\u00e4sta profil \u00e4r v\u00e4rldsm\u00e4starinnan i submission wrestling och nyblivna svenska m\u00e4starinnan i amat\u00f6r-MMA, Lisa Pihl.","robots":{"index":"index","follow":"follow","max-snippet":"max-snippet:-1","max-image-preview":"max-image-preview:large","max-video-preview":"max-video-preview:-1"},"canonical":"https:\/\/www.budokampsport.se\/2013\/12\/18\/sa-firar-profilerna-jul-lisa-pihl-submission-wrestlingmma\/","og_locale":"sv_SE","og_type":"article","og_title":"S\u00e5 firar profilerna jul \u2013 Lisa Pihl, submission wrestling\/MMA - Svenska Budo &amp; Kampsportsf\u00f6rbundet","og_description":"Budokampsport.ses popul\u00e4ra julnedr\u00e4kning forts\u00e4tter. Nedr\u00e4kning fr\u00e5n lucia fram till jul \u00e4r med olika kampsportsprofiler och hur dessa ska fira jul, hur de sett p\u00e5 2013 och hur deras n\u00e4stkommande \u00e5r ser ut att bli.\u00a0V\u00e5r n\u00e4sta profil \u00e4r v\u00e4rldsm\u00e4starinnan i submission wrestling och nyblivna svenska m\u00e4starinnan i amat\u00f6r-MMA, Lisa Pihl.","og_url":"https:\/\/www.budokampsport.se\/2013\/12\/18\/sa-firar-profilerna-jul-lisa-pihl-submission-wrestlingmma\/","og_site_name":"Svenska Budo &amp; Kampsportsf\u00f6rbundet","article_author":"https:\/\/www.facebook.com\/jonathan.broberg.7","article_published_time":"2013-12-18T11:20:31+00:00","article_modified_time":"2016-12-06T21:36:35+00:00","author":"Jonathan Broberg","twitter_card":"summary_large_image","twitter_misc":{"Skriven av":"Jonathan Broberg","Ber\u00e4knad l\u00e4stid":"2 minuter"},"schema":{"@context":"https:\/\/schema.org","@graph":[{"@type":"Article","@id":"https:\/\/www.budokampsport.se\/2013\/12\/18\/sa-firar-profilerna-jul-lisa-pihl-submission-wrestlingmma\/#article","isPartOf":{"@id":"https:\/\/www.budokampsport.se\/2013\/12\/18\/sa-firar-profilerna-jul-lisa-pihl-submission-wrestlingmma\/"},"author":{"name":"Jonathan Broberg","@id":"https:\/\/www.budokampsport.se\/#\/schema\/person\/5c06d81d14850e2a8ce5493386560145"},"headline":"S\u00e5 firar profilerna jul \u2013 Lisa Pihl, submission wrestling\/MMA","datePublished":"2013-12-18T11:20:31+00:00","dateModified":"2016-12-06T21:36:35+00:00","mainEntityOfPage":{"@id":"https:\/\/www.budokampsport.se\/2013\/12\/18\/sa-firar-profilerna-jul-lisa-pihl-submission-wrestlingmma\/"},"wordCount":483,"inLanguage":"sv-SE"},{"@type":"WebPage","@id":"https:\/\/www.budokampsport.se\/2013\/12\/18\/sa-firar-profilerna-jul-lisa-pihl-submission-wrestlingmma\/","url":"https:\/\/www.budokampsport.se\/2013\/12\/18\/sa-firar-profilerna-jul-lisa-pihl-submission-wrestlingmma\/","name":"S\u00e5 firar profilerna jul \u2013 Lisa Pihl, submission wrestling\/MMA - Svenska Budo &amp; Kampsportsf\u00f6rbundet","isPartOf":{"@id":"https:\/\/www.budokampsport.se\/#website"},"datePublished":"2013-12-18T11:20:31+00:00","dateModified":"2016-12-06T21:36:35+00:00","author":{"@id":"https:\/\/www.budokampsport.se\/#\/schema\/person\/5c06d81d14850e2a8ce5493386560145"},"description":"Budokampsport.ses popul\u00e4ra julnedr\u00e4kning forts\u00e4tter. Nedr\u00e4kning fr\u00e5n lucia fram till jul \u00e4r med olika kampsportsprofiler och hur dessa ska fira jul, hur de sett p\u00e5 2013 och hur deras n\u00e4stkommande \u00e5r ser ut att bli.\u00a0V\u00e5r n\u00e4sta profil \u00e4r v\u00e4rldsm\u00e4starinnan i submission wrestling och nyblivna svenska m\u00e4starinnan i amat\u00f6r-MMA, Lisa Pihl.","breadcrumb":{"@id":"https:\/\/www.budokampsport.se\/2013\/12\/18\/sa-firar-profilerna-jul-lisa-pihl-submission-wrestlingmma\/#breadcrumb"},"inLanguage":"sv-SE","potentialAction":[{"@type":"ReadAction","target":["https:\/\/www.budokampsport.se\/2013\/12\/18\/sa-firar-profilerna-jul-lisa-pihl-submission-wrestlingmma\/"]}]},{"@type":"BreadcrumbList","@id":"https:\/\/www.budokampsport.se\/2013\/12\/18\/sa-firar-profilerna-jul-lisa-pihl-submission-wrestlingmma\/#breadcrumb","itemListElement":[{"@type":"ListItem","position":1,"name":"Hem","item":"https:\/\/www.budokampsport.se\/"},{"@type":"ListItem","position":2,"name":"S\u00e5 firar profilerna jul \u2013 Lisa Pihl, submission wrestling\/MMA"}]},{"@type":"WebSite","@id":"https:\/\/www.budokampsport.se\/#website","url":"https:\/\/www.budokampsport.se\/","name":"Svenska Budo &amp; Kampsportsf\u00f6rbundet","description":"T\u00e4vling, Tr\u00e4ning, Tradition","potentialAction":[{"@type":"SearchAction","target":{"@type":"EntryPoint","urlTemplate":"https:\/\/www.budokampsport.se\/?s={search_term_string}"},"query-input":{"@type":"PropertyValueSpecification","valueRequired":true,"valueName":"search_term_string"}}],"inLanguage":"sv-SE"},{"@type":"Person","@id":"https:\/\/www.budokampsport.se\/#\/schema\/person\/5c06d81d14850e2a8ce5493386560145","name":"Jonathan Broberg","image":{"@type":"ImageObject","inLanguage":"sv-SE","@id":"https:\/\/www.budokampsport.se\/#\/schema\/person\/image\/","url":"https:\/\/secure.gravatar.com\/avatar\/a58041c6cea9128bd9c40ee2f26d4136?s=96&d=blank&r=g","contentUrl":"https:\/\/secure.gravatar.com\/avatar\/a58041c6cea9128bd9c40ee2f26d4136?s=96&d=blank&r=g","caption":"Jonathan Broberg"},"sameAs":["https:\/\/www.facebook.com\/jonathan.broberg.7"],"url":"https:\/\/www.budokampsport.se\/author\/jonathan\/"}]}},"_links":{"self":[{"href":"https:\/\/www.budokampsport.se\/api\/wp\/v2\/posts\/4810","targetHints":{"allow":["GET"]}}],"collection":[{"href":"https:\/\/www.budokampsport.se\/api\/wp\/v2\/posts"}],"about":[{"href":"https:\/\/www.budokampsport.se\/api\/wp\/v2\/types\/post"}],"author":[{"embeddable":true,"href":"https:\/\/www.budokampsport.se\/api\/wp\/v2\/users\/7"}],"replies":[{"embeddable":true,"href":"https:\/\/www.budokampsport.se\/api\/wp\/v2\/comments?post=4810"}],"version-history":[{"count":0,"href":"https:\/\/www.budokampsport.se\/api\/wp\/v2\/posts\/4810\/revisions"}],"wp:attachment":[{"href":"https:\/\/www.budokampsport.se\/api\/wp\/v2\/media?parent=4810"}],"wp:term":[{"taxonomy":"category","embeddable":true,"href":"https:\/\/www.budokampsport.se\/api\/wp\/v2\/categories?post=4810"},{"taxonomy":"post_tag","embeddable":true,"href":"https:\/\/www.budokampsport.se\/api\/wp\/v2\/tags?post=4810"}],"curies":[{"name":"wp","href":"https:\/\/api.w.org\/{rel}","templated":true}]}}