{"id":4813,"date":"2013-12-19T09:07:43","date_gmt":"2013-12-19T08:07:43","guid":{"rendered":"http:\/\/budo.wordpress.dev\/2013\/12\/19\/sa-firar-profilerna-jul-mazdak-cavian-mmanytt-se-och-manager\/"},"modified":"2016-12-06T22:36:36","modified_gmt":"2016-12-06T21:36:36","slug":"sa-firar-profilerna-jul-mazdak-cavian-mmanytt-se-och-manager","status":"publish","type":"post","link":"https:\/\/www.budokampsport.se\/2013\/12\/19\/sa-firar-profilerna-jul-mazdak-cavian-mmanytt-se-och-manager\/","title":{"rendered":"S\u00e5 firar profilerna jul \u2013 Mazdak Cavian, MMANytt.se och manager"},"content":{"rendered":"<p><strong>Budokampsport.ses popul\u00e4ra julnedr\u00e4kning forts\u00e4tter. Nedr\u00e4kning fr\u00e5n lucia fram till jul \u00e4r med olika kampsportsprofiler och hur dessa ska fira jul, hur de sett p\u00e5 2013 och hur deras n\u00e4stkommande \u00e5r ser ut att bli.\u00a0V\u00e5r n\u00e4sta profil \u00e4r MMANytt.ses\u00a0Mazdak Cavian.<\/strong><!--break--><\/p>\n<p>Samtidigt som svensk MMA har v\u00e4xt till sig rej\u00e4lt under 2013 har ocks\u00e5 MMANytt.ses profil Mazdak Cavian f\u00f6rdjupat sitt engagemang f\u00f6r sporten.<\/p>\n<p>Mazdak \u00e4r en driven individ som med innovativa medel f\u00f6rs\u00f6ker lyfta MMA:s synlighet. Bland annat l\u00e5g han bakom att MMANytt.se kunde hj\u00e4lpa \u00f6ver svenska supportrar till Alexander Gustafssons titelmatch i september.\u00a0<\/p>\n<p>Under \u00e5ret har ocks\u00e5 Mazdak ocks\u00e5 kastat sig in i ett management\u00e5tagande och ska\u00a0bli pappa till framtida dottern Wilda, som ber\u00e4knas komma till v\u00e4rlden i april.<\/p>\n<p><strong>Mazdak, om du ser tillbaka p\u00e5 2013, hur har det \u00e5ret varit f\u00f6r dig b\u00e5de personligt och idrottsligt?<\/strong><br \/>\u00a0 \u00a0&#8211; 2013 har varit bara jobb, jag har drivit min flickv\u00e4n och familj till vansinne. Hoppas f\u00e5 sk\u00f6rda frukten 2014 och visa vart allt slit tagit v\u00e4gen. Det har varit mycket jobb med mina fighters. Jag och min bror gick in i managementbranschen tidigt under \u00e5ret och idag har vi nog de bredaste kontaktn\u00e4tet som finns.<\/p>\n<p><strong>Hur kommer du att fira julen?<\/strong><br \/>\u00a0 \u00a0&#8211; Jag ska fira julen med familjen sen b\u00e4r det av till Singapore f\u00f6r att hj\u00e4lpa min fighter under en UFC-gala.\u00a0<\/p>\n<p><strong>Vad \u00f6nskar du dig mest av allt i julklapp?<\/strong><br \/>\u00a0 \u00a0&#8211; Jag fick min julklapp tidigt i \u00e5r, en dotter Wilda som ber\u00e4knas komma i april.<\/p>\n<p><strong>Har du n\u00e5got ny\u00e5rsl\u00f6fte, i s\u00e5 fall vad och varf\u00f6r?<\/strong><br \/>\u00a0 \u00a0&#8211; Bli en superfarsa.<\/p>\n<p><strong>Om du blickar fram mot 2014, vad tror du om det \u00e5ret b\u00e5de personligt och idrottsligt?<\/strong><br \/>\u00a0 \u00a0&#8211; \u00a0Jag hoppas p\u00e5 en utm\u00e4rkelse fr\u00e5n tidningen DI, det \u00e4r mitt m\u00e5l 2014. Idrottsligt hoppas jag p\u00e5 UFC b\u00e4lte f\u00f6r en av mina fighters.<\/p>\n<p><em>Budokampsport.se \u00f6nskar Mazdak all lycka fram \u00f6ver och en riktigt god jul och ett gott nytt \u00e5r. Imorgon forts\u00e4tter nedr\u00e4kningen inf\u00f6r jul, d\u00e5 med kendostj\u00e4rnan Michiko Komaki.<\/em><\/p>\n<p>Text: Jonathan Broberg<\/p>\n","protected":false},"excerpt":{"rendered":"<p><strong>Budokampsport.ses popul\u00e4ra julnedr\u00e4kning forts\u00e4tter. Nedr\u00e4kning fr\u00e5n lucia fram till jul \u00e4r med olika kampsportsprofiler och hur dessa ska fira jul, hur de sett p\u00e5 2013 och hur deras n\u00e4stkommande \u00e5r ser ut att bli.\u00a0V\u00e5r n\u00e4sta profil \u00e4r MMANytt.ses\u00a0Mazdak Cavian.<\/strong><\/p><br>","protected":false},"author":7,"featured_media":0,"comment_status":"closed","ping_status":"closed","sticky":false,"template":"","format":"standard","meta":{"_acf_changed":false,"footnotes":""},"categories":[1],"tags":[],"class_list":["post-4813","post","type-post","status-publish","format-standard","hentry","category-okategoriserade"],"acf":[],"yoast_head":"<!-- This site is optimized with the Yoast SEO plugin v26.8 - https:\/\/yoast.com\/product\/yoast-seo-wordpress\/ -->\n<title>S\u00e5 firar profilerna jul \u2013 Mazdak Cavian, MMANytt.se och manager - Svenska Budo &amp; Kampsportsf\u00f6rbundet<\/title>\n<meta name=\"description\" content=\"Budokampsport.ses popul\u00e4ra julnedr\u00e4kning forts\u00e4tter. Nedr\u00e4kning fr\u00e5n lucia fram till jul \u00e4r med olika kampsportsprofiler och hur dessa ska fira jul, hur de sett p\u00e5 2013 och hur deras n\u00e4stkommande \u00e5r ser ut att bli.\u00a0V\u00e5r n\u00e4sta profil \u00e4r MMANytt.ses\u00a0Mazdak Cavian.\" \/>\n<meta name=\"robots\" content=\"index, follow, max-snippet:-1, max-image-preview:large, max-video-preview:-1\" \/>\n<link rel=\"canonical\" href=\"https:\/\/www.budokampsport.se\/2013\/12\/19\/sa-firar-profilerna-jul-mazdak-cavian-mmanytt-se-och-manager\/\" \/>\n<meta property=\"og:locale\" content=\"sv_SE\" \/>\n<meta property=\"og:type\" content=\"article\" \/>\n<meta property=\"og:title\" content=\"S\u00e5 firar profilerna jul \u2013 Mazdak Cavian, MMANytt.se och manager - Svenska Budo &amp; Kampsportsf\u00f6rbundet\" \/>\n<meta property=\"og:description\" content=\"Budokampsport.ses popul\u00e4ra julnedr\u00e4kning forts\u00e4tter. Nedr\u00e4kning fr\u00e5n lucia fram till jul \u00e4r med olika kampsportsprofiler och hur dessa ska fira jul, hur de sett p\u00e5 2013 och hur deras n\u00e4stkommande \u00e5r ser ut att bli.\u00a0V\u00e5r n\u00e4sta profil \u00e4r MMANytt.ses\u00a0Mazdak Cavian.\" \/>\n<meta property=\"og:url\" content=\"https:\/\/www.budokampsport.se\/2013\/12\/19\/sa-firar-profilerna-jul-mazdak-cavian-mmanytt-se-och-manager\/\" \/>\n<meta property=\"og:site_name\" content=\"Svenska Budo &amp; Kampsportsf\u00f6rbundet\" \/>\n<meta property=\"article:author\" content=\"https:\/\/www.facebook.com\/jonathan.broberg.7\" \/>\n<meta property=\"article:published_time\" content=\"2013-12-19T08:07:43+00:00\" \/>\n<meta property=\"article:modified_time\" content=\"2016-12-06T21:36:36+00:00\" \/>\n<meta name=\"author\" content=\"Jonathan Broberg\" \/>\n<meta name=\"twitter:card\" content=\"summary_large_image\" \/>\n<meta name=\"twitter:label1\" content=\"Skriven av\" \/>\n\t<meta name=\"twitter:data1\" content=\"Jonathan Broberg\" \/>\n\t<meta name=\"twitter:label2\" content=\"Ber\u00e4knad l\u00e4stid\" \/>\n\t<meta name=\"twitter:data2\" content=\"2 minuter\" \/>\n<script type=\"application\/ld+json\" class=\"yoast-schema-graph\">{\"@context\":\"https:\/\/schema.org\",\"@graph\":[{\"@type\":\"Article\",\"@id\":\"https:\/\/www.budokampsport.se\/2013\/12\/19\/sa-firar-profilerna-jul-mazdak-cavian-mmanytt-se-och-manager\/#article\",\"isPartOf\":{\"@id\":\"https:\/\/www.budokampsport.se\/2013\/12\/19\/sa-firar-profilerna-jul-mazdak-cavian-mmanytt-se-och-manager\/\"},\"author\":{\"name\":\"Jonathan Broberg\",\"@id\":\"https:\/\/www.budokampsport.se\/#\/schema\/person\/5c06d81d14850e2a8ce5493386560145\"},\"headline\":\"S\u00e5 firar profilerna jul \u2013 Mazdak Cavian, MMANytt.se och manager\",\"datePublished\":\"2013-12-19T08:07:43+00:00\",\"dateModified\":\"2016-12-06T21:36:36+00:00\",\"mainEntityOfPage\":{\"@id\":\"https:\/\/www.budokampsport.se\/2013\/12\/19\/sa-firar-profilerna-jul-mazdak-cavian-mmanytt-se-och-manager\/\"},\"wordCount\":384,\"inLanguage\":\"sv-SE\"},{\"@type\":\"WebPage\",\"@id\":\"https:\/\/www.budokampsport.se\/2013\/12\/19\/sa-firar-profilerna-jul-mazdak-cavian-mmanytt-se-och-manager\/\",\"url\":\"https:\/\/www.budokampsport.se\/2013\/12\/19\/sa-firar-profilerna-jul-mazdak-cavian-mmanytt-se-och-manager\/\",\"name\":\"S\u00e5 firar profilerna jul \u2013 Mazdak Cavian, MMANytt.se och manager - Svenska Budo &amp; Kampsportsf\u00f6rbundet\",\"isPartOf\":{\"@id\":\"https:\/\/www.budokampsport.se\/#website\"},\"datePublished\":\"2013-12-19T08:07:43+00:00\",\"dateModified\":\"2016-12-06T21:36:36+00:00\",\"author\":{\"@id\":\"https:\/\/www.budokampsport.se\/#\/schema\/person\/5c06d81d14850e2a8ce5493386560145\"},\"description\":\"Budokampsport.ses popul\u00e4ra julnedr\u00e4kning forts\u00e4tter. Nedr\u00e4kning fr\u00e5n lucia fram till jul \u00e4r med olika kampsportsprofiler och hur dessa ska fira jul, hur de sett p\u00e5 2013 och hur deras n\u00e4stkommande \u00e5r ser ut att bli.\u00a0V\u00e5r n\u00e4sta profil \u00e4r MMANytt.ses\u00a0Mazdak Cavian.\",\"breadcrumb\":{\"@id\":\"https:\/\/www.budokampsport.se\/2013\/12\/19\/sa-firar-profilerna-jul-mazdak-cavian-mmanytt-se-och-manager\/#breadcrumb\"},\"inLanguage\":\"sv-SE\",\"potentialAction\":[{\"@type\":\"ReadAction\",\"target\":[\"https:\/\/www.budokampsport.se\/2013\/12\/19\/sa-firar-profilerna-jul-mazdak-cavian-mmanytt-se-och-manager\/\"]}]},{\"@type\":\"BreadcrumbList\",\"@id\":\"https:\/\/www.budokampsport.se\/2013\/12\/19\/sa-firar-profilerna-jul-mazdak-cavian-mmanytt-se-och-manager\/#breadcrumb\",\"itemListElement\":[{\"@type\":\"ListItem\",\"position\":1,\"name\":\"Hem\",\"item\":\"https:\/\/www.budokampsport.se\/\"},{\"@type\":\"ListItem\",\"position\":2,\"name\":\"S\u00e5 firar profilerna jul \u2013 Mazdak Cavian, MMANytt.se och manager\"}]},{\"@type\":\"WebSite\",\"@id\":\"https:\/\/www.budokampsport.se\/#website\",\"url\":\"https:\/\/www.budokampsport.se\/\",\"name\":\"Svenska Budo &amp; Kampsportsf\u00f6rbundet\",\"description\":\"T\u00e4vling, Tr\u00e4ning, Tradition\",\"potentialAction\":[{\"@type\":\"SearchAction\",\"target\":{\"@type\":\"EntryPoint\",\"urlTemplate\":\"https:\/\/www.budokampsport.se\/?s={search_term_string}\"},\"query-input\":{\"@type\":\"PropertyValueSpecification\",\"valueRequired\":true,\"valueName\":\"search_term_string\"}}],\"inLanguage\":\"sv-SE\"},{\"@type\":\"Person\",\"@id\":\"https:\/\/www.budokampsport.se\/#\/schema\/person\/5c06d81d14850e2a8ce5493386560145\",\"name\":\"Jonathan Broberg\",\"image\":{\"@type\":\"ImageObject\",\"inLanguage\":\"sv-SE\",\"@id\":\"https:\/\/www.budokampsport.se\/#\/schema\/person\/image\/\",\"url\":\"https:\/\/secure.gravatar.com\/avatar\/a58041c6cea9128bd9c40ee2f26d4136?s=96&d=blank&r=g\",\"contentUrl\":\"https:\/\/secure.gravatar.com\/avatar\/a58041c6cea9128bd9c40ee2f26d4136?s=96&d=blank&r=g\",\"caption\":\"Jonathan Broberg\"},\"sameAs\":[\"https:\/\/www.facebook.com\/jonathan.broberg.7\"],\"url\":\"https:\/\/www.budokampsport.se\/author\/jonathan\/\"}]}<\/script>\n<!-- \/ Yoast SEO plugin. -->","yoast_head_json":{"title":"S\u00e5 firar profilerna jul \u2013 Mazdak Cavian, MMANytt.se och manager - Svenska Budo &amp; Kampsportsf\u00f6rbundet","description":"Budokampsport.ses popul\u00e4ra julnedr\u00e4kning forts\u00e4tter. Nedr\u00e4kning fr\u00e5n lucia fram till jul \u00e4r med olika kampsportsprofiler och hur dessa ska fira jul, hur de sett p\u00e5 2013 och hur deras n\u00e4stkommande \u00e5r ser ut att bli.\u00a0V\u00e5r n\u00e4sta profil \u00e4r MMANytt.ses\u00a0Mazdak Cavian.","robots":{"index":"index","follow":"follow","max-snippet":"max-snippet:-1","max-image-preview":"max-image-preview:large","max-video-preview":"max-video-preview:-1"},"canonical":"https:\/\/www.budokampsport.se\/2013\/12\/19\/sa-firar-profilerna-jul-mazdak-cavian-mmanytt-se-och-manager\/","og_locale":"sv_SE","og_type":"article","og_title":"S\u00e5 firar profilerna jul \u2013 Mazdak Cavian, MMANytt.se och manager - Svenska Budo &amp; Kampsportsf\u00f6rbundet","og_description":"Budokampsport.ses popul\u00e4ra julnedr\u00e4kning forts\u00e4tter. Nedr\u00e4kning fr\u00e5n lucia fram till jul \u00e4r med olika kampsportsprofiler och hur dessa ska fira jul, hur de sett p\u00e5 2013 och hur deras n\u00e4stkommande \u00e5r ser ut att bli.\u00a0V\u00e5r n\u00e4sta profil \u00e4r MMANytt.ses\u00a0Mazdak Cavian.","og_url":"https:\/\/www.budokampsport.se\/2013\/12\/19\/sa-firar-profilerna-jul-mazdak-cavian-mmanytt-se-och-manager\/","og_site_name":"Svenska Budo &amp; Kampsportsf\u00f6rbundet","article_author":"https:\/\/www.facebook.com\/jonathan.broberg.7","article_published_time":"2013-12-19T08:07:43+00:00","article_modified_time":"2016-12-06T21:36:36+00:00","author":"Jonathan Broberg","twitter_card":"summary_large_image","twitter_misc":{"Skriven av":"Jonathan Broberg","Ber\u00e4knad l\u00e4stid":"2 minuter"},"schema":{"@context":"https:\/\/schema.org","@graph":[{"@type":"Article","@id":"https:\/\/www.budokampsport.se\/2013\/12\/19\/sa-firar-profilerna-jul-mazdak-cavian-mmanytt-se-och-manager\/#article","isPartOf":{"@id":"https:\/\/www.budokampsport.se\/2013\/12\/19\/sa-firar-profilerna-jul-mazdak-cavian-mmanytt-se-och-manager\/"},"author":{"name":"Jonathan Broberg","@id":"https:\/\/www.budokampsport.se\/#\/schema\/person\/5c06d81d14850e2a8ce5493386560145"},"headline":"S\u00e5 firar profilerna jul \u2013 Mazdak Cavian, MMANytt.se och manager","datePublished":"2013-12-19T08:07:43+00:00","dateModified":"2016-12-06T21:36:36+00:00","mainEntityOfPage":{"@id":"https:\/\/www.budokampsport.se\/2013\/12\/19\/sa-firar-profilerna-jul-mazdak-cavian-mmanytt-se-och-manager\/"},"wordCount":384,"inLanguage":"sv-SE"},{"@type":"WebPage","@id":"https:\/\/www.budokampsport.se\/2013\/12\/19\/sa-firar-profilerna-jul-mazdak-cavian-mmanytt-se-och-manager\/","url":"https:\/\/www.budokampsport.se\/2013\/12\/19\/sa-firar-profilerna-jul-mazdak-cavian-mmanytt-se-och-manager\/","name":"S\u00e5 firar profilerna jul \u2013 Mazdak Cavian, MMANytt.se och manager - Svenska Budo &amp; Kampsportsf\u00f6rbundet","isPartOf":{"@id":"https:\/\/www.budokampsport.se\/#website"},"datePublished":"2013-12-19T08:07:43+00:00","dateModified":"2016-12-06T21:36:36+00:00","author":{"@id":"https:\/\/www.budokampsport.se\/#\/schema\/person\/5c06d81d14850e2a8ce5493386560145"},"description":"Budokampsport.ses popul\u00e4ra julnedr\u00e4kning forts\u00e4tter. Nedr\u00e4kning fr\u00e5n lucia fram till jul \u00e4r med olika kampsportsprofiler och hur dessa ska fira jul, hur de sett p\u00e5 2013 och hur deras n\u00e4stkommande \u00e5r ser ut att bli.\u00a0V\u00e5r n\u00e4sta profil \u00e4r MMANytt.ses\u00a0Mazdak Cavian.","breadcrumb":{"@id":"https:\/\/www.budokampsport.se\/2013\/12\/19\/sa-firar-profilerna-jul-mazdak-cavian-mmanytt-se-och-manager\/#breadcrumb"},"inLanguage":"sv-SE","potentialAction":[{"@type":"ReadAction","target":["https:\/\/www.budokampsport.se\/2013\/12\/19\/sa-firar-profilerna-jul-mazdak-cavian-mmanytt-se-och-manager\/"]}]},{"@type":"BreadcrumbList","@id":"https:\/\/www.budokampsport.se\/2013\/12\/19\/sa-firar-profilerna-jul-mazdak-cavian-mmanytt-se-och-manager\/#breadcrumb","itemListElement":[{"@type":"ListItem","position":1,"name":"Hem","item":"https:\/\/www.budokampsport.se\/"},{"@type":"ListItem","position":2,"name":"S\u00e5 firar profilerna jul \u2013 Mazdak Cavian, MMANytt.se och manager"}]},{"@type":"WebSite","@id":"https:\/\/www.budokampsport.se\/#website","url":"https:\/\/www.budokampsport.se\/","name":"Svenska Budo &amp; Kampsportsf\u00f6rbundet","description":"T\u00e4vling, Tr\u00e4ning, Tradition","potentialAction":[{"@type":"SearchAction","target":{"@type":"EntryPoint","urlTemplate":"https:\/\/www.budokampsport.se\/?s={search_term_string}"},"query-input":{"@type":"PropertyValueSpecification","valueRequired":true,"valueName":"search_term_string"}}],"inLanguage":"sv-SE"},{"@type":"Person","@id":"https:\/\/www.budokampsport.se\/#\/schema\/person\/5c06d81d14850e2a8ce5493386560145","name":"Jonathan Broberg","image":{"@type":"ImageObject","inLanguage":"sv-SE","@id":"https:\/\/www.budokampsport.se\/#\/schema\/person\/image\/","url":"https:\/\/secure.gravatar.com\/avatar\/a58041c6cea9128bd9c40ee2f26d4136?s=96&d=blank&r=g","contentUrl":"https:\/\/secure.gravatar.com\/avatar\/a58041c6cea9128bd9c40ee2f26d4136?s=96&d=blank&r=g","caption":"Jonathan Broberg"},"sameAs":["https:\/\/www.facebook.com\/jonathan.broberg.7"],"url":"https:\/\/www.budokampsport.se\/author\/jonathan\/"}]}},"_links":{"self":[{"href":"https:\/\/www.budokampsport.se\/api\/wp\/v2\/posts\/4813","targetHints":{"allow":["GET"]}}],"collection":[{"href":"https:\/\/www.budokampsport.se\/api\/wp\/v2\/posts"}],"about":[{"href":"https:\/\/www.budokampsport.se\/api\/wp\/v2\/types\/post"}],"author":[{"embeddable":true,"href":"https:\/\/www.budokampsport.se\/api\/wp\/v2\/users\/7"}],"replies":[{"embeddable":true,"href":"https:\/\/www.budokampsport.se\/api\/wp\/v2\/comments?post=4813"}],"version-history":[{"count":0,"href":"https:\/\/www.budokampsport.se\/api\/wp\/v2\/posts\/4813\/revisions"}],"wp:attachment":[{"href":"https:\/\/www.budokampsport.se\/api\/wp\/v2\/media?parent=4813"}],"wp:term":[{"taxonomy":"category","embeddable":true,"href":"https:\/\/www.budokampsport.se\/api\/wp\/v2\/categories?post=4813"},{"taxonomy":"post_tag","embeddable":true,"href":"https:\/\/www.budokampsport.se\/api\/wp\/v2\/tags?post=4813"}],"curies":[{"name":"wp","href":"https:\/\/api.w.org\/{rel}","templated":true}]}}