{"id":4815,"date":"2013-12-23T09:07:09","date_gmt":"2013-12-23T08:07:09","guid":{"rendered":"http:\/\/budo.wordpress.dev\/2013\/12\/23\/sa-firar-profilerna-jul-caroline-ovren-iaido\/"},"modified":"2016-12-06T22:36:36","modified_gmt":"2016-12-06T21:36:36","slug":"sa-firar-profilerna-jul-caroline-ovren-iaido","status":"publish","type":"post","link":"https:\/\/www.budokampsport.se\/2013\/12\/23\/sa-firar-profilerna-jul-caroline-ovren-iaido\/","title":{"rendered":"S\u00e5 firar profilerna jul &#8211; Caroline Ovr\u00e9n, iaido"},"content":{"rendered":"<p><strong>Det \u00e4r dan f\u00f6re dopparedagen. Det \u00e4r ledighet och det \u00e4r mycket som ska fixas till. D\u00e4rf\u00f6r bjuder vi p\u00e5 tre profiler i dagens julnedr\u00e4kning.Vi b\u00f6rjar med iaidons landslagsmanager Caroline Ovr\u00e9n.<\/strong><!--break--><\/p>\n<p>Caroline Ovr\u00e9n \u00e4r landslagsmanager i iaido. En i Sverige f\u00f6rh\u00e5llandevis liten idrott men med otaliga internationella m\u00e4sterskapsframg\u00e5ngar de senaste \u00e5ren. Ovr\u00e9n har fr\u00e5n sin managerposition f\u00e5tt ihop landslaget p\u00e5 ett m\u00e4kta imponerande s\u00e4tt.<\/p>\n<p>Sverige \u00e4r en stornation n\u00e4r det g\u00e4ller m\u00e4sterskapsframg\u00e5ngar, och det \u00e4r i princip s\u00e5 att alla som \u00e4r uttagna i landslaget per automatik ocks\u00e5 sk\u00f6vlar internationella framg\u00e5ngar.<\/p>\n<p><strong>Caroline, om du ser tillbaka p\u00e5 2013, hur har det \u00e5ret varit f\u00f6r dig b\u00e5de personligt och idrottsligt?<\/strong><br \/>\u00a0\u00a0 &#8211;\u00a02013 har varit ett toppen\u00e5r, \u00e5tminstone motivationsm\u00e4ssigt. Jag har haft mycket annat som kr\u00e4vt mycket tid och uppm\u00e4rksamhet utanf\u00f6r dojon, och tvekade lite f\u00f6r om jag verkligen skulle ha tid att st\u00e4lla som manager n\u00e4r jag blev tillfr\u00e5gad under vintern 2012\/2013. Men jag har verkligen inte \u00e5ngrat att jag sa ja, det har varit hur kul som helst och tr\u00e4nings- och t\u00e4vlingspeppen har bara \u00f6kat ju l\u00e4ngre \u00e5ret gott.<\/p>\n<p><strong><img decoding=\"async\" alt=\"\" src=\"\/sites\/default\/files\/caroline_0.jpg\" style=\"height:289px; width:435px\"><\/p>\n<p>Hur kommer du att fira julen?<\/strong><br \/>\u00a0 \u00a0&#8211; Jag kommer fira med min mans familj, vilket brukar inneb\u00e4ra ambiti\u00f6sa pepparkakshus som inte s\u00e4llan f\u00e4rdigst\u00e4lls f\u00f6rst p\u00e5 julafton. Det ska bli sk\u00f6nt med lite andningspaus fr\u00e5n allt annat. Jag har bl a t\u00e4nkt sticka mig ett par ylletabi f\u00f6r kalla vinterdagar i dojon, s\u00e5 budon \u00e4r aldrig l\u00e5ngt borta.<\/p>\n<p><strong>Vad \u00f6nskar du dig mest av allt i julklapp?<\/strong><br \/>\u00a0 \u00a0&#8211; Julklappar k\u00e4nns inte s\u00e5 viktigt just i \u00e5r, \u00f6nskelista skrev jag f\u00f6rst i f\u00f6rra veckan efter p\u00e5tryckningar fr\u00e5n familjen. Mest vill jag ha n\u00e5gra lugna och sk\u00f6na dagar, men om jag m\u00e5ste \u00f6nska mig n\u00e5got s\u00e5 g\u00e5r jag och hoppas p\u00e5 att ett l\u00e4mpligt graderingstillf\u00e4lle ska planeras in under v\u00e5ren&#8230;<\/p>\n<p><strong>Har du n\u00e5got ny\u00e5rsl\u00f6fte, i s\u00e5 fall vad och varf\u00f6r?<\/strong><br \/>\u00a0 \u00a0&#8211; Jag brukar inte avge ny\u00e5rsl\u00f6ften, mest f\u00f6r att jag \u00e4nd\u00e5 brukar gl\u00f6mma bort dem ganska snabbt. Men m\u00e5ls\u00e4ttningar har jag massor.<\/p>\n<p><strong>Om du blickar fram mot 2014, vad tror du om det \u00e5ret b\u00e5de personligt och idrottsligt?<br \/>\u00a0\u00a0 &#8211;\u00a0<\/strong>Jag tror och hoppas att 2014 kommer att bli \u00e4nnu ett toppen\u00e5r! F\u00f6r landslagets del har vi en otroligt bra rekryteringsbas och jag avundas verkligen inte coacherna som ska beh\u00f6va v\u00e4lja ut landslagsdeltagarna bland dessa. Som manager har jag ocks\u00e5 en bra bas att st\u00e5 p\u00e5 i och med allt det arbete som min f\u00f6reg\u00e5ngare Caiza Alm\u00e9n Wranning lagt ner p\u00e5 att bygga upp landslagsverksamheten de senaste \u00e5ren. Fr\u00e5n och med innevarande \u00e5r \u00e4r vi dessutom alltid tv\u00e5 managers som jobbar parallellt, vilket k\u00e4nns j\u00e4ttesk\u00f6nt,\u00a0Johan R\u00f6nndahl som kommer fungera som assisterande manager under 2014 \u00e4r en klippa s\u00e5 vi ska nog kunna ro hamn det mesta.<br \/>\u00a0\u00a0 &#8211;\u00a0Det kommer bli mycket att g\u00f6ra helt klart, inte bara med landslaget utan \u00e4ven med att arrangera iaido-SM i Link\u00f6ping i maj och p\u00e5 ett personligt plan. Kalendern b\u00f6rjar redan bli ganska fulltecknad, men allt som st\u00e5r d\u00e4r \u00e4r s\u00e5 roligt att jag tror att det ska g\u00e5 bra. Vi har ett (med iaidom\u00e5tt m\u00e4tt) stort och dedikerat g\u00e4ng som tr\u00e4nar mycket hemma i klubben just nu, och det ger mig mycket energi.<\/p>\n<p>Budokampsport.se \u00f6nskar Caroline all lycka fram \u00f6ver och en riktigt god jul och ett gott nytt \u00e5r.\u00a0<\/p>\n<p>Text: Jonathan Broberg<br \/>Foto: Peter H\u00f6glund<\/p>\n","protected":false},"excerpt":{"rendered":"<p><strong>Det \u00e4r dan f\u00f6re dopparedagen. Det \u00e4r ledighet och det \u00e4r mycket som ska fixas till. D\u00e4rf\u00f6r bjuder vi p\u00e5 tre profiler i dagens julnedr\u00e4kning.Vi b\u00f6rjar med iaidons landslagsmanager Caroline Ovr\u00e9n.<\/strong><\/p><br>","protected":false},"author":7,"featured_media":0,"comment_status":"closed","ping_status":"closed","sticky":false,"template":"","format":"standard","meta":{"_acf_changed":false,"footnotes":""},"categories":[1],"tags":[],"class_list":["post-4815","post","type-post","status-publish","format-standard","hentry","category-okategoriserade"],"acf":[],"yoast_head":"<!-- This site is optimized with the Yoast SEO plugin v26.8 - https:\/\/yoast.com\/product\/yoast-seo-wordpress\/ -->\n<title>S\u00e5 firar profilerna jul - Caroline Ovr\u00e9n, iaido - Svenska Budo &amp; Kampsportsf\u00f6rbundet<\/title>\n<meta name=\"description\" content=\"Det \u00e4r dan f\u00f6re dopparedagen. Det \u00e4r ledighet och det \u00e4r mycket som ska fixas till. D\u00e4rf\u00f6r bjuder vi p\u00e5 tre profiler i dagens julnedr\u00e4kning.Vi b\u00f6rjar med iaidons landslagsmanager Caroline Ovr\u00e9n.\" \/>\n<meta name=\"robots\" content=\"index, follow, max-snippet:-1, max-image-preview:large, max-video-preview:-1\" \/>\n<link rel=\"canonical\" href=\"https:\/\/www.budokampsport.se\/2013\/12\/23\/sa-firar-profilerna-jul-caroline-ovren-iaido\/\" \/>\n<meta property=\"og:locale\" content=\"sv_SE\" \/>\n<meta property=\"og:type\" content=\"article\" \/>\n<meta property=\"og:title\" content=\"S\u00e5 firar profilerna jul - Caroline Ovr\u00e9n, iaido - Svenska Budo &amp; Kampsportsf\u00f6rbundet\" \/>\n<meta property=\"og:description\" content=\"Det \u00e4r dan f\u00f6re dopparedagen. Det \u00e4r ledighet och det \u00e4r mycket som ska fixas till. D\u00e4rf\u00f6r bjuder vi p\u00e5 tre profiler i dagens julnedr\u00e4kning.Vi b\u00f6rjar med iaidons landslagsmanager Caroline Ovr\u00e9n.\" \/>\n<meta property=\"og:url\" content=\"https:\/\/www.budokampsport.se\/2013\/12\/23\/sa-firar-profilerna-jul-caroline-ovren-iaido\/\" \/>\n<meta property=\"og:site_name\" content=\"Svenska Budo &amp; Kampsportsf\u00f6rbundet\" \/>\n<meta property=\"article:author\" content=\"https:\/\/www.facebook.com\/jonathan.broberg.7\" \/>\n<meta property=\"article:published_time\" content=\"2013-12-23T08:07:09+00:00\" \/>\n<meta property=\"article:modified_time\" content=\"2016-12-06T21:36:36+00:00\" \/>\n<meta name=\"author\" content=\"Jonathan Broberg\" \/>\n<meta name=\"twitter:card\" content=\"summary_large_image\" \/>\n<meta name=\"twitter:label1\" content=\"Skriven av\" \/>\n\t<meta name=\"twitter:data1\" content=\"Jonathan Broberg\" \/>\n\t<meta name=\"twitter:label2\" content=\"Ber\u00e4knad l\u00e4stid\" \/>\n\t<meta name=\"twitter:data2\" content=\"3 minuter\" \/>\n<script type=\"application\/ld+json\" class=\"yoast-schema-graph\">{\"@context\":\"https:\/\/schema.org\",\"@graph\":[{\"@type\":\"Article\",\"@id\":\"https:\/\/www.budokampsport.se\/2013\/12\/23\/sa-firar-profilerna-jul-caroline-ovren-iaido\/#article\",\"isPartOf\":{\"@id\":\"https:\/\/www.budokampsport.se\/2013\/12\/23\/sa-firar-profilerna-jul-caroline-ovren-iaido\/\"},\"author\":{\"name\":\"Jonathan Broberg\",\"@id\":\"https:\/\/www.budokampsport.se\/#\/schema\/person\/5c06d81d14850e2a8ce5493386560145\"},\"headline\":\"S\u00e5 firar profilerna jul &#8211; Caroline Ovr\u00e9n, iaido\",\"datePublished\":\"2013-12-23T08:07:09+00:00\",\"dateModified\":\"2016-12-06T21:36:36+00:00\",\"mainEntityOfPage\":{\"@id\":\"https:\/\/www.budokampsport.se\/2013\/12\/23\/sa-firar-profilerna-jul-caroline-ovren-iaido\/\"},\"wordCount\":646,\"inLanguage\":\"sv-SE\"},{\"@type\":\"WebPage\",\"@id\":\"https:\/\/www.budokampsport.se\/2013\/12\/23\/sa-firar-profilerna-jul-caroline-ovren-iaido\/\",\"url\":\"https:\/\/www.budokampsport.se\/2013\/12\/23\/sa-firar-profilerna-jul-caroline-ovren-iaido\/\",\"name\":\"S\u00e5 firar profilerna jul - Caroline Ovr\u00e9n, iaido - Svenska Budo &amp; Kampsportsf\u00f6rbundet\",\"isPartOf\":{\"@id\":\"https:\/\/www.budokampsport.se\/#website\"},\"datePublished\":\"2013-12-23T08:07:09+00:00\",\"dateModified\":\"2016-12-06T21:36:36+00:00\",\"author\":{\"@id\":\"https:\/\/www.budokampsport.se\/#\/schema\/person\/5c06d81d14850e2a8ce5493386560145\"},\"description\":\"Det \u00e4r dan f\u00f6re dopparedagen. Det \u00e4r ledighet och det \u00e4r mycket som ska fixas till. D\u00e4rf\u00f6r bjuder vi p\u00e5 tre profiler i dagens julnedr\u00e4kning.Vi b\u00f6rjar med iaidons landslagsmanager Caroline Ovr\u00e9n.\",\"breadcrumb\":{\"@id\":\"https:\/\/www.budokampsport.se\/2013\/12\/23\/sa-firar-profilerna-jul-caroline-ovren-iaido\/#breadcrumb\"},\"inLanguage\":\"sv-SE\",\"potentialAction\":[{\"@type\":\"ReadAction\",\"target\":[\"https:\/\/www.budokampsport.se\/2013\/12\/23\/sa-firar-profilerna-jul-caroline-ovren-iaido\/\"]}]},{\"@type\":\"BreadcrumbList\",\"@id\":\"https:\/\/www.budokampsport.se\/2013\/12\/23\/sa-firar-profilerna-jul-caroline-ovren-iaido\/#breadcrumb\",\"itemListElement\":[{\"@type\":\"ListItem\",\"position\":1,\"name\":\"Hem\",\"item\":\"https:\/\/www.budokampsport.se\/\"},{\"@type\":\"ListItem\",\"position\":2,\"name\":\"S\u00e5 firar profilerna jul &#8211; Caroline Ovr\u00e9n, iaido\"}]},{\"@type\":\"WebSite\",\"@id\":\"https:\/\/www.budokampsport.se\/#website\",\"url\":\"https:\/\/www.budokampsport.se\/\",\"name\":\"Svenska Budo &amp; Kampsportsf\u00f6rbundet\",\"description\":\"T\u00e4vling, Tr\u00e4ning, Tradition\",\"potentialAction\":[{\"@type\":\"SearchAction\",\"target\":{\"@type\":\"EntryPoint\",\"urlTemplate\":\"https:\/\/www.budokampsport.se\/?s={search_term_string}\"},\"query-input\":{\"@type\":\"PropertyValueSpecification\",\"valueRequired\":true,\"valueName\":\"search_term_string\"}}],\"inLanguage\":\"sv-SE\"},{\"@type\":\"Person\",\"@id\":\"https:\/\/www.budokampsport.se\/#\/schema\/person\/5c06d81d14850e2a8ce5493386560145\",\"name\":\"Jonathan Broberg\",\"image\":{\"@type\":\"ImageObject\",\"inLanguage\":\"sv-SE\",\"@id\":\"https:\/\/www.budokampsport.se\/#\/schema\/person\/image\/\",\"url\":\"https:\/\/secure.gravatar.com\/avatar\/a58041c6cea9128bd9c40ee2f26d4136?s=96&d=blank&r=g\",\"contentUrl\":\"https:\/\/secure.gravatar.com\/avatar\/a58041c6cea9128bd9c40ee2f26d4136?s=96&d=blank&r=g\",\"caption\":\"Jonathan Broberg\"},\"sameAs\":[\"https:\/\/www.facebook.com\/jonathan.broberg.7\"],\"url\":\"https:\/\/www.budokampsport.se\/author\/jonathan\/\"}]}<\/script>\n<!-- \/ Yoast SEO plugin. -->","yoast_head_json":{"title":"S\u00e5 firar profilerna jul - Caroline Ovr\u00e9n, iaido - Svenska Budo &amp; Kampsportsf\u00f6rbundet","description":"Det \u00e4r dan f\u00f6re dopparedagen. Det \u00e4r ledighet och det \u00e4r mycket som ska fixas till. D\u00e4rf\u00f6r bjuder vi p\u00e5 tre profiler i dagens julnedr\u00e4kning.Vi b\u00f6rjar med iaidons landslagsmanager Caroline Ovr\u00e9n.","robots":{"index":"index","follow":"follow","max-snippet":"max-snippet:-1","max-image-preview":"max-image-preview:large","max-video-preview":"max-video-preview:-1"},"canonical":"https:\/\/www.budokampsport.se\/2013\/12\/23\/sa-firar-profilerna-jul-caroline-ovren-iaido\/","og_locale":"sv_SE","og_type":"article","og_title":"S\u00e5 firar profilerna jul - Caroline Ovr\u00e9n, iaido - Svenska Budo &amp; Kampsportsf\u00f6rbundet","og_description":"Det \u00e4r dan f\u00f6re dopparedagen. Det \u00e4r ledighet och det \u00e4r mycket som ska fixas till. D\u00e4rf\u00f6r bjuder vi p\u00e5 tre profiler i dagens julnedr\u00e4kning.Vi b\u00f6rjar med iaidons landslagsmanager Caroline Ovr\u00e9n.","og_url":"https:\/\/www.budokampsport.se\/2013\/12\/23\/sa-firar-profilerna-jul-caroline-ovren-iaido\/","og_site_name":"Svenska Budo &amp; Kampsportsf\u00f6rbundet","article_author":"https:\/\/www.facebook.com\/jonathan.broberg.7","article_published_time":"2013-12-23T08:07:09+00:00","article_modified_time":"2016-12-06T21:36:36+00:00","author":"Jonathan Broberg","twitter_card":"summary_large_image","twitter_misc":{"Skriven av":"Jonathan Broberg","Ber\u00e4knad l\u00e4stid":"3 minuter"},"schema":{"@context":"https:\/\/schema.org","@graph":[{"@type":"Article","@id":"https:\/\/www.budokampsport.se\/2013\/12\/23\/sa-firar-profilerna-jul-caroline-ovren-iaido\/#article","isPartOf":{"@id":"https:\/\/www.budokampsport.se\/2013\/12\/23\/sa-firar-profilerna-jul-caroline-ovren-iaido\/"},"author":{"name":"Jonathan Broberg","@id":"https:\/\/www.budokampsport.se\/#\/schema\/person\/5c06d81d14850e2a8ce5493386560145"},"headline":"S\u00e5 firar profilerna jul &#8211; Caroline Ovr\u00e9n, iaido","datePublished":"2013-12-23T08:07:09+00:00","dateModified":"2016-12-06T21:36:36+00:00","mainEntityOfPage":{"@id":"https:\/\/www.budokampsport.se\/2013\/12\/23\/sa-firar-profilerna-jul-caroline-ovren-iaido\/"},"wordCount":646,"inLanguage":"sv-SE"},{"@type":"WebPage","@id":"https:\/\/www.budokampsport.se\/2013\/12\/23\/sa-firar-profilerna-jul-caroline-ovren-iaido\/","url":"https:\/\/www.budokampsport.se\/2013\/12\/23\/sa-firar-profilerna-jul-caroline-ovren-iaido\/","name":"S\u00e5 firar profilerna jul - Caroline Ovr\u00e9n, iaido - Svenska Budo &amp; Kampsportsf\u00f6rbundet","isPartOf":{"@id":"https:\/\/www.budokampsport.se\/#website"},"datePublished":"2013-12-23T08:07:09+00:00","dateModified":"2016-12-06T21:36:36+00:00","author":{"@id":"https:\/\/www.budokampsport.se\/#\/schema\/person\/5c06d81d14850e2a8ce5493386560145"},"description":"Det \u00e4r dan f\u00f6re dopparedagen. Det \u00e4r ledighet och det \u00e4r mycket som ska fixas till. D\u00e4rf\u00f6r bjuder vi p\u00e5 tre profiler i dagens julnedr\u00e4kning.Vi b\u00f6rjar med iaidons landslagsmanager Caroline Ovr\u00e9n.","breadcrumb":{"@id":"https:\/\/www.budokampsport.se\/2013\/12\/23\/sa-firar-profilerna-jul-caroline-ovren-iaido\/#breadcrumb"},"inLanguage":"sv-SE","potentialAction":[{"@type":"ReadAction","target":["https:\/\/www.budokampsport.se\/2013\/12\/23\/sa-firar-profilerna-jul-caroline-ovren-iaido\/"]}]},{"@type":"BreadcrumbList","@id":"https:\/\/www.budokampsport.se\/2013\/12\/23\/sa-firar-profilerna-jul-caroline-ovren-iaido\/#breadcrumb","itemListElement":[{"@type":"ListItem","position":1,"name":"Hem","item":"https:\/\/www.budokampsport.se\/"},{"@type":"ListItem","position":2,"name":"S\u00e5 firar profilerna jul &#8211; Caroline Ovr\u00e9n, iaido"}]},{"@type":"WebSite","@id":"https:\/\/www.budokampsport.se\/#website","url":"https:\/\/www.budokampsport.se\/","name":"Svenska Budo &amp; Kampsportsf\u00f6rbundet","description":"T\u00e4vling, Tr\u00e4ning, Tradition","potentialAction":[{"@type":"SearchAction","target":{"@type":"EntryPoint","urlTemplate":"https:\/\/www.budokampsport.se\/?s={search_term_string}"},"query-input":{"@type":"PropertyValueSpecification","valueRequired":true,"valueName":"search_term_string"}}],"inLanguage":"sv-SE"},{"@type":"Person","@id":"https:\/\/www.budokampsport.se\/#\/schema\/person\/5c06d81d14850e2a8ce5493386560145","name":"Jonathan Broberg","image":{"@type":"ImageObject","inLanguage":"sv-SE","@id":"https:\/\/www.budokampsport.se\/#\/schema\/person\/image\/","url":"https:\/\/secure.gravatar.com\/avatar\/a58041c6cea9128bd9c40ee2f26d4136?s=96&d=blank&r=g","contentUrl":"https:\/\/secure.gravatar.com\/avatar\/a58041c6cea9128bd9c40ee2f26d4136?s=96&d=blank&r=g","caption":"Jonathan Broberg"},"sameAs":["https:\/\/www.facebook.com\/jonathan.broberg.7"],"url":"https:\/\/www.budokampsport.se\/author\/jonathan\/"}]}},"_links":{"self":[{"href":"https:\/\/www.budokampsport.se\/api\/wp\/v2\/posts\/4815","targetHints":{"allow":["GET"]}}],"collection":[{"href":"https:\/\/www.budokampsport.se\/api\/wp\/v2\/posts"}],"about":[{"href":"https:\/\/www.budokampsport.se\/api\/wp\/v2\/types\/post"}],"author":[{"embeddable":true,"href":"https:\/\/www.budokampsport.se\/api\/wp\/v2\/users\/7"}],"replies":[{"embeddable":true,"href":"https:\/\/www.budokampsport.se\/api\/wp\/v2\/comments?post=4815"}],"version-history":[{"count":0,"href":"https:\/\/www.budokampsport.se\/api\/wp\/v2\/posts\/4815\/revisions"}],"wp:attachment":[{"href":"https:\/\/www.budokampsport.se\/api\/wp\/v2\/media?parent=4815"}],"wp:term":[{"taxonomy":"category","embeddable":true,"href":"https:\/\/www.budokampsport.se\/api\/wp\/v2\/categories?post=4815"},{"taxonomy":"post_tag","embeddable":true,"href":"https:\/\/www.budokampsport.se\/api\/wp\/v2\/tags?post=4815"}],"curies":[{"name":"wp","href":"https:\/\/api.w.org\/{rel}","templated":true}]}}