{"id":4821,"date":"2014-01-07T17:40:34","date_gmt":"2014-01-07T16:40:34","guid":{"rendered":"http:\/\/budo.wordpress.dev\/2014\/01\/07\/infor-sm-i-ju-jutsu-antligen-far-sara-widgren-match-pa-svensk-mark\/"},"modified":"2016-12-06T22:36:38","modified_gmt":"2016-12-06T21:36:38","slug":"infor-sm-i-ju-jutsu-antligen-far-sara-widgren-match-pa-svensk-mark","status":"publish","type":"post","link":"https:\/\/www.budokampsport.se\/2014\/01\/07\/infor-sm-i-ju-jutsu-antligen-far-sara-widgren-match-pa-svensk-mark\/","title":{"rendered":"Inf\u00f6r SM i ju-jutsu: \u00e4ntligen f\u00e5r Sara Widgren match p\u00e5 svensk mark"},"content":{"rendered":"<p><strong><img decoding=\"async\" alt=\"\" src=\"\/sites\/default\/files\/sara_brons.gif\" style=\"height:290px; width:435px\"><br \/>Det \u00e4r mindre \u00e4n tv\u00e5 veckor kvar till SM-veckan i Ume\u00e5. D\u00e4r kommer f\u00f6r f\u00f6rsta g\u00e5ngen ju-jutsu att vara med p\u00e5 programmet och t\u00e4vlingarna kommer att s\u00e4ndas direkt i SVT Play. En som verkligen ser fram emot SM \u00e4r Sara Widgren.<br \/>\u00a0\u00a0 &#8211; Jag har inte haft motst\u00e5nd i SM p\u00e5 ett par \u00e5r, s\u00e5 det \u00e4r verkligen kul att f\u00e5 match p\u00e5 svensk mark igen, s\u00e4ger hon till budokampsport.se.<\/strong><!--break--><\/p>\n<p>Sara Widgren har de senaste \u00e5ren positionerat sig i v\u00e4rldstoppen inom ju-jutsu. Och fjol\u00e5ret gjorde hon ingen besviken \u2013 de stora t\u00e4vlingsframg\u00e5ngarna avl\u00f6ste varandra.<\/p>\n<p>Nu ska Sara Widgren ocks\u00e5 lyckas p\u00e5 svensk mark. Det var n\u00e4mligen ett tag sedan hon fick match p\u00e5 ett svenskt m\u00e4sterskap, adekvat motst\u00e5nd har helt enkelt saknats.<br \/>\u00a0\u00a0 &#8211;\u00a0 Det \u00e4r tv\u00e5 tjejer i min viktklass som f\u00f6rutom mig \u00e4r anm\u00e4lda, en ifr\u00e5n Ume\u00e5 och en ifr\u00e5n V\u00e4xj\u00f6. Jag vet faktiskt inte s\u00e5 mycket mer om dem \u00e4n s\u00e5, men det \u00e4r v\u00e4ldigt roligt att det kommer fram nya ansikten inom sporten.<\/p>\n<p>Widgren har precis kommit tillbaka fr\u00e5n ett l\u00e4ger, Swedish Combat camp, d\u00e4r uppladdningen inf\u00f6r SM tagit form.<br \/>\u00a0\u00a0 &#8211; Det var ett bra l\u00e4ger, jag har innan dess faktiskt inte t\u00e4nkt s\u00e5 mycket p\u00e5 SM. Det \u00e4r som vilken t\u00e4vling som helst, men det ska bli v\u00e4ldigt roligt k\u00e4nner jag nu att f\u00e5 t\u00e4vla.<\/p>\n<p><strong>Stora m\u00e5let &#8211; VM i Paris<\/strong><br \/>2013 var ett massivt t\u00e4vlings\u00e5r f\u00f6r Widgren, med b\u00e5de World Games och World Combat Games. 2014 ser ut att bli mindre t\u00e4vlingsintensiv \u2013 och d\u00e4rf\u00f6r blir s\u00e4songsskissen lite annorlunda tecknad \u00e4n fjol\u00e5rets.<br \/>\u00a0\u00a0 &#8211; Jag kommer, som det ser ut, g\u00e5 upp i tr\u00e4ningsm\u00e4ngd som kompensation f\u00f6r f\u00e4rre t\u00e4vlingar. Det stora m\u00e5let \u00e4r VM i Paris som avg\u00f6rs under h\u00f6sten. Men sedan har jag en del andra grejer inplanerade, bland annat ska jag \u00e5ka Vasaloppet och s\u00e5 siktar jag ocks\u00e5 p\u00e5 V\u00e4tternrundan, avslutar hon.<\/p>\n<p>Text och foto: Jonathan Broberg<\/p>\n","protected":false},"excerpt":{"rendered":"<p><strong><img decoding=\"async\" alt=\"\" src=\"\/sites\/default\/files\/sara_brons.gif\" style=\"height:290px; width:435px\"><br \/>Det \u00e4r mindre \u00e4n tv\u00e5 veckor kvar till SM-veckan i Ume\u00e5. D\u00e4r kommer f\u00f6r f\u00f6rsta g\u00e5ngen ju-jutsu att vara med p\u00e5 programmet och t\u00e4vlingarna kommer att s\u00e4ndas direkt i SVT Play. En som verkligen ser fram emot SM \u00e4r Sara Widgren.<br \/>\u00a0\u00a0 &#8211; Jag har inte haft motst\u00e5nd i SM p\u00e5 ett par \u00e5r, s\u00e5 det \u00e4r verkligen kul att f\u00e5 match p\u00e5 svensk mark igen, s\u00e4ger hon till budokampsport.se.<\/strong><\/p><br>","protected":false},"author":7,"featured_media":0,"comment_status":"closed","ping_status":"closed","sticky":false,"template":"","format":"standard","meta":{"_acf_changed":false,"footnotes":""},"categories":[1],"tags":[],"class_list":["post-4821","post","type-post","status-publish","format-standard","hentry","category-okategoriserade"],"acf":[],"yoast_head":"<!-- This site is optimized with the Yoast SEO plugin v26.8 - https:\/\/yoast.com\/product\/yoast-seo-wordpress\/ -->\n<title>Inf\u00f6r SM i ju-jutsu: \u00e4ntligen f\u00e5r Sara Widgren match p\u00e5 svensk mark - Svenska Budo &amp; Kampsportsf\u00f6rbundet<\/title>\n<meta name=\"description\" content=\"Det \u00e4r mindre \u00e4n tv\u00e5 veckor kvar till SM-veckan i Ume\u00e5. D\u00e4r kommer f\u00f6r f\u00f6rsta g\u00e5ngen ju-jutsu att vara med p\u00e5 programmet och t\u00e4vlingarna kommer att s\u00e4ndas direkt i SVT Play. En som verkligen ser fram emot SM \u00e4r Sara Widgren.\u00a0\u00a0 - Jag har inte haft motst\u00e5nd i SM p\u00e5 ett par \u00e5r, s\u00e5 det \u00e4r verkligen kul att f\u00e5 match p\u00e5 svensk mark igen, s\u00e4ger hon till budokampsport.se.\" \/>\n<meta name=\"robots\" content=\"index, follow, max-snippet:-1, max-image-preview:large, max-video-preview:-1\" \/>\n<link rel=\"canonical\" href=\"https:\/\/www.budokampsport.se\/2014\/01\/07\/infor-sm-i-ju-jutsu-antligen-far-sara-widgren-match-pa-svensk-mark\/\" \/>\n<meta property=\"og:locale\" content=\"sv_SE\" \/>\n<meta property=\"og:type\" content=\"article\" \/>\n<meta property=\"og:title\" content=\"Inf\u00f6r SM i ju-jutsu: \u00e4ntligen f\u00e5r Sara Widgren match p\u00e5 svensk mark - Svenska Budo &amp; Kampsportsf\u00f6rbundet\" \/>\n<meta property=\"og:description\" content=\"Det \u00e4r mindre \u00e4n tv\u00e5 veckor kvar till SM-veckan i Ume\u00e5. D\u00e4r kommer f\u00f6r f\u00f6rsta g\u00e5ngen ju-jutsu att vara med p\u00e5 programmet och t\u00e4vlingarna kommer att s\u00e4ndas direkt i SVT Play. En som verkligen ser fram emot SM \u00e4r Sara Widgren.\u00a0\u00a0 - Jag har inte haft motst\u00e5nd i SM p\u00e5 ett par \u00e5r, s\u00e5 det \u00e4r verkligen kul att f\u00e5 match p\u00e5 svensk mark igen, s\u00e4ger hon till budokampsport.se.\" \/>\n<meta property=\"og:url\" content=\"https:\/\/www.budokampsport.se\/2014\/01\/07\/infor-sm-i-ju-jutsu-antligen-far-sara-widgren-match-pa-svensk-mark\/\" \/>\n<meta property=\"og:site_name\" content=\"Svenska Budo &amp; Kampsportsf\u00f6rbundet\" \/>\n<meta property=\"article:author\" content=\"https:\/\/www.facebook.com\/jonathan.broberg.7\" \/>\n<meta property=\"article:published_time\" content=\"2014-01-07T16:40:34+00:00\" \/>\n<meta property=\"article:modified_time\" content=\"2016-12-06T21:36:38+00:00\" \/>\n<meta name=\"author\" content=\"Jonathan Broberg\" \/>\n<meta name=\"twitter:card\" content=\"summary_large_image\" \/>\n<meta name=\"twitter:label1\" content=\"Skriven av\" \/>\n\t<meta name=\"twitter:data1\" content=\"Jonathan Broberg\" \/>\n\t<meta name=\"twitter:label2\" content=\"Ber\u00e4knad l\u00e4stid\" \/>\n\t<meta name=\"twitter:data2\" content=\"2 minuter\" \/>\n<script type=\"application\/ld+json\" class=\"yoast-schema-graph\">{\"@context\":\"https:\/\/schema.org\",\"@graph\":[{\"@type\":\"Article\",\"@id\":\"https:\/\/www.budokampsport.se\/2014\/01\/07\/infor-sm-i-ju-jutsu-antligen-far-sara-widgren-match-pa-svensk-mark\/#article\",\"isPartOf\":{\"@id\":\"https:\/\/www.budokampsport.se\/2014\/01\/07\/infor-sm-i-ju-jutsu-antligen-far-sara-widgren-match-pa-svensk-mark\/\"},\"author\":{\"name\":\"Jonathan Broberg\",\"@id\":\"https:\/\/www.budokampsport.se\/#\/schema\/person\/5c06d81d14850e2a8ce5493386560145\"},\"headline\":\"Inf\u00f6r SM i ju-jutsu: \u00e4ntligen f\u00e5r Sara Widgren match p\u00e5 svensk mark\",\"datePublished\":\"2014-01-07T16:40:34+00:00\",\"dateModified\":\"2016-12-06T21:36:38+00:00\",\"mainEntityOfPage\":{\"@id\":\"https:\/\/www.budokampsport.se\/2014\/01\/07\/infor-sm-i-ju-jutsu-antligen-far-sara-widgren-match-pa-svensk-mark\/\"},\"wordCount\":374,\"inLanguage\":\"sv-SE\"},{\"@type\":\"WebPage\",\"@id\":\"https:\/\/www.budokampsport.se\/2014\/01\/07\/infor-sm-i-ju-jutsu-antligen-far-sara-widgren-match-pa-svensk-mark\/\",\"url\":\"https:\/\/www.budokampsport.se\/2014\/01\/07\/infor-sm-i-ju-jutsu-antligen-far-sara-widgren-match-pa-svensk-mark\/\",\"name\":\"Inf\u00f6r SM i ju-jutsu: \u00e4ntligen f\u00e5r Sara Widgren match p\u00e5 svensk mark - Svenska Budo &amp; Kampsportsf\u00f6rbundet\",\"isPartOf\":{\"@id\":\"https:\/\/www.budokampsport.se\/#website\"},\"datePublished\":\"2014-01-07T16:40:34+00:00\",\"dateModified\":\"2016-12-06T21:36:38+00:00\",\"author\":{\"@id\":\"https:\/\/www.budokampsport.se\/#\/schema\/person\/5c06d81d14850e2a8ce5493386560145\"},\"description\":\"Det \u00e4r mindre \u00e4n tv\u00e5 veckor kvar till SM-veckan i Ume\u00e5. D\u00e4r kommer f\u00f6r f\u00f6rsta g\u00e5ngen ju-jutsu att vara med p\u00e5 programmet och t\u00e4vlingarna kommer att s\u00e4ndas direkt i SVT Play. En som verkligen ser fram emot SM \u00e4r Sara Widgren.\u00a0\u00a0 - Jag har inte haft motst\u00e5nd i SM p\u00e5 ett par \u00e5r, s\u00e5 det \u00e4r verkligen kul att f\u00e5 match p\u00e5 svensk mark igen, s\u00e4ger hon till budokampsport.se.\",\"breadcrumb\":{\"@id\":\"https:\/\/www.budokampsport.se\/2014\/01\/07\/infor-sm-i-ju-jutsu-antligen-far-sara-widgren-match-pa-svensk-mark\/#breadcrumb\"},\"inLanguage\":\"sv-SE\",\"potentialAction\":[{\"@type\":\"ReadAction\",\"target\":[\"https:\/\/www.budokampsport.se\/2014\/01\/07\/infor-sm-i-ju-jutsu-antligen-far-sara-widgren-match-pa-svensk-mark\/\"]}]},{\"@type\":\"BreadcrumbList\",\"@id\":\"https:\/\/www.budokampsport.se\/2014\/01\/07\/infor-sm-i-ju-jutsu-antligen-far-sara-widgren-match-pa-svensk-mark\/#breadcrumb\",\"itemListElement\":[{\"@type\":\"ListItem\",\"position\":1,\"name\":\"Hem\",\"item\":\"https:\/\/www.budokampsport.se\/\"},{\"@type\":\"ListItem\",\"position\":2,\"name\":\"Inf\u00f6r SM i ju-jutsu: \u00e4ntligen f\u00e5r Sara Widgren match p\u00e5 svensk mark\"}]},{\"@type\":\"WebSite\",\"@id\":\"https:\/\/www.budokampsport.se\/#website\",\"url\":\"https:\/\/www.budokampsport.se\/\",\"name\":\"Svenska Budo &amp; Kampsportsf\u00f6rbundet\",\"description\":\"T\u00e4vling, Tr\u00e4ning, Tradition\",\"potentialAction\":[{\"@type\":\"SearchAction\",\"target\":{\"@type\":\"EntryPoint\",\"urlTemplate\":\"https:\/\/www.budokampsport.se\/?s={search_term_string}\"},\"query-input\":{\"@type\":\"PropertyValueSpecification\",\"valueRequired\":true,\"valueName\":\"search_term_string\"}}],\"inLanguage\":\"sv-SE\"},{\"@type\":\"Person\",\"@id\":\"https:\/\/www.budokampsport.se\/#\/schema\/person\/5c06d81d14850e2a8ce5493386560145\",\"name\":\"Jonathan Broberg\",\"image\":{\"@type\":\"ImageObject\",\"inLanguage\":\"sv-SE\",\"@id\":\"https:\/\/www.budokampsport.se\/#\/schema\/person\/image\/\",\"url\":\"https:\/\/secure.gravatar.com\/avatar\/a58041c6cea9128bd9c40ee2f26d4136?s=96&d=blank&r=g\",\"contentUrl\":\"https:\/\/secure.gravatar.com\/avatar\/a58041c6cea9128bd9c40ee2f26d4136?s=96&d=blank&r=g\",\"caption\":\"Jonathan Broberg\"},\"sameAs\":[\"https:\/\/www.facebook.com\/jonathan.broberg.7\"],\"url\":\"https:\/\/www.budokampsport.se\/author\/jonathan\/\"}]}<\/script>\n<!-- \/ Yoast SEO plugin. -->","yoast_head_json":{"title":"Inf\u00f6r SM i ju-jutsu: \u00e4ntligen f\u00e5r Sara Widgren match p\u00e5 svensk mark - Svenska Budo &amp; Kampsportsf\u00f6rbundet","description":"Det \u00e4r mindre \u00e4n tv\u00e5 veckor kvar till SM-veckan i Ume\u00e5. D\u00e4r kommer f\u00f6r f\u00f6rsta g\u00e5ngen ju-jutsu att vara med p\u00e5 programmet och t\u00e4vlingarna kommer att s\u00e4ndas direkt i SVT Play. En som verkligen ser fram emot SM \u00e4r Sara Widgren.\u00a0\u00a0 - Jag har inte haft motst\u00e5nd i SM p\u00e5 ett par \u00e5r, s\u00e5 det \u00e4r verkligen kul att f\u00e5 match p\u00e5 svensk mark igen, s\u00e4ger hon till budokampsport.se.","robots":{"index":"index","follow":"follow","max-snippet":"max-snippet:-1","max-image-preview":"max-image-preview:large","max-video-preview":"max-video-preview:-1"},"canonical":"https:\/\/www.budokampsport.se\/2014\/01\/07\/infor-sm-i-ju-jutsu-antligen-far-sara-widgren-match-pa-svensk-mark\/","og_locale":"sv_SE","og_type":"article","og_title":"Inf\u00f6r SM i ju-jutsu: \u00e4ntligen f\u00e5r Sara Widgren match p\u00e5 svensk mark - Svenska Budo &amp; Kampsportsf\u00f6rbundet","og_description":"Det \u00e4r mindre \u00e4n tv\u00e5 veckor kvar till SM-veckan i Ume\u00e5. D\u00e4r kommer f\u00f6r f\u00f6rsta g\u00e5ngen ju-jutsu att vara med p\u00e5 programmet och t\u00e4vlingarna kommer att s\u00e4ndas direkt i SVT Play. En som verkligen ser fram emot SM \u00e4r Sara Widgren.\u00a0\u00a0 - Jag har inte haft motst\u00e5nd i SM p\u00e5 ett par \u00e5r, s\u00e5 det \u00e4r verkligen kul att f\u00e5 match p\u00e5 svensk mark igen, s\u00e4ger hon till budokampsport.se.","og_url":"https:\/\/www.budokampsport.se\/2014\/01\/07\/infor-sm-i-ju-jutsu-antligen-far-sara-widgren-match-pa-svensk-mark\/","og_site_name":"Svenska Budo &amp; Kampsportsf\u00f6rbundet","article_author":"https:\/\/www.facebook.com\/jonathan.broberg.7","article_published_time":"2014-01-07T16:40:34+00:00","article_modified_time":"2016-12-06T21:36:38+00:00","author":"Jonathan Broberg","twitter_card":"summary_large_image","twitter_misc":{"Skriven av":"Jonathan Broberg","Ber\u00e4knad l\u00e4stid":"2 minuter"},"schema":{"@context":"https:\/\/schema.org","@graph":[{"@type":"Article","@id":"https:\/\/www.budokampsport.se\/2014\/01\/07\/infor-sm-i-ju-jutsu-antligen-far-sara-widgren-match-pa-svensk-mark\/#article","isPartOf":{"@id":"https:\/\/www.budokampsport.se\/2014\/01\/07\/infor-sm-i-ju-jutsu-antligen-far-sara-widgren-match-pa-svensk-mark\/"},"author":{"name":"Jonathan Broberg","@id":"https:\/\/www.budokampsport.se\/#\/schema\/person\/5c06d81d14850e2a8ce5493386560145"},"headline":"Inf\u00f6r SM i ju-jutsu: \u00e4ntligen f\u00e5r Sara Widgren match p\u00e5 svensk mark","datePublished":"2014-01-07T16:40:34+00:00","dateModified":"2016-12-06T21:36:38+00:00","mainEntityOfPage":{"@id":"https:\/\/www.budokampsport.se\/2014\/01\/07\/infor-sm-i-ju-jutsu-antligen-far-sara-widgren-match-pa-svensk-mark\/"},"wordCount":374,"inLanguage":"sv-SE"},{"@type":"WebPage","@id":"https:\/\/www.budokampsport.se\/2014\/01\/07\/infor-sm-i-ju-jutsu-antligen-far-sara-widgren-match-pa-svensk-mark\/","url":"https:\/\/www.budokampsport.se\/2014\/01\/07\/infor-sm-i-ju-jutsu-antligen-far-sara-widgren-match-pa-svensk-mark\/","name":"Inf\u00f6r SM i ju-jutsu: \u00e4ntligen f\u00e5r Sara Widgren match p\u00e5 svensk mark - Svenska Budo &amp; Kampsportsf\u00f6rbundet","isPartOf":{"@id":"https:\/\/www.budokampsport.se\/#website"},"datePublished":"2014-01-07T16:40:34+00:00","dateModified":"2016-12-06T21:36:38+00:00","author":{"@id":"https:\/\/www.budokampsport.se\/#\/schema\/person\/5c06d81d14850e2a8ce5493386560145"},"description":"Det \u00e4r mindre \u00e4n tv\u00e5 veckor kvar till SM-veckan i Ume\u00e5. D\u00e4r kommer f\u00f6r f\u00f6rsta g\u00e5ngen ju-jutsu att vara med p\u00e5 programmet och t\u00e4vlingarna kommer att s\u00e4ndas direkt i SVT Play. En som verkligen ser fram emot SM \u00e4r Sara Widgren.\u00a0\u00a0 - Jag har inte haft motst\u00e5nd i SM p\u00e5 ett par \u00e5r, s\u00e5 det \u00e4r verkligen kul att f\u00e5 match p\u00e5 svensk mark igen, s\u00e4ger hon till budokampsport.se.","breadcrumb":{"@id":"https:\/\/www.budokampsport.se\/2014\/01\/07\/infor-sm-i-ju-jutsu-antligen-far-sara-widgren-match-pa-svensk-mark\/#breadcrumb"},"inLanguage":"sv-SE","potentialAction":[{"@type":"ReadAction","target":["https:\/\/www.budokampsport.se\/2014\/01\/07\/infor-sm-i-ju-jutsu-antligen-far-sara-widgren-match-pa-svensk-mark\/"]}]},{"@type":"BreadcrumbList","@id":"https:\/\/www.budokampsport.se\/2014\/01\/07\/infor-sm-i-ju-jutsu-antligen-far-sara-widgren-match-pa-svensk-mark\/#breadcrumb","itemListElement":[{"@type":"ListItem","position":1,"name":"Hem","item":"https:\/\/www.budokampsport.se\/"},{"@type":"ListItem","position":2,"name":"Inf\u00f6r SM i ju-jutsu: \u00e4ntligen f\u00e5r Sara Widgren match p\u00e5 svensk mark"}]},{"@type":"WebSite","@id":"https:\/\/www.budokampsport.se\/#website","url":"https:\/\/www.budokampsport.se\/","name":"Svenska Budo &amp; Kampsportsf\u00f6rbundet","description":"T\u00e4vling, Tr\u00e4ning, Tradition","potentialAction":[{"@type":"SearchAction","target":{"@type":"EntryPoint","urlTemplate":"https:\/\/www.budokampsport.se\/?s={search_term_string}"},"query-input":{"@type":"PropertyValueSpecification","valueRequired":true,"valueName":"search_term_string"}}],"inLanguage":"sv-SE"},{"@type":"Person","@id":"https:\/\/www.budokampsport.se\/#\/schema\/person\/5c06d81d14850e2a8ce5493386560145","name":"Jonathan Broberg","image":{"@type":"ImageObject","inLanguage":"sv-SE","@id":"https:\/\/www.budokampsport.se\/#\/schema\/person\/image\/","url":"https:\/\/secure.gravatar.com\/avatar\/a58041c6cea9128bd9c40ee2f26d4136?s=96&d=blank&r=g","contentUrl":"https:\/\/secure.gravatar.com\/avatar\/a58041c6cea9128bd9c40ee2f26d4136?s=96&d=blank&r=g","caption":"Jonathan Broberg"},"sameAs":["https:\/\/www.facebook.com\/jonathan.broberg.7"],"url":"https:\/\/www.budokampsport.se\/author\/jonathan\/"}]}},"_links":{"self":[{"href":"https:\/\/www.budokampsport.se\/api\/wp\/v2\/posts\/4821","targetHints":{"allow":["GET"]}}],"collection":[{"href":"https:\/\/www.budokampsport.se\/api\/wp\/v2\/posts"}],"about":[{"href":"https:\/\/www.budokampsport.se\/api\/wp\/v2\/types\/post"}],"author":[{"embeddable":true,"href":"https:\/\/www.budokampsport.se\/api\/wp\/v2\/users\/7"}],"replies":[{"embeddable":true,"href":"https:\/\/www.budokampsport.se\/api\/wp\/v2\/comments?post=4821"}],"version-history":[{"count":0,"href":"https:\/\/www.budokampsport.se\/api\/wp\/v2\/posts\/4821\/revisions"}],"wp:attachment":[{"href":"https:\/\/www.budokampsport.se\/api\/wp\/v2\/media?parent=4821"}],"wp:term":[{"taxonomy":"category","embeddable":true,"href":"https:\/\/www.budokampsport.se\/api\/wp\/v2\/categories?post=4821"},{"taxonomy":"post_tag","embeddable":true,"href":"https:\/\/www.budokampsport.se\/api\/wp\/v2\/tags?post=4821"}],"curies":[{"name":"wp","href":"https:\/\/api.w.org\/{rel}","templated":true}]}}