{"id":4829,"date":"2014-01-13T15:01:45","date_gmt":"2014-01-13T14:01:45","guid":{"rendered":"http:\/\/budo.wordpress.dev\/2014\/01\/13\/varldsmastaren-fran-2008-pa-vag-mot-haftig-comeback-men-skada-satter-stopp\/"},"modified":"2016-12-06T22:36:39","modified_gmt":"2016-12-06T21:36:39","slug":"varldsmastaren-fran-2008-pa-vag-mot-haftig-comeback-men-skada-satter-stopp","status":"publish","type":"post","link":"https:\/\/www.budokampsport.se\/2014\/01\/13\/varldsmastaren-fran-2008-pa-vag-mot-haftig-comeback-men-skada-satter-stopp\/","title":{"rendered":"V\u00e4rldsm\u00e4staren fr\u00e5n 2008 p\u00e5 v\u00e4g mot h\u00e4ftig comeback, men skada s\u00e4tter stopp"},"content":{"rendered":"<p><strong><span style=\"line-height:1.6em\"><img decoding=\"async\" alt=\"\" src=\"\/sites\/default\/files\/ingholt.png\" style=\"float:right; height:84px; width:158px\">Den forne v\u00e4rldsm\u00e4staren i ju justu Johan Ingholt var p\u00e5 v\u00e4g mot en sensationell comeback p\u00e5 SM till helgen. Ingholt hade inte t\u00e4vlat sedan 2009 och gjorde en specifik satsning mot SM-veckan, tyv\u00e4rr s\u00e4tter emellertid en skada stopp f\u00f6r den planerade comebacken.<\/span><\/strong><\/p>\n<p><strong>\u00a0\u00a0 &#8211; Det var egentligen bara t\u00e4nkt som en trevlig grej, en eng\u00e5ngsf\u00f6reteelse. Det var en kul chans att komma tillbaka och t\u00e4vla, men tyv\u00e4rr blev jag skadad precis innan jul, s\u00e4ger Ingholt till budokampsport.se.<\/strong><!--break--><\/p>\n<p>SM i ju jutsu kommer att avg\u00f6ras i helgen under SM-veckan i Ume\u00e5 och komemr att s\u00e4ndas direkt p\u00e5 SVTplay.<br \/>\u00a0<\/p>\n","protected":false},"excerpt":{"rendered":"<p><strong><span style=\"line-height:1.6em\"><img decoding=\"async\" alt=\"\" src=\"\/sites\/default\/files\/ingholt.png\" style=\"float:right; height:84px; width:158px\">Den forne v\u00e4rldsm\u00e4staren i ju justu Johan Ingholt var p\u00e5 v\u00e4g mot en sensationell comeback p\u00e5 SM till helgen. Ingholt hade inte t\u00e4vlat sedan 2009 och gjorde en specifik satsning mot SM-veckan, tyv\u00e4rr s\u00e4tter emellertid en skada stopp f\u00f6r den planerade comebacken.<\/span><\/strong><\/p><br><p><strong>\u00a0\u00a0 &#8211; Det var egentligen bara t\u00e4nkt som en trevlig grej, en eng\u00e5ngsf\u00f6reteelse. Det var en kul chans att komma tillbaka och t\u00e4vla, men tyv\u00e4rr blev jag skadad precis innan jul, s\u00e4ger Ingholt till budokampsport.se.<\/strong><\/p><br>","protected":false},"author":7,"featured_media":0,"comment_status":"closed","ping_status":"closed","sticky":false,"template":"","format":"standard","meta":{"_acf_changed":false,"footnotes":""},"categories":[1],"tags":[],"class_list":["post-4829","post","type-post","status-publish","format-standard","hentry","category-okategoriserade"],"acf":[],"yoast_head":"<!-- This site is optimized with the Yoast SEO plugin v26.8 - https:\/\/yoast.com\/product\/yoast-seo-wordpress\/ -->\n<title>V\u00e4rldsm\u00e4staren fr\u00e5n 2008 p\u00e5 v\u00e4g mot h\u00e4ftig comeback, men skada s\u00e4tter stopp - Svenska Budo &amp; Kampsportsf\u00f6rbundet<\/title>\n<meta name=\"description\" content=\"Den forne v\u00e4rldsm\u00e4staren i ju justu Johan Ingholt var p\u00e5 v\u00e4g mot en sensationell comeback p\u00e5 SM till helgen. Ingholt hade inte t\u00e4vlat sedan 2009 och gjorde en specifik satsning mot SM-veckan, tyv\u00e4rr s\u00e4tter emellertid en skada stopp f\u00f6r den planerade comebacken.\u00a0\u00a0 - Det var egentligen bara t\u00e4nkt som en trevlig grej, en eng\u00e5ngsf\u00f6reteelse. Det var en kul chans att komma tillbaka och t\u00e4vla, men tyv\u00e4rr blev jag skadad precis innan jul, s\u00e4ger Ingholt till budokampsport.se.\" \/>\n<meta name=\"robots\" content=\"index, follow, max-snippet:-1, max-image-preview:large, max-video-preview:-1\" \/>\n<link rel=\"canonical\" href=\"https:\/\/www.budokampsport.se\/2014\/01\/13\/varldsmastaren-fran-2008-pa-vag-mot-haftig-comeback-men-skada-satter-stopp\/\" \/>\n<meta property=\"og:locale\" content=\"sv_SE\" \/>\n<meta property=\"og:type\" content=\"article\" \/>\n<meta property=\"og:title\" content=\"V\u00e4rldsm\u00e4staren fr\u00e5n 2008 p\u00e5 v\u00e4g mot h\u00e4ftig comeback, men skada s\u00e4tter stopp - Svenska Budo &amp; Kampsportsf\u00f6rbundet\" \/>\n<meta property=\"og:description\" content=\"Den forne v\u00e4rldsm\u00e4staren i ju justu Johan Ingholt var p\u00e5 v\u00e4g mot en sensationell comeback p\u00e5 SM till helgen. Ingholt hade inte t\u00e4vlat sedan 2009 och gjorde en specifik satsning mot SM-veckan, tyv\u00e4rr s\u00e4tter emellertid en skada stopp f\u00f6r den planerade comebacken.\u00a0\u00a0 - Det var egentligen bara t\u00e4nkt som en trevlig grej, en eng\u00e5ngsf\u00f6reteelse. Det var en kul chans att komma tillbaka och t\u00e4vla, men tyv\u00e4rr blev jag skadad precis innan jul, s\u00e4ger Ingholt till budokampsport.se.\" \/>\n<meta property=\"og:url\" content=\"https:\/\/www.budokampsport.se\/2014\/01\/13\/varldsmastaren-fran-2008-pa-vag-mot-haftig-comeback-men-skada-satter-stopp\/\" \/>\n<meta property=\"og:site_name\" content=\"Svenska Budo &amp; Kampsportsf\u00f6rbundet\" \/>\n<meta property=\"article:author\" content=\"https:\/\/www.facebook.com\/jonathan.broberg.7\" \/>\n<meta property=\"article:published_time\" content=\"2014-01-13T14:01:45+00:00\" \/>\n<meta property=\"article:modified_time\" content=\"2016-12-06T21:36:39+00:00\" \/>\n<meta name=\"author\" content=\"Jonathan Broberg\" \/>\n<meta name=\"twitter:card\" content=\"summary_large_image\" \/>\n<meta name=\"twitter:label1\" content=\"Skriven av\" \/>\n\t<meta name=\"twitter:data1\" content=\"Jonathan Broberg\" \/>\n\t<meta name=\"twitter:label2\" content=\"Ber\u00e4knad l\u00e4stid\" \/>\n\t<meta name=\"twitter:data2\" content=\"1 minut\" \/>\n<script type=\"application\/ld+json\" class=\"yoast-schema-graph\">{\"@context\":\"https:\/\/schema.org\",\"@graph\":[{\"@type\":\"Article\",\"@id\":\"https:\/\/www.budokampsport.se\/2014\/01\/13\/varldsmastaren-fran-2008-pa-vag-mot-haftig-comeback-men-skada-satter-stopp\/#article\",\"isPartOf\":{\"@id\":\"https:\/\/www.budokampsport.se\/2014\/01\/13\/varldsmastaren-fran-2008-pa-vag-mot-haftig-comeback-men-skada-satter-stopp\/\"},\"author\":{\"name\":\"Jonathan Broberg\",\"@id\":\"https:\/\/www.budokampsport.se\/#\/schema\/person\/5c06d81d14850e2a8ce5493386560145\"},\"headline\":\"V\u00e4rldsm\u00e4staren fr\u00e5n 2008 p\u00e5 v\u00e4g mot h\u00e4ftig comeback, men skada s\u00e4tter stopp\",\"datePublished\":\"2014-01-13T14:01:45+00:00\",\"dateModified\":\"2016-12-06T21:36:39+00:00\",\"mainEntityOfPage\":{\"@id\":\"https:\/\/www.budokampsport.se\/2014\/01\/13\/varldsmastaren-fran-2008-pa-vag-mot-haftig-comeback-men-skada-satter-stopp\/\"},\"wordCount\":128,\"inLanguage\":\"sv-SE\"},{\"@type\":\"WebPage\",\"@id\":\"https:\/\/www.budokampsport.se\/2014\/01\/13\/varldsmastaren-fran-2008-pa-vag-mot-haftig-comeback-men-skada-satter-stopp\/\",\"url\":\"https:\/\/www.budokampsport.se\/2014\/01\/13\/varldsmastaren-fran-2008-pa-vag-mot-haftig-comeback-men-skada-satter-stopp\/\",\"name\":\"V\u00e4rldsm\u00e4staren fr\u00e5n 2008 p\u00e5 v\u00e4g mot h\u00e4ftig comeback, men skada s\u00e4tter stopp - Svenska Budo &amp; Kampsportsf\u00f6rbundet\",\"isPartOf\":{\"@id\":\"https:\/\/www.budokampsport.se\/#website\"},\"datePublished\":\"2014-01-13T14:01:45+00:00\",\"dateModified\":\"2016-12-06T21:36:39+00:00\",\"author\":{\"@id\":\"https:\/\/www.budokampsport.se\/#\/schema\/person\/5c06d81d14850e2a8ce5493386560145\"},\"description\":\"Den forne v\u00e4rldsm\u00e4staren i ju justu Johan Ingholt var p\u00e5 v\u00e4g mot en sensationell comeback p\u00e5 SM till helgen. Ingholt hade inte t\u00e4vlat sedan 2009 och gjorde en specifik satsning mot SM-veckan, tyv\u00e4rr s\u00e4tter emellertid en skada stopp f\u00f6r den planerade comebacken.\u00a0\u00a0 - Det var egentligen bara t\u00e4nkt som en trevlig grej, en eng\u00e5ngsf\u00f6reteelse. Det var en kul chans att komma tillbaka och t\u00e4vla, men tyv\u00e4rr blev jag skadad precis innan jul, s\u00e4ger Ingholt till budokampsport.se.\",\"breadcrumb\":{\"@id\":\"https:\/\/www.budokampsport.se\/2014\/01\/13\/varldsmastaren-fran-2008-pa-vag-mot-haftig-comeback-men-skada-satter-stopp\/#breadcrumb\"},\"inLanguage\":\"sv-SE\",\"potentialAction\":[{\"@type\":\"ReadAction\",\"target\":[\"https:\/\/www.budokampsport.se\/2014\/01\/13\/varldsmastaren-fran-2008-pa-vag-mot-haftig-comeback-men-skada-satter-stopp\/\"]}]},{\"@type\":\"BreadcrumbList\",\"@id\":\"https:\/\/www.budokampsport.se\/2014\/01\/13\/varldsmastaren-fran-2008-pa-vag-mot-haftig-comeback-men-skada-satter-stopp\/#breadcrumb\",\"itemListElement\":[{\"@type\":\"ListItem\",\"position\":1,\"name\":\"Hem\",\"item\":\"https:\/\/www.budokampsport.se\/\"},{\"@type\":\"ListItem\",\"position\":2,\"name\":\"V\u00e4rldsm\u00e4staren fr\u00e5n 2008 p\u00e5 v\u00e4g mot h\u00e4ftig comeback, men skada s\u00e4tter stopp\"}]},{\"@type\":\"WebSite\",\"@id\":\"https:\/\/www.budokampsport.se\/#website\",\"url\":\"https:\/\/www.budokampsport.se\/\",\"name\":\"Svenska Budo &amp; Kampsportsf\u00f6rbundet\",\"description\":\"T\u00e4vling, Tr\u00e4ning, Tradition\",\"potentialAction\":[{\"@type\":\"SearchAction\",\"target\":{\"@type\":\"EntryPoint\",\"urlTemplate\":\"https:\/\/www.budokampsport.se\/?s={search_term_string}\"},\"query-input\":{\"@type\":\"PropertyValueSpecification\",\"valueRequired\":true,\"valueName\":\"search_term_string\"}}],\"inLanguage\":\"sv-SE\"},{\"@type\":\"Person\",\"@id\":\"https:\/\/www.budokampsport.se\/#\/schema\/person\/5c06d81d14850e2a8ce5493386560145\",\"name\":\"Jonathan Broberg\",\"image\":{\"@type\":\"ImageObject\",\"inLanguage\":\"sv-SE\",\"@id\":\"https:\/\/www.budokampsport.se\/#\/schema\/person\/image\/\",\"url\":\"https:\/\/secure.gravatar.com\/avatar\/a58041c6cea9128bd9c40ee2f26d4136?s=96&d=blank&r=g\",\"contentUrl\":\"https:\/\/secure.gravatar.com\/avatar\/a58041c6cea9128bd9c40ee2f26d4136?s=96&d=blank&r=g\",\"caption\":\"Jonathan Broberg\"},\"sameAs\":[\"https:\/\/www.facebook.com\/jonathan.broberg.7\"],\"url\":\"https:\/\/www.budokampsport.se\/author\/jonathan\/\"}]}<\/script>\n<!-- \/ Yoast SEO plugin. -->","yoast_head_json":{"title":"V\u00e4rldsm\u00e4staren fr\u00e5n 2008 p\u00e5 v\u00e4g mot h\u00e4ftig comeback, men skada s\u00e4tter stopp - Svenska Budo &amp; Kampsportsf\u00f6rbundet","description":"Den forne v\u00e4rldsm\u00e4staren i ju justu Johan Ingholt var p\u00e5 v\u00e4g mot en sensationell comeback p\u00e5 SM till helgen. Ingholt hade inte t\u00e4vlat sedan 2009 och gjorde en specifik satsning mot SM-veckan, tyv\u00e4rr s\u00e4tter emellertid en skada stopp f\u00f6r den planerade comebacken.\u00a0\u00a0 - Det var egentligen bara t\u00e4nkt som en trevlig grej, en eng\u00e5ngsf\u00f6reteelse. Det var en kul chans att komma tillbaka och t\u00e4vla, men tyv\u00e4rr blev jag skadad precis innan jul, s\u00e4ger Ingholt till budokampsport.se.","robots":{"index":"index","follow":"follow","max-snippet":"max-snippet:-1","max-image-preview":"max-image-preview:large","max-video-preview":"max-video-preview:-1"},"canonical":"https:\/\/www.budokampsport.se\/2014\/01\/13\/varldsmastaren-fran-2008-pa-vag-mot-haftig-comeback-men-skada-satter-stopp\/","og_locale":"sv_SE","og_type":"article","og_title":"V\u00e4rldsm\u00e4staren fr\u00e5n 2008 p\u00e5 v\u00e4g mot h\u00e4ftig comeback, men skada s\u00e4tter stopp - Svenska Budo &amp; Kampsportsf\u00f6rbundet","og_description":"Den forne v\u00e4rldsm\u00e4staren i ju justu Johan Ingholt var p\u00e5 v\u00e4g mot en sensationell comeback p\u00e5 SM till helgen. Ingholt hade inte t\u00e4vlat sedan 2009 och gjorde en specifik satsning mot SM-veckan, tyv\u00e4rr s\u00e4tter emellertid en skada stopp f\u00f6r den planerade comebacken.\u00a0\u00a0 - Det var egentligen bara t\u00e4nkt som en trevlig grej, en eng\u00e5ngsf\u00f6reteelse. Det var en kul chans att komma tillbaka och t\u00e4vla, men tyv\u00e4rr blev jag skadad precis innan jul, s\u00e4ger Ingholt till budokampsport.se.","og_url":"https:\/\/www.budokampsport.se\/2014\/01\/13\/varldsmastaren-fran-2008-pa-vag-mot-haftig-comeback-men-skada-satter-stopp\/","og_site_name":"Svenska Budo &amp; Kampsportsf\u00f6rbundet","article_author":"https:\/\/www.facebook.com\/jonathan.broberg.7","article_published_time":"2014-01-13T14:01:45+00:00","article_modified_time":"2016-12-06T21:36:39+00:00","author":"Jonathan Broberg","twitter_card":"summary_large_image","twitter_misc":{"Skriven av":"Jonathan Broberg","Ber\u00e4knad l\u00e4stid":"1 minut"},"schema":{"@context":"https:\/\/schema.org","@graph":[{"@type":"Article","@id":"https:\/\/www.budokampsport.se\/2014\/01\/13\/varldsmastaren-fran-2008-pa-vag-mot-haftig-comeback-men-skada-satter-stopp\/#article","isPartOf":{"@id":"https:\/\/www.budokampsport.se\/2014\/01\/13\/varldsmastaren-fran-2008-pa-vag-mot-haftig-comeback-men-skada-satter-stopp\/"},"author":{"name":"Jonathan Broberg","@id":"https:\/\/www.budokampsport.se\/#\/schema\/person\/5c06d81d14850e2a8ce5493386560145"},"headline":"V\u00e4rldsm\u00e4staren fr\u00e5n 2008 p\u00e5 v\u00e4g mot h\u00e4ftig comeback, men skada s\u00e4tter stopp","datePublished":"2014-01-13T14:01:45+00:00","dateModified":"2016-12-06T21:36:39+00:00","mainEntityOfPage":{"@id":"https:\/\/www.budokampsport.se\/2014\/01\/13\/varldsmastaren-fran-2008-pa-vag-mot-haftig-comeback-men-skada-satter-stopp\/"},"wordCount":128,"inLanguage":"sv-SE"},{"@type":"WebPage","@id":"https:\/\/www.budokampsport.se\/2014\/01\/13\/varldsmastaren-fran-2008-pa-vag-mot-haftig-comeback-men-skada-satter-stopp\/","url":"https:\/\/www.budokampsport.se\/2014\/01\/13\/varldsmastaren-fran-2008-pa-vag-mot-haftig-comeback-men-skada-satter-stopp\/","name":"V\u00e4rldsm\u00e4staren fr\u00e5n 2008 p\u00e5 v\u00e4g mot h\u00e4ftig comeback, men skada s\u00e4tter stopp - Svenska Budo &amp; Kampsportsf\u00f6rbundet","isPartOf":{"@id":"https:\/\/www.budokampsport.se\/#website"},"datePublished":"2014-01-13T14:01:45+00:00","dateModified":"2016-12-06T21:36:39+00:00","author":{"@id":"https:\/\/www.budokampsport.se\/#\/schema\/person\/5c06d81d14850e2a8ce5493386560145"},"description":"Den forne v\u00e4rldsm\u00e4staren i ju justu Johan Ingholt var p\u00e5 v\u00e4g mot en sensationell comeback p\u00e5 SM till helgen. Ingholt hade inte t\u00e4vlat sedan 2009 och gjorde en specifik satsning mot SM-veckan, tyv\u00e4rr s\u00e4tter emellertid en skada stopp f\u00f6r den planerade comebacken.\u00a0\u00a0 - Det var egentligen bara t\u00e4nkt som en trevlig grej, en eng\u00e5ngsf\u00f6reteelse. Det var en kul chans att komma tillbaka och t\u00e4vla, men tyv\u00e4rr blev jag skadad precis innan jul, s\u00e4ger Ingholt till budokampsport.se.","breadcrumb":{"@id":"https:\/\/www.budokampsport.se\/2014\/01\/13\/varldsmastaren-fran-2008-pa-vag-mot-haftig-comeback-men-skada-satter-stopp\/#breadcrumb"},"inLanguage":"sv-SE","potentialAction":[{"@type":"ReadAction","target":["https:\/\/www.budokampsport.se\/2014\/01\/13\/varldsmastaren-fran-2008-pa-vag-mot-haftig-comeback-men-skada-satter-stopp\/"]}]},{"@type":"BreadcrumbList","@id":"https:\/\/www.budokampsport.se\/2014\/01\/13\/varldsmastaren-fran-2008-pa-vag-mot-haftig-comeback-men-skada-satter-stopp\/#breadcrumb","itemListElement":[{"@type":"ListItem","position":1,"name":"Hem","item":"https:\/\/www.budokampsport.se\/"},{"@type":"ListItem","position":2,"name":"V\u00e4rldsm\u00e4staren fr\u00e5n 2008 p\u00e5 v\u00e4g mot h\u00e4ftig comeback, men skada s\u00e4tter stopp"}]},{"@type":"WebSite","@id":"https:\/\/www.budokampsport.se\/#website","url":"https:\/\/www.budokampsport.se\/","name":"Svenska Budo &amp; Kampsportsf\u00f6rbundet","description":"T\u00e4vling, Tr\u00e4ning, Tradition","potentialAction":[{"@type":"SearchAction","target":{"@type":"EntryPoint","urlTemplate":"https:\/\/www.budokampsport.se\/?s={search_term_string}"},"query-input":{"@type":"PropertyValueSpecification","valueRequired":true,"valueName":"search_term_string"}}],"inLanguage":"sv-SE"},{"@type":"Person","@id":"https:\/\/www.budokampsport.se\/#\/schema\/person\/5c06d81d14850e2a8ce5493386560145","name":"Jonathan Broberg","image":{"@type":"ImageObject","inLanguage":"sv-SE","@id":"https:\/\/www.budokampsport.se\/#\/schema\/person\/image\/","url":"https:\/\/secure.gravatar.com\/avatar\/a58041c6cea9128bd9c40ee2f26d4136?s=96&d=blank&r=g","contentUrl":"https:\/\/secure.gravatar.com\/avatar\/a58041c6cea9128bd9c40ee2f26d4136?s=96&d=blank&r=g","caption":"Jonathan Broberg"},"sameAs":["https:\/\/www.facebook.com\/jonathan.broberg.7"],"url":"https:\/\/www.budokampsport.se\/author\/jonathan\/"}]}},"_links":{"self":[{"href":"https:\/\/www.budokampsport.se\/api\/wp\/v2\/posts\/4829","targetHints":{"allow":["GET"]}}],"collection":[{"href":"https:\/\/www.budokampsport.se\/api\/wp\/v2\/posts"}],"about":[{"href":"https:\/\/www.budokampsport.se\/api\/wp\/v2\/types\/post"}],"author":[{"embeddable":true,"href":"https:\/\/www.budokampsport.se\/api\/wp\/v2\/users\/7"}],"replies":[{"embeddable":true,"href":"https:\/\/www.budokampsport.se\/api\/wp\/v2\/comments?post=4829"}],"version-history":[{"count":0,"href":"https:\/\/www.budokampsport.se\/api\/wp\/v2\/posts\/4829\/revisions"}],"wp:attachment":[{"href":"https:\/\/www.budokampsport.se\/api\/wp\/v2\/media?parent=4829"}],"wp:term":[{"taxonomy":"category","embeddable":true,"href":"https:\/\/www.budokampsport.se\/api\/wp\/v2\/categories?post=4829"},{"taxonomy":"post_tag","embeddable":true,"href":"https:\/\/www.budokampsport.se\/api\/wp\/v2\/tags?post=4829"}],"curies":[{"name":"wp","href":"https:\/\/api.w.org\/{rel}","templated":true}]}}