{"id":48305,"date":"2017-08-14T11:26:04","date_gmt":"2017-08-14T09:26:04","guid":{"rendered":"http:\/\/www.budokampsport.se\/?p=48305"},"modified":"2017-08-15T11:37:33","modified_gmt":"2017-08-15T09:37:33","slug":"17-ariga-anton-wall-ser-fram-emot-vm-kickboxning","status":"publish","type":"post","link":"https:\/\/www.budokampsport.se\/2017\/08\/14\/17-ariga-anton-wall-ser-fram-emot-vm-kickboxning\/","title":{"rendered":"17-\u00e5riga Anton Wall ser fram emot VM i kickboxning"},"content":{"rendered":"<p><span style=\"font-size: 14pt;\">I november st\u00e5r den 17-\u00e5riga talangen fr\u00e5n \u00c4ngelholm, Anton Wall, inf\u00f6r sin st\u00f6rsta utmaning hitintills &#8211; VM i kickboxning.<\/span><\/p>\n<p><strong>M\u00e4sterskapet arrangeras mellan 3\u201312 november i Budapest och truppen finns v\u00e4lk\u00e4nda namn som EM-silvermedalj\u00f6ren Zina Djelassi. I truppen finns ocks\u00e5 Anton Wall som imponerat stort under \u00e5ret genom att ta SM-guld, men fr\u00e5n b\u00f6rjan var han egentligen en innebandykille.<\/strong><\/p>\n<p>&#8211; Anton Wall var en innebandykille som kom till oss 2014 som 15-\u00e5ring. Han hade aldrig haft p\u00e5 sig n\u00e5gra boxhandskar men vi s\u00e5g redan fr\u00e5n b\u00f6rjan att det vara en kille att satsa p\u00e5 d\u00e5 han var extremt fokuserad p\u00e5 passen och gav alltid 100%. I b\u00f6rjan av 2015 gick han sin f\u00f6rsta match och sedan har det rullat p\u00e5 med t\u00e4vlingar efter t\u00e4vlingar, ber\u00e4ttar Antons tr\u00e4nare Martin Eisengarten till budokampsport.se<\/p>\n<p><strong>Tillsammans med en trupp p\u00e5 10 andra kommer han resa ner till Budapest i b\u00f6rjan p\u00e5 november. Det kommer kr\u00e4vas fullt fokus p\u00e5 f\u00f6rberedelserna inf\u00f6r m\u00e4sterskapet men Anton k\u00e4nner sig redo.<\/strong><\/p>\n<p>&#8211; Det \u00e4r sp\u00e4nnande och framf\u00f6rallt v\u00e4ldigt roligt, ska bli kul med den erfarenheten. Jag kommer tr\u00e4na h\u00e5rt med fullt st\u00f6d ifr\u00e5n klubben och f\u00f6rbundet och sk\u00f6ta min kost, s\u00e4ger Anton Wall.<\/p>\n<p><strong>Martin Eisengarten, tror starkt p\u00e5 sin fighter men vill samtidigt understryka hans unga \u00e5lder och att m\u00e4sterskapet \u00e4r ett tillf\u00e4lle att l\u00e4ra.<\/strong><\/p>\n<p>&#8211; Nu kommer det vara n\u00e5gra landslagsl\u00e4ger innan VM d\u00e4r v\u00e5ra f\u00f6rbundskaptener kommer att f\u00e5 l\u00e4ra k\u00e4nna Anton och l\u00e4gga upp en bra strategi. Men det viktigt f\u00f6r Anton att veta att han \u00e4r med p\u00e5 detta m\u00e4sterskap f\u00f6r att se och l\u00e4ra f\u00f6r han \u00e4r blott bara 17 \u00e5r gammal och har en l\u00e5ng kampsportskarri\u00e4r framf\u00f6r sig. Men Anton kommer att vara i 100% toppform inf\u00f6r VM 2017, lovar Martin Eisengarten.<\/p>\n<p>&nbsp;<\/p>\n<p>Text: Annie Bondefelt<br \/>\nFoto: Martin Eisengarten<\/p>\n","protected":false},"excerpt":{"rendered":"<p>I november st\u00e5r den 17-\u00e5riga talangen fr\u00e5n \u00c4ngelholm, Anton Wall, [&#8230;]<\/p><br>","protected":false},"author":120,"featured_media":48315,"comment_status":"open","ping_status":"open","sticky":false,"template":"","format":"standard","meta":{"_acf_changed":false,"footnotes":""},"categories":[1],"tags":[],"class_list":["post-48305","post","type-post","status-publish","format-standard","has-post-thumbnail","hentry","category-okategoriserade"],"acf":[],"yoast_head":"<!-- This site is optimized with the Yoast SEO plugin v26.8 - https:\/\/yoast.com\/product\/yoast-seo-wordpress\/ -->\n<title>17-\u00e5riga Anton Wall ser fram emot VM i kickboxning - Svenska Budo &amp; Kampsportsf\u00f6rbundet<\/title>\n<meta name=\"description\" content=\"I november st\u00e5r den 17-\u00e5riga talangen fr\u00e5n \u00c4ngelholm, Anton Wall, inf\u00f6r sin st\u00f6rsta utmaning hitintills - VM i kickboxning. M\u00e4sterskapet arrangeras mellan\" \/>\n<meta name=\"robots\" content=\"index, follow, max-snippet:-1, max-image-preview:large, max-video-preview:-1\" \/>\n<link rel=\"canonical\" href=\"https:\/\/www.budokampsport.se\/2017\/08\/14\/17-ariga-anton-wall-ser-fram-emot-vm-kickboxning\/\" \/>\n<meta property=\"og:locale\" content=\"sv_SE\" \/>\n<meta property=\"og:type\" content=\"article\" \/>\n<meta property=\"og:title\" content=\"17-\u00e5riga Anton Wall ser fram emot VM i kickboxning - Svenska Budo &amp; Kampsportsf\u00f6rbundet\" \/>\n<meta property=\"og:description\" content=\"I november st\u00e5r den 17-\u00e5riga talangen fr\u00e5n \u00c4ngelholm, Anton Wall, inf\u00f6r sin st\u00f6rsta utmaning hitintills - VM i kickboxning. M\u00e4sterskapet arrangeras mellan\" \/>\n<meta property=\"og:url\" content=\"https:\/\/www.budokampsport.se\/2017\/08\/14\/17-ariga-anton-wall-ser-fram-emot-vm-kickboxning\/\" \/>\n<meta property=\"og:site_name\" content=\"Svenska Budo &amp; Kampsportsf\u00f6rbundet\" \/>\n<meta property=\"article:published_time\" content=\"2017-08-14T09:26:04+00:00\" \/>\n<meta property=\"article:modified_time\" content=\"2017-08-15T09:37:33+00:00\" \/>\n<meta property=\"og:image\" content=\"https:\/\/www.budokampsport.se\/wp-content\/uploads\/2017\/08\/anno.png\" \/>\n\t<meta property=\"og:image:width\" content=\"678\" \/>\n\t<meta property=\"og:image:height\" content=\"511\" \/>\n\t<meta property=\"og:image:type\" content=\"image\/png\" \/>\n<meta name=\"author\" content=\"Annie Carriage\" \/>\n<meta name=\"twitter:card\" content=\"summary_large_image\" \/>\n<meta name=\"twitter:label1\" content=\"Skriven av\" \/>\n\t<meta name=\"twitter:data1\" content=\"Annie Carriage\" \/>\n\t<meta name=\"twitter:label2\" content=\"Ber\u00e4knad l\u00e4stid\" \/>\n\t<meta name=\"twitter:data2\" content=\"2 minuter\" \/>\n<script type=\"application\/ld+json\" class=\"yoast-schema-graph\">{\"@context\":\"https:\/\/schema.org\",\"@graph\":[{\"@type\":\"Article\",\"@id\":\"https:\/\/www.budokampsport.se\/2017\/08\/14\/17-ariga-anton-wall-ser-fram-emot-vm-kickboxning\/#article\",\"isPartOf\":{\"@id\":\"https:\/\/www.budokampsport.se\/2017\/08\/14\/17-ariga-anton-wall-ser-fram-emot-vm-kickboxning\/\"},\"author\":{\"name\":\"Annie Carriage\",\"@id\":\"https:\/\/www.budokampsport.se\/#\/schema\/person\/c838cace8171f692e363fde3f38f208b\"},\"headline\":\"17-\u00e5riga Anton Wall ser fram emot VM i kickboxning\",\"datePublished\":\"2017-08-14T09:26:04+00:00\",\"dateModified\":\"2017-08-15T09:37:33+00:00\",\"mainEntityOfPage\":{\"@id\":\"https:\/\/www.budokampsport.se\/2017\/08\/14\/17-ariga-anton-wall-ser-fram-emot-vm-kickboxning\/\"},\"wordCount\":355,\"commentCount\":0,\"image\":{\"@id\":\"https:\/\/www.budokampsport.se\/2017\/08\/14\/17-ariga-anton-wall-ser-fram-emot-vm-kickboxning\/#primaryimage\"},\"thumbnailUrl\":\"https:\/\/www.budokampsport.se\/wp-content\/uploads\/2017\/08\/anno.png\",\"inLanguage\":\"sv-SE\",\"potentialAction\":[{\"@type\":\"CommentAction\",\"name\":\"Comment\",\"target\":[\"https:\/\/www.budokampsport.se\/2017\/08\/14\/17-ariga-anton-wall-ser-fram-emot-vm-kickboxning\/#respond\"]}]},{\"@type\":\"WebPage\",\"@id\":\"https:\/\/www.budokampsport.se\/2017\/08\/14\/17-ariga-anton-wall-ser-fram-emot-vm-kickboxning\/\",\"url\":\"https:\/\/www.budokampsport.se\/2017\/08\/14\/17-ariga-anton-wall-ser-fram-emot-vm-kickboxning\/\",\"name\":\"17-\u00e5riga Anton Wall ser fram emot VM i kickboxning - Svenska Budo &amp; Kampsportsf\u00f6rbundet\",\"isPartOf\":{\"@id\":\"https:\/\/www.budokampsport.se\/#website\"},\"primaryImageOfPage\":{\"@id\":\"https:\/\/www.budokampsport.se\/2017\/08\/14\/17-ariga-anton-wall-ser-fram-emot-vm-kickboxning\/#primaryimage\"},\"image\":{\"@id\":\"https:\/\/www.budokampsport.se\/2017\/08\/14\/17-ariga-anton-wall-ser-fram-emot-vm-kickboxning\/#primaryimage\"},\"thumbnailUrl\":\"https:\/\/www.budokampsport.se\/wp-content\/uploads\/2017\/08\/anno.png\",\"datePublished\":\"2017-08-14T09:26:04+00:00\",\"dateModified\":\"2017-08-15T09:37:33+00:00\",\"author\":{\"@id\":\"https:\/\/www.budokampsport.se\/#\/schema\/person\/c838cace8171f692e363fde3f38f208b\"},\"description\":\"I november st\u00e5r den 17-\u00e5riga talangen fr\u00e5n \u00c4ngelholm, Anton Wall, inf\u00f6r sin st\u00f6rsta utmaning hitintills - VM i kickboxning. M\u00e4sterskapet arrangeras mellan\",\"breadcrumb\":{\"@id\":\"https:\/\/www.budokampsport.se\/2017\/08\/14\/17-ariga-anton-wall-ser-fram-emot-vm-kickboxning\/#breadcrumb\"},\"inLanguage\":\"sv-SE\",\"potentialAction\":[{\"@type\":\"ReadAction\",\"target\":[\"https:\/\/www.budokampsport.se\/2017\/08\/14\/17-ariga-anton-wall-ser-fram-emot-vm-kickboxning\/\"]}]},{\"@type\":\"ImageObject\",\"inLanguage\":\"sv-SE\",\"@id\":\"https:\/\/www.budokampsport.se\/2017\/08\/14\/17-ariga-anton-wall-ser-fram-emot-vm-kickboxning\/#primaryimage\",\"url\":\"https:\/\/www.budokampsport.se\/wp-content\/uploads\/2017\/08\/anno.png\",\"contentUrl\":\"https:\/\/www.budokampsport.se\/wp-content\/uploads\/2017\/08\/anno.png\",\"width\":678,\"height\":511,\"caption\":\"foto: martin eisengarten\"},{\"@type\":\"BreadcrumbList\",\"@id\":\"https:\/\/www.budokampsport.se\/2017\/08\/14\/17-ariga-anton-wall-ser-fram-emot-vm-kickboxning\/#breadcrumb\",\"itemListElement\":[{\"@type\":\"ListItem\",\"position\":1,\"name\":\"Hem\",\"item\":\"https:\/\/www.budokampsport.se\/\"},{\"@type\":\"ListItem\",\"position\":2,\"name\":\"17-\u00e5riga Anton Wall ser fram emot VM i kickboxning\"}]},{\"@type\":\"WebSite\",\"@id\":\"https:\/\/www.budokampsport.se\/#website\",\"url\":\"https:\/\/www.budokampsport.se\/\",\"name\":\"Svenska Budo &amp; Kampsportsf\u00f6rbundet\",\"description\":\"T\u00e4vling, Tr\u00e4ning, Tradition\",\"potentialAction\":[{\"@type\":\"SearchAction\",\"target\":{\"@type\":\"EntryPoint\",\"urlTemplate\":\"https:\/\/www.budokampsport.se\/?s={search_term_string}\"},\"query-input\":{\"@type\":\"PropertyValueSpecification\",\"valueRequired\":true,\"valueName\":\"search_term_string\"}}],\"inLanguage\":\"sv-SE\"},{\"@type\":\"Person\",\"@id\":\"https:\/\/www.budokampsport.se\/#\/schema\/person\/c838cace8171f692e363fde3f38f208b\",\"name\":\"Annie Carriage\",\"image\":{\"@type\":\"ImageObject\",\"inLanguage\":\"sv-SE\",\"@id\":\"https:\/\/www.budokampsport.se\/#\/schema\/person\/image\/\",\"url\":\"https:\/\/secure.gravatar.com\/avatar\/9311295560bdfbdf78365a26f7df1876?s=96&d=blank&r=g\",\"contentUrl\":\"https:\/\/secure.gravatar.com\/avatar\/9311295560bdfbdf78365a26f7df1876?s=96&d=blank&r=g\",\"caption\":\"Annie Carriage\"},\"url\":\"https:\/\/www.budokampsport.se\/author\/annie-bondefelt\/\"}]}<\/script>\n<!-- \/ Yoast SEO plugin. -->","yoast_head_json":{"title":"17-\u00e5riga Anton Wall ser fram emot VM i kickboxning - Svenska Budo &amp; Kampsportsf\u00f6rbundet","description":"I november st\u00e5r den 17-\u00e5riga talangen fr\u00e5n \u00c4ngelholm, Anton Wall, inf\u00f6r sin st\u00f6rsta utmaning hitintills - VM i kickboxning. M\u00e4sterskapet arrangeras mellan","robots":{"index":"index","follow":"follow","max-snippet":"max-snippet:-1","max-image-preview":"max-image-preview:large","max-video-preview":"max-video-preview:-1"},"canonical":"https:\/\/www.budokampsport.se\/2017\/08\/14\/17-ariga-anton-wall-ser-fram-emot-vm-kickboxning\/","og_locale":"sv_SE","og_type":"article","og_title":"17-\u00e5riga Anton Wall ser fram emot VM i kickboxning - Svenska Budo &amp; Kampsportsf\u00f6rbundet","og_description":"I november st\u00e5r den 17-\u00e5riga talangen fr\u00e5n \u00c4ngelholm, Anton Wall, inf\u00f6r sin st\u00f6rsta utmaning hitintills - VM i kickboxning. M\u00e4sterskapet arrangeras mellan","og_url":"https:\/\/www.budokampsport.se\/2017\/08\/14\/17-ariga-anton-wall-ser-fram-emot-vm-kickboxning\/","og_site_name":"Svenska Budo &amp; Kampsportsf\u00f6rbundet","article_published_time":"2017-08-14T09:26:04+00:00","article_modified_time":"2017-08-15T09:37:33+00:00","og_image":[{"width":678,"height":511,"url":"https:\/\/www.budokampsport.se\/wp-content\/uploads\/2017\/08\/anno.png","type":"image\/png"}],"author":"Annie Carriage","twitter_card":"summary_large_image","twitter_misc":{"Skriven av":"Annie Carriage","Ber\u00e4knad l\u00e4stid":"2 minuter"},"schema":{"@context":"https:\/\/schema.org","@graph":[{"@type":"Article","@id":"https:\/\/www.budokampsport.se\/2017\/08\/14\/17-ariga-anton-wall-ser-fram-emot-vm-kickboxning\/#article","isPartOf":{"@id":"https:\/\/www.budokampsport.se\/2017\/08\/14\/17-ariga-anton-wall-ser-fram-emot-vm-kickboxning\/"},"author":{"name":"Annie Carriage","@id":"https:\/\/www.budokampsport.se\/#\/schema\/person\/c838cace8171f692e363fde3f38f208b"},"headline":"17-\u00e5riga Anton Wall ser fram emot VM i kickboxning","datePublished":"2017-08-14T09:26:04+00:00","dateModified":"2017-08-15T09:37:33+00:00","mainEntityOfPage":{"@id":"https:\/\/www.budokampsport.se\/2017\/08\/14\/17-ariga-anton-wall-ser-fram-emot-vm-kickboxning\/"},"wordCount":355,"commentCount":0,"image":{"@id":"https:\/\/www.budokampsport.se\/2017\/08\/14\/17-ariga-anton-wall-ser-fram-emot-vm-kickboxning\/#primaryimage"},"thumbnailUrl":"https:\/\/www.budokampsport.se\/wp-content\/uploads\/2017\/08\/anno.png","inLanguage":"sv-SE","potentialAction":[{"@type":"CommentAction","name":"Comment","target":["https:\/\/www.budokampsport.se\/2017\/08\/14\/17-ariga-anton-wall-ser-fram-emot-vm-kickboxning\/#respond"]}]},{"@type":"WebPage","@id":"https:\/\/www.budokampsport.se\/2017\/08\/14\/17-ariga-anton-wall-ser-fram-emot-vm-kickboxning\/","url":"https:\/\/www.budokampsport.se\/2017\/08\/14\/17-ariga-anton-wall-ser-fram-emot-vm-kickboxning\/","name":"17-\u00e5riga Anton Wall ser fram emot VM i kickboxning - Svenska Budo &amp; Kampsportsf\u00f6rbundet","isPartOf":{"@id":"https:\/\/www.budokampsport.se\/#website"},"primaryImageOfPage":{"@id":"https:\/\/www.budokampsport.se\/2017\/08\/14\/17-ariga-anton-wall-ser-fram-emot-vm-kickboxning\/#primaryimage"},"image":{"@id":"https:\/\/www.budokampsport.se\/2017\/08\/14\/17-ariga-anton-wall-ser-fram-emot-vm-kickboxning\/#primaryimage"},"thumbnailUrl":"https:\/\/www.budokampsport.se\/wp-content\/uploads\/2017\/08\/anno.png","datePublished":"2017-08-14T09:26:04+00:00","dateModified":"2017-08-15T09:37:33+00:00","author":{"@id":"https:\/\/www.budokampsport.se\/#\/schema\/person\/c838cace8171f692e363fde3f38f208b"},"description":"I november st\u00e5r den 17-\u00e5riga talangen fr\u00e5n \u00c4ngelholm, Anton Wall, inf\u00f6r sin st\u00f6rsta utmaning hitintills - VM i kickboxning. M\u00e4sterskapet arrangeras mellan","breadcrumb":{"@id":"https:\/\/www.budokampsport.se\/2017\/08\/14\/17-ariga-anton-wall-ser-fram-emot-vm-kickboxning\/#breadcrumb"},"inLanguage":"sv-SE","potentialAction":[{"@type":"ReadAction","target":["https:\/\/www.budokampsport.se\/2017\/08\/14\/17-ariga-anton-wall-ser-fram-emot-vm-kickboxning\/"]}]},{"@type":"ImageObject","inLanguage":"sv-SE","@id":"https:\/\/www.budokampsport.se\/2017\/08\/14\/17-ariga-anton-wall-ser-fram-emot-vm-kickboxning\/#primaryimage","url":"https:\/\/www.budokampsport.se\/wp-content\/uploads\/2017\/08\/anno.png","contentUrl":"https:\/\/www.budokampsport.se\/wp-content\/uploads\/2017\/08\/anno.png","width":678,"height":511,"caption":"foto: martin eisengarten"},{"@type":"BreadcrumbList","@id":"https:\/\/www.budokampsport.se\/2017\/08\/14\/17-ariga-anton-wall-ser-fram-emot-vm-kickboxning\/#breadcrumb","itemListElement":[{"@type":"ListItem","position":1,"name":"Hem","item":"https:\/\/www.budokampsport.se\/"},{"@type":"ListItem","position":2,"name":"17-\u00e5riga Anton Wall ser fram emot VM i kickboxning"}]},{"@type":"WebSite","@id":"https:\/\/www.budokampsport.se\/#website","url":"https:\/\/www.budokampsport.se\/","name":"Svenska Budo &amp; Kampsportsf\u00f6rbundet","description":"T\u00e4vling, Tr\u00e4ning, Tradition","potentialAction":[{"@type":"SearchAction","target":{"@type":"EntryPoint","urlTemplate":"https:\/\/www.budokampsport.se\/?s={search_term_string}"},"query-input":{"@type":"PropertyValueSpecification","valueRequired":true,"valueName":"search_term_string"}}],"inLanguage":"sv-SE"},{"@type":"Person","@id":"https:\/\/www.budokampsport.se\/#\/schema\/person\/c838cace8171f692e363fde3f38f208b","name":"Annie Carriage","image":{"@type":"ImageObject","inLanguage":"sv-SE","@id":"https:\/\/www.budokampsport.se\/#\/schema\/person\/image\/","url":"https:\/\/secure.gravatar.com\/avatar\/9311295560bdfbdf78365a26f7df1876?s=96&d=blank&r=g","contentUrl":"https:\/\/secure.gravatar.com\/avatar\/9311295560bdfbdf78365a26f7df1876?s=96&d=blank&r=g","caption":"Annie Carriage"},"url":"https:\/\/www.budokampsport.se\/author\/annie-bondefelt\/"}]}},"_links":{"self":[{"href":"https:\/\/www.budokampsport.se\/api\/wp\/v2\/posts\/48305","targetHints":{"allow":["GET"]}}],"collection":[{"href":"https:\/\/www.budokampsport.se\/api\/wp\/v2\/posts"}],"about":[{"href":"https:\/\/www.budokampsport.se\/api\/wp\/v2\/types\/post"}],"author":[{"embeddable":true,"href":"https:\/\/www.budokampsport.se\/api\/wp\/v2\/users\/120"}],"replies":[{"embeddable":true,"href":"https:\/\/www.budokampsport.se\/api\/wp\/v2\/comments?post=48305"}],"version-history":[{"count":0,"href":"https:\/\/www.budokampsport.se\/api\/wp\/v2\/posts\/48305\/revisions"}],"wp:featuredmedia":[{"embeddable":true,"href":"https:\/\/www.budokampsport.se\/api\/wp\/v2\/media\/48315"}],"wp:attachment":[{"href":"https:\/\/www.budokampsport.se\/api\/wp\/v2\/media?parent=48305"}],"wp:term":[{"taxonomy":"category","embeddable":true,"href":"https:\/\/www.budokampsport.se\/api\/wp\/v2\/categories?post=48305"},{"taxonomy":"post_tag","embeddable":true,"href":"https:\/\/www.budokampsport.se\/api\/wp\/v2\/tags?post=48305"}],"curies":[{"name":"wp","href":"https:\/\/api.w.org\/{rel}","templated":true}]}}