{"id":48473,"date":"2017-08-18T12:39:09","date_gmt":"2017-08-18T10:39:09","guid":{"rendered":"http:\/\/www.budokampsport.se\/?p=48473"},"modified":"2017-08-18T18:01:08","modified_gmt":"2017-08-18T16:01:08","slug":"kampsportspodden-avnitt-7","status":"publish","type":"post","link":"https:\/\/www.budokampsport.se\/2017\/08\/18\/kampsportspodden-avnitt-7\/","title":{"rendered":"Kampsportspodden, avsnitt 7"},"content":{"rendered":"<p>Vi tittar n\u00e4rmare p\u00e5 f\u00f6rv\u00e4ntningar och f\u00f6rhoppningar inf\u00f6r h\u00f6stens m\u00e4sterskap och aktiviteter. Vi pratar igenom bl.a. kommande VM i MMA, VM i kickboxning, EM i thaiboxning och HEMA:s internationella stort\u00e4vling Swordfish. Om du \u00e4r intresserad av att veta mer om idrottsstj\u00e4rnorna Tilda Ek, Jesper Waldest\u00e5l, Fredrik Widgren eller Zina Djelassi \u00e4r det h\u00e4r avsnittet ocks\u00e5 n\u00e5got f\u00f6r dig.<\/p>\n<p>Vi ber\u00e4ttar \u00e4ven om v\u00e5rens viktigaste h\u00e4ndelser inom v\u00e5ra idrotter, pratar lite extra om sommarens World Games och kikar igenom v\u00e5ra medlemsstatistik.<\/p>\n<p><a href=\"https:\/\/soundcloud.com\/user-827638656\/kampsportspodden-avsnitt-7\">Lyssna p\u00e5 Avsnitt 7 h\u00e4r.<\/a><br \/>\nNya avsnittet finns \u00e4ven inom kort uppdaterat p\u00e5 <a href=\"https:\/\/www.acast.com\/kampsportspodden\">Acast h\u00e4r.<\/a><\/p>\n<p>Text: Annie Bondefelt<\/p>\n<p>Foto:\u00a0Wahab Akman\/Acman Produktion<\/p>\n","protected":false},"excerpt":{"rendered":"<p>Vi tittar n\u00e4rmare p\u00e5 f\u00f6rv\u00e4ntningar och f\u00f6rhoppningar inf\u00f6r h\u00f6stens m\u00e4sterskap [&#8230;]<\/p><br>","protected":false},"author":120,"featured_media":48477,"comment_status":"open","ping_status":"open","sticky":false,"template":"","format":"standard","meta":{"_acf_changed":false,"footnotes":""},"categories":[1],"tags":[],"class_list":["post-48473","post","type-post","status-publish","format-standard","has-post-thumbnail","hentry","category-okategoriserade"],"acf":[],"yoast_head":"<!-- This site is optimized with the Yoast SEO plugin v26.8 - https:\/\/yoast.com\/product\/yoast-seo-wordpress\/ -->\n<title>Kampsportspodden, avsnitt 7 - Svenska Budo &amp; Kampsportsf\u00f6rbundet<\/title>\n<meta name=\"description\" content=\"Vi tittar n\u00e4rmare p\u00e5 f\u00f6rv\u00e4ntningar och f\u00f6rhoppningar inf\u00f6r h\u00f6stens m\u00e4sterskap och aktiviteter. Vi pratar igenom bl.a. kommande VM i MMA, VM i kickboxning,\" \/>\n<meta name=\"robots\" content=\"index, follow, max-snippet:-1, max-image-preview:large, max-video-preview:-1\" \/>\n<link rel=\"canonical\" href=\"https:\/\/www.budokampsport.se\/2017\/08\/18\/kampsportspodden-avnitt-7\/\" \/>\n<meta property=\"og:locale\" content=\"sv_SE\" \/>\n<meta property=\"og:type\" content=\"article\" \/>\n<meta property=\"og:title\" content=\"Kampsportspodden, avsnitt 7 - Svenska Budo &amp; Kampsportsf\u00f6rbundet\" \/>\n<meta property=\"og:description\" content=\"Vi tittar n\u00e4rmare p\u00e5 f\u00f6rv\u00e4ntningar och f\u00f6rhoppningar inf\u00f6r h\u00f6stens m\u00e4sterskap och aktiviteter. Vi pratar igenom bl.a. kommande VM i MMA, VM i kickboxning,\" \/>\n<meta property=\"og:url\" content=\"https:\/\/www.budokampsport.se\/2017\/08\/18\/kampsportspodden-avnitt-7\/\" \/>\n<meta property=\"og:site_name\" content=\"Svenska Budo &amp; Kampsportsf\u00f6rbundet\" \/>\n<meta property=\"article:published_time\" content=\"2017-08-18T10:39:09+00:00\" \/>\n<meta property=\"article:modified_time\" content=\"2017-08-18T16:01:08+00:00\" \/>\n<meta property=\"og:image\" content=\"https:\/\/www.budokampsport.se\/wp-content\/uploads\/2017\/08\/podd7-hemsida-e1624881786574.jpg\" \/>\n\t<meta property=\"og:image:width\" content=\"850\" \/>\n\t<meta property=\"og:image:height\" content=\"691\" \/>\n\t<meta property=\"og:image:type\" content=\"image\/jpeg\" \/>\n<meta name=\"author\" content=\"Annie Carriage\" \/>\n<meta name=\"twitter:card\" content=\"summary_large_image\" \/>\n<meta name=\"twitter:label1\" content=\"Skriven av\" \/>\n\t<meta name=\"twitter:data1\" content=\"Annie Carriage\" \/>\n\t<meta name=\"twitter:label2\" content=\"Ber\u00e4knad l\u00e4stid\" \/>\n\t<meta name=\"twitter:data2\" content=\"1 minut\" \/>\n<script type=\"application\/ld+json\" class=\"yoast-schema-graph\">{\"@context\":\"https:\/\/schema.org\",\"@graph\":[{\"@type\":\"Article\",\"@id\":\"https:\/\/www.budokampsport.se\/2017\/08\/18\/kampsportspodden-avnitt-7\/#article\",\"isPartOf\":{\"@id\":\"https:\/\/www.budokampsport.se\/2017\/08\/18\/kampsportspodden-avnitt-7\/\"},\"author\":{\"name\":\"Annie Carriage\",\"@id\":\"https:\/\/www.budokampsport.se\/#\/schema\/person\/c838cace8171f692e363fde3f38f208b\"},\"headline\":\"Kampsportspodden, avsnitt 7\",\"datePublished\":\"2017-08-18T10:39:09+00:00\",\"dateModified\":\"2017-08-18T16:01:08+00:00\",\"mainEntityOfPage\":{\"@id\":\"https:\/\/www.budokampsport.se\/2017\/08\/18\/kampsportspodden-avnitt-7\/\"},\"wordCount\":126,\"commentCount\":0,\"image\":{\"@id\":\"https:\/\/www.budokampsport.se\/2017\/08\/18\/kampsportspodden-avnitt-7\/#primaryimage\"},\"thumbnailUrl\":\"https:\/\/www.budokampsport.se\/wp-content\/uploads\/2017\/08\/podd7-hemsida-e1624881786574.jpg\",\"inLanguage\":\"sv-SE\",\"potentialAction\":[{\"@type\":\"CommentAction\",\"name\":\"Comment\",\"target\":[\"https:\/\/www.budokampsport.se\/2017\/08\/18\/kampsportspodden-avnitt-7\/#respond\"]}]},{\"@type\":\"WebPage\",\"@id\":\"https:\/\/www.budokampsport.se\/2017\/08\/18\/kampsportspodden-avnitt-7\/\",\"url\":\"https:\/\/www.budokampsport.se\/2017\/08\/18\/kampsportspodden-avnitt-7\/\",\"name\":\"Kampsportspodden, avsnitt 7 - Svenska Budo &amp; Kampsportsf\u00f6rbundet\",\"isPartOf\":{\"@id\":\"https:\/\/www.budokampsport.se\/#website\"},\"primaryImageOfPage\":{\"@id\":\"https:\/\/www.budokampsport.se\/2017\/08\/18\/kampsportspodden-avnitt-7\/#primaryimage\"},\"image\":{\"@id\":\"https:\/\/www.budokampsport.se\/2017\/08\/18\/kampsportspodden-avnitt-7\/#primaryimage\"},\"thumbnailUrl\":\"https:\/\/www.budokampsport.se\/wp-content\/uploads\/2017\/08\/podd7-hemsida-e1624881786574.jpg\",\"datePublished\":\"2017-08-18T10:39:09+00:00\",\"dateModified\":\"2017-08-18T16:01:08+00:00\",\"author\":{\"@id\":\"https:\/\/www.budokampsport.se\/#\/schema\/person\/c838cace8171f692e363fde3f38f208b\"},\"description\":\"Vi tittar n\u00e4rmare p\u00e5 f\u00f6rv\u00e4ntningar och f\u00f6rhoppningar inf\u00f6r h\u00f6stens m\u00e4sterskap och aktiviteter. Vi pratar igenom bl.a. kommande VM i MMA, VM i kickboxning,\",\"breadcrumb\":{\"@id\":\"https:\/\/www.budokampsport.se\/2017\/08\/18\/kampsportspodden-avnitt-7\/#breadcrumb\"},\"inLanguage\":\"sv-SE\",\"potentialAction\":[{\"@type\":\"ReadAction\",\"target\":[\"https:\/\/www.budokampsport.se\/2017\/08\/18\/kampsportspodden-avnitt-7\/\"]}]},{\"@type\":\"ImageObject\",\"inLanguage\":\"sv-SE\",\"@id\":\"https:\/\/www.budokampsport.se\/2017\/08\/18\/kampsportspodden-avnitt-7\/#primaryimage\",\"url\":\"https:\/\/www.budokampsport.se\/wp-content\/uploads\/2017\/08\/podd7-hemsida-e1624881786574.jpg\",\"contentUrl\":\"https:\/\/www.budokampsport.se\/wp-content\/uploads\/2017\/08\/podd7-hemsida-e1624881786574.jpg\",\"width\":850,\"height\":691},{\"@type\":\"BreadcrumbList\",\"@id\":\"https:\/\/www.budokampsport.se\/2017\/08\/18\/kampsportspodden-avnitt-7\/#breadcrumb\",\"itemListElement\":[{\"@type\":\"ListItem\",\"position\":1,\"name\":\"Hem\",\"item\":\"https:\/\/www.budokampsport.se\/\"},{\"@type\":\"ListItem\",\"position\":2,\"name\":\"Kampsportspodden, avsnitt 7\"}]},{\"@type\":\"WebSite\",\"@id\":\"https:\/\/www.budokampsport.se\/#website\",\"url\":\"https:\/\/www.budokampsport.se\/\",\"name\":\"Svenska Budo &amp; Kampsportsf\u00f6rbundet\",\"description\":\"T\u00e4vling, Tr\u00e4ning, Tradition\",\"potentialAction\":[{\"@type\":\"SearchAction\",\"target\":{\"@type\":\"EntryPoint\",\"urlTemplate\":\"https:\/\/www.budokampsport.se\/?s={search_term_string}\"},\"query-input\":{\"@type\":\"PropertyValueSpecification\",\"valueRequired\":true,\"valueName\":\"search_term_string\"}}],\"inLanguage\":\"sv-SE\"},{\"@type\":\"Person\",\"@id\":\"https:\/\/www.budokampsport.se\/#\/schema\/person\/c838cace8171f692e363fde3f38f208b\",\"name\":\"Annie Carriage\",\"image\":{\"@type\":\"ImageObject\",\"inLanguage\":\"sv-SE\",\"@id\":\"https:\/\/www.budokampsport.se\/#\/schema\/person\/image\/\",\"url\":\"https:\/\/secure.gravatar.com\/avatar\/9311295560bdfbdf78365a26f7df1876?s=96&d=blank&r=g\",\"contentUrl\":\"https:\/\/secure.gravatar.com\/avatar\/9311295560bdfbdf78365a26f7df1876?s=96&d=blank&r=g\",\"caption\":\"Annie Carriage\"},\"url\":\"https:\/\/www.budokampsport.se\/author\/annie-bondefelt\/\"}]}<\/script>\n<!-- \/ Yoast SEO plugin. -->","yoast_head_json":{"title":"Kampsportspodden, avsnitt 7 - Svenska Budo &amp; Kampsportsf\u00f6rbundet","description":"Vi tittar n\u00e4rmare p\u00e5 f\u00f6rv\u00e4ntningar och f\u00f6rhoppningar inf\u00f6r h\u00f6stens m\u00e4sterskap och aktiviteter. Vi pratar igenom bl.a. kommande VM i MMA, VM i kickboxning,","robots":{"index":"index","follow":"follow","max-snippet":"max-snippet:-1","max-image-preview":"max-image-preview:large","max-video-preview":"max-video-preview:-1"},"canonical":"https:\/\/www.budokampsport.se\/2017\/08\/18\/kampsportspodden-avnitt-7\/","og_locale":"sv_SE","og_type":"article","og_title":"Kampsportspodden, avsnitt 7 - Svenska Budo &amp; Kampsportsf\u00f6rbundet","og_description":"Vi tittar n\u00e4rmare p\u00e5 f\u00f6rv\u00e4ntningar och f\u00f6rhoppningar inf\u00f6r h\u00f6stens m\u00e4sterskap och aktiviteter. Vi pratar igenom bl.a. kommande VM i MMA, VM i kickboxning,","og_url":"https:\/\/www.budokampsport.se\/2017\/08\/18\/kampsportspodden-avnitt-7\/","og_site_name":"Svenska Budo &amp; Kampsportsf\u00f6rbundet","article_published_time":"2017-08-18T10:39:09+00:00","article_modified_time":"2017-08-18T16:01:08+00:00","og_image":[{"width":850,"height":691,"url":"https:\/\/www.budokampsport.se\/wp-content\/uploads\/2017\/08\/podd7-hemsida-e1624881786574.jpg","type":"image\/jpeg"}],"author":"Annie Carriage","twitter_card":"summary_large_image","twitter_misc":{"Skriven av":"Annie Carriage","Ber\u00e4knad l\u00e4stid":"1 minut"},"schema":{"@context":"https:\/\/schema.org","@graph":[{"@type":"Article","@id":"https:\/\/www.budokampsport.se\/2017\/08\/18\/kampsportspodden-avnitt-7\/#article","isPartOf":{"@id":"https:\/\/www.budokampsport.se\/2017\/08\/18\/kampsportspodden-avnitt-7\/"},"author":{"name":"Annie Carriage","@id":"https:\/\/www.budokampsport.se\/#\/schema\/person\/c838cace8171f692e363fde3f38f208b"},"headline":"Kampsportspodden, avsnitt 7","datePublished":"2017-08-18T10:39:09+00:00","dateModified":"2017-08-18T16:01:08+00:00","mainEntityOfPage":{"@id":"https:\/\/www.budokampsport.se\/2017\/08\/18\/kampsportspodden-avnitt-7\/"},"wordCount":126,"commentCount":0,"image":{"@id":"https:\/\/www.budokampsport.se\/2017\/08\/18\/kampsportspodden-avnitt-7\/#primaryimage"},"thumbnailUrl":"https:\/\/www.budokampsport.se\/wp-content\/uploads\/2017\/08\/podd7-hemsida-e1624881786574.jpg","inLanguage":"sv-SE","potentialAction":[{"@type":"CommentAction","name":"Comment","target":["https:\/\/www.budokampsport.se\/2017\/08\/18\/kampsportspodden-avnitt-7\/#respond"]}]},{"@type":"WebPage","@id":"https:\/\/www.budokampsport.se\/2017\/08\/18\/kampsportspodden-avnitt-7\/","url":"https:\/\/www.budokampsport.se\/2017\/08\/18\/kampsportspodden-avnitt-7\/","name":"Kampsportspodden, avsnitt 7 - Svenska Budo &amp; Kampsportsf\u00f6rbundet","isPartOf":{"@id":"https:\/\/www.budokampsport.se\/#website"},"primaryImageOfPage":{"@id":"https:\/\/www.budokampsport.se\/2017\/08\/18\/kampsportspodden-avnitt-7\/#primaryimage"},"image":{"@id":"https:\/\/www.budokampsport.se\/2017\/08\/18\/kampsportspodden-avnitt-7\/#primaryimage"},"thumbnailUrl":"https:\/\/www.budokampsport.se\/wp-content\/uploads\/2017\/08\/podd7-hemsida-e1624881786574.jpg","datePublished":"2017-08-18T10:39:09+00:00","dateModified":"2017-08-18T16:01:08+00:00","author":{"@id":"https:\/\/www.budokampsport.se\/#\/schema\/person\/c838cace8171f692e363fde3f38f208b"},"description":"Vi tittar n\u00e4rmare p\u00e5 f\u00f6rv\u00e4ntningar och f\u00f6rhoppningar inf\u00f6r h\u00f6stens m\u00e4sterskap och aktiviteter. Vi pratar igenom bl.a. kommande VM i MMA, VM i kickboxning,","breadcrumb":{"@id":"https:\/\/www.budokampsport.se\/2017\/08\/18\/kampsportspodden-avnitt-7\/#breadcrumb"},"inLanguage":"sv-SE","potentialAction":[{"@type":"ReadAction","target":["https:\/\/www.budokampsport.se\/2017\/08\/18\/kampsportspodden-avnitt-7\/"]}]},{"@type":"ImageObject","inLanguage":"sv-SE","@id":"https:\/\/www.budokampsport.se\/2017\/08\/18\/kampsportspodden-avnitt-7\/#primaryimage","url":"https:\/\/www.budokampsport.se\/wp-content\/uploads\/2017\/08\/podd7-hemsida-e1624881786574.jpg","contentUrl":"https:\/\/www.budokampsport.se\/wp-content\/uploads\/2017\/08\/podd7-hemsida-e1624881786574.jpg","width":850,"height":691},{"@type":"BreadcrumbList","@id":"https:\/\/www.budokampsport.se\/2017\/08\/18\/kampsportspodden-avnitt-7\/#breadcrumb","itemListElement":[{"@type":"ListItem","position":1,"name":"Hem","item":"https:\/\/www.budokampsport.se\/"},{"@type":"ListItem","position":2,"name":"Kampsportspodden, avsnitt 7"}]},{"@type":"WebSite","@id":"https:\/\/www.budokampsport.se\/#website","url":"https:\/\/www.budokampsport.se\/","name":"Svenska Budo &amp; Kampsportsf\u00f6rbundet","description":"T\u00e4vling, Tr\u00e4ning, Tradition","potentialAction":[{"@type":"SearchAction","target":{"@type":"EntryPoint","urlTemplate":"https:\/\/www.budokampsport.se\/?s={search_term_string}"},"query-input":{"@type":"PropertyValueSpecification","valueRequired":true,"valueName":"search_term_string"}}],"inLanguage":"sv-SE"},{"@type":"Person","@id":"https:\/\/www.budokampsport.se\/#\/schema\/person\/c838cace8171f692e363fde3f38f208b","name":"Annie Carriage","image":{"@type":"ImageObject","inLanguage":"sv-SE","@id":"https:\/\/www.budokampsport.se\/#\/schema\/person\/image\/","url":"https:\/\/secure.gravatar.com\/avatar\/9311295560bdfbdf78365a26f7df1876?s=96&d=blank&r=g","contentUrl":"https:\/\/secure.gravatar.com\/avatar\/9311295560bdfbdf78365a26f7df1876?s=96&d=blank&r=g","caption":"Annie Carriage"},"url":"https:\/\/www.budokampsport.se\/author\/annie-bondefelt\/"}]}},"_links":{"self":[{"href":"https:\/\/www.budokampsport.se\/api\/wp\/v2\/posts\/48473","targetHints":{"allow":["GET"]}}],"collection":[{"href":"https:\/\/www.budokampsport.se\/api\/wp\/v2\/posts"}],"about":[{"href":"https:\/\/www.budokampsport.se\/api\/wp\/v2\/types\/post"}],"author":[{"embeddable":true,"href":"https:\/\/www.budokampsport.se\/api\/wp\/v2\/users\/120"}],"replies":[{"embeddable":true,"href":"https:\/\/www.budokampsport.se\/api\/wp\/v2\/comments?post=48473"}],"version-history":[{"count":0,"href":"https:\/\/www.budokampsport.se\/api\/wp\/v2\/posts\/48473\/revisions"}],"wp:featuredmedia":[{"embeddable":true,"href":"https:\/\/www.budokampsport.se\/api\/wp\/v2\/media\/48477"}],"wp:attachment":[{"href":"https:\/\/www.budokampsport.se\/api\/wp\/v2\/media?parent=48473"}],"wp:term":[{"taxonomy":"category","embeddable":true,"href":"https:\/\/www.budokampsport.se\/api\/wp\/v2\/categories?post=48473"},{"taxonomy":"post_tag","embeddable":true,"href":"https:\/\/www.budokampsport.se\/api\/wp\/v2\/tags?post=48473"}],"curies":[{"name":"wp","href":"https:\/\/api.w.org\/{rel}","templated":true}]}}