{"id":4853,"date":"2014-02-06T10:23:44","date_gmt":"2014-02-06T09:23:44","guid":{"rendered":"http:\/\/budo.wordpress.dev\/2014\/02\/06\/nu-oppnas-rostningen-till-folkets-pris-guldtsuban\/"},"modified":"2016-12-06T22:36:44","modified_gmt":"2016-12-06T21:36:44","slug":"nu-oppnas-rostningen-till-folkets-pris-guldtsuban","status":"publish","type":"post","link":"https:\/\/www.budokampsport.se\/2014\/02\/06\/nu-oppnas-rostningen-till-folkets-pris-guldtsuban\/","title":{"rendered":"Nu \u00f6ppnas r\u00f6stningen till Folkets pris &#8211; guldtsuban"},"content":{"rendered":"<p><strong><img decoding=\"async\" alt=\"\" src=\"\/sites\/default\/files\/folkets.gif\" style=\"height:240px; width:435px\"><br \/>R\u00f6stningen till Folkets Pris &#8211; guldtsuban \u00e4r nu \u00f6ppen. Det \u00e4r helt enkelt den av de tio nominerade som f\u00e5r flest r\u00f6ster som vinner priset. R\u00f6stningen st\u00e4nger samma dag som Kampsportsgalan, det vill s\u00e4ga den 22:a mars.<\/strong><!--break--><\/p>\n<p><strong>H\u00e4r \u00e4r de nominerade.<\/strong><br \/>Usama Aziz, MMA<br \/>Hamza Bougamza, thaiboxning<br \/>Alexander Gustafsson, MMA<br \/>Janni Larsson, submission wrestling\/BJJ<br \/>Ilir Latifi, MMA<br \/>Reza Madadi, MMA<br \/>Nicholas Musoke, MMA<br \/>Sadibou Sy, thaiboxning\/MMA<br \/>Madeleine Vall, thaiboxning<br \/>Sara Widgren, ju jutsu<\/p>\n<p><a href=\"http:\/\/www.kampsportsgalan2014.se\/folkets-pris-2014\">H\u00e4r r\u00f6star du!\u00a0<\/a><\/p>\n","protected":false},"excerpt":{"rendered":"<p><strong><img decoding=\"async\" alt=\"\" src=\"\/sites\/default\/files\/folkets.gif\" style=\"height:240px; width:435px\"><br \/>R\u00f6stningen till Folkets Pris &#8211; guldtsuban \u00e4r nu \u00f6ppen. Det \u00e4r helt enkelt den av de tio nominerade som f\u00e5r flest r\u00f6ster som vinner priset. R\u00f6stningen st\u00e4nger samma dag som Kampsportsgalan, det vill s\u00e4ga den 22:a mars.<\/strong><\/p><br>","protected":false},"author":7,"featured_media":0,"comment_status":"closed","ping_status":"closed","sticky":false,"template":"","format":"standard","meta":{"_acf_changed":false,"footnotes":""},"categories":[1],"tags":[],"class_list":["post-4853","post","type-post","status-publish","format-standard","hentry","category-okategoriserade"],"acf":[],"yoast_head":"<!-- This site is optimized with the Yoast SEO plugin v26.8 - https:\/\/yoast.com\/product\/yoast-seo-wordpress\/ -->\n<title>Nu \u00f6ppnas r\u00f6stningen till Folkets pris - guldtsuban - Svenska Budo &amp; Kampsportsf\u00f6rbundet<\/title>\n<meta name=\"description\" content=\"R\u00f6stningen till Folkets Pris - guldtsuban \u00e4r nu \u00f6ppen. Det \u00e4r helt enkelt den av de tio nominerade som f\u00e5r flest r\u00f6ster som vinner priset. R\u00f6stningen st\u00e4nger samma dag som Kampsportsgalan, det vill s\u00e4ga den 22:a mars.\" \/>\n<meta name=\"robots\" content=\"index, follow, max-snippet:-1, max-image-preview:large, max-video-preview:-1\" \/>\n<link rel=\"canonical\" href=\"https:\/\/www.budokampsport.se\/2014\/02\/06\/nu-oppnas-rostningen-till-folkets-pris-guldtsuban\/\" \/>\n<meta property=\"og:locale\" content=\"sv_SE\" \/>\n<meta property=\"og:type\" content=\"article\" \/>\n<meta property=\"og:title\" content=\"Nu \u00f6ppnas r\u00f6stningen till Folkets pris - guldtsuban - Svenska Budo &amp; Kampsportsf\u00f6rbundet\" \/>\n<meta property=\"og:description\" content=\"R\u00f6stningen till Folkets Pris - guldtsuban \u00e4r nu \u00f6ppen. Det \u00e4r helt enkelt den av de tio nominerade som f\u00e5r flest r\u00f6ster som vinner priset. R\u00f6stningen st\u00e4nger samma dag som Kampsportsgalan, det vill s\u00e4ga den 22:a mars.\" \/>\n<meta property=\"og:url\" content=\"https:\/\/www.budokampsport.se\/2014\/02\/06\/nu-oppnas-rostningen-till-folkets-pris-guldtsuban\/\" \/>\n<meta property=\"og:site_name\" content=\"Svenska Budo &amp; Kampsportsf\u00f6rbundet\" \/>\n<meta property=\"article:author\" content=\"https:\/\/www.facebook.com\/jonathan.broberg.7\" \/>\n<meta property=\"article:published_time\" content=\"2014-02-06T09:23:44+00:00\" \/>\n<meta property=\"article:modified_time\" content=\"2016-12-06T21:36:44+00:00\" \/>\n<meta name=\"author\" content=\"Jonathan Broberg\" \/>\n<meta name=\"twitter:card\" content=\"summary_large_image\" \/>\n<meta name=\"twitter:label1\" content=\"Skriven av\" \/>\n\t<meta name=\"twitter:data1\" content=\"Jonathan Broberg\" \/>\n<script type=\"application\/ld+json\" class=\"yoast-schema-graph\">{\"@context\":\"https:\/\/schema.org\",\"@graph\":[{\"@type\":\"Article\",\"@id\":\"https:\/\/www.budokampsport.se\/2014\/02\/06\/nu-oppnas-rostningen-till-folkets-pris-guldtsuban\/#article\",\"isPartOf\":{\"@id\":\"https:\/\/www.budokampsport.se\/2014\/02\/06\/nu-oppnas-rostningen-till-folkets-pris-guldtsuban\/\"},\"author\":{\"name\":\"Jonathan Broberg\",\"@id\":\"https:\/\/www.budokampsport.se\/#\/schema\/person\/5c06d81d14850e2a8ce5493386560145\"},\"headline\":\"Nu \u00f6ppnas r\u00f6stningen till Folkets pris &#8211; guldtsuban\",\"datePublished\":\"2014-02-06T09:23:44+00:00\",\"dateModified\":\"2016-12-06T21:36:44+00:00\",\"mainEntityOfPage\":{\"@id\":\"https:\/\/www.budokampsport.se\/2014\/02\/06\/nu-oppnas-rostningen-till-folkets-pris-guldtsuban\/\"},\"wordCount\":87,\"inLanguage\":\"sv-SE\"},{\"@type\":\"WebPage\",\"@id\":\"https:\/\/www.budokampsport.se\/2014\/02\/06\/nu-oppnas-rostningen-till-folkets-pris-guldtsuban\/\",\"url\":\"https:\/\/www.budokampsport.se\/2014\/02\/06\/nu-oppnas-rostningen-till-folkets-pris-guldtsuban\/\",\"name\":\"Nu \u00f6ppnas r\u00f6stningen till Folkets pris - guldtsuban - Svenska Budo &amp; Kampsportsf\u00f6rbundet\",\"isPartOf\":{\"@id\":\"https:\/\/www.budokampsport.se\/#website\"},\"datePublished\":\"2014-02-06T09:23:44+00:00\",\"dateModified\":\"2016-12-06T21:36:44+00:00\",\"author\":{\"@id\":\"https:\/\/www.budokampsport.se\/#\/schema\/person\/5c06d81d14850e2a8ce5493386560145\"},\"description\":\"R\u00f6stningen till Folkets Pris - guldtsuban \u00e4r nu \u00f6ppen. Det \u00e4r helt enkelt den av de tio nominerade som f\u00e5r flest r\u00f6ster som vinner priset. R\u00f6stningen st\u00e4nger samma dag som Kampsportsgalan, det vill s\u00e4ga den 22:a mars.\",\"breadcrumb\":{\"@id\":\"https:\/\/www.budokampsport.se\/2014\/02\/06\/nu-oppnas-rostningen-till-folkets-pris-guldtsuban\/#breadcrumb\"},\"inLanguage\":\"sv-SE\",\"potentialAction\":[{\"@type\":\"ReadAction\",\"target\":[\"https:\/\/www.budokampsport.se\/2014\/02\/06\/nu-oppnas-rostningen-till-folkets-pris-guldtsuban\/\"]}]},{\"@type\":\"BreadcrumbList\",\"@id\":\"https:\/\/www.budokampsport.se\/2014\/02\/06\/nu-oppnas-rostningen-till-folkets-pris-guldtsuban\/#breadcrumb\",\"itemListElement\":[{\"@type\":\"ListItem\",\"position\":1,\"name\":\"Hem\",\"item\":\"https:\/\/www.budokampsport.se\/\"},{\"@type\":\"ListItem\",\"position\":2,\"name\":\"Nu \u00f6ppnas r\u00f6stningen till Folkets pris &#8211; guldtsuban\"}]},{\"@type\":\"WebSite\",\"@id\":\"https:\/\/www.budokampsport.se\/#website\",\"url\":\"https:\/\/www.budokampsport.se\/\",\"name\":\"Svenska Budo &amp; Kampsportsf\u00f6rbundet\",\"description\":\"T\u00e4vling, Tr\u00e4ning, Tradition\",\"potentialAction\":[{\"@type\":\"SearchAction\",\"target\":{\"@type\":\"EntryPoint\",\"urlTemplate\":\"https:\/\/www.budokampsport.se\/?s={search_term_string}\"},\"query-input\":{\"@type\":\"PropertyValueSpecification\",\"valueRequired\":true,\"valueName\":\"search_term_string\"}}],\"inLanguage\":\"sv-SE\"},{\"@type\":\"Person\",\"@id\":\"https:\/\/www.budokampsport.se\/#\/schema\/person\/5c06d81d14850e2a8ce5493386560145\",\"name\":\"Jonathan Broberg\",\"image\":{\"@type\":\"ImageObject\",\"inLanguage\":\"sv-SE\",\"@id\":\"https:\/\/www.budokampsport.se\/#\/schema\/person\/image\/\",\"url\":\"https:\/\/secure.gravatar.com\/avatar\/a58041c6cea9128bd9c40ee2f26d4136?s=96&d=blank&r=g\",\"contentUrl\":\"https:\/\/secure.gravatar.com\/avatar\/a58041c6cea9128bd9c40ee2f26d4136?s=96&d=blank&r=g\",\"caption\":\"Jonathan Broberg\"},\"sameAs\":[\"https:\/\/www.facebook.com\/jonathan.broberg.7\"],\"url\":\"https:\/\/www.budokampsport.se\/author\/jonathan\/\"}]}<\/script>\n<!-- \/ Yoast SEO plugin. -->","yoast_head_json":{"title":"Nu \u00f6ppnas r\u00f6stningen till Folkets pris - guldtsuban - Svenska Budo &amp; Kampsportsf\u00f6rbundet","description":"R\u00f6stningen till Folkets Pris - guldtsuban \u00e4r nu \u00f6ppen. Det \u00e4r helt enkelt den av de tio nominerade som f\u00e5r flest r\u00f6ster som vinner priset. R\u00f6stningen st\u00e4nger samma dag som Kampsportsgalan, det vill s\u00e4ga den 22:a mars.","robots":{"index":"index","follow":"follow","max-snippet":"max-snippet:-1","max-image-preview":"max-image-preview:large","max-video-preview":"max-video-preview:-1"},"canonical":"https:\/\/www.budokampsport.se\/2014\/02\/06\/nu-oppnas-rostningen-till-folkets-pris-guldtsuban\/","og_locale":"sv_SE","og_type":"article","og_title":"Nu \u00f6ppnas r\u00f6stningen till Folkets pris - guldtsuban - Svenska Budo &amp; Kampsportsf\u00f6rbundet","og_description":"R\u00f6stningen till Folkets Pris - guldtsuban \u00e4r nu \u00f6ppen. Det \u00e4r helt enkelt den av de tio nominerade som f\u00e5r flest r\u00f6ster som vinner priset. R\u00f6stningen st\u00e4nger samma dag som Kampsportsgalan, det vill s\u00e4ga den 22:a mars.","og_url":"https:\/\/www.budokampsport.se\/2014\/02\/06\/nu-oppnas-rostningen-till-folkets-pris-guldtsuban\/","og_site_name":"Svenska Budo &amp; Kampsportsf\u00f6rbundet","article_author":"https:\/\/www.facebook.com\/jonathan.broberg.7","article_published_time":"2014-02-06T09:23:44+00:00","article_modified_time":"2016-12-06T21:36:44+00:00","author":"Jonathan Broberg","twitter_card":"summary_large_image","twitter_misc":{"Skriven av":"Jonathan Broberg"},"schema":{"@context":"https:\/\/schema.org","@graph":[{"@type":"Article","@id":"https:\/\/www.budokampsport.se\/2014\/02\/06\/nu-oppnas-rostningen-till-folkets-pris-guldtsuban\/#article","isPartOf":{"@id":"https:\/\/www.budokampsport.se\/2014\/02\/06\/nu-oppnas-rostningen-till-folkets-pris-guldtsuban\/"},"author":{"name":"Jonathan Broberg","@id":"https:\/\/www.budokampsport.se\/#\/schema\/person\/5c06d81d14850e2a8ce5493386560145"},"headline":"Nu \u00f6ppnas r\u00f6stningen till Folkets pris &#8211; guldtsuban","datePublished":"2014-02-06T09:23:44+00:00","dateModified":"2016-12-06T21:36:44+00:00","mainEntityOfPage":{"@id":"https:\/\/www.budokampsport.se\/2014\/02\/06\/nu-oppnas-rostningen-till-folkets-pris-guldtsuban\/"},"wordCount":87,"inLanguage":"sv-SE"},{"@type":"WebPage","@id":"https:\/\/www.budokampsport.se\/2014\/02\/06\/nu-oppnas-rostningen-till-folkets-pris-guldtsuban\/","url":"https:\/\/www.budokampsport.se\/2014\/02\/06\/nu-oppnas-rostningen-till-folkets-pris-guldtsuban\/","name":"Nu \u00f6ppnas r\u00f6stningen till Folkets pris - guldtsuban - Svenska Budo &amp; Kampsportsf\u00f6rbundet","isPartOf":{"@id":"https:\/\/www.budokampsport.se\/#website"},"datePublished":"2014-02-06T09:23:44+00:00","dateModified":"2016-12-06T21:36:44+00:00","author":{"@id":"https:\/\/www.budokampsport.se\/#\/schema\/person\/5c06d81d14850e2a8ce5493386560145"},"description":"R\u00f6stningen till Folkets Pris - guldtsuban \u00e4r nu \u00f6ppen. Det \u00e4r helt enkelt den av de tio nominerade som f\u00e5r flest r\u00f6ster som vinner priset. R\u00f6stningen st\u00e4nger samma dag som Kampsportsgalan, det vill s\u00e4ga den 22:a mars.","breadcrumb":{"@id":"https:\/\/www.budokampsport.se\/2014\/02\/06\/nu-oppnas-rostningen-till-folkets-pris-guldtsuban\/#breadcrumb"},"inLanguage":"sv-SE","potentialAction":[{"@type":"ReadAction","target":["https:\/\/www.budokampsport.se\/2014\/02\/06\/nu-oppnas-rostningen-till-folkets-pris-guldtsuban\/"]}]},{"@type":"BreadcrumbList","@id":"https:\/\/www.budokampsport.se\/2014\/02\/06\/nu-oppnas-rostningen-till-folkets-pris-guldtsuban\/#breadcrumb","itemListElement":[{"@type":"ListItem","position":1,"name":"Hem","item":"https:\/\/www.budokampsport.se\/"},{"@type":"ListItem","position":2,"name":"Nu \u00f6ppnas r\u00f6stningen till Folkets pris &#8211; guldtsuban"}]},{"@type":"WebSite","@id":"https:\/\/www.budokampsport.se\/#website","url":"https:\/\/www.budokampsport.se\/","name":"Svenska Budo &amp; Kampsportsf\u00f6rbundet","description":"T\u00e4vling, Tr\u00e4ning, Tradition","potentialAction":[{"@type":"SearchAction","target":{"@type":"EntryPoint","urlTemplate":"https:\/\/www.budokampsport.se\/?s={search_term_string}"},"query-input":{"@type":"PropertyValueSpecification","valueRequired":true,"valueName":"search_term_string"}}],"inLanguage":"sv-SE"},{"@type":"Person","@id":"https:\/\/www.budokampsport.se\/#\/schema\/person\/5c06d81d14850e2a8ce5493386560145","name":"Jonathan Broberg","image":{"@type":"ImageObject","inLanguage":"sv-SE","@id":"https:\/\/www.budokampsport.se\/#\/schema\/person\/image\/","url":"https:\/\/secure.gravatar.com\/avatar\/a58041c6cea9128bd9c40ee2f26d4136?s=96&d=blank&r=g","contentUrl":"https:\/\/secure.gravatar.com\/avatar\/a58041c6cea9128bd9c40ee2f26d4136?s=96&d=blank&r=g","caption":"Jonathan Broberg"},"sameAs":["https:\/\/www.facebook.com\/jonathan.broberg.7"],"url":"https:\/\/www.budokampsport.se\/author\/jonathan\/"}]}},"_links":{"self":[{"href":"https:\/\/www.budokampsport.se\/api\/wp\/v2\/posts\/4853","targetHints":{"allow":["GET"]}}],"collection":[{"href":"https:\/\/www.budokampsport.se\/api\/wp\/v2\/posts"}],"about":[{"href":"https:\/\/www.budokampsport.se\/api\/wp\/v2\/types\/post"}],"author":[{"embeddable":true,"href":"https:\/\/www.budokampsport.se\/api\/wp\/v2\/users\/7"}],"replies":[{"embeddable":true,"href":"https:\/\/www.budokampsport.se\/api\/wp\/v2\/comments?post=4853"}],"version-history":[{"count":0,"href":"https:\/\/www.budokampsport.se\/api\/wp\/v2\/posts\/4853\/revisions"}],"wp:attachment":[{"href":"https:\/\/www.budokampsport.se\/api\/wp\/v2\/media?parent=4853"}],"wp:term":[{"taxonomy":"category","embeddable":true,"href":"https:\/\/www.budokampsport.se\/api\/wp\/v2\/categories?post=4853"},{"taxonomy":"post_tag","embeddable":true,"href":"https:\/\/www.budokampsport.se\/api\/wp\/v2\/tags?post=4853"}],"curies":[{"name":"wp","href":"https:\/\/api.w.org\/{rel}","templated":true}]}}