{"id":48580,"date":"2017-08-24T16:21:30","date_gmt":"2017-08-24T14:21:30","guid":{"rendered":"http:\/\/www.budokampsport.se\/?p=48580"},"modified":"2017-08-24T16:21:30","modified_gmt":"2017-08-24T14:21:30","slug":"traning-unga-med-neuropsykiatriska-funktionsnedsattningar","status":"publish","type":"post","link":"https:\/\/www.budokampsport.se\/2017\/08\/24\/traning-unga-med-neuropsykiatriska-funktionsnedsattningar\/","title":{"rendered":"Tr\u00e4ning f\u00f6r unga med neuropsykiatriska funktionsneds\u00e4ttningar"},"content":{"rendered":"<p><span style=\"font-size: 14pt;\">I h\u00f6st startar IKSU Kampsport gruppen Special needs-kampsport, gruppen v\u00e4nder sig till barn och ungdomar med neuropsykiatriska funktionsneds\u00e4ttninga som kommer att tr\u00e4na utifr\u00e5n sina egna f\u00f6ruts\u00e4ttningar och individuella m\u00e5l. <\/span><\/p>\n<p><strong>Syftet \u00e4r<\/strong> att ge barnen en m\u00f6tesplats d\u00e4r de f\u00e5r leka och tr\u00e4na upp motorik, styrka och koordination och hitta r\u00f6relsegl\u00e4djen genom kampsport och utvecklas till trygga individer.<\/p>\n<p>&#8211; V\u00e5r m\u00e5ls\u00e4ttning med projektet \u00e4r kort och gott att erbjuda en rolig och aktiv fritid f\u00f6r en grupp barn och ungdomar som oftast inte har ett speciellt stort utbud av fritidsaktiviteter att v\u00e4lja p\u00e5. Vi tror att kampsport \u00e4r en tr\u00e4ningsform som passar m\u00e5nga och som \u00e4r l\u00e4tt att individanpassa, ber\u00e4ttar initiativtagare p\u00e5 IKSU Kampsport Matilda Frycklund.<\/p>\n<p><strong>Inledningsvis f\u00e5r<\/strong> g\u00e4rna v\u00e5rdnadshavare, syskon eller ledsagare vara med p\u00e5 mattan och tr\u00e4na om det g\u00f6r att barnet k\u00e4nner sig tryggare men slutm\u00e5let \u00e4r att barnet ska kunna och vilja tr\u00e4na tillsammans med de andra barnen.<\/p>\n<p>&#8211; Gruppen neuropsykiatriska funktionsneds\u00e4ttningar (NPF) \u00e4r inte enhetlig utan flera olika diagnoser inryms. Olika personer med samma diagnos kan \u00e4ven ha olika sv\u00e5righeter och styrkor, vissa ungdomar med NPF kan delta i v\u00e5ra ordinarie tr\u00e4ningsgrupper medan andra varken kan eller vill delta. I v\u00e5r special needs-grupp kommer vi att ha lite f\u00e4rre deltagare och en \u00f6kad individanpassning. Den finns \u00e4ven m\u00f6jlighet f\u00f6r deltagarna att ha med sig en assistent eller liknande om det skulle \u00f6ka tryggheten f\u00f6r dem, till\u00e4gger Matilda till budokampsport.se<\/p>\n<p>&nbsp;<\/p>\n<p>Text: Annie Bondefelt<br \/>\nFoto: Arkivbild\/IKSU Kampsport<\/p>\n","protected":false},"excerpt":{"rendered":"<p>I h\u00f6st startar IKSU Kampsport gruppen Special needs-kampsport, gruppen v\u00e4nder [&#8230;]<\/p><br>","protected":false},"author":120,"featured_media":46960,"comment_status":"open","ping_status":"open","sticky":false,"template":"","format":"standard","meta":{"_acf_changed":false,"footnotes":""},"categories":[1],"tags":[],"class_list":["post-48580","post","type-post","status-publish","format-standard","has-post-thumbnail","hentry","category-okategoriserade"],"acf":[],"yoast_head":"<!-- This site is optimized with the Yoast SEO plugin v26.8 - https:\/\/yoast.com\/product\/yoast-seo-wordpress\/ -->\n<title>Tr\u00e4ning f\u00f6r unga med neuropsykiatriska funktionsneds\u00e4ttningar - Svenska Budo &amp; Kampsportsf\u00f6rbundet<\/title>\n<meta name=\"description\" content=\"I h\u00f6st startar IKSU Kampsport gruppen Special needs-kampsport, gruppen v\u00e4nder sig till barn och ungdomar med neuropsykiatriska funktionsneds\u00e4ttninga som\" \/>\n<meta name=\"robots\" content=\"index, follow, max-snippet:-1, max-image-preview:large, max-video-preview:-1\" \/>\n<link rel=\"canonical\" href=\"https:\/\/www.budokampsport.se\/2017\/08\/24\/traning-unga-med-neuropsykiatriska-funktionsnedsattningar\/\" \/>\n<meta property=\"og:locale\" content=\"sv_SE\" \/>\n<meta property=\"og:type\" content=\"article\" \/>\n<meta property=\"og:title\" content=\"Tr\u00e4ning f\u00f6r unga med neuropsykiatriska funktionsneds\u00e4ttningar - Svenska Budo &amp; Kampsportsf\u00f6rbundet\" \/>\n<meta property=\"og:description\" content=\"I h\u00f6st startar IKSU Kampsport gruppen Special needs-kampsport, gruppen v\u00e4nder sig till barn och ungdomar med neuropsykiatriska funktionsneds\u00e4ttninga som\" \/>\n<meta property=\"og:url\" content=\"https:\/\/www.budokampsport.se\/2017\/08\/24\/traning-unga-med-neuropsykiatriska-funktionsnedsattningar\/\" \/>\n<meta property=\"og:site_name\" content=\"Svenska Budo &amp; Kampsportsf\u00f6rbundet\" \/>\n<meta property=\"article:published_time\" content=\"2017-08-24T14:21:30+00:00\" \/>\n<meta property=\"og:image\" content=\"https:\/\/www.budokampsport.se\/wp-content\/uploads\/2017\/06\/bild-sommarmattan.png\" \/>\n\t<meta property=\"og:image:width\" content=\"710\" \/>\n\t<meta property=\"og:image:height\" content=\"648\" \/>\n\t<meta property=\"og:image:type\" content=\"image\/png\" \/>\n<meta name=\"author\" content=\"Annie Carriage\" \/>\n<meta name=\"twitter:card\" content=\"summary_large_image\" \/>\n<meta name=\"twitter:label1\" content=\"Skriven av\" \/>\n\t<meta name=\"twitter:data1\" content=\"Annie Carriage\" \/>\n\t<meta name=\"twitter:label2\" content=\"Ber\u00e4knad l\u00e4stid\" \/>\n\t<meta name=\"twitter:data2\" content=\"1 minut\" \/>\n<script type=\"application\/ld+json\" class=\"yoast-schema-graph\">{\"@context\":\"https:\/\/schema.org\",\"@graph\":[{\"@type\":\"Article\",\"@id\":\"https:\/\/www.budokampsport.se\/2017\/08\/24\/traning-unga-med-neuropsykiatriska-funktionsnedsattningar\/#article\",\"isPartOf\":{\"@id\":\"https:\/\/www.budokampsport.se\/2017\/08\/24\/traning-unga-med-neuropsykiatriska-funktionsnedsattningar\/\"},\"author\":{\"name\":\"Annie Carriage\",\"@id\":\"https:\/\/www.budokampsport.se\/#\/schema\/person\/c838cace8171f692e363fde3f38f208b\"},\"headline\":\"Tr\u00e4ning f\u00f6r unga med neuropsykiatriska funktionsneds\u00e4ttningar\",\"datePublished\":\"2017-08-24T14:21:30+00:00\",\"mainEntityOfPage\":{\"@id\":\"https:\/\/www.budokampsport.se\/2017\/08\/24\/traning-unga-med-neuropsykiatriska-funktionsnedsattningar\/\"},\"wordCount\":292,\"commentCount\":0,\"image\":{\"@id\":\"https:\/\/www.budokampsport.se\/2017\/08\/24\/traning-unga-med-neuropsykiatriska-funktionsnedsattningar\/#primaryimage\"},\"thumbnailUrl\":\"https:\/\/www.budokampsport.se\/wp-content\/uploads\/2017\/06\/bild-sommarmattan.png\",\"inLanguage\":\"sv-SE\",\"potentialAction\":[{\"@type\":\"CommentAction\",\"name\":\"Comment\",\"target\":[\"https:\/\/www.budokampsport.se\/2017\/08\/24\/traning-unga-med-neuropsykiatriska-funktionsnedsattningar\/#respond\"]}]},{\"@type\":\"WebPage\",\"@id\":\"https:\/\/www.budokampsport.se\/2017\/08\/24\/traning-unga-med-neuropsykiatriska-funktionsnedsattningar\/\",\"url\":\"https:\/\/www.budokampsport.se\/2017\/08\/24\/traning-unga-med-neuropsykiatriska-funktionsnedsattningar\/\",\"name\":\"Tr\u00e4ning f\u00f6r unga med neuropsykiatriska funktionsneds\u00e4ttningar - Svenska Budo &amp; Kampsportsf\u00f6rbundet\",\"isPartOf\":{\"@id\":\"https:\/\/www.budokampsport.se\/#website\"},\"primaryImageOfPage\":{\"@id\":\"https:\/\/www.budokampsport.se\/2017\/08\/24\/traning-unga-med-neuropsykiatriska-funktionsnedsattningar\/#primaryimage\"},\"image\":{\"@id\":\"https:\/\/www.budokampsport.se\/2017\/08\/24\/traning-unga-med-neuropsykiatriska-funktionsnedsattningar\/#primaryimage\"},\"thumbnailUrl\":\"https:\/\/www.budokampsport.se\/wp-content\/uploads\/2017\/06\/bild-sommarmattan.png\",\"datePublished\":\"2017-08-24T14:21:30+00:00\",\"author\":{\"@id\":\"https:\/\/www.budokampsport.se\/#\/schema\/person\/c838cace8171f692e363fde3f38f208b\"},\"description\":\"I h\u00f6st startar IKSU Kampsport gruppen Special needs-kampsport, gruppen v\u00e4nder sig till barn och ungdomar med neuropsykiatriska funktionsneds\u00e4ttninga som\",\"breadcrumb\":{\"@id\":\"https:\/\/www.budokampsport.se\/2017\/08\/24\/traning-unga-med-neuropsykiatriska-funktionsnedsattningar\/#breadcrumb\"},\"inLanguage\":\"sv-SE\",\"potentialAction\":[{\"@type\":\"ReadAction\",\"target\":[\"https:\/\/www.budokampsport.se\/2017\/08\/24\/traning-unga-med-neuropsykiatriska-funktionsnedsattningar\/\"]}]},{\"@type\":\"ImageObject\",\"inLanguage\":\"sv-SE\",\"@id\":\"https:\/\/www.budokampsport.se\/2017\/08\/24\/traning-unga-med-neuropsykiatriska-funktionsnedsattningar\/#primaryimage\",\"url\":\"https:\/\/www.budokampsport.se\/wp-content\/uploads\/2017\/06\/bild-sommarmattan.png\",\"contentUrl\":\"https:\/\/www.budokampsport.se\/wp-content\/uploads\/2017\/06\/bild-sommarmattan.png\",\"width\":710,\"height\":648,\"caption\":\"foto: IKSU Kampsport\"},{\"@type\":\"BreadcrumbList\",\"@id\":\"https:\/\/www.budokampsport.se\/2017\/08\/24\/traning-unga-med-neuropsykiatriska-funktionsnedsattningar\/#breadcrumb\",\"itemListElement\":[{\"@type\":\"ListItem\",\"position\":1,\"name\":\"Hem\",\"item\":\"https:\/\/www.budokampsport.se\/\"},{\"@type\":\"ListItem\",\"position\":2,\"name\":\"Tr\u00e4ning f\u00f6r unga med neuropsykiatriska funktionsneds\u00e4ttningar\"}]},{\"@type\":\"WebSite\",\"@id\":\"https:\/\/www.budokampsport.se\/#website\",\"url\":\"https:\/\/www.budokampsport.se\/\",\"name\":\"Svenska Budo &amp; Kampsportsf\u00f6rbundet\",\"description\":\"T\u00e4vling, Tr\u00e4ning, Tradition\",\"potentialAction\":[{\"@type\":\"SearchAction\",\"target\":{\"@type\":\"EntryPoint\",\"urlTemplate\":\"https:\/\/www.budokampsport.se\/?s={search_term_string}\"},\"query-input\":{\"@type\":\"PropertyValueSpecification\",\"valueRequired\":true,\"valueName\":\"search_term_string\"}}],\"inLanguage\":\"sv-SE\"},{\"@type\":\"Person\",\"@id\":\"https:\/\/www.budokampsport.se\/#\/schema\/person\/c838cace8171f692e363fde3f38f208b\",\"name\":\"Annie Carriage\",\"image\":{\"@type\":\"ImageObject\",\"inLanguage\":\"sv-SE\",\"@id\":\"https:\/\/www.budokampsport.se\/#\/schema\/person\/image\/\",\"url\":\"https:\/\/secure.gravatar.com\/avatar\/9311295560bdfbdf78365a26f7df1876?s=96&d=blank&r=g\",\"contentUrl\":\"https:\/\/secure.gravatar.com\/avatar\/9311295560bdfbdf78365a26f7df1876?s=96&d=blank&r=g\",\"caption\":\"Annie Carriage\"},\"url\":\"https:\/\/www.budokampsport.se\/author\/annie-bondefelt\/\"}]}<\/script>\n<!-- \/ Yoast SEO plugin. -->","yoast_head_json":{"title":"Tr\u00e4ning f\u00f6r unga med neuropsykiatriska funktionsneds\u00e4ttningar - Svenska Budo &amp; Kampsportsf\u00f6rbundet","description":"I h\u00f6st startar IKSU Kampsport gruppen Special needs-kampsport, gruppen v\u00e4nder sig till barn och ungdomar med neuropsykiatriska funktionsneds\u00e4ttninga som","robots":{"index":"index","follow":"follow","max-snippet":"max-snippet:-1","max-image-preview":"max-image-preview:large","max-video-preview":"max-video-preview:-1"},"canonical":"https:\/\/www.budokampsport.se\/2017\/08\/24\/traning-unga-med-neuropsykiatriska-funktionsnedsattningar\/","og_locale":"sv_SE","og_type":"article","og_title":"Tr\u00e4ning f\u00f6r unga med neuropsykiatriska funktionsneds\u00e4ttningar - Svenska Budo &amp; Kampsportsf\u00f6rbundet","og_description":"I h\u00f6st startar IKSU Kampsport gruppen Special needs-kampsport, gruppen v\u00e4nder sig till barn och ungdomar med neuropsykiatriska funktionsneds\u00e4ttninga som","og_url":"https:\/\/www.budokampsport.se\/2017\/08\/24\/traning-unga-med-neuropsykiatriska-funktionsnedsattningar\/","og_site_name":"Svenska Budo &amp; Kampsportsf\u00f6rbundet","article_published_time":"2017-08-24T14:21:30+00:00","og_image":[{"width":710,"height":648,"url":"https:\/\/www.budokampsport.se\/wp-content\/uploads\/2017\/06\/bild-sommarmattan.png","type":"image\/png"}],"author":"Annie Carriage","twitter_card":"summary_large_image","twitter_misc":{"Skriven av":"Annie Carriage","Ber\u00e4knad l\u00e4stid":"1 minut"},"schema":{"@context":"https:\/\/schema.org","@graph":[{"@type":"Article","@id":"https:\/\/www.budokampsport.se\/2017\/08\/24\/traning-unga-med-neuropsykiatriska-funktionsnedsattningar\/#article","isPartOf":{"@id":"https:\/\/www.budokampsport.se\/2017\/08\/24\/traning-unga-med-neuropsykiatriska-funktionsnedsattningar\/"},"author":{"name":"Annie Carriage","@id":"https:\/\/www.budokampsport.se\/#\/schema\/person\/c838cace8171f692e363fde3f38f208b"},"headline":"Tr\u00e4ning f\u00f6r unga med neuropsykiatriska funktionsneds\u00e4ttningar","datePublished":"2017-08-24T14:21:30+00:00","mainEntityOfPage":{"@id":"https:\/\/www.budokampsport.se\/2017\/08\/24\/traning-unga-med-neuropsykiatriska-funktionsnedsattningar\/"},"wordCount":292,"commentCount":0,"image":{"@id":"https:\/\/www.budokampsport.se\/2017\/08\/24\/traning-unga-med-neuropsykiatriska-funktionsnedsattningar\/#primaryimage"},"thumbnailUrl":"https:\/\/www.budokampsport.se\/wp-content\/uploads\/2017\/06\/bild-sommarmattan.png","inLanguage":"sv-SE","potentialAction":[{"@type":"CommentAction","name":"Comment","target":["https:\/\/www.budokampsport.se\/2017\/08\/24\/traning-unga-med-neuropsykiatriska-funktionsnedsattningar\/#respond"]}]},{"@type":"WebPage","@id":"https:\/\/www.budokampsport.se\/2017\/08\/24\/traning-unga-med-neuropsykiatriska-funktionsnedsattningar\/","url":"https:\/\/www.budokampsport.se\/2017\/08\/24\/traning-unga-med-neuropsykiatriska-funktionsnedsattningar\/","name":"Tr\u00e4ning f\u00f6r unga med neuropsykiatriska funktionsneds\u00e4ttningar - Svenska Budo &amp; Kampsportsf\u00f6rbundet","isPartOf":{"@id":"https:\/\/www.budokampsport.se\/#website"},"primaryImageOfPage":{"@id":"https:\/\/www.budokampsport.se\/2017\/08\/24\/traning-unga-med-neuropsykiatriska-funktionsnedsattningar\/#primaryimage"},"image":{"@id":"https:\/\/www.budokampsport.se\/2017\/08\/24\/traning-unga-med-neuropsykiatriska-funktionsnedsattningar\/#primaryimage"},"thumbnailUrl":"https:\/\/www.budokampsport.se\/wp-content\/uploads\/2017\/06\/bild-sommarmattan.png","datePublished":"2017-08-24T14:21:30+00:00","author":{"@id":"https:\/\/www.budokampsport.se\/#\/schema\/person\/c838cace8171f692e363fde3f38f208b"},"description":"I h\u00f6st startar IKSU Kampsport gruppen Special needs-kampsport, gruppen v\u00e4nder sig till barn och ungdomar med neuropsykiatriska funktionsneds\u00e4ttninga som","breadcrumb":{"@id":"https:\/\/www.budokampsport.se\/2017\/08\/24\/traning-unga-med-neuropsykiatriska-funktionsnedsattningar\/#breadcrumb"},"inLanguage":"sv-SE","potentialAction":[{"@type":"ReadAction","target":["https:\/\/www.budokampsport.se\/2017\/08\/24\/traning-unga-med-neuropsykiatriska-funktionsnedsattningar\/"]}]},{"@type":"ImageObject","inLanguage":"sv-SE","@id":"https:\/\/www.budokampsport.se\/2017\/08\/24\/traning-unga-med-neuropsykiatriska-funktionsnedsattningar\/#primaryimage","url":"https:\/\/www.budokampsport.se\/wp-content\/uploads\/2017\/06\/bild-sommarmattan.png","contentUrl":"https:\/\/www.budokampsport.se\/wp-content\/uploads\/2017\/06\/bild-sommarmattan.png","width":710,"height":648,"caption":"foto: IKSU Kampsport"},{"@type":"BreadcrumbList","@id":"https:\/\/www.budokampsport.se\/2017\/08\/24\/traning-unga-med-neuropsykiatriska-funktionsnedsattningar\/#breadcrumb","itemListElement":[{"@type":"ListItem","position":1,"name":"Hem","item":"https:\/\/www.budokampsport.se\/"},{"@type":"ListItem","position":2,"name":"Tr\u00e4ning f\u00f6r unga med neuropsykiatriska funktionsneds\u00e4ttningar"}]},{"@type":"WebSite","@id":"https:\/\/www.budokampsport.se\/#website","url":"https:\/\/www.budokampsport.se\/","name":"Svenska Budo &amp; Kampsportsf\u00f6rbundet","description":"T\u00e4vling, Tr\u00e4ning, Tradition","potentialAction":[{"@type":"SearchAction","target":{"@type":"EntryPoint","urlTemplate":"https:\/\/www.budokampsport.se\/?s={search_term_string}"},"query-input":{"@type":"PropertyValueSpecification","valueRequired":true,"valueName":"search_term_string"}}],"inLanguage":"sv-SE"},{"@type":"Person","@id":"https:\/\/www.budokampsport.se\/#\/schema\/person\/c838cace8171f692e363fde3f38f208b","name":"Annie Carriage","image":{"@type":"ImageObject","inLanguage":"sv-SE","@id":"https:\/\/www.budokampsport.se\/#\/schema\/person\/image\/","url":"https:\/\/secure.gravatar.com\/avatar\/9311295560bdfbdf78365a26f7df1876?s=96&d=blank&r=g","contentUrl":"https:\/\/secure.gravatar.com\/avatar\/9311295560bdfbdf78365a26f7df1876?s=96&d=blank&r=g","caption":"Annie Carriage"},"url":"https:\/\/www.budokampsport.se\/author\/annie-bondefelt\/"}]}},"_links":{"self":[{"href":"https:\/\/www.budokampsport.se\/api\/wp\/v2\/posts\/48580","targetHints":{"allow":["GET"]}}],"collection":[{"href":"https:\/\/www.budokampsport.se\/api\/wp\/v2\/posts"}],"about":[{"href":"https:\/\/www.budokampsport.se\/api\/wp\/v2\/types\/post"}],"author":[{"embeddable":true,"href":"https:\/\/www.budokampsport.se\/api\/wp\/v2\/users\/120"}],"replies":[{"embeddable":true,"href":"https:\/\/www.budokampsport.se\/api\/wp\/v2\/comments?post=48580"}],"version-history":[{"count":0,"href":"https:\/\/www.budokampsport.se\/api\/wp\/v2\/posts\/48580\/revisions"}],"wp:featuredmedia":[{"embeddable":true,"href":"https:\/\/www.budokampsport.se\/api\/wp\/v2\/media\/46960"}],"wp:attachment":[{"href":"https:\/\/www.budokampsport.se\/api\/wp\/v2\/media?parent=48580"}],"wp:term":[{"taxonomy":"category","embeddable":true,"href":"https:\/\/www.budokampsport.se\/api\/wp\/v2\/categories?post=48580"},{"taxonomy":"post_tag","embeddable":true,"href":"https:\/\/www.budokampsport.se\/api\/wp\/v2\/tags?post=48580"}],"curies":[{"name":"wp","href":"https:\/\/api.w.org\/{rel}","templated":true}]}}