{"id":48686,"date":"2017-08-31T10:20:45","date_gmt":"2017-08-31T08:20:45","guid":{"rendered":"http:\/\/www.budokampsport.se\/?p=48686"},"modified":"2017-08-31T10:20:45","modified_gmt":"2017-08-31T08:20:45","slug":"maria-engqvist-infor-em-jodo","status":"publish","type":"post","link":"https:\/\/www.budokampsport.se\/2017\/08\/31\/maria-engqvist-infor-em-jodo\/","title":{"rendered":"Maria Engqvist inf\u00f6r EM i jodo"},"content":{"rendered":"<p><span style=\"font-size: 14pt;\">Mellan 9-11:e september \u00e4r det EM i jodo i Heidelberg, en av deltagarna som kommer representera Sverige \u00e4r Maria Engqvist.<\/span><\/p>\n<p><strong>Maria inledde sin idrottskarri\u00e4r<\/strong> med att tr\u00e4na iaido och b\u00f6rjade med jodo 2010 som komplement, efter lite \u00f6vertalning av sin tr\u00e4nare.<\/p>\n<p>\u2013 <em>Det \u00e4r ett bra komplement till iaidon och n\u00e4r n\u00e4stan alla andra tr\u00e4nade jodo k\u00e4nde jag att jag nog ocks\u00e5 m\u00e5ste b\u00f6rja. I jodo t\u00e4vlar man i par men d\u00e4r endast den med jo-staven bed\u00f6ms och har m\u00f6jlighet att vinna medalj, men eftersom man v\u00e4xlar roll \u00e4r det viktigt att vara duktig i b\u00e4gge. Att inte vara helt sj\u00e4lv i t\u00e4vlingsmomentet \u00e4r ocks\u00e5 annorlunda<\/em>, s\u00e4ger Maria till budokampsport.se<\/p>\n<p><strong>Efter familjelivets int\u00e5gande<\/strong> tog Maria en paus fr\u00e5n t\u00e4vlandet men gjorde comeback och hade ett bra tr\u00e4nings\u00e5r 2016. Under v\u00e5rens SM i jodo \u00f6verraskande Maria sig sj\u00e4lv med att g\u00e5 till final och ta hem guldet. Nu \u00e4r hon uttagen till landslagstruppen i jodo inf\u00f6r kommande EM i Tyskland.<\/p>\n<p>\u2013\u00a0<em>Det ska som vanligt bli mycket roligt att \u00e5ka till EM, och jag k\u00e4nner mig v\u00e4ldigt privilegierad\u00a0som f\u00e5r ing\u00e5 i landslaget i \u00e5r. Jag ska totalfokusera p\u00e5 att g\u00f6ra s\u00e5 bra jodo som m\u00f6jligt, och f\u00f6rs\u00f6ka f\u00e5 sk\u00e4rpan att h\u00e5lla i under b\u00e5de l\u00e4ger och t\u00e4vling. Det kr\u00e4ver mycket mer energi \u00e4n vad man kanske tror. S\u00e5 f\u00e5r vi se hur det b\u00e4r<\/em>, s\u00e4ger Maria till budokampsport.se<\/p>\n<p>Text: Annie Bondefelt<br \/>\nFoto:\u00a0Hamid Ershad Sarabi<\/p>\n","protected":false},"excerpt":{"rendered":"<p>Mellan 9-11:e september \u00e4r det EM i jodo i Heidelberg, [&#8230;]<\/p><br>","protected":false},"author":120,"featured_media":45718,"comment_status":"open","ping_status":"open","sticky":false,"template":"","format":"standard","meta":{"_acf_changed":false,"footnotes":""},"categories":[1],"tags":[],"class_list":["post-48686","post","type-post","status-publish","format-standard","has-post-thumbnail","hentry","category-okategoriserade"],"acf":[],"yoast_head":"<!-- This site is optimized with the Yoast SEO plugin v26.8 - https:\/\/yoast.com\/product\/yoast-seo-wordpress\/ -->\n<title>Maria Engqvist inf\u00f6r EM i jodo - Svenska Budo &amp; Kampsportsf\u00f6rbundet<\/title>\n<meta name=\"description\" content=\"Mellan 9-11:e september \u00e4r det EM i jodo i Heidelberg, en av deltagarna som kommer representera Sverige \u00e4r Maria Engqvist. Maria inledde sin\" \/>\n<meta name=\"robots\" content=\"index, follow, max-snippet:-1, max-image-preview:large, max-video-preview:-1\" \/>\n<link rel=\"canonical\" href=\"https:\/\/www.budokampsport.se\/2017\/08\/31\/maria-engqvist-infor-em-jodo\/\" \/>\n<meta property=\"og:locale\" content=\"sv_SE\" \/>\n<meta property=\"og:type\" content=\"article\" \/>\n<meta property=\"og:title\" content=\"Maria Engqvist inf\u00f6r EM i jodo - Svenska Budo &amp; Kampsportsf\u00f6rbundet\" \/>\n<meta property=\"og:description\" content=\"Mellan 9-11:e september \u00e4r det EM i jodo i Heidelberg, en av deltagarna som kommer representera Sverige \u00e4r Maria Engqvist. Maria inledde sin\" \/>\n<meta property=\"og:url\" content=\"https:\/\/www.budokampsport.se\/2017\/08\/31\/maria-engqvist-infor-em-jodo\/\" \/>\n<meta property=\"og:site_name\" content=\"Svenska Budo &amp; Kampsportsf\u00f6rbundet\" \/>\n<meta property=\"article:published_time\" content=\"2017-08-31T08:20:45+00:00\" \/>\n<meta property=\"og:image\" content=\"https:\/\/www.budokampsport.se\/wp-content\/uploads\/2017\/05\/maria_engqvist.gif\" \/>\n\t<meta property=\"og:image:width\" content=\"435\" \/>\n\t<meta property=\"og:image:height\" content=\"298\" \/>\n\t<meta property=\"og:image:type\" content=\"image\/gif\" \/>\n<meta name=\"author\" content=\"Annie Carriage\" \/>\n<meta name=\"twitter:card\" content=\"summary_large_image\" \/>\n<meta name=\"twitter:label1\" content=\"Skriven av\" \/>\n\t<meta name=\"twitter:data1\" content=\"Annie Carriage\" \/>\n\t<meta name=\"twitter:label2\" content=\"Ber\u00e4knad l\u00e4stid\" \/>\n\t<meta name=\"twitter:data2\" content=\"1 minut\" \/>\n<script type=\"application\/ld+json\" class=\"yoast-schema-graph\">{\"@context\":\"https:\/\/schema.org\",\"@graph\":[{\"@type\":\"Article\",\"@id\":\"https:\/\/www.budokampsport.se\/2017\/08\/31\/maria-engqvist-infor-em-jodo\/#article\",\"isPartOf\":{\"@id\":\"https:\/\/www.budokampsport.se\/2017\/08\/31\/maria-engqvist-infor-em-jodo\/\"},\"author\":{\"name\":\"Annie Carriage\",\"@id\":\"https:\/\/www.budokampsport.se\/#\/schema\/person\/c838cace8171f692e363fde3f38f208b\"},\"headline\":\"Maria Engqvist inf\u00f6r EM i jodo\",\"datePublished\":\"2017-08-31T08:20:45+00:00\",\"mainEntityOfPage\":{\"@id\":\"https:\/\/www.budokampsport.se\/2017\/08\/31\/maria-engqvist-infor-em-jodo\/\"},\"wordCount\":284,\"commentCount\":0,\"image\":{\"@id\":\"https:\/\/www.budokampsport.se\/2017\/08\/31\/maria-engqvist-infor-em-jodo\/#primaryimage\"},\"thumbnailUrl\":\"https:\/\/www.budokampsport.se\/wp-content\/uploads\/2017\/05\/maria_engqvist.gif\",\"inLanguage\":\"sv-SE\",\"potentialAction\":[{\"@type\":\"CommentAction\",\"name\":\"Comment\",\"target\":[\"https:\/\/www.budokampsport.se\/2017\/08\/31\/maria-engqvist-infor-em-jodo\/#respond\"]}]},{\"@type\":\"WebPage\",\"@id\":\"https:\/\/www.budokampsport.se\/2017\/08\/31\/maria-engqvist-infor-em-jodo\/\",\"url\":\"https:\/\/www.budokampsport.se\/2017\/08\/31\/maria-engqvist-infor-em-jodo\/\",\"name\":\"Maria Engqvist inf\u00f6r EM i jodo - Svenska Budo &amp; Kampsportsf\u00f6rbundet\",\"isPartOf\":{\"@id\":\"https:\/\/www.budokampsport.se\/#website\"},\"primaryImageOfPage\":{\"@id\":\"https:\/\/www.budokampsport.se\/2017\/08\/31\/maria-engqvist-infor-em-jodo\/#primaryimage\"},\"image\":{\"@id\":\"https:\/\/www.budokampsport.se\/2017\/08\/31\/maria-engqvist-infor-em-jodo\/#primaryimage\"},\"thumbnailUrl\":\"https:\/\/www.budokampsport.se\/wp-content\/uploads\/2017\/05\/maria_engqvist.gif\",\"datePublished\":\"2017-08-31T08:20:45+00:00\",\"author\":{\"@id\":\"https:\/\/www.budokampsport.se\/#\/schema\/person\/c838cace8171f692e363fde3f38f208b\"},\"description\":\"Mellan 9-11:e september \u00e4r det EM i jodo i Heidelberg, en av deltagarna som kommer representera Sverige \u00e4r Maria Engqvist. Maria inledde sin\",\"breadcrumb\":{\"@id\":\"https:\/\/www.budokampsport.se\/2017\/08\/31\/maria-engqvist-infor-em-jodo\/#breadcrumb\"},\"inLanguage\":\"sv-SE\",\"potentialAction\":[{\"@type\":\"ReadAction\",\"target\":[\"https:\/\/www.budokampsport.se\/2017\/08\/31\/maria-engqvist-infor-em-jodo\/\"]}]},{\"@type\":\"ImageObject\",\"inLanguage\":\"sv-SE\",\"@id\":\"https:\/\/www.budokampsport.se\/2017\/08\/31\/maria-engqvist-infor-em-jodo\/#primaryimage\",\"url\":\"https:\/\/www.budokampsport.se\/wp-content\/uploads\/2017\/05\/maria_engqvist.gif\",\"contentUrl\":\"https:\/\/www.budokampsport.se\/wp-content\/uploads\/2017\/05\/maria_engqvist.gif\",\"width\":435,\"height\":298,\"caption\":\"Foto: Hamid Ershad Sarabi\"},{\"@type\":\"BreadcrumbList\",\"@id\":\"https:\/\/www.budokampsport.se\/2017\/08\/31\/maria-engqvist-infor-em-jodo\/#breadcrumb\",\"itemListElement\":[{\"@type\":\"ListItem\",\"position\":1,\"name\":\"Hem\",\"item\":\"https:\/\/www.budokampsport.se\/\"},{\"@type\":\"ListItem\",\"position\":2,\"name\":\"Maria Engqvist inf\u00f6r EM i jodo\"}]},{\"@type\":\"WebSite\",\"@id\":\"https:\/\/www.budokampsport.se\/#website\",\"url\":\"https:\/\/www.budokampsport.se\/\",\"name\":\"Svenska Budo &amp; Kampsportsf\u00f6rbundet\",\"description\":\"T\u00e4vling, Tr\u00e4ning, Tradition\",\"potentialAction\":[{\"@type\":\"SearchAction\",\"target\":{\"@type\":\"EntryPoint\",\"urlTemplate\":\"https:\/\/www.budokampsport.se\/?s={search_term_string}\"},\"query-input\":{\"@type\":\"PropertyValueSpecification\",\"valueRequired\":true,\"valueName\":\"search_term_string\"}}],\"inLanguage\":\"sv-SE\"},{\"@type\":\"Person\",\"@id\":\"https:\/\/www.budokampsport.se\/#\/schema\/person\/c838cace8171f692e363fde3f38f208b\",\"name\":\"Annie Carriage\",\"image\":{\"@type\":\"ImageObject\",\"inLanguage\":\"sv-SE\",\"@id\":\"https:\/\/www.budokampsport.se\/#\/schema\/person\/image\/\",\"url\":\"https:\/\/secure.gravatar.com\/avatar\/9311295560bdfbdf78365a26f7df1876?s=96&d=blank&r=g\",\"contentUrl\":\"https:\/\/secure.gravatar.com\/avatar\/9311295560bdfbdf78365a26f7df1876?s=96&d=blank&r=g\",\"caption\":\"Annie Carriage\"},\"url\":\"https:\/\/www.budokampsport.se\/author\/annie-bondefelt\/\"}]}<\/script>\n<!-- \/ Yoast SEO plugin. -->","yoast_head_json":{"title":"Maria Engqvist inf\u00f6r EM i jodo - Svenska Budo &amp; Kampsportsf\u00f6rbundet","description":"Mellan 9-11:e september \u00e4r det EM i jodo i Heidelberg, en av deltagarna som kommer representera Sverige \u00e4r Maria Engqvist. Maria inledde sin","robots":{"index":"index","follow":"follow","max-snippet":"max-snippet:-1","max-image-preview":"max-image-preview:large","max-video-preview":"max-video-preview:-1"},"canonical":"https:\/\/www.budokampsport.se\/2017\/08\/31\/maria-engqvist-infor-em-jodo\/","og_locale":"sv_SE","og_type":"article","og_title":"Maria Engqvist inf\u00f6r EM i jodo - Svenska Budo &amp; Kampsportsf\u00f6rbundet","og_description":"Mellan 9-11:e september \u00e4r det EM i jodo i Heidelberg, en av deltagarna som kommer representera Sverige \u00e4r Maria Engqvist. Maria inledde sin","og_url":"https:\/\/www.budokampsport.se\/2017\/08\/31\/maria-engqvist-infor-em-jodo\/","og_site_name":"Svenska Budo &amp; Kampsportsf\u00f6rbundet","article_published_time":"2017-08-31T08:20:45+00:00","og_image":[{"width":435,"height":298,"url":"https:\/\/www.budokampsport.se\/wp-content\/uploads\/2017\/05\/maria_engqvist.gif","type":"image\/gif"}],"author":"Annie Carriage","twitter_card":"summary_large_image","twitter_misc":{"Skriven av":"Annie Carriage","Ber\u00e4knad l\u00e4stid":"1 minut"},"schema":{"@context":"https:\/\/schema.org","@graph":[{"@type":"Article","@id":"https:\/\/www.budokampsport.se\/2017\/08\/31\/maria-engqvist-infor-em-jodo\/#article","isPartOf":{"@id":"https:\/\/www.budokampsport.se\/2017\/08\/31\/maria-engqvist-infor-em-jodo\/"},"author":{"name":"Annie Carriage","@id":"https:\/\/www.budokampsport.se\/#\/schema\/person\/c838cace8171f692e363fde3f38f208b"},"headline":"Maria Engqvist inf\u00f6r EM i jodo","datePublished":"2017-08-31T08:20:45+00:00","mainEntityOfPage":{"@id":"https:\/\/www.budokampsport.se\/2017\/08\/31\/maria-engqvist-infor-em-jodo\/"},"wordCount":284,"commentCount":0,"image":{"@id":"https:\/\/www.budokampsport.se\/2017\/08\/31\/maria-engqvist-infor-em-jodo\/#primaryimage"},"thumbnailUrl":"https:\/\/www.budokampsport.se\/wp-content\/uploads\/2017\/05\/maria_engqvist.gif","inLanguage":"sv-SE","potentialAction":[{"@type":"CommentAction","name":"Comment","target":["https:\/\/www.budokampsport.se\/2017\/08\/31\/maria-engqvist-infor-em-jodo\/#respond"]}]},{"@type":"WebPage","@id":"https:\/\/www.budokampsport.se\/2017\/08\/31\/maria-engqvist-infor-em-jodo\/","url":"https:\/\/www.budokampsport.se\/2017\/08\/31\/maria-engqvist-infor-em-jodo\/","name":"Maria Engqvist inf\u00f6r EM i jodo - Svenska Budo &amp; Kampsportsf\u00f6rbundet","isPartOf":{"@id":"https:\/\/www.budokampsport.se\/#website"},"primaryImageOfPage":{"@id":"https:\/\/www.budokampsport.se\/2017\/08\/31\/maria-engqvist-infor-em-jodo\/#primaryimage"},"image":{"@id":"https:\/\/www.budokampsport.se\/2017\/08\/31\/maria-engqvist-infor-em-jodo\/#primaryimage"},"thumbnailUrl":"https:\/\/www.budokampsport.se\/wp-content\/uploads\/2017\/05\/maria_engqvist.gif","datePublished":"2017-08-31T08:20:45+00:00","author":{"@id":"https:\/\/www.budokampsport.se\/#\/schema\/person\/c838cace8171f692e363fde3f38f208b"},"description":"Mellan 9-11:e september \u00e4r det EM i jodo i Heidelberg, en av deltagarna som kommer representera Sverige \u00e4r Maria Engqvist. Maria inledde sin","breadcrumb":{"@id":"https:\/\/www.budokampsport.se\/2017\/08\/31\/maria-engqvist-infor-em-jodo\/#breadcrumb"},"inLanguage":"sv-SE","potentialAction":[{"@type":"ReadAction","target":["https:\/\/www.budokampsport.se\/2017\/08\/31\/maria-engqvist-infor-em-jodo\/"]}]},{"@type":"ImageObject","inLanguage":"sv-SE","@id":"https:\/\/www.budokampsport.se\/2017\/08\/31\/maria-engqvist-infor-em-jodo\/#primaryimage","url":"https:\/\/www.budokampsport.se\/wp-content\/uploads\/2017\/05\/maria_engqvist.gif","contentUrl":"https:\/\/www.budokampsport.se\/wp-content\/uploads\/2017\/05\/maria_engqvist.gif","width":435,"height":298,"caption":"Foto: Hamid Ershad Sarabi"},{"@type":"BreadcrumbList","@id":"https:\/\/www.budokampsport.se\/2017\/08\/31\/maria-engqvist-infor-em-jodo\/#breadcrumb","itemListElement":[{"@type":"ListItem","position":1,"name":"Hem","item":"https:\/\/www.budokampsport.se\/"},{"@type":"ListItem","position":2,"name":"Maria Engqvist inf\u00f6r EM i jodo"}]},{"@type":"WebSite","@id":"https:\/\/www.budokampsport.se\/#website","url":"https:\/\/www.budokampsport.se\/","name":"Svenska Budo &amp; Kampsportsf\u00f6rbundet","description":"T\u00e4vling, Tr\u00e4ning, Tradition","potentialAction":[{"@type":"SearchAction","target":{"@type":"EntryPoint","urlTemplate":"https:\/\/www.budokampsport.se\/?s={search_term_string}"},"query-input":{"@type":"PropertyValueSpecification","valueRequired":true,"valueName":"search_term_string"}}],"inLanguage":"sv-SE"},{"@type":"Person","@id":"https:\/\/www.budokampsport.se\/#\/schema\/person\/c838cace8171f692e363fde3f38f208b","name":"Annie Carriage","image":{"@type":"ImageObject","inLanguage":"sv-SE","@id":"https:\/\/www.budokampsport.se\/#\/schema\/person\/image\/","url":"https:\/\/secure.gravatar.com\/avatar\/9311295560bdfbdf78365a26f7df1876?s=96&d=blank&r=g","contentUrl":"https:\/\/secure.gravatar.com\/avatar\/9311295560bdfbdf78365a26f7df1876?s=96&d=blank&r=g","caption":"Annie Carriage"},"url":"https:\/\/www.budokampsport.se\/author\/annie-bondefelt\/"}]}},"_links":{"self":[{"href":"https:\/\/www.budokampsport.se\/api\/wp\/v2\/posts\/48686","targetHints":{"allow":["GET"]}}],"collection":[{"href":"https:\/\/www.budokampsport.se\/api\/wp\/v2\/posts"}],"about":[{"href":"https:\/\/www.budokampsport.se\/api\/wp\/v2\/types\/post"}],"author":[{"embeddable":true,"href":"https:\/\/www.budokampsport.se\/api\/wp\/v2\/users\/120"}],"replies":[{"embeddable":true,"href":"https:\/\/www.budokampsport.se\/api\/wp\/v2\/comments?post=48686"}],"version-history":[{"count":0,"href":"https:\/\/www.budokampsport.se\/api\/wp\/v2\/posts\/48686\/revisions"}],"wp:featuredmedia":[{"embeddable":true,"href":"https:\/\/www.budokampsport.se\/api\/wp\/v2\/media\/45718"}],"wp:attachment":[{"href":"https:\/\/www.budokampsport.se\/api\/wp\/v2\/media?parent=48686"}],"wp:term":[{"taxonomy":"category","embeddable":true,"href":"https:\/\/www.budokampsport.se\/api\/wp\/v2\/categories?post=48686"},{"taxonomy":"post_tag","embeddable":true,"href":"https:\/\/www.budokampsport.se\/api\/wp\/v2\/tags?post=48686"}],"curies":[{"name":"wp","href":"https:\/\/api.w.org\/{rel}","templated":true}]}}