{"id":48956,"date":"2017-08-30T14:41:36","date_gmt":"2017-08-30T12:41:36","guid":{"rendered":"http:\/\/www.budokampsport.se\/?p=48956"},"modified":"2017-08-30T14:41:36","modified_gmt":"2017-08-30T12:41:36","slug":"varldsmastarens-jakt-pa-ny-titel","status":"publish","type":"post","link":"https:\/\/www.budokampsport.se\/2017\/08\/30\/varldsmastarens-jakt-pa-ny-titel\/","title":{"rendered":"V\u00e4rldsm\u00e4starens jakt p\u00e5 ny titel"},"content":{"rendered":"<p>Ifjol vann Fia Reisek ett guld och ett silver vid VM i armbrytning. N\u00e4r m\u00e4sterskapet \u00e5terkommer till helgen \u00e4r hon det stora svenska affischnamnet p\u00e5 f\u00f6rhand.<\/p>\n<p><strong>Klubbkompis i samma viktklass<\/strong><br \/>\nReisek kommer ocks\u00e5 i \u00e5r att f\u00e5 svenskt motst\u00e5nd d\u00e5 Malin Kleinsmith \u00e5terfinns i viktklassen.<br \/>\n&#8211; Det var skitkul att \u00e4ntligen f\u00e5 startlistorna, m\u00e5nga namn som jag k\u00e4nner igen v\u00e4l, men ocks\u00e5 m\u00e5nga nya vilket alltid \u00e4r kul och sp\u00e4nnande. Det \u00e4r tre tjejer som kommit upp fr\u00e5n -60 vilket \u00e4r grymt kul. Sedan har jag ju min lagkamrat och v\u00e4n Malin Kleinsmith i min klass i \u00e5r vilket g\u00f6r mig b\u00e5de glad och nerv\u00f6s, \u00e4ven om jag f\u00f6rlorat mot m\u00e5nga tjejer genom \u00e5ren s\u00e5 \u00e4r nog Malin den som jag tycker \u00e4r v\u00e4rst att m\u00f6ta, med sin brutala explosivitet och or\u00e4ddhet.<\/p>\n<p>Inf\u00f6r \u00e5rets m\u00e4sterskap s\u00e4ger Reisek att hon har g\u00e5tt upp i tr\u00e4ningstimmar.<br \/>\n&#8211; Uppladdningen inf\u00f6r stora m\u00e4sterskap ser egentligen ganska lika ut, men jag har fler timmar armbrytarspecifikt tr\u00e4ning inf\u00f6r detta VM.<\/p>\n<p>Hennes m\u00e5ls\u00e4ttning i VM \u00e4r \u00f6dmjuk.<br \/>\n&#8211; Mitt offentliga m\u00e5l \u00e4r att g\u00f6ra mitt b\u00e4sta och komma s\u00e5 l\u00e5ngt jag kan i klassen.<\/p>\n<p><strong>&#8220;Lite stressad&#8221;<\/strong><br \/>\nOch visst kan ocks\u00e5 en regerande v\u00e4rldsm\u00e4stare k\u00e4nna nervositet inf\u00f6r ett nytt m\u00e4sterskap.<br \/>\n&#8211; K\u00e4nslan inf\u00f6r min t\u00e4vlingsstart p\u00e5 l\u00f6rdag \u00e4r f\u00f6rv\u00e4ntansfull och nerv\u00f6s, jag k\u00e4nner mig alltid os\u00e4ker ocks\u00e5 &#8211; p\u00e5 om uppladdningen och tr\u00e4ningen inf\u00f6r detta varit optimal. Vad mer kan jag g\u00f6ra? Och det g\u00f6r mig lite stressad.<\/p>\n<p>Text: Jonathan Broberg<br \/>\nFoto:\u00a0Kristian Wiklund\/Sweden Armwrestling Television<\/p>\n","protected":false},"excerpt":{"rendered":"<p>Det \u00e4r mindre \u00e4n en vecka kvar till VM i armbrytning i Budapest. En av de som ser fram emot t\u00e4vlingen \u00e4r v\u00e4rldsm\u00e4staren i -65-kilosklassen med h\u00f6ger arm, Fia Reisek. Samtidigt b\u00f6rjar ocks\u00e5 den r\u00e4tta nerven att infinna sig.<br \/><br>&#8211; K\u00e4nslan inf\u00f6r min t\u00e4vlingsstart p\u00e5 l\u00f6rdag \u00e4r f\u00f6rv\u00e4ntansfull och nerv\u00f6s, s\u00e4ger hon till budokampsport.se.<\/p><br>","protected":false},"author":7,"featured_media":45214,"comment_status":"open","ping_status":"open","sticky":false,"template":"","format":"standard","meta":{"_acf_changed":false,"footnotes":""},"categories":[1],"tags":[],"class_list":["post-48956","post","type-post","status-publish","format-standard","has-post-thumbnail","hentry","category-okategoriserade"],"acf":[],"yoast_head":"<!-- This site is optimized with the Yoast SEO plugin v26.8 - https:\/\/yoast.com\/product\/yoast-seo-wordpress\/ -->\n<title>V\u00e4rldsm\u00e4starens jakt p\u00e5 ny titel - Svenska Budo &amp; Kampsportsf\u00f6rbundet<\/title>\n<meta name=\"description\" content=\"Det \u00e4r mindre \u00e4n en vecka kvar till VM i armbrytning i Budapest. En av de som ser fram emot t\u00e4vlingen \u00e4r v\u00e4rldsm\u00e4staren i -65-kilosklassen med h\u00f6ger arm, Fia Reisek. Samtidigt b\u00f6rjar ocks\u00e5 den r\u00e4tta nerven att infinna sig. - K\u00e4nslan inf\u00f6r min t\u00e4vlingsstart p\u00e5 l\u00f6rdag \u00e4r f\u00f6rv\u00e4ntansfull och nerv\u00f6s, s\u00e4ger hon till budokampsport.se.\" \/>\n<meta name=\"robots\" content=\"index, follow, max-snippet:-1, max-image-preview:large, max-video-preview:-1\" \/>\n<link rel=\"canonical\" href=\"https:\/\/www.budokampsport.se\/2017\/08\/30\/varldsmastarens-jakt-pa-ny-titel\/\" \/>\n<meta property=\"og:locale\" content=\"sv_SE\" \/>\n<meta property=\"og:type\" content=\"article\" \/>\n<meta property=\"og:title\" content=\"V\u00e4rldsm\u00e4starens jakt p\u00e5 ny titel - Svenska Budo &amp; Kampsportsf\u00f6rbundet\" \/>\n<meta property=\"og:description\" content=\"Det \u00e4r mindre \u00e4n en vecka kvar till VM i armbrytning i Budapest. En av de som ser fram emot t\u00e4vlingen \u00e4r v\u00e4rldsm\u00e4staren i -65-kilosklassen med h\u00f6ger arm, Fia Reisek. Samtidigt b\u00f6rjar ocks\u00e5 den r\u00e4tta nerven att infinna sig. - K\u00e4nslan inf\u00f6r min t\u00e4vlingsstart p\u00e5 l\u00f6rdag \u00e4r f\u00f6rv\u00e4ntansfull och nerv\u00f6s, s\u00e4ger hon till budokampsport.se.\" \/>\n<meta property=\"og:url\" content=\"https:\/\/www.budokampsport.se\/2017\/08\/30\/varldsmastarens-jakt-pa-ny-titel\/\" \/>\n<meta property=\"og:site_name\" content=\"Svenska Budo &amp; Kampsportsf\u00f6rbundet\" \/>\n<meta property=\"article:author\" content=\"https:\/\/www.facebook.com\/jonathan.broberg.7\" \/>\n<meta property=\"article:published_time\" content=\"2017-08-30T12:41:36+00:00\" \/>\n<meta property=\"og:image\" content=\"https:\/\/www.budokampsport.se\/wp-content\/uploads\/2017\/05\/fia_reisek.jpg\" \/>\n\t<meta property=\"og:image:width\" content=\"516\" \/>\n\t<meta property=\"og:image:height\" content=\"414\" \/>\n\t<meta property=\"og:image:type\" content=\"image\/jpeg\" \/>\n<meta name=\"author\" content=\"Jonathan Broberg\" \/>\n<meta name=\"twitter:card\" content=\"summary_large_image\" \/>\n<meta name=\"twitter:label1\" content=\"Skriven av\" \/>\n\t<meta name=\"twitter:data1\" content=\"Jonathan Broberg\" \/>\n\t<meta name=\"twitter:label2\" content=\"Ber\u00e4knad l\u00e4stid\" \/>\n\t<meta name=\"twitter:data2\" content=\"2 minuter\" \/>\n<script type=\"application\/ld+json\" class=\"yoast-schema-graph\">{\"@context\":\"https:\/\/schema.org\",\"@graph\":[{\"@type\":\"Article\",\"@id\":\"https:\/\/www.budokampsport.se\/2017\/08\/30\/varldsmastarens-jakt-pa-ny-titel\/#article\",\"isPartOf\":{\"@id\":\"https:\/\/www.budokampsport.se\/2017\/08\/30\/varldsmastarens-jakt-pa-ny-titel\/\"},\"author\":{\"name\":\"Jonathan Broberg\",\"@id\":\"https:\/\/www.budokampsport.se\/#\/schema\/person\/5c06d81d14850e2a8ce5493386560145\"},\"headline\":\"V\u00e4rldsm\u00e4starens jakt p\u00e5 ny titel\",\"datePublished\":\"2017-08-30T12:41:36+00:00\",\"mainEntityOfPage\":{\"@id\":\"https:\/\/www.budokampsport.se\/2017\/08\/30\/varldsmastarens-jakt-pa-ny-titel\/\"},\"wordCount\":308,\"commentCount\":0,\"image\":{\"@id\":\"https:\/\/www.budokampsport.se\/2017\/08\/30\/varldsmastarens-jakt-pa-ny-titel\/#primaryimage\"},\"thumbnailUrl\":\"https:\/\/www.budokampsport.se\/wp-content\/uploads\/2017\/05\/fia_reisek.jpg\",\"inLanguage\":\"sv-SE\",\"potentialAction\":[{\"@type\":\"CommentAction\",\"name\":\"Comment\",\"target\":[\"https:\/\/www.budokampsport.se\/2017\/08\/30\/varldsmastarens-jakt-pa-ny-titel\/#respond\"]}]},{\"@type\":\"WebPage\",\"@id\":\"https:\/\/www.budokampsport.se\/2017\/08\/30\/varldsmastarens-jakt-pa-ny-titel\/\",\"url\":\"https:\/\/www.budokampsport.se\/2017\/08\/30\/varldsmastarens-jakt-pa-ny-titel\/\",\"name\":\"V\u00e4rldsm\u00e4starens jakt p\u00e5 ny titel - Svenska Budo &amp; Kampsportsf\u00f6rbundet\",\"isPartOf\":{\"@id\":\"https:\/\/www.budokampsport.se\/#website\"},\"primaryImageOfPage\":{\"@id\":\"https:\/\/www.budokampsport.se\/2017\/08\/30\/varldsmastarens-jakt-pa-ny-titel\/#primaryimage\"},\"image\":{\"@id\":\"https:\/\/www.budokampsport.se\/2017\/08\/30\/varldsmastarens-jakt-pa-ny-titel\/#primaryimage\"},\"thumbnailUrl\":\"https:\/\/www.budokampsport.se\/wp-content\/uploads\/2017\/05\/fia_reisek.jpg\",\"datePublished\":\"2017-08-30T12:41:36+00:00\",\"author\":{\"@id\":\"https:\/\/www.budokampsport.se\/#\/schema\/person\/5c06d81d14850e2a8ce5493386560145\"},\"description\":\"Det \u00e4r mindre \u00e4n en vecka kvar till VM i armbrytning i Budapest. En av de som ser fram emot t\u00e4vlingen \u00e4r v\u00e4rldsm\u00e4staren i -65-kilosklassen med h\u00f6ger arm, Fia Reisek. Samtidigt b\u00f6rjar ocks\u00e5 den r\u00e4tta nerven att infinna sig. - K\u00e4nslan inf\u00f6r min t\u00e4vlingsstart p\u00e5 l\u00f6rdag \u00e4r f\u00f6rv\u00e4ntansfull och nerv\u00f6s, s\u00e4ger hon till budokampsport.se.\",\"breadcrumb\":{\"@id\":\"https:\/\/www.budokampsport.se\/2017\/08\/30\/varldsmastarens-jakt-pa-ny-titel\/#breadcrumb\"},\"inLanguage\":\"sv-SE\",\"potentialAction\":[{\"@type\":\"ReadAction\",\"target\":[\"https:\/\/www.budokampsport.se\/2017\/08\/30\/varldsmastarens-jakt-pa-ny-titel\/\"]}]},{\"@type\":\"ImageObject\",\"inLanguage\":\"sv-SE\",\"@id\":\"https:\/\/www.budokampsport.se\/2017\/08\/30\/varldsmastarens-jakt-pa-ny-titel\/#primaryimage\",\"url\":\"https:\/\/www.budokampsport.se\/wp-content\/uploads\/2017\/05\/fia_reisek.jpg\",\"contentUrl\":\"https:\/\/www.budokampsport.se\/wp-content\/uploads\/2017\/05\/fia_reisek.jpg\",\"width\":516,\"height\":414,\"caption\":\"Foto: Kristian Wiklund\/Sweden Armwrestling Television\"},{\"@type\":\"BreadcrumbList\",\"@id\":\"https:\/\/www.budokampsport.se\/2017\/08\/30\/varldsmastarens-jakt-pa-ny-titel\/#breadcrumb\",\"itemListElement\":[{\"@type\":\"ListItem\",\"position\":1,\"name\":\"Hem\",\"item\":\"https:\/\/www.budokampsport.se\/\"},{\"@type\":\"ListItem\",\"position\":2,\"name\":\"V\u00e4rldsm\u00e4starens jakt p\u00e5 ny titel\"}]},{\"@type\":\"WebSite\",\"@id\":\"https:\/\/www.budokampsport.se\/#website\",\"url\":\"https:\/\/www.budokampsport.se\/\",\"name\":\"Svenska Budo &amp; Kampsportsf\u00f6rbundet\",\"description\":\"T\u00e4vling, Tr\u00e4ning, Tradition\",\"potentialAction\":[{\"@type\":\"SearchAction\",\"target\":{\"@type\":\"EntryPoint\",\"urlTemplate\":\"https:\/\/www.budokampsport.se\/?s={search_term_string}\"},\"query-input\":{\"@type\":\"PropertyValueSpecification\",\"valueRequired\":true,\"valueName\":\"search_term_string\"}}],\"inLanguage\":\"sv-SE\"},{\"@type\":\"Person\",\"@id\":\"https:\/\/www.budokampsport.se\/#\/schema\/person\/5c06d81d14850e2a8ce5493386560145\",\"name\":\"Jonathan Broberg\",\"image\":{\"@type\":\"ImageObject\",\"inLanguage\":\"sv-SE\",\"@id\":\"https:\/\/www.budokampsport.se\/#\/schema\/person\/image\/\",\"url\":\"https:\/\/secure.gravatar.com\/avatar\/a58041c6cea9128bd9c40ee2f26d4136?s=96&d=blank&r=g\",\"contentUrl\":\"https:\/\/secure.gravatar.com\/avatar\/a58041c6cea9128bd9c40ee2f26d4136?s=96&d=blank&r=g\",\"caption\":\"Jonathan Broberg\"},\"sameAs\":[\"https:\/\/www.facebook.com\/jonathan.broberg.7\"],\"url\":\"https:\/\/www.budokampsport.se\/author\/jonathan\/\"}]}<\/script>\n<!-- \/ Yoast SEO plugin. -->","yoast_head_json":{"title":"V\u00e4rldsm\u00e4starens jakt p\u00e5 ny titel - Svenska Budo &amp; Kampsportsf\u00f6rbundet","description":"Det \u00e4r mindre \u00e4n en vecka kvar till VM i armbrytning i Budapest. En av de som ser fram emot t\u00e4vlingen \u00e4r v\u00e4rldsm\u00e4staren i -65-kilosklassen med h\u00f6ger arm, Fia Reisek. Samtidigt b\u00f6rjar ocks\u00e5 den r\u00e4tta nerven att infinna sig. - K\u00e4nslan inf\u00f6r min t\u00e4vlingsstart p\u00e5 l\u00f6rdag \u00e4r f\u00f6rv\u00e4ntansfull och nerv\u00f6s, s\u00e4ger hon till budokampsport.se.","robots":{"index":"index","follow":"follow","max-snippet":"max-snippet:-1","max-image-preview":"max-image-preview:large","max-video-preview":"max-video-preview:-1"},"canonical":"https:\/\/www.budokampsport.se\/2017\/08\/30\/varldsmastarens-jakt-pa-ny-titel\/","og_locale":"sv_SE","og_type":"article","og_title":"V\u00e4rldsm\u00e4starens jakt p\u00e5 ny titel - Svenska Budo &amp; Kampsportsf\u00f6rbundet","og_description":"Det \u00e4r mindre \u00e4n en vecka kvar till VM i armbrytning i Budapest. En av de som ser fram emot t\u00e4vlingen \u00e4r v\u00e4rldsm\u00e4staren i -65-kilosklassen med h\u00f6ger arm, Fia Reisek. Samtidigt b\u00f6rjar ocks\u00e5 den r\u00e4tta nerven att infinna sig. - K\u00e4nslan inf\u00f6r min t\u00e4vlingsstart p\u00e5 l\u00f6rdag \u00e4r f\u00f6rv\u00e4ntansfull och nerv\u00f6s, s\u00e4ger hon till budokampsport.se.","og_url":"https:\/\/www.budokampsport.se\/2017\/08\/30\/varldsmastarens-jakt-pa-ny-titel\/","og_site_name":"Svenska Budo &amp; Kampsportsf\u00f6rbundet","article_author":"https:\/\/www.facebook.com\/jonathan.broberg.7","article_published_time":"2017-08-30T12:41:36+00:00","og_image":[{"width":516,"height":414,"url":"https:\/\/www.budokampsport.se\/wp-content\/uploads\/2017\/05\/fia_reisek.jpg","type":"image\/jpeg"}],"author":"Jonathan Broberg","twitter_card":"summary_large_image","twitter_misc":{"Skriven av":"Jonathan Broberg","Ber\u00e4knad l\u00e4stid":"2 minuter"},"schema":{"@context":"https:\/\/schema.org","@graph":[{"@type":"Article","@id":"https:\/\/www.budokampsport.se\/2017\/08\/30\/varldsmastarens-jakt-pa-ny-titel\/#article","isPartOf":{"@id":"https:\/\/www.budokampsport.se\/2017\/08\/30\/varldsmastarens-jakt-pa-ny-titel\/"},"author":{"name":"Jonathan Broberg","@id":"https:\/\/www.budokampsport.se\/#\/schema\/person\/5c06d81d14850e2a8ce5493386560145"},"headline":"V\u00e4rldsm\u00e4starens jakt p\u00e5 ny titel","datePublished":"2017-08-30T12:41:36+00:00","mainEntityOfPage":{"@id":"https:\/\/www.budokampsport.se\/2017\/08\/30\/varldsmastarens-jakt-pa-ny-titel\/"},"wordCount":308,"commentCount":0,"image":{"@id":"https:\/\/www.budokampsport.se\/2017\/08\/30\/varldsmastarens-jakt-pa-ny-titel\/#primaryimage"},"thumbnailUrl":"https:\/\/www.budokampsport.se\/wp-content\/uploads\/2017\/05\/fia_reisek.jpg","inLanguage":"sv-SE","potentialAction":[{"@type":"CommentAction","name":"Comment","target":["https:\/\/www.budokampsport.se\/2017\/08\/30\/varldsmastarens-jakt-pa-ny-titel\/#respond"]}]},{"@type":"WebPage","@id":"https:\/\/www.budokampsport.se\/2017\/08\/30\/varldsmastarens-jakt-pa-ny-titel\/","url":"https:\/\/www.budokampsport.se\/2017\/08\/30\/varldsmastarens-jakt-pa-ny-titel\/","name":"V\u00e4rldsm\u00e4starens jakt p\u00e5 ny titel - Svenska Budo &amp; Kampsportsf\u00f6rbundet","isPartOf":{"@id":"https:\/\/www.budokampsport.se\/#website"},"primaryImageOfPage":{"@id":"https:\/\/www.budokampsport.se\/2017\/08\/30\/varldsmastarens-jakt-pa-ny-titel\/#primaryimage"},"image":{"@id":"https:\/\/www.budokampsport.se\/2017\/08\/30\/varldsmastarens-jakt-pa-ny-titel\/#primaryimage"},"thumbnailUrl":"https:\/\/www.budokampsport.se\/wp-content\/uploads\/2017\/05\/fia_reisek.jpg","datePublished":"2017-08-30T12:41:36+00:00","author":{"@id":"https:\/\/www.budokampsport.se\/#\/schema\/person\/5c06d81d14850e2a8ce5493386560145"},"description":"Det \u00e4r mindre \u00e4n en vecka kvar till VM i armbrytning i Budapest. En av de som ser fram emot t\u00e4vlingen \u00e4r v\u00e4rldsm\u00e4staren i -65-kilosklassen med h\u00f6ger arm, Fia Reisek. Samtidigt b\u00f6rjar ocks\u00e5 den r\u00e4tta nerven att infinna sig. - K\u00e4nslan inf\u00f6r min t\u00e4vlingsstart p\u00e5 l\u00f6rdag \u00e4r f\u00f6rv\u00e4ntansfull och nerv\u00f6s, s\u00e4ger hon till budokampsport.se.","breadcrumb":{"@id":"https:\/\/www.budokampsport.se\/2017\/08\/30\/varldsmastarens-jakt-pa-ny-titel\/#breadcrumb"},"inLanguage":"sv-SE","potentialAction":[{"@type":"ReadAction","target":["https:\/\/www.budokampsport.se\/2017\/08\/30\/varldsmastarens-jakt-pa-ny-titel\/"]}]},{"@type":"ImageObject","inLanguage":"sv-SE","@id":"https:\/\/www.budokampsport.se\/2017\/08\/30\/varldsmastarens-jakt-pa-ny-titel\/#primaryimage","url":"https:\/\/www.budokampsport.se\/wp-content\/uploads\/2017\/05\/fia_reisek.jpg","contentUrl":"https:\/\/www.budokampsport.se\/wp-content\/uploads\/2017\/05\/fia_reisek.jpg","width":516,"height":414,"caption":"Foto: Kristian Wiklund\/Sweden Armwrestling Television"},{"@type":"BreadcrumbList","@id":"https:\/\/www.budokampsport.se\/2017\/08\/30\/varldsmastarens-jakt-pa-ny-titel\/#breadcrumb","itemListElement":[{"@type":"ListItem","position":1,"name":"Hem","item":"https:\/\/www.budokampsport.se\/"},{"@type":"ListItem","position":2,"name":"V\u00e4rldsm\u00e4starens jakt p\u00e5 ny titel"}]},{"@type":"WebSite","@id":"https:\/\/www.budokampsport.se\/#website","url":"https:\/\/www.budokampsport.se\/","name":"Svenska Budo &amp; Kampsportsf\u00f6rbundet","description":"T\u00e4vling, Tr\u00e4ning, Tradition","potentialAction":[{"@type":"SearchAction","target":{"@type":"EntryPoint","urlTemplate":"https:\/\/www.budokampsport.se\/?s={search_term_string}"},"query-input":{"@type":"PropertyValueSpecification","valueRequired":true,"valueName":"search_term_string"}}],"inLanguage":"sv-SE"},{"@type":"Person","@id":"https:\/\/www.budokampsport.se\/#\/schema\/person\/5c06d81d14850e2a8ce5493386560145","name":"Jonathan Broberg","image":{"@type":"ImageObject","inLanguage":"sv-SE","@id":"https:\/\/www.budokampsport.se\/#\/schema\/person\/image\/","url":"https:\/\/secure.gravatar.com\/avatar\/a58041c6cea9128bd9c40ee2f26d4136?s=96&d=blank&r=g","contentUrl":"https:\/\/secure.gravatar.com\/avatar\/a58041c6cea9128bd9c40ee2f26d4136?s=96&d=blank&r=g","caption":"Jonathan Broberg"},"sameAs":["https:\/\/www.facebook.com\/jonathan.broberg.7"],"url":"https:\/\/www.budokampsport.se\/author\/jonathan\/"}]}},"_links":{"self":[{"href":"https:\/\/www.budokampsport.se\/api\/wp\/v2\/posts\/48956","targetHints":{"allow":["GET"]}}],"collection":[{"href":"https:\/\/www.budokampsport.se\/api\/wp\/v2\/posts"}],"about":[{"href":"https:\/\/www.budokampsport.se\/api\/wp\/v2\/types\/post"}],"author":[{"embeddable":true,"href":"https:\/\/www.budokampsport.se\/api\/wp\/v2\/users\/7"}],"replies":[{"embeddable":true,"href":"https:\/\/www.budokampsport.se\/api\/wp\/v2\/comments?post=48956"}],"version-history":[{"count":0,"href":"https:\/\/www.budokampsport.se\/api\/wp\/v2\/posts\/48956\/revisions"}],"wp:featuredmedia":[{"embeddable":true,"href":"https:\/\/www.budokampsport.se\/api\/wp\/v2\/media\/45214"}],"wp:attachment":[{"href":"https:\/\/www.budokampsport.se\/api\/wp\/v2\/media?parent=48956"}],"wp:term":[{"taxonomy":"category","embeddable":true,"href":"https:\/\/www.budokampsport.se\/api\/wp\/v2\/categories?post=48956"},{"taxonomy":"post_tag","embeddable":true,"href":"https:\/\/www.budokampsport.se\/api\/wp\/v2\/tags?post=48956"}],"curies":[{"name":"wp","href":"https:\/\/api.w.org\/{rel}","templated":true}]}}