{"id":48988,"date":"2017-08-31T12:49:51","date_gmt":"2017-08-31T10:49:51","guid":{"rendered":"http:\/\/www.budokampsport.se\/?p=48988"},"modified":"2017-08-31T12:49:51","modified_gmt":"2017-08-31T10:49:51","slug":"vasteras-far-en-mma-gala","status":"publish","type":"post","link":"https:\/\/www.budokampsport.se\/2017\/08\/31\/vasteras-far-en-mma-gala\/","title":{"rendered":"V\u00e4ster\u00e5s f\u00e5r en MMA-gala"},"content":{"rendered":"<p>J\u00f6rgen Hamberg, som kanske mest gjort sig k\u00e4nd som MMA-coach f\u00f6r landslagets stortalang Tobias Harila, kommer ligga bakom en MMA-gala i V\u00e4ster\u00e5s den 10:e september.<\/p>\n<p>Galan kommer att h\u00e5llas i Bombardier arena och intresset f\u00f6r galan \u00e4r stort.<br \/>\n&#8211; Det kommer bli en del fr\u00e5n landslaget som kommer matchas och sedan har vi f\u00e5tt bra backning fr\u00e5n andra f\u00f6reningar i landet.<br \/>\n&#8211; Galan kommer att ing\u00e5 i Svenska MMA-ligan ocks\u00e5.<\/p>\n<p>Bland de som sticker ut lite extra i startf\u00e4ltet syns bland annat landslagsmedlemmarna Tobias Harila, Hoger Salih, Robin Larsson och Khaled Laallam.<br \/>\n&#8211; Det kommer inte bli stela och tr\u00e5kiga matcher d\u00e4r inte, det \u00e4r fighters som jag tycker \u00e4r v\u00e4ldigt roliga att se p\u00e5. Och det k\u00e4nns ocks\u00e5 som att vi har hittat bra motst\u00e5nd till dem.<\/p>\n<p><strong>&#8220;Kul och sp\u00e4nnande&#8221;<\/strong><br \/>\nJ\u00f6rgen Hamberg \u00e4r ocks\u00e5 positiv till att V\u00e4ster\u00e5s, \u00e4ntligen, f\u00e5r en MMA-gala till staden.<br \/>\n&#8211; Det \u00e4r den f\u00f6rsta gala som staden f\u00e5r hit. Vi tyckte det var dags att V\u00e4ster\u00e5sarna ocks\u00e5 f\u00e5r en MMA-gala. Vi har varit med och k\u00e4nt p\u00e5 branschen ett bra tag nu och f\u00e5tt flera viktiga insikter om att driva ett arrang\u00f6rskap av en s\u00e5dan h\u00e4r typ av t\u00e4vling. Jag tycker det \u00e4r b\u00e5de otroligt kul och sp\u00e4nnande.<\/p>\n<p>Text: Jonathan Broberg<br \/>\nFoto: Hamid Ershad Sarabi<\/p>\n","protected":false},"excerpt":{"rendered":"<p>Svensk MMA forts\u00e4tter att v\u00e4xa och p\u00e5 amat\u00f6rsidan dyker allt fler t\u00e4vlingar upp. En ny t\u00e4vling som kommer arrangeras \u00e4r Fight club rush i V\u00e4ster\u00e5s den 10:e september.<br \/><br>&#8211; Vi tyckte det var dags att V\u00e4ster\u00e5sarna ocks\u00e5 f\u00e5r en MMA-gala, s\u00e4ger arrang\u00f6r J\u00f6rgen Hamberg till budokampsport.se.<\/p><br>","protected":false},"author":7,"featured_media":48989,"comment_status":"open","ping_status":"open","sticky":false,"template":"","format":"standard","meta":{"_acf_changed":false,"footnotes":""},"categories":[1],"tags":[],"class_list":["post-48988","post","type-post","status-publish","format-standard","has-post-thumbnail","hentry","category-okategoriserade"],"acf":[],"yoast_head":"<!-- This site is optimized with the Yoast SEO plugin v26.8 - https:\/\/yoast.com\/product\/yoast-seo-wordpress\/ -->\n<title>V\u00e4ster\u00e5s f\u00e5r en MMA-gala - Svenska Budo &amp; Kampsportsf\u00f6rbundet<\/title>\n<meta name=\"description\" content=\"Svensk MMA forts\u00e4tter att v\u00e4xa och p\u00e5 amat\u00f6rsidan dyker allt fler t\u00e4vlingar upp. En ny t\u00e4vling som kommer arrangeras \u00e4r Fight club rush i V\u00e4ster\u00e5s den 10:e september. - Vi tyckte det var dags att V\u00e4ster\u00e5sarna ocks\u00e5 f\u00e5r en MMA-gala, s\u00e4ger arrang\u00f6r J\u00f6rgen Hamberg till budokampsport.se.\" \/>\n<meta name=\"robots\" content=\"index, follow, max-snippet:-1, max-image-preview:large, max-video-preview:-1\" \/>\n<link rel=\"canonical\" href=\"https:\/\/www.budokampsport.se\/2017\/08\/31\/vasteras-far-en-mma-gala\/\" \/>\n<meta property=\"og:locale\" content=\"sv_SE\" \/>\n<meta property=\"og:type\" content=\"article\" \/>\n<meta property=\"og:title\" content=\"V\u00e4ster\u00e5s f\u00e5r en MMA-gala - Svenska Budo &amp; Kampsportsf\u00f6rbundet\" \/>\n<meta property=\"og:description\" content=\"Svensk MMA forts\u00e4tter att v\u00e4xa och p\u00e5 amat\u00f6rsidan dyker allt fler t\u00e4vlingar upp. En ny t\u00e4vling som kommer arrangeras \u00e4r Fight club rush i V\u00e4ster\u00e5s den 10:e september. - Vi tyckte det var dags att V\u00e4ster\u00e5sarna ocks\u00e5 f\u00e5r en MMA-gala, s\u00e4ger arrang\u00f6r J\u00f6rgen Hamberg till budokampsport.se.\" \/>\n<meta property=\"og:url\" content=\"https:\/\/www.budokampsport.se\/2017\/08\/31\/vasteras-far-en-mma-gala\/\" \/>\n<meta property=\"og:site_name\" content=\"Svenska Budo &amp; Kampsportsf\u00f6rbundet\" \/>\n<meta property=\"article:author\" content=\"https:\/\/www.facebook.com\/jonathan.broberg.7\" \/>\n<meta property=\"article:published_time\" content=\"2017-08-31T10:49:51+00:00\" \/>\n<meta property=\"og:image\" content=\"https:\/\/www.budokampsport.se\/wp-content\/uploads\/2017\/08\/Jorgen-Hamberg.jpg\" \/>\n\t<meta property=\"og:image:width\" content=\"850\" \/>\n\t<meta property=\"og:image:height\" content=\"649\" \/>\n\t<meta property=\"og:image:type\" content=\"image\/jpeg\" \/>\n<meta name=\"author\" content=\"Jonathan Broberg\" \/>\n<meta name=\"twitter:card\" content=\"summary_large_image\" \/>\n<meta name=\"twitter:label1\" content=\"Skriven av\" \/>\n\t<meta name=\"twitter:data1\" content=\"Jonathan Broberg\" \/>\n\t<meta name=\"twitter:label2\" content=\"Ber\u00e4knad l\u00e4stid\" \/>\n\t<meta name=\"twitter:data2\" content=\"1 minut\" \/>\n<script type=\"application\/ld+json\" class=\"yoast-schema-graph\">{\"@context\":\"https:\/\/schema.org\",\"@graph\":[{\"@type\":\"Article\",\"@id\":\"https:\/\/www.budokampsport.se\/2017\/08\/31\/vasteras-far-en-mma-gala\/#article\",\"isPartOf\":{\"@id\":\"https:\/\/www.budokampsport.se\/2017\/08\/31\/vasteras-far-en-mma-gala\/\"},\"author\":{\"name\":\"Jonathan Broberg\",\"@id\":\"https:\/\/www.budokampsport.se\/#\/schema\/person\/5c06d81d14850e2a8ce5493386560145\"},\"headline\":\"V\u00e4ster\u00e5s f\u00e5r en MMA-gala\",\"datePublished\":\"2017-08-31T10:49:51+00:00\",\"mainEntityOfPage\":{\"@id\":\"https:\/\/www.budokampsport.se\/2017\/08\/31\/vasteras-far-en-mma-gala\/\"},\"wordCount\":253,\"commentCount\":7,\"image\":{\"@id\":\"https:\/\/www.budokampsport.se\/2017\/08\/31\/vasteras-far-en-mma-gala\/#primaryimage\"},\"thumbnailUrl\":\"https:\/\/www.budokampsport.se\/wp-content\/uploads\/2017\/08\/Jorgen-Hamberg.jpg\",\"inLanguage\":\"sv-SE\",\"potentialAction\":[{\"@type\":\"CommentAction\",\"name\":\"Comment\",\"target\":[\"https:\/\/www.budokampsport.se\/2017\/08\/31\/vasteras-far-en-mma-gala\/#respond\"]}]},{\"@type\":\"WebPage\",\"@id\":\"https:\/\/www.budokampsport.se\/2017\/08\/31\/vasteras-far-en-mma-gala\/\",\"url\":\"https:\/\/www.budokampsport.se\/2017\/08\/31\/vasteras-far-en-mma-gala\/\",\"name\":\"V\u00e4ster\u00e5s f\u00e5r en MMA-gala - Svenska Budo &amp; Kampsportsf\u00f6rbundet\",\"isPartOf\":{\"@id\":\"https:\/\/www.budokampsport.se\/#website\"},\"primaryImageOfPage\":{\"@id\":\"https:\/\/www.budokampsport.se\/2017\/08\/31\/vasteras-far-en-mma-gala\/#primaryimage\"},\"image\":{\"@id\":\"https:\/\/www.budokampsport.se\/2017\/08\/31\/vasteras-far-en-mma-gala\/#primaryimage\"},\"thumbnailUrl\":\"https:\/\/www.budokampsport.se\/wp-content\/uploads\/2017\/08\/Jorgen-Hamberg.jpg\",\"datePublished\":\"2017-08-31T10:49:51+00:00\",\"author\":{\"@id\":\"https:\/\/www.budokampsport.se\/#\/schema\/person\/5c06d81d14850e2a8ce5493386560145\"},\"description\":\"Svensk MMA forts\u00e4tter att v\u00e4xa och p\u00e5 amat\u00f6rsidan dyker allt fler t\u00e4vlingar upp. En ny t\u00e4vling som kommer arrangeras \u00e4r Fight club rush i V\u00e4ster\u00e5s den 10:e september. - Vi tyckte det var dags att V\u00e4ster\u00e5sarna ocks\u00e5 f\u00e5r en MMA-gala, s\u00e4ger arrang\u00f6r J\u00f6rgen Hamberg till budokampsport.se.\",\"breadcrumb\":{\"@id\":\"https:\/\/www.budokampsport.se\/2017\/08\/31\/vasteras-far-en-mma-gala\/#breadcrumb\"},\"inLanguage\":\"sv-SE\",\"potentialAction\":[{\"@type\":\"ReadAction\",\"target\":[\"https:\/\/www.budokampsport.se\/2017\/08\/31\/vasteras-far-en-mma-gala\/\"]}]},{\"@type\":\"ImageObject\",\"inLanguage\":\"sv-SE\",\"@id\":\"https:\/\/www.budokampsport.se\/2017\/08\/31\/vasteras-far-en-mma-gala\/#primaryimage\",\"url\":\"https:\/\/www.budokampsport.se\/wp-content\/uploads\/2017\/08\/Jorgen-Hamberg.jpg\",\"contentUrl\":\"https:\/\/www.budokampsport.se\/wp-content\/uploads\/2017\/08\/Jorgen-Hamberg.jpg\",\"width\":850,\"height\":649,\"caption\":\"Foto: Hamid Ershad Sarabi\"},{\"@type\":\"BreadcrumbList\",\"@id\":\"https:\/\/www.budokampsport.se\/2017\/08\/31\/vasteras-far-en-mma-gala\/#breadcrumb\",\"itemListElement\":[{\"@type\":\"ListItem\",\"position\":1,\"name\":\"Hem\",\"item\":\"https:\/\/www.budokampsport.se\/\"},{\"@type\":\"ListItem\",\"position\":2,\"name\":\"V\u00e4ster\u00e5s f\u00e5r en MMA-gala\"}]},{\"@type\":\"WebSite\",\"@id\":\"https:\/\/www.budokampsport.se\/#website\",\"url\":\"https:\/\/www.budokampsport.se\/\",\"name\":\"Svenska Budo &amp; Kampsportsf\u00f6rbundet\",\"description\":\"T\u00e4vling, Tr\u00e4ning, Tradition\",\"potentialAction\":[{\"@type\":\"SearchAction\",\"target\":{\"@type\":\"EntryPoint\",\"urlTemplate\":\"https:\/\/www.budokampsport.se\/?s={search_term_string}\"},\"query-input\":{\"@type\":\"PropertyValueSpecification\",\"valueRequired\":true,\"valueName\":\"search_term_string\"}}],\"inLanguage\":\"sv-SE\"},{\"@type\":\"Person\",\"@id\":\"https:\/\/www.budokampsport.se\/#\/schema\/person\/5c06d81d14850e2a8ce5493386560145\",\"name\":\"Jonathan Broberg\",\"image\":{\"@type\":\"ImageObject\",\"inLanguage\":\"sv-SE\",\"@id\":\"https:\/\/www.budokampsport.se\/#\/schema\/person\/image\/\",\"url\":\"https:\/\/secure.gravatar.com\/avatar\/a58041c6cea9128bd9c40ee2f26d4136?s=96&d=blank&r=g\",\"contentUrl\":\"https:\/\/secure.gravatar.com\/avatar\/a58041c6cea9128bd9c40ee2f26d4136?s=96&d=blank&r=g\",\"caption\":\"Jonathan Broberg\"},\"sameAs\":[\"https:\/\/www.facebook.com\/jonathan.broberg.7\"],\"url\":\"https:\/\/www.budokampsport.se\/author\/jonathan\/\"}]}<\/script>\n<!-- \/ Yoast SEO plugin. -->","yoast_head_json":{"title":"V\u00e4ster\u00e5s f\u00e5r en MMA-gala - Svenska Budo &amp; Kampsportsf\u00f6rbundet","description":"Svensk MMA forts\u00e4tter att v\u00e4xa och p\u00e5 amat\u00f6rsidan dyker allt fler t\u00e4vlingar upp. En ny t\u00e4vling som kommer arrangeras \u00e4r Fight club rush i V\u00e4ster\u00e5s den 10:e september. - Vi tyckte det var dags att V\u00e4ster\u00e5sarna ocks\u00e5 f\u00e5r en MMA-gala, s\u00e4ger arrang\u00f6r J\u00f6rgen Hamberg till budokampsport.se.","robots":{"index":"index","follow":"follow","max-snippet":"max-snippet:-1","max-image-preview":"max-image-preview:large","max-video-preview":"max-video-preview:-1"},"canonical":"https:\/\/www.budokampsport.se\/2017\/08\/31\/vasteras-far-en-mma-gala\/","og_locale":"sv_SE","og_type":"article","og_title":"V\u00e4ster\u00e5s f\u00e5r en MMA-gala - Svenska Budo &amp; Kampsportsf\u00f6rbundet","og_description":"Svensk MMA forts\u00e4tter att v\u00e4xa och p\u00e5 amat\u00f6rsidan dyker allt fler t\u00e4vlingar upp. En ny t\u00e4vling som kommer arrangeras \u00e4r Fight club rush i V\u00e4ster\u00e5s den 10:e september. - Vi tyckte det var dags att V\u00e4ster\u00e5sarna ocks\u00e5 f\u00e5r en MMA-gala, s\u00e4ger arrang\u00f6r J\u00f6rgen Hamberg till budokampsport.se.","og_url":"https:\/\/www.budokampsport.se\/2017\/08\/31\/vasteras-far-en-mma-gala\/","og_site_name":"Svenska Budo &amp; Kampsportsf\u00f6rbundet","article_author":"https:\/\/www.facebook.com\/jonathan.broberg.7","article_published_time":"2017-08-31T10:49:51+00:00","og_image":[{"width":850,"height":649,"url":"https:\/\/www.budokampsport.se\/wp-content\/uploads\/2017\/08\/Jorgen-Hamberg.jpg","type":"image\/jpeg"}],"author":"Jonathan Broberg","twitter_card":"summary_large_image","twitter_misc":{"Skriven av":"Jonathan Broberg","Ber\u00e4knad l\u00e4stid":"1 minut"},"schema":{"@context":"https:\/\/schema.org","@graph":[{"@type":"Article","@id":"https:\/\/www.budokampsport.se\/2017\/08\/31\/vasteras-far-en-mma-gala\/#article","isPartOf":{"@id":"https:\/\/www.budokampsport.se\/2017\/08\/31\/vasteras-far-en-mma-gala\/"},"author":{"name":"Jonathan Broberg","@id":"https:\/\/www.budokampsport.se\/#\/schema\/person\/5c06d81d14850e2a8ce5493386560145"},"headline":"V\u00e4ster\u00e5s f\u00e5r en MMA-gala","datePublished":"2017-08-31T10:49:51+00:00","mainEntityOfPage":{"@id":"https:\/\/www.budokampsport.se\/2017\/08\/31\/vasteras-far-en-mma-gala\/"},"wordCount":253,"commentCount":7,"image":{"@id":"https:\/\/www.budokampsport.se\/2017\/08\/31\/vasteras-far-en-mma-gala\/#primaryimage"},"thumbnailUrl":"https:\/\/www.budokampsport.se\/wp-content\/uploads\/2017\/08\/Jorgen-Hamberg.jpg","inLanguage":"sv-SE","potentialAction":[{"@type":"CommentAction","name":"Comment","target":["https:\/\/www.budokampsport.se\/2017\/08\/31\/vasteras-far-en-mma-gala\/#respond"]}]},{"@type":"WebPage","@id":"https:\/\/www.budokampsport.se\/2017\/08\/31\/vasteras-far-en-mma-gala\/","url":"https:\/\/www.budokampsport.se\/2017\/08\/31\/vasteras-far-en-mma-gala\/","name":"V\u00e4ster\u00e5s f\u00e5r en MMA-gala - Svenska Budo &amp; Kampsportsf\u00f6rbundet","isPartOf":{"@id":"https:\/\/www.budokampsport.se\/#website"},"primaryImageOfPage":{"@id":"https:\/\/www.budokampsport.se\/2017\/08\/31\/vasteras-far-en-mma-gala\/#primaryimage"},"image":{"@id":"https:\/\/www.budokampsport.se\/2017\/08\/31\/vasteras-far-en-mma-gala\/#primaryimage"},"thumbnailUrl":"https:\/\/www.budokampsport.se\/wp-content\/uploads\/2017\/08\/Jorgen-Hamberg.jpg","datePublished":"2017-08-31T10:49:51+00:00","author":{"@id":"https:\/\/www.budokampsport.se\/#\/schema\/person\/5c06d81d14850e2a8ce5493386560145"},"description":"Svensk MMA forts\u00e4tter att v\u00e4xa och p\u00e5 amat\u00f6rsidan dyker allt fler t\u00e4vlingar upp. En ny t\u00e4vling som kommer arrangeras \u00e4r Fight club rush i V\u00e4ster\u00e5s den 10:e september. - Vi tyckte det var dags att V\u00e4ster\u00e5sarna ocks\u00e5 f\u00e5r en MMA-gala, s\u00e4ger arrang\u00f6r J\u00f6rgen Hamberg till budokampsport.se.","breadcrumb":{"@id":"https:\/\/www.budokampsport.se\/2017\/08\/31\/vasteras-far-en-mma-gala\/#breadcrumb"},"inLanguage":"sv-SE","potentialAction":[{"@type":"ReadAction","target":["https:\/\/www.budokampsport.se\/2017\/08\/31\/vasteras-far-en-mma-gala\/"]}]},{"@type":"ImageObject","inLanguage":"sv-SE","@id":"https:\/\/www.budokampsport.se\/2017\/08\/31\/vasteras-far-en-mma-gala\/#primaryimage","url":"https:\/\/www.budokampsport.se\/wp-content\/uploads\/2017\/08\/Jorgen-Hamberg.jpg","contentUrl":"https:\/\/www.budokampsport.se\/wp-content\/uploads\/2017\/08\/Jorgen-Hamberg.jpg","width":850,"height":649,"caption":"Foto: Hamid Ershad Sarabi"},{"@type":"BreadcrumbList","@id":"https:\/\/www.budokampsport.se\/2017\/08\/31\/vasteras-far-en-mma-gala\/#breadcrumb","itemListElement":[{"@type":"ListItem","position":1,"name":"Hem","item":"https:\/\/www.budokampsport.se\/"},{"@type":"ListItem","position":2,"name":"V\u00e4ster\u00e5s f\u00e5r en MMA-gala"}]},{"@type":"WebSite","@id":"https:\/\/www.budokampsport.se\/#website","url":"https:\/\/www.budokampsport.se\/","name":"Svenska Budo &amp; Kampsportsf\u00f6rbundet","description":"T\u00e4vling, Tr\u00e4ning, Tradition","potentialAction":[{"@type":"SearchAction","target":{"@type":"EntryPoint","urlTemplate":"https:\/\/www.budokampsport.se\/?s={search_term_string}"},"query-input":{"@type":"PropertyValueSpecification","valueRequired":true,"valueName":"search_term_string"}}],"inLanguage":"sv-SE"},{"@type":"Person","@id":"https:\/\/www.budokampsport.se\/#\/schema\/person\/5c06d81d14850e2a8ce5493386560145","name":"Jonathan Broberg","image":{"@type":"ImageObject","inLanguage":"sv-SE","@id":"https:\/\/www.budokampsport.se\/#\/schema\/person\/image\/","url":"https:\/\/secure.gravatar.com\/avatar\/a58041c6cea9128bd9c40ee2f26d4136?s=96&d=blank&r=g","contentUrl":"https:\/\/secure.gravatar.com\/avatar\/a58041c6cea9128bd9c40ee2f26d4136?s=96&d=blank&r=g","caption":"Jonathan Broberg"},"sameAs":["https:\/\/www.facebook.com\/jonathan.broberg.7"],"url":"https:\/\/www.budokampsport.se\/author\/jonathan\/"}]}},"_links":{"self":[{"href":"https:\/\/www.budokampsport.se\/api\/wp\/v2\/posts\/48988","targetHints":{"allow":["GET"]}}],"collection":[{"href":"https:\/\/www.budokampsport.se\/api\/wp\/v2\/posts"}],"about":[{"href":"https:\/\/www.budokampsport.se\/api\/wp\/v2\/types\/post"}],"author":[{"embeddable":true,"href":"https:\/\/www.budokampsport.se\/api\/wp\/v2\/users\/7"}],"replies":[{"embeddable":true,"href":"https:\/\/www.budokampsport.se\/api\/wp\/v2\/comments?post=48988"}],"version-history":[{"count":0,"href":"https:\/\/www.budokampsport.se\/api\/wp\/v2\/posts\/48988\/revisions"}],"wp:featuredmedia":[{"embeddable":true,"href":"https:\/\/www.budokampsport.se\/api\/wp\/v2\/media\/48989"}],"wp:attachment":[{"href":"https:\/\/www.budokampsport.se\/api\/wp\/v2\/media?parent=48988"}],"wp:term":[{"taxonomy":"category","embeddable":true,"href":"https:\/\/www.budokampsport.se\/api\/wp\/v2\/categories?post=48988"},{"taxonomy":"post_tag","embeddable":true,"href":"https:\/\/www.budokampsport.se\/api\/wp\/v2\/tags?post=48988"}],"curies":[{"name":"wp","href":"https:\/\/api.w.org\/{rel}","templated":true}]}}