{"id":4911,"date":"2014-03-13T16:15:45","date_gmt":"2014-03-13T15:15:45","guid":{"rendered":"http:\/\/budo.wordpress.dev\/2014\/03\/13\/george-scott-atervander-till-kampsportsgalan\/"},"modified":"2016-12-06T22:36:55","modified_gmt":"2016-12-06T21:36:55","slug":"george-scott-atervander-till-kampsportsgalan","status":"publish","type":"post","link":"https:\/\/www.budokampsport.se\/2014\/03\/13\/george-scott-atervander-till-kampsportsgalan\/","title":{"rendered":"George Scott \u00e5terv\u00e4nder till Kampsportsgalan"},"content":{"rendered":"<p><strong><img decoding=\"async\" alt=\"\" src=\"\/sites\/default\/files\/scott.gif\" style=\"height:289px; width:435px\"><br \/>En av Kampsportsgalans allra mest frekventa prisutdelare George Scott \u00e4r \u00e5terigen klar som prisutdelare den 22:a mars.<br \/>\u00a0\u00a0 &#8211; S\u00e5 l\u00e4nge kampsportare inte f\u00e5r plats p\u00e5 Idrottsgalan \u00e4r Kampsportsgalan j\u00e4vligt viktig, s\u00e4ger han till budokampsport.se.<\/strong><!--break--><\/p>\n<p>George Scott \u00e4r klar som prisutdelare p\u00e5 Kampsportsgalan f\u00f6r fj\u00e4rde g\u00e5ngen. Scott var med redan f\u00f6rsta \u00e5ret 2010 och har varit en av de mest anv\u00e4nda prisutdelarna p\u00e5 galan under \u00e5ren.<\/p>\n<p>Nu \u00e4r han \u00e5ter klar f\u00f6r Kampsportsgalan.<br \/>\u00a0\u00a0 &#8211; Det \u00e4r j\u00e4ttekul, det \u00e4r en kv\u00e4ll som betyder mycket f\u00f6r oss kampsportare. Idrotten gl\u00f6mmer ofta bort kampsporten och det har k\u00e4nts som att vad vi \u00e4n har vunnit har det aldrig varit fint nog. Vi har hur m\u00e5nga idrottare som helst som varit minst lika framg\u00e5ngsrika som hockeyspelare och golfare, men vi har inte alls f\u00e5tt samma uppm\u00e4rksamhet. Vi kampsportare \u00e4r m\u00e4nniskor ocks\u00e5, vi beh\u00f6ver ocks\u00e5 ber\u00f6m f\u00f6r v\u00e5ra insatser.<\/p>\n<p><strong>Hur k\u00e4nns det att vara prisutdelare?<\/strong><br \/>\u00a0\u00a0 &#8211; Ja, det \u00e4r v\u00e4l inte s\u00e5 sv\u00e5rt. Men det betyder v\u00e4ldigt mycket f\u00f6r mig att kunna ge tillbaka p\u00e5 n\u00e5got s\u00e4tt.<\/p>\n<p>Text: Jonathan Broberg<br \/>Foto: Hamid Ershad Sarabi<\/p>\n","protected":false},"excerpt":{"rendered":"<p><strong><img decoding=\"async\" alt=\"\" src=\"\/sites\/default\/files\/scott.gif\" style=\"height:289px; width:435px\"><br \/>En av Kampsportsgalans allra mest frekventa prisutdelare George Scott \u00e4r \u00e5terigen klar som prisutdelare den 22:a mars.<br \/>\u00a0\u00a0 &#8211; S\u00e5 l\u00e4nge kampsportare inte f\u00e5r plats p\u00e5 Idrottsgalan \u00e4r Kampsportsgalan j\u00e4vligt viktig, s\u00e4ger han till budokampsport.se.<\/strong><\/p><br>","protected":false},"author":7,"featured_media":0,"comment_status":"closed","ping_status":"closed","sticky":false,"template":"","format":"standard","meta":{"_acf_changed":false,"footnotes":""},"categories":[1],"tags":[],"class_list":["post-4911","post","type-post","status-publish","format-standard","hentry","category-okategoriserade"],"acf":[],"yoast_head":"<!-- This site is optimized with the Yoast SEO plugin v26.8 - https:\/\/yoast.com\/product\/yoast-seo-wordpress\/ -->\n<title>George Scott \u00e5terv\u00e4nder till Kampsportsgalan - Svenska Budo &amp; Kampsportsf\u00f6rbundet<\/title>\n<meta name=\"description\" content=\"En av Kampsportsgalans allra mest frekventa prisutdelare George Scott \u00e4r \u00e5terigen klar som prisutdelare den 22:a mars.\u00a0\u00a0 - S\u00e5 l\u00e4nge kampsportare inte f\u00e5r plats p\u00e5 Idrottsgalan \u00e4r Kampsportsgalan j\u00e4vligt viktig, s\u00e4ger han till budokampsport.se.\" \/>\n<meta name=\"robots\" content=\"index, follow, max-snippet:-1, max-image-preview:large, max-video-preview:-1\" \/>\n<link rel=\"canonical\" href=\"https:\/\/www.budokampsport.se\/2014\/03\/13\/george-scott-atervander-till-kampsportsgalan\/\" \/>\n<meta property=\"og:locale\" content=\"sv_SE\" \/>\n<meta property=\"og:type\" content=\"article\" \/>\n<meta property=\"og:title\" content=\"George Scott \u00e5terv\u00e4nder till Kampsportsgalan - Svenska Budo &amp; Kampsportsf\u00f6rbundet\" \/>\n<meta property=\"og:description\" content=\"En av Kampsportsgalans allra mest frekventa prisutdelare George Scott \u00e4r \u00e5terigen klar som prisutdelare den 22:a mars.\u00a0\u00a0 - S\u00e5 l\u00e4nge kampsportare inte f\u00e5r plats p\u00e5 Idrottsgalan \u00e4r Kampsportsgalan j\u00e4vligt viktig, s\u00e4ger han till budokampsport.se.\" \/>\n<meta property=\"og:url\" content=\"https:\/\/www.budokampsport.se\/2014\/03\/13\/george-scott-atervander-till-kampsportsgalan\/\" \/>\n<meta property=\"og:site_name\" content=\"Svenska Budo &amp; Kampsportsf\u00f6rbundet\" \/>\n<meta property=\"article:author\" content=\"https:\/\/www.facebook.com\/jonathan.broberg.7\" \/>\n<meta property=\"article:published_time\" content=\"2014-03-13T15:15:45+00:00\" \/>\n<meta property=\"article:modified_time\" content=\"2016-12-06T21:36:55+00:00\" \/>\n<meta name=\"author\" content=\"Jonathan Broberg\" \/>\n<meta name=\"twitter:card\" content=\"summary_large_image\" \/>\n<meta name=\"twitter:label1\" content=\"Skriven av\" \/>\n\t<meta name=\"twitter:data1\" content=\"Jonathan Broberg\" \/>\n\t<meta name=\"twitter:label2\" content=\"Ber\u00e4knad l\u00e4stid\" \/>\n\t<meta name=\"twitter:data2\" content=\"1 minut\" \/>\n<script type=\"application\/ld+json\" class=\"yoast-schema-graph\">{\"@context\":\"https:\/\/schema.org\",\"@graph\":[{\"@type\":\"Article\",\"@id\":\"https:\/\/www.budokampsport.se\/2014\/03\/13\/george-scott-atervander-till-kampsportsgalan\/#article\",\"isPartOf\":{\"@id\":\"https:\/\/www.budokampsport.se\/2014\/03\/13\/george-scott-atervander-till-kampsportsgalan\/\"},\"author\":{\"name\":\"Jonathan Broberg\",\"@id\":\"https:\/\/www.budokampsport.se\/#\/schema\/person\/5c06d81d14850e2a8ce5493386560145\"},\"headline\":\"George Scott \u00e5terv\u00e4nder till Kampsportsgalan\",\"datePublished\":\"2014-03-13T15:15:45+00:00\",\"dateModified\":\"2016-12-06T21:36:55+00:00\",\"mainEntityOfPage\":{\"@id\":\"https:\/\/www.budokampsport.se\/2014\/03\/13\/george-scott-atervander-till-kampsportsgalan\/\"},\"wordCount\":215,\"inLanguage\":\"sv-SE\"},{\"@type\":\"WebPage\",\"@id\":\"https:\/\/www.budokampsport.se\/2014\/03\/13\/george-scott-atervander-till-kampsportsgalan\/\",\"url\":\"https:\/\/www.budokampsport.se\/2014\/03\/13\/george-scott-atervander-till-kampsportsgalan\/\",\"name\":\"George Scott \u00e5terv\u00e4nder till Kampsportsgalan - Svenska Budo &amp; Kampsportsf\u00f6rbundet\",\"isPartOf\":{\"@id\":\"https:\/\/www.budokampsport.se\/#website\"},\"datePublished\":\"2014-03-13T15:15:45+00:00\",\"dateModified\":\"2016-12-06T21:36:55+00:00\",\"author\":{\"@id\":\"https:\/\/www.budokampsport.se\/#\/schema\/person\/5c06d81d14850e2a8ce5493386560145\"},\"description\":\"En av Kampsportsgalans allra mest frekventa prisutdelare George Scott \u00e4r \u00e5terigen klar som prisutdelare den 22:a mars.\u00a0\u00a0 - S\u00e5 l\u00e4nge kampsportare inte f\u00e5r plats p\u00e5 Idrottsgalan \u00e4r Kampsportsgalan j\u00e4vligt viktig, s\u00e4ger han till budokampsport.se.\",\"breadcrumb\":{\"@id\":\"https:\/\/www.budokampsport.se\/2014\/03\/13\/george-scott-atervander-till-kampsportsgalan\/#breadcrumb\"},\"inLanguage\":\"sv-SE\",\"potentialAction\":[{\"@type\":\"ReadAction\",\"target\":[\"https:\/\/www.budokampsport.se\/2014\/03\/13\/george-scott-atervander-till-kampsportsgalan\/\"]}]},{\"@type\":\"BreadcrumbList\",\"@id\":\"https:\/\/www.budokampsport.se\/2014\/03\/13\/george-scott-atervander-till-kampsportsgalan\/#breadcrumb\",\"itemListElement\":[{\"@type\":\"ListItem\",\"position\":1,\"name\":\"Hem\",\"item\":\"https:\/\/www.budokampsport.se\/\"},{\"@type\":\"ListItem\",\"position\":2,\"name\":\"George Scott \u00e5terv\u00e4nder till Kampsportsgalan\"}]},{\"@type\":\"WebSite\",\"@id\":\"https:\/\/www.budokampsport.se\/#website\",\"url\":\"https:\/\/www.budokampsport.se\/\",\"name\":\"Svenska Budo &amp; Kampsportsf\u00f6rbundet\",\"description\":\"T\u00e4vling, Tr\u00e4ning, Tradition\",\"potentialAction\":[{\"@type\":\"SearchAction\",\"target\":{\"@type\":\"EntryPoint\",\"urlTemplate\":\"https:\/\/www.budokampsport.se\/?s={search_term_string}\"},\"query-input\":{\"@type\":\"PropertyValueSpecification\",\"valueRequired\":true,\"valueName\":\"search_term_string\"}}],\"inLanguage\":\"sv-SE\"},{\"@type\":\"Person\",\"@id\":\"https:\/\/www.budokampsport.se\/#\/schema\/person\/5c06d81d14850e2a8ce5493386560145\",\"name\":\"Jonathan Broberg\",\"image\":{\"@type\":\"ImageObject\",\"inLanguage\":\"sv-SE\",\"@id\":\"https:\/\/www.budokampsport.se\/#\/schema\/person\/image\/\",\"url\":\"https:\/\/secure.gravatar.com\/avatar\/a58041c6cea9128bd9c40ee2f26d4136?s=96&d=blank&r=g\",\"contentUrl\":\"https:\/\/secure.gravatar.com\/avatar\/a58041c6cea9128bd9c40ee2f26d4136?s=96&d=blank&r=g\",\"caption\":\"Jonathan Broberg\"},\"sameAs\":[\"https:\/\/www.facebook.com\/jonathan.broberg.7\"],\"url\":\"https:\/\/www.budokampsport.se\/author\/jonathan\/\"}]}<\/script>\n<!-- \/ Yoast SEO plugin. -->","yoast_head_json":{"title":"George Scott \u00e5terv\u00e4nder till Kampsportsgalan - Svenska Budo &amp; Kampsportsf\u00f6rbundet","description":"En av Kampsportsgalans allra mest frekventa prisutdelare George Scott \u00e4r \u00e5terigen klar som prisutdelare den 22:a mars.\u00a0\u00a0 - S\u00e5 l\u00e4nge kampsportare inte f\u00e5r plats p\u00e5 Idrottsgalan \u00e4r Kampsportsgalan j\u00e4vligt viktig, s\u00e4ger han till budokampsport.se.","robots":{"index":"index","follow":"follow","max-snippet":"max-snippet:-1","max-image-preview":"max-image-preview:large","max-video-preview":"max-video-preview:-1"},"canonical":"https:\/\/www.budokampsport.se\/2014\/03\/13\/george-scott-atervander-till-kampsportsgalan\/","og_locale":"sv_SE","og_type":"article","og_title":"George Scott \u00e5terv\u00e4nder till Kampsportsgalan - Svenska Budo &amp; Kampsportsf\u00f6rbundet","og_description":"En av Kampsportsgalans allra mest frekventa prisutdelare George Scott \u00e4r \u00e5terigen klar som prisutdelare den 22:a mars.\u00a0\u00a0 - S\u00e5 l\u00e4nge kampsportare inte f\u00e5r plats p\u00e5 Idrottsgalan \u00e4r Kampsportsgalan j\u00e4vligt viktig, s\u00e4ger han till budokampsport.se.","og_url":"https:\/\/www.budokampsport.se\/2014\/03\/13\/george-scott-atervander-till-kampsportsgalan\/","og_site_name":"Svenska Budo &amp; Kampsportsf\u00f6rbundet","article_author":"https:\/\/www.facebook.com\/jonathan.broberg.7","article_published_time":"2014-03-13T15:15:45+00:00","article_modified_time":"2016-12-06T21:36:55+00:00","author":"Jonathan Broberg","twitter_card":"summary_large_image","twitter_misc":{"Skriven av":"Jonathan Broberg","Ber\u00e4knad l\u00e4stid":"1 minut"},"schema":{"@context":"https:\/\/schema.org","@graph":[{"@type":"Article","@id":"https:\/\/www.budokampsport.se\/2014\/03\/13\/george-scott-atervander-till-kampsportsgalan\/#article","isPartOf":{"@id":"https:\/\/www.budokampsport.se\/2014\/03\/13\/george-scott-atervander-till-kampsportsgalan\/"},"author":{"name":"Jonathan Broberg","@id":"https:\/\/www.budokampsport.se\/#\/schema\/person\/5c06d81d14850e2a8ce5493386560145"},"headline":"George Scott \u00e5terv\u00e4nder till Kampsportsgalan","datePublished":"2014-03-13T15:15:45+00:00","dateModified":"2016-12-06T21:36:55+00:00","mainEntityOfPage":{"@id":"https:\/\/www.budokampsport.se\/2014\/03\/13\/george-scott-atervander-till-kampsportsgalan\/"},"wordCount":215,"inLanguage":"sv-SE"},{"@type":"WebPage","@id":"https:\/\/www.budokampsport.se\/2014\/03\/13\/george-scott-atervander-till-kampsportsgalan\/","url":"https:\/\/www.budokampsport.se\/2014\/03\/13\/george-scott-atervander-till-kampsportsgalan\/","name":"George Scott \u00e5terv\u00e4nder till Kampsportsgalan - Svenska Budo &amp; Kampsportsf\u00f6rbundet","isPartOf":{"@id":"https:\/\/www.budokampsport.se\/#website"},"datePublished":"2014-03-13T15:15:45+00:00","dateModified":"2016-12-06T21:36:55+00:00","author":{"@id":"https:\/\/www.budokampsport.se\/#\/schema\/person\/5c06d81d14850e2a8ce5493386560145"},"description":"En av Kampsportsgalans allra mest frekventa prisutdelare George Scott \u00e4r \u00e5terigen klar som prisutdelare den 22:a mars.\u00a0\u00a0 - S\u00e5 l\u00e4nge kampsportare inte f\u00e5r plats p\u00e5 Idrottsgalan \u00e4r Kampsportsgalan j\u00e4vligt viktig, s\u00e4ger han till budokampsport.se.","breadcrumb":{"@id":"https:\/\/www.budokampsport.se\/2014\/03\/13\/george-scott-atervander-till-kampsportsgalan\/#breadcrumb"},"inLanguage":"sv-SE","potentialAction":[{"@type":"ReadAction","target":["https:\/\/www.budokampsport.se\/2014\/03\/13\/george-scott-atervander-till-kampsportsgalan\/"]}]},{"@type":"BreadcrumbList","@id":"https:\/\/www.budokampsport.se\/2014\/03\/13\/george-scott-atervander-till-kampsportsgalan\/#breadcrumb","itemListElement":[{"@type":"ListItem","position":1,"name":"Hem","item":"https:\/\/www.budokampsport.se\/"},{"@type":"ListItem","position":2,"name":"George Scott \u00e5terv\u00e4nder till Kampsportsgalan"}]},{"@type":"WebSite","@id":"https:\/\/www.budokampsport.se\/#website","url":"https:\/\/www.budokampsport.se\/","name":"Svenska Budo &amp; Kampsportsf\u00f6rbundet","description":"T\u00e4vling, Tr\u00e4ning, Tradition","potentialAction":[{"@type":"SearchAction","target":{"@type":"EntryPoint","urlTemplate":"https:\/\/www.budokampsport.se\/?s={search_term_string}"},"query-input":{"@type":"PropertyValueSpecification","valueRequired":true,"valueName":"search_term_string"}}],"inLanguage":"sv-SE"},{"@type":"Person","@id":"https:\/\/www.budokampsport.se\/#\/schema\/person\/5c06d81d14850e2a8ce5493386560145","name":"Jonathan Broberg","image":{"@type":"ImageObject","inLanguage":"sv-SE","@id":"https:\/\/www.budokampsport.se\/#\/schema\/person\/image\/","url":"https:\/\/secure.gravatar.com\/avatar\/a58041c6cea9128bd9c40ee2f26d4136?s=96&d=blank&r=g","contentUrl":"https:\/\/secure.gravatar.com\/avatar\/a58041c6cea9128bd9c40ee2f26d4136?s=96&d=blank&r=g","caption":"Jonathan Broberg"},"sameAs":["https:\/\/www.facebook.com\/jonathan.broberg.7"],"url":"https:\/\/www.budokampsport.se\/author\/jonathan\/"}]}},"_links":{"self":[{"href":"https:\/\/www.budokampsport.se\/api\/wp\/v2\/posts\/4911","targetHints":{"allow":["GET"]}}],"collection":[{"href":"https:\/\/www.budokampsport.se\/api\/wp\/v2\/posts"}],"about":[{"href":"https:\/\/www.budokampsport.se\/api\/wp\/v2\/types\/post"}],"author":[{"embeddable":true,"href":"https:\/\/www.budokampsport.se\/api\/wp\/v2\/users\/7"}],"replies":[{"embeddable":true,"href":"https:\/\/www.budokampsport.se\/api\/wp\/v2\/comments?post=4911"}],"version-history":[{"count":0,"href":"https:\/\/www.budokampsport.se\/api\/wp\/v2\/posts\/4911\/revisions"}],"wp:attachment":[{"href":"https:\/\/www.budokampsport.se\/api\/wp\/v2\/media?parent=4911"}],"wp:term":[{"taxonomy":"category","embeddable":true,"href":"https:\/\/www.budokampsport.se\/api\/wp\/v2\/categories?post=4911"},{"taxonomy":"post_tag","embeddable":true,"href":"https:\/\/www.budokampsport.se\/api\/wp\/v2\/tags?post=4911"}],"curies":[{"name":"wp","href":"https:\/\/api.w.org\/{rel}","templated":true}]}}