{"id":4964,"date":"2014-04-22T14:51:33","date_gmt":"2014-04-22T12:51:33","guid":{"rendered":"http:\/\/budo.wordpress.dev\/2014\/04\/22\/the-zone-borjar-ta-form\/"},"modified":"2016-12-06T22:37:07","modified_gmt":"2016-12-06T21:37:07","slug":"the-zone-borjar-ta-form","status":"publish","type":"post","link":"https:\/\/www.budokampsport.se\/2014\/04\/22\/the-zone-borjar-ta-form\/","title":{"rendered":"The Zone b\u00f6rjar ta form"},"content":{"rendered":"<p><strong><img decoding=\"async\" alt=\"\" src=\"\/sites\/default\/files\/thezone.jpg\" style=\"height:127px; width:435px\"><br \/>P\u00e5 l\u00f6rdag \u00e4r det \u00e5ter dags f\u00f6r en av svensk kampsports allra mest inarbetade institutioner. I Lisebergshallen tar som brukligt MMA-galan The Zone plats. F\u00f6r den 13:e g\u00e5ngen i ordningen.<br \/>\u00a0\u00a0 &#8211; Vi har koll p\u00e5 det vi ska ha koll p\u00e5, s\u00e4ger The Zones arrang\u00f6r Jesper Gunnarson till budokampsport.se.<\/strong><!--break--><\/p>\n<p>The Zone \u00e5terkommer p\u00e5 l\u00f6rdag i G\u00f6teborg med sin 13:e MMA-gala i ordningen. The Zone forts\u00e4tter att producera galor utefter ett tydligt koncept &#8211; och \u00e4nnu en g\u00e5ng \u00e4r det Lisebergshallen som g\u00e4ller.<\/p>\n<p>Med bara n\u00e5gra dagar kvar till den 13:e galan tog budokampsport.se tempen p\u00e5 arrang\u00f6ren Jesper Gunnarson som ser positivt p\u00e5 den stundande l\u00f6rdagen.<br \/>\u00a0\u00a0 &#8211; Det \u00e4r alltid mycket kring en gala och overall k\u00e4nns det bra. Alla som arrangerar event vet att man inte kan kontrollera eller ha kontroll \u00f6ver allt. S\u00e5 det finns f\u00f6rst\u00e5s vissa saker att vara uppm\u00e4rksam p\u00e5. Jag t\u00e4nker n\u00e4rmast p\u00e5 f\u00f6rsenade flyg, sjuka fighters och liknande som \u00e4r sv\u00e5rkontrollerat. Men med det sagt har vi kontroll p\u00e5 det vi kan ha kontroll p\u00e5! Det \u00e4r ju trots allt The Zone nummer 13, s\u00e5 vi vet hur man arrangerar.<\/p>\n<p>Inf\u00f6r sommarens f\u00f6rsta MMA-VM (amat\u00f6r) i historien fanns det r\u00f6ster som pratade om en landskamp i MMA p\u00e5 The Zone. Gunnarson f\u00f6rtydligar det.<br \/>\u00a0\u00a0 &#8211; Det st\u00e4mmer n\u00e4stan. Det blir en landskamp under ligat\u00e4vlingen vi kallar The Zone Challenge 3 som kommer p\u00e5g\u00e5 under dagen p\u00e5 tillsammans med en del andra amat\u00f6r-MMA- och shootfightingmatcher.<\/p>\n<p><strong>Hur kan man se det p\u00e5 b\u00e4sta s\u00e4tt, Jesper?<\/strong><br \/>\u00a0\u00a0 &#8211; Den som vill se dessa enbart har intr\u00e4de fr\u00e5n 13:00 f\u00f6r 100 kr. Vi k\u00f6r matcher mellan 13:30-17:00. Har man en The Zone-biljett kan man se dessa matcher ocks\u00e5 s\u00e5klart utan extra kostnad.<\/p>\n<p><strong>Vilka matcher ska publiken denna g\u00e5ng ha mest uppsyn \u00f6ver?<\/strong><br \/>\u00a0\u00a0 &#8211; Givetvis fr\u00e5gan kring om August Wall\u00e9n fortfarande har vad om kr\u00e4vs att t\u00e4vla p\u00e5 denna niv\u00e5. D\u00e4rtill har vi Sirwan Kakai som skall f\u00f6rs\u00f6ka \u00e5teruppta en win-streak som kanske kan f\u00e5 UFC intresserade av honom. &#8220;Svenskmatchen&#8221; mellan Siloa och Macedo blir ocks\u00e5 intressant.<\/p>\n<p>F\u00f6rv\u00e4ntningarna p\u00e5 The Zone, som denna g\u00e5ng g\u00e5r under namnet \u201dTough luck\u201d \u00e4r stora och Gunnarson sj\u00e4lv \u00e4r hoppfull.<br \/>\u00a0\u00a0 &#8211; M\u00e5nga bra och v\u00e4lmatchade matcher i h\u00f6gt tempo d\u00e4r vi kommer se morgondagens stj\u00e4rnor b\u00f6rja blomma ut.<\/p>\n<p>Text: Jonathan Broberg<\/p>\n","protected":false},"excerpt":{"rendered":"<p><strong><img decoding=\"async\" alt=\"\" src=\"\/sites\/default\/files\/thezone.jpg\" style=\"height:127px; width:435px\"><br \/>P\u00e5 l\u00f6rdag \u00e4r det \u00e5ter dags f\u00f6r en av svensk kampsports allra mest inarbetade institutioner. I Lisebergshallen tar som brukligt MMA-galan The Zone plats. F\u00f6r den 13:e g\u00e5ngen i ordningen.<br \/>\u00a0\u00a0 &#8211; Vi har koll p\u00e5 det vi ska ha koll p\u00e5, s\u00e4ger The Zones arrang\u00f6r Jesper Gunnarson till budokampsport.se.<\/strong><\/p><br>","protected":false},"author":7,"featured_media":0,"comment_status":"closed","ping_status":"closed","sticky":false,"template":"","format":"standard","meta":{"_acf_changed":false,"footnotes":""},"categories":[1],"tags":[],"class_list":["post-4964","post","type-post","status-publish","format-standard","hentry","category-okategoriserade"],"acf":[],"yoast_head":"<!-- This site is optimized with the Yoast SEO plugin v26.8 - https:\/\/yoast.com\/product\/yoast-seo-wordpress\/ -->\n<title>The Zone b\u00f6rjar ta form - Svenska Budo &amp; Kampsportsf\u00f6rbundet<\/title>\n<meta name=\"description\" content=\"P\u00e5 l\u00f6rdag \u00e4r det \u00e5ter dags f\u00f6r en av svensk kampsports allra mest inarbetade institutioner. I Lisebergshallen tar som brukligt MMA-galan The Zone plats. F\u00f6r den 13:e g\u00e5ngen i ordningen.\u00a0\u00a0 - Vi har koll p\u00e5 det vi ska ha koll p\u00e5, s\u00e4ger The Zones arrang\u00f6r Jesper Gunnarson till budokampsport.se.\" \/>\n<meta name=\"robots\" content=\"index, follow, max-snippet:-1, max-image-preview:large, max-video-preview:-1\" \/>\n<link rel=\"canonical\" href=\"https:\/\/www.budokampsport.se\/2014\/04\/22\/the-zone-borjar-ta-form\/\" \/>\n<meta property=\"og:locale\" content=\"sv_SE\" \/>\n<meta property=\"og:type\" content=\"article\" \/>\n<meta property=\"og:title\" content=\"The Zone b\u00f6rjar ta form - Svenska Budo &amp; Kampsportsf\u00f6rbundet\" \/>\n<meta property=\"og:description\" content=\"P\u00e5 l\u00f6rdag \u00e4r det \u00e5ter dags f\u00f6r en av svensk kampsports allra mest inarbetade institutioner. I Lisebergshallen tar som brukligt MMA-galan The Zone plats. F\u00f6r den 13:e g\u00e5ngen i ordningen.\u00a0\u00a0 - Vi har koll p\u00e5 det vi ska ha koll p\u00e5, s\u00e4ger The Zones arrang\u00f6r Jesper Gunnarson till budokampsport.se.\" \/>\n<meta property=\"og:url\" content=\"https:\/\/www.budokampsport.se\/2014\/04\/22\/the-zone-borjar-ta-form\/\" \/>\n<meta property=\"og:site_name\" content=\"Svenska Budo &amp; Kampsportsf\u00f6rbundet\" \/>\n<meta property=\"article:author\" content=\"https:\/\/www.facebook.com\/jonathan.broberg.7\" \/>\n<meta property=\"article:published_time\" content=\"2014-04-22T12:51:33+00:00\" \/>\n<meta property=\"article:modified_time\" content=\"2016-12-06T21:37:07+00:00\" \/>\n<meta name=\"author\" content=\"Jonathan Broberg\" \/>\n<meta name=\"twitter:card\" content=\"summary_large_image\" \/>\n<meta name=\"twitter:label1\" content=\"Skriven av\" \/>\n\t<meta name=\"twitter:data1\" content=\"Jonathan Broberg\" \/>\n\t<meta name=\"twitter:label2\" content=\"Ber\u00e4knad l\u00e4stid\" \/>\n\t<meta name=\"twitter:data2\" content=\"2 minuter\" \/>\n<script type=\"application\/ld+json\" class=\"yoast-schema-graph\">{\"@context\":\"https:\/\/schema.org\",\"@graph\":[{\"@type\":\"Article\",\"@id\":\"https:\/\/www.budokampsport.se\/2014\/04\/22\/the-zone-borjar-ta-form\/#article\",\"isPartOf\":{\"@id\":\"https:\/\/www.budokampsport.se\/2014\/04\/22\/the-zone-borjar-ta-form\/\"},\"author\":{\"name\":\"Jonathan Broberg\",\"@id\":\"https:\/\/www.budokampsport.se\/#\/schema\/person\/5c06d81d14850e2a8ce5493386560145\"},\"headline\":\"The Zone b\u00f6rjar ta form\",\"datePublished\":\"2014-04-22T12:51:33+00:00\",\"dateModified\":\"2016-12-06T21:37:07+00:00\",\"mainEntityOfPage\":{\"@id\":\"https:\/\/www.budokampsport.se\/2014\/04\/22\/the-zone-borjar-ta-form\/\"},\"wordCount\":437,\"inLanguage\":\"sv-SE\"},{\"@type\":\"WebPage\",\"@id\":\"https:\/\/www.budokampsport.se\/2014\/04\/22\/the-zone-borjar-ta-form\/\",\"url\":\"https:\/\/www.budokampsport.se\/2014\/04\/22\/the-zone-borjar-ta-form\/\",\"name\":\"The Zone b\u00f6rjar ta form - Svenska Budo &amp; Kampsportsf\u00f6rbundet\",\"isPartOf\":{\"@id\":\"https:\/\/www.budokampsport.se\/#website\"},\"datePublished\":\"2014-04-22T12:51:33+00:00\",\"dateModified\":\"2016-12-06T21:37:07+00:00\",\"author\":{\"@id\":\"https:\/\/www.budokampsport.se\/#\/schema\/person\/5c06d81d14850e2a8ce5493386560145\"},\"description\":\"P\u00e5 l\u00f6rdag \u00e4r det \u00e5ter dags f\u00f6r en av svensk kampsports allra mest inarbetade institutioner. I Lisebergshallen tar som brukligt MMA-galan The Zone plats. F\u00f6r den 13:e g\u00e5ngen i ordningen.\u00a0\u00a0 - Vi har koll p\u00e5 det vi ska ha koll p\u00e5, s\u00e4ger The Zones arrang\u00f6r Jesper Gunnarson till budokampsport.se.\",\"breadcrumb\":{\"@id\":\"https:\/\/www.budokampsport.se\/2014\/04\/22\/the-zone-borjar-ta-form\/#breadcrumb\"},\"inLanguage\":\"sv-SE\",\"potentialAction\":[{\"@type\":\"ReadAction\",\"target\":[\"https:\/\/www.budokampsport.se\/2014\/04\/22\/the-zone-borjar-ta-form\/\"]}]},{\"@type\":\"BreadcrumbList\",\"@id\":\"https:\/\/www.budokampsport.se\/2014\/04\/22\/the-zone-borjar-ta-form\/#breadcrumb\",\"itemListElement\":[{\"@type\":\"ListItem\",\"position\":1,\"name\":\"Hem\",\"item\":\"https:\/\/www.budokampsport.se\/\"},{\"@type\":\"ListItem\",\"position\":2,\"name\":\"The Zone b\u00f6rjar ta form\"}]},{\"@type\":\"WebSite\",\"@id\":\"https:\/\/www.budokampsport.se\/#website\",\"url\":\"https:\/\/www.budokampsport.se\/\",\"name\":\"Svenska Budo &amp; Kampsportsf\u00f6rbundet\",\"description\":\"T\u00e4vling, Tr\u00e4ning, Tradition\",\"potentialAction\":[{\"@type\":\"SearchAction\",\"target\":{\"@type\":\"EntryPoint\",\"urlTemplate\":\"https:\/\/www.budokampsport.se\/?s={search_term_string}\"},\"query-input\":{\"@type\":\"PropertyValueSpecification\",\"valueRequired\":true,\"valueName\":\"search_term_string\"}}],\"inLanguage\":\"sv-SE\"},{\"@type\":\"Person\",\"@id\":\"https:\/\/www.budokampsport.se\/#\/schema\/person\/5c06d81d14850e2a8ce5493386560145\",\"name\":\"Jonathan Broberg\",\"image\":{\"@type\":\"ImageObject\",\"inLanguage\":\"sv-SE\",\"@id\":\"https:\/\/www.budokampsport.se\/#\/schema\/person\/image\/\",\"url\":\"https:\/\/secure.gravatar.com\/avatar\/a58041c6cea9128bd9c40ee2f26d4136?s=96&d=blank&r=g\",\"contentUrl\":\"https:\/\/secure.gravatar.com\/avatar\/a58041c6cea9128bd9c40ee2f26d4136?s=96&d=blank&r=g\",\"caption\":\"Jonathan Broberg\"},\"sameAs\":[\"https:\/\/www.facebook.com\/jonathan.broberg.7\"],\"url\":\"https:\/\/www.budokampsport.se\/author\/jonathan\/\"}]}<\/script>\n<!-- \/ Yoast SEO plugin. -->","yoast_head_json":{"title":"The Zone b\u00f6rjar ta form - Svenska Budo &amp; Kampsportsf\u00f6rbundet","description":"P\u00e5 l\u00f6rdag \u00e4r det \u00e5ter dags f\u00f6r en av svensk kampsports allra mest inarbetade institutioner. I Lisebergshallen tar som brukligt MMA-galan The Zone plats. F\u00f6r den 13:e g\u00e5ngen i ordningen.\u00a0\u00a0 - Vi har koll p\u00e5 det vi ska ha koll p\u00e5, s\u00e4ger The Zones arrang\u00f6r Jesper Gunnarson till budokampsport.se.","robots":{"index":"index","follow":"follow","max-snippet":"max-snippet:-1","max-image-preview":"max-image-preview:large","max-video-preview":"max-video-preview:-1"},"canonical":"https:\/\/www.budokampsport.se\/2014\/04\/22\/the-zone-borjar-ta-form\/","og_locale":"sv_SE","og_type":"article","og_title":"The Zone b\u00f6rjar ta form - Svenska Budo &amp; Kampsportsf\u00f6rbundet","og_description":"P\u00e5 l\u00f6rdag \u00e4r det \u00e5ter dags f\u00f6r en av svensk kampsports allra mest inarbetade institutioner. I Lisebergshallen tar som brukligt MMA-galan The Zone plats. F\u00f6r den 13:e g\u00e5ngen i ordningen.\u00a0\u00a0 - Vi har koll p\u00e5 det vi ska ha koll p\u00e5, s\u00e4ger The Zones arrang\u00f6r Jesper Gunnarson till budokampsport.se.","og_url":"https:\/\/www.budokampsport.se\/2014\/04\/22\/the-zone-borjar-ta-form\/","og_site_name":"Svenska Budo &amp; Kampsportsf\u00f6rbundet","article_author":"https:\/\/www.facebook.com\/jonathan.broberg.7","article_published_time":"2014-04-22T12:51:33+00:00","article_modified_time":"2016-12-06T21:37:07+00:00","author":"Jonathan Broberg","twitter_card":"summary_large_image","twitter_misc":{"Skriven av":"Jonathan Broberg","Ber\u00e4knad l\u00e4stid":"2 minuter"},"schema":{"@context":"https:\/\/schema.org","@graph":[{"@type":"Article","@id":"https:\/\/www.budokampsport.se\/2014\/04\/22\/the-zone-borjar-ta-form\/#article","isPartOf":{"@id":"https:\/\/www.budokampsport.se\/2014\/04\/22\/the-zone-borjar-ta-form\/"},"author":{"name":"Jonathan Broberg","@id":"https:\/\/www.budokampsport.se\/#\/schema\/person\/5c06d81d14850e2a8ce5493386560145"},"headline":"The Zone b\u00f6rjar ta form","datePublished":"2014-04-22T12:51:33+00:00","dateModified":"2016-12-06T21:37:07+00:00","mainEntityOfPage":{"@id":"https:\/\/www.budokampsport.se\/2014\/04\/22\/the-zone-borjar-ta-form\/"},"wordCount":437,"inLanguage":"sv-SE"},{"@type":"WebPage","@id":"https:\/\/www.budokampsport.se\/2014\/04\/22\/the-zone-borjar-ta-form\/","url":"https:\/\/www.budokampsport.se\/2014\/04\/22\/the-zone-borjar-ta-form\/","name":"The Zone b\u00f6rjar ta form - Svenska Budo &amp; Kampsportsf\u00f6rbundet","isPartOf":{"@id":"https:\/\/www.budokampsport.se\/#website"},"datePublished":"2014-04-22T12:51:33+00:00","dateModified":"2016-12-06T21:37:07+00:00","author":{"@id":"https:\/\/www.budokampsport.se\/#\/schema\/person\/5c06d81d14850e2a8ce5493386560145"},"description":"P\u00e5 l\u00f6rdag \u00e4r det \u00e5ter dags f\u00f6r en av svensk kampsports allra mest inarbetade institutioner. I Lisebergshallen tar som brukligt MMA-galan The Zone plats. F\u00f6r den 13:e g\u00e5ngen i ordningen.\u00a0\u00a0 - Vi har koll p\u00e5 det vi ska ha koll p\u00e5, s\u00e4ger The Zones arrang\u00f6r Jesper Gunnarson till budokampsport.se.","breadcrumb":{"@id":"https:\/\/www.budokampsport.se\/2014\/04\/22\/the-zone-borjar-ta-form\/#breadcrumb"},"inLanguage":"sv-SE","potentialAction":[{"@type":"ReadAction","target":["https:\/\/www.budokampsport.se\/2014\/04\/22\/the-zone-borjar-ta-form\/"]}]},{"@type":"BreadcrumbList","@id":"https:\/\/www.budokampsport.se\/2014\/04\/22\/the-zone-borjar-ta-form\/#breadcrumb","itemListElement":[{"@type":"ListItem","position":1,"name":"Hem","item":"https:\/\/www.budokampsport.se\/"},{"@type":"ListItem","position":2,"name":"The Zone b\u00f6rjar ta form"}]},{"@type":"WebSite","@id":"https:\/\/www.budokampsport.se\/#website","url":"https:\/\/www.budokampsport.se\/","name":"Svenska Budo &amp; Kampsportsf\u00f6rbundet","description":"T\u00e4vling, Tr\u00e4ning, Tradition","potentialAction":[{"@type":"SearchAction","target":{"@type":"EntryPoint","urlTemplate":"https:\/\/www.budokampsport.se\/?s={search_term_string}"},"query-input":{"@type":"PropertyValueSpecification","valueRequired":true,"valueName":"search_term_string"}}],"inLanguage":"sv-SE"},{"@type":"Person","@id":"https:\/\/www.budokampsport.se\/#\/schema\/person\/5c06d81d14850e2a8ce5493386560145","name":"Jonathan Broberg","image":{"@type":"ImageObject","inLanguage":"sv-SE","@id":"https:\/\/www.budokampsport.se\/#\/schema\/person\/image\/","url":"https:\/\/secure.gravatar.com\/avatar\/a58041c6cea9128bd9c40ee2f26d4136?s=96&d=blank&r=g","contentUrl":"https:\/\/secure.gravatar.com\/avatar\/a58041c6cea9128bd9c40ee2f26d4136?s=96&d=blank&r=g","caption":"Jonathan Broberg"},"sameAs":["https:\/\/www.facebook.com\/jonathan.broberg.7"],"url":"https:\/\/www.budokampsport.se\/author\/jonathan\/"}]}},"_links":{"self":[{"href":"https:\/\/www.budokampsport.se\/api\/wp\/v2\/posts\/4964","targetHints":{"allow":["GET"]}}],"collection":[{"href":"https:\/\/www.budokampsport.se\/api\/wp\/v2\/posts"}],"about":[{"href":"https:\/\/www.budokampsport.se\/api\/wp\/v2\/types\/post"}],"author":[{"embeddable":true,"href":"https:\/\/www.budokampsport.se\/api\/wp\/v2\/users\/7"}],"replies":[{"embeddable":true,"href":"https:\/\/www.budokampsport.se\/api\/wp\/v2\/comments?post=4964"}],"version-history":[{"count":0,"href":"https:\/\/www.budokampsport.se\/api\/wp\/v2\/posts\/4964\/revisions"}],"wp:attachment":[{"href":"https:\/\/www.budokampsport.se\/api\/wp\/v2\/media?parent=4964"}],"wp:term":[{"taxonomy":"category","embeddable":true,"href":"https:\/\/www.budokampsport.se\/api\/wp\/v2\/categories?post=4964"},{"taxonomy":"post_tag","embeddable":true,"href":"https:\/\/www.budokampsport.se\/api\/wp\/v2\/tags?post=4964"}],"curies":[{"name":"wp","href":"https:\/\/api.w.org\/{rel}","templated":true}]}}