{"id":49678,"date":"2017-09-13T12:44:59","date_gmt":"2017-09-13T10:44:59","guid":{"rendered":"http:\/\/www.budokampsport.se\/?p=49678"},"modified":"2017-09-14T12:06:12","modified_gmt":"2017-09-14T10:06:12","slug":"domingos-kiesse-kanner-sig-mentalt-stark-infor-vm","status":"publish","type":"post","link":"https:\/\/www.budokampsport.se\/2017\/09\/13\/domingos-kiesse-kanner-sig-mentalt-stark-infor-vm\/","title":{"rendered":"Domingos Kiesse k\u00e4nner sig mentalt stark inf\u00f6r VM"},"content":{"rendered":"<p><span style=\"font-size: 14pt;\">Landslaget i sanda h\u00e5ller p\u00e5 att f\u00f6rbereda sig inf\u00f6r kommande v\u00e4rldsm\u00e4sterskap i Ryssland i slutet p\u00e5 september. M\u00e5nga debutanter finns med i truppen med en av de mer erfarna \u00e4r 31-\u00e5riga\u00a0Domingos Kiesse fr\u00e5n\u00a0Combat Academy IF T\u00e4by.\u00a0\u00a0<\/span><\/p>\n<p>Trots ett redan tufft tr\u00e4ningsschema \u00e4r framtidens fokus tydligt och han k\u00e4nner sig st\u00e4rkt av f\u00f6rra \u00e5rets EM-guld i Moskva. Han har ett stort sj\u00e4lvf\u00f6rtroende och ett m\u00e5linriktat driv.<\/p>\n<p>&#8211;<em> Tycker att det \u00e4r kul att vara med i landslaget, jag tror p\u00e5 mig sj\u00e4lv och tr\u00e4nad f\u00f6r att aldrig ger upp. Sen EM-guldet har jag blivit mental b\u00e4ttre och jag har jobbat mycket med mitt st\u00e5ende eftersom det \u00e4r min starkaste styrka. Ge aldrig upp och keep moving forward,<\/em>\u00a0s\u00e4ger Domingos f\u00f6r budokampsport.se<\/p>\n<p>&#8211;<em> Utanf\u00f6r match \u00e4r jag din v\u00e4n och din kock men mitt fokus \u00e4r alltid muay thai och MMA<\/em>, avslutar Dominigos intervjun.<\/p>\n<p>Text: Annie Bondefelt<br \/>\nFoto: Privat<\/p>\n","protected":false},"excerpt":{"rendered":"<p>Landslaget i sanda h\u00e5ller p\u00e5 att f\u00f6rbereda sig inf\u00f6r kommande [&#8230;]<\/p><br>","protected":false},"author":120,"featured_media":49681,"comment_status":"open","ping_status":"open","sticky":false,"template":"","format":"standard","meta":{"_acf_changed":false,"footnotes":""},"categories":[1],"tags":[],"class_list":["post-49678","post","type-post","status-publish","format-standard","has-post-thumbnail","hentry","category-okategoriserade"],"acf":[],"yoast_head":"<!-- This site is optimized with the Yoast SEO plugin v26.8 - https:\/\/yoast.com\/product\/yoast-seo-wordpress\/ -->\n<title>Domingos Kiesse k\u00e4nner sig mentalt stark inf\u00f6r VM - Svenska Budo &amp; Kampsportsf\u00f6rbundet<\/title>\n<meta name=\"description\" content=\"Landslaget i sanda h\u00e5ller p\u00e5 att f\u00f6rbereda sig inf\u00f6r kommande v\u00e4rldsm\u00e4sterskap i Ryssland i slutet p\u00e5 september. M\u00e5nga debutanter finns med i truppen med\" \/>\n<meta name=\"robots\" content=\"index, follow, max-snippet:-1, max-image-preview:large, max-video-preview:-1\" \/>\n<link rel=\"canonical\" href=\"https:\/\/www.budokampsport.se\/2017\/09\/13\/domingos-kiesse-kanner-sig-mentalt-stark-infor-vm\/\" \/>\n<meta property=\"og:locale\" content=\"sv_SE\" \/>\n<meta property=\"og:type\" content=\"article\" \/>\n<meta property=\"og:title\" content=\"Domingos Kiesse k\u00e4nner sig mentalt stark inf\u00f6r VM - Svenska Budo &amp; Kampsportsf\u00f6rbundet\" \/>\n<meta property=\"og:description\" content=\"Landslaget i sanda h\u00e5ller p\u00e5 att f\u00f6rbereda sig inf\u00f6r kommande v\u00e4rldsm\u00e4sterskap i Ryssland i slutet p\u00e5 september. M\u00e5nga debutanter finns med i truppen med\" \/>\n<meta property=\"og:url\" content=\"https:\/\/www.budokampsport.se\/2017\/09\/13\/domingos-kiesse-kanner-sig-mentalt-stark-infor-vm\/\" \/>\n<meta property=\"og:site_name\" content=\"Svenska Budo &amp; Kampsportsf\u00f6rbundet\" \/>\n<meta property=\"article:published_time\" content=\"2017-09-13T10:44:59+00:00\" \/>\n<meta property=\"article:modified_time\" content=\"2017-09-14T10:06:12+00:00\" \/>\n<meta property=\"og:image\" content=\"https:\/\/www.budokampsport.se\/wp-content\/uploads\/2017\/09\/Domingos-e1624881981795.jpg\" \/>\n\t<meta property=\"og:image:width\" content=\"850\" \/>\n\t<meta property=\"og:image:height\" content=\"568\" \/>\n\t<meta property=\"og:image:type\" content=\"image\/jpeg\" \/>\n<meta name=\"author\" content=\"Annie Carriage\" \/>\n<meta name=\"twitter:card\" content=\"summary_large_image\" \/>\n<meta name=\"twitter:label1\" content=\"Skriven av\" \/>\n\t<meta name=\"twitter:data1\" content=\"Annie Carriage\" \/>\n\t<meta name=\"twitter:label2\" content=\"Ber\u00e4knad l\u00e4stid\" \/>\n\t<meta name=\"twitter:data2\" content=\"1 minut\" \/>\n<script type=\"application\/ld+json\" class=\"yoast-schema-graph\">{\"@context\":\"https:\/\/schema.org\",\"@graph\":[{\"@type\":\"Article\",\"@id\":\"https:\/\/www.budokampsport.se\/2017\/09\/13\/domingos-kiesse-kanner-sig-mentalt-stark-infor-vm\/#article\",\"isPartOf\":{\"@id\":\"https:\/\/www.budokampsport.se\/2017\/09\/13\/domingos-kiesse-kanner-sig-mentalt-stark-infor-vm\/\"},\"author\":{\"name\":\"Annie Carriage\",\"@id\":\"https:\/\/www.budokampsport.se\/#\/schema\/person\/c838cace8171f692e363fde3f38f208b\"},\"headline\":\"Domingos Kiesse k\u00e4nner sig mentalt stark inf\u00f6r VM\",\"datePublished\":\"2017-09-13T10:44:59+00:00\",\"dateModified\":\"2017-09-14T10:06:12+00:00\",\"mainEntityOfPage\":{\"@id\":\"https:\/\/www.budokampsport.se\/2017\/09\/13\/domingos-kiesse-kanner-sig-mentalt-stark-infor-vm\/\"},\"wordCount\":185,\"commentCount\":0,\"image\":{\"@id\":\"https:\/\/www.budokampsport.se\/2017\/09\/13\/domingos-kiesse-kanner-sig-mentalt-stark-infor-vm\/#primaryimage\"},\"thumbnailUrl\":\"https:\/\/www.budokampsport.se\/wp-content\/uploads\/2017\/09\/Domingos-e1624881981795.jpg\",\"inLanguage\":\"sv-SE\",\"potentialAction\":[{\"@type\":\"CommentAction\",\"name\":\"Comment\",\"target\":[\"https:\/\/www.budokampsport.se\/2017\/09\/13\/domingos-kiesse-kanner-sig-mentalt-stark-infor-vm\/#respond\"]}]},{\"@type\":\"WebPage\",\"@id\":\"https:\/\/www.budokampsport.se\/2017\/09\/13\/domingos-kiesse-kanner-sig-mentalt-stark-infor-vm\/\",\"url\":\"https:\/\/www.budokampsport.se\/2017\/09\/13\/domingos-kiesse-kanner-sig-mentalt-stark-infor-vm\/\",\"name\":\"Domingos Kiesse k\u00e4nner sig mentalt stark inf\u00f6r VM - Svenska Budo &amp; Kampsportsf\u00f6rbundet\",\"isPartOf\":{\"@id\":\"https:\/\/www.budokampsport.se\/#website\"},\"primaryImageOfPage\":{\"@id\":\"https:\/\/www.budokampsport.se\/2017\/09\/13\/domingos-kiesse-kanner-sig-mentalt-stark-infor-vm\/#primaryimage\"},\"image\":{\"@id\":\"https:\/\/www.budokampsport.se\/2017\/09\/13\/domingos-kiesse-kanner-sig-mentalt-stark-infor-vm\/#primaryimage\"},\"thumbnailUrl\":\"https:\/\/www.budokampsport.se\/wp-content\/uploads\/2017\/09\/Domingos-e1624881981795.jpg\",\"datePublished\":\"2017-09-13T10:44:59+00:00\",\"dateModified\":\"2017-09-14T10:06:12+00:00\",\"author\":{\"@id\":\"https:\/\/www.budokampsport.se\/#\/schema\/person\/c838cace8171f692e363fde3f38f208b\"},\"description\":\"Landslaget i sanda h\u00e5ller p\u00e5 att f\u00f6rbereda sig inf\u00f6r kommande v\u00e4rldsm\u00e4sterskap i Ryssland i slutet p\u00e5 september. M\u00e5nga debutanter finns med i truppen med\",\"breadcrumb\":{\"@id\":\"https:\/\/www.budokampsport.se\/2017\/09\/13\/domingos-kiesse-kanner-sig-mentalt-stark-infor-vm\/#breadcrumb\"},\"inLanguage\":\"sv-SE\",\"potentialAction\":[{\"@type\":\"ReadAction\",\"target\":[\"https:\/\/www.budokampsport.se\/2017\/09\/13\/domingos-kiesse-kanner-sig-mentalt-stark-infor-vm\/\"]}]},{\"@type\":\"ImageObject\",\"inLanguage\":\"sv-SE\",\"@id\":\"https:\/\/www.budokampsport.se\/2017\/09\/13\/domingos-kiesse-kanner-sig-mentalt-stark-infor-vm\/#primaryimage\",\"url\":\"https:\/\/www.budokampsport.se\/wp-content\/uploads\/2017\/09\/Domingos-e1624881981795.jpg\",\"contentUrl\":\"https:\/\/www.budokampsport.se\/wp-content\/uploads\/2017\/09\/Domingos-e1624881981795.jpg\",\"width\":850,\"height\":568},{\"@type\":\"BreadcrumbList\",\"@id\":\"https:\/\/www.budokampsport.se\/2017\/09\/13\/domingos-kiesse-kanner-sig-mentalt-stark-infor-vm\/#breadcrumb\",\"itemListElement\":[{\"@type\":\"ListItem\",\"position\":1,\"name\":\"Hem\",\"item\":\"https:\/\/www.budokampsport.se\/\"},{\"@type\":\"ListItem\",\"position\":2,\"name\":\"Domingos Kiesse k\u00e4nner sig mentalt stark inf\u00f6r VM\"}]},{\"@type\":\"WebSite\",\"@id\":\"https:\/\/www.budokampsport.se\/#website\",\"url\":\"https:\/\/www.budokampsport.se\/\",\"name\":\"Svenska Budo &amp; Kampsportsf\u00f6rbundet\",\"description\":\"T\u00e4vling, Tr\u00e4ning, Tradition\",\"potentialAction\":[{\"@type\":\"SearchAction\",\"target\":{\"@type\":\"EntryPoint\",\"urlTemplate\":\"https:\/\/www.budokampsport.se\/?s={search_term_string}\"},\"query-input\":{\"@type\":\"PropertyValueSpecification\",\"valueRequired\":true,\"valueName\":\"search_term_string\"}}],\"inLanguage\":\"sv-SE\"},{\"@type\":\"Person\",\"@id\":\"https:\/\/www.budokampsport.se\/#\/schema\/person\/c838cace8171f692e363fde3f38f208b\",\"name\":\"Annie Carriage\",\"image\":{\"@type\":\"ImageObject\",\"inLanguage\":\"sv-SE\",\"@id\":\"https:\/\/www.budokampsport.se\/#\/schema\/person\/image\/\",\"url\":\"https:\/\/secure.gravatar.com\/avatar\/9311295560bdfbdf78365a26f7df1876?s=96&d=blank&r=g\",\"contentUrl\":\"https:\/\/secure.gravatar.com\/avatar\/9311295560bdfbdf78365a26f7df1876?s=96&d=blank&r=g\",\"caption\":\"Annie Carriage\"},\"url\":\"https:\/\/www.budokampsport.se\/author\/annie-bondefelt\/\"}]}<\/script>\n<!-- \/ Yoast SEO plugin. -->","yoast_head_json":{"title":"Domingos Kiesse k\u00e4nner sig mentalt stark inf\u00f6r VM - Svenska Budo &amp; Kampsportsf\u00f6rbundet","description":"Landslaget i sanda h\u00e5ller p\u00e5 att f\u00f6rbereda sig inf\u00f6r kommande v\u00e4rldsm\u00e4sterskap i Ryssland i slutet p\u00e5 september. M\u00e5nga debutanter finns med i truppen med","robots":{"index":"index","follow":"follow","max-snippet":"max-snippet:-1","max-image-preview":"max-image-preview:large","max-video-preview":"max-video-preview:-1"},"canonical":"https:\/\/www.budokampsport.se\/2017\/09\/13\/domingos-kiesse-kanner-sig-mentalt-stark-infor-vm\/","og_locale":"sv_SE","og_type":"article","og_title":"Domingos Kiesse k\u00e4nner sig mentalt stark inf\u00f6r VM - Svenska Budo &amp; Kampsportsf\u00f6rbundet","og_description":"Landslaget i sanda h\u00e5ller p\u00e5 att f\u00f6rbereda sig inf\u00f6r kommande v\u00e4rldsm\u00e4sterskap i Ryssland i slutet p\u00e5 september. M\u00e5nga debutanter finns med i truppen med","og_url":"https:\/\/www.budokampsport.se\/2017\/09\/13\/domingos-kiesse-kanner-sig-mentalt-stark-infor-vm\/","og_site_name":"Svenska Budo &amp; Kampsportsf\u00f6rbundet","article_published_time":"2017-09-13T10:44:59+00:00","article_modified_time":"2017-09-14T10:06:12+00:00","og_image":[{"width":850,"height":568,"url":"https:\/\/www.budokampsport.se\/wp-content\/uploads\/2017\/09\/Domingos-e1624881981795.jpg","type":"image\/jpeg"}],"author":"Annie Carriage","twitter_card":"summary_large_image","twitter_misc":{"Skriven av":"Annie Carriage","Ber\u00e4knad l\u00e4stid":"1 minut"},"schema":{"@context":"https:\/\/schema.org","@graph":[{"@type":"Article","@id":"https:\/\/www.budokampsport.se\/2017\/09\/13\/domingos-kiesse-kanner-sig-mentalt-stark-infor-vm\/#article","isPartOf":{"@id":"https:\/\/www.budokampsport.se\/2017\/09\/13\/domingos-kiesse-kanner-sig-mentalt-stark-infor-vm\/"},"author":{"name":"Annie Carriage","@id":"https:\/\/www.budokampsport.se\/#\/schema\/person\/c838cace8171f692e363fde3f38f208b"},"headline":"Domingos Kiesse k\u00e4nner sig mentalt stark inf\u00f6r VM","datePublished":"2017-09-13T10:44:59+00:00","dateModified":"2017-09-14T10:06:12+00:00","mainEntityOfPage":{"@id":"https:\/\/www.budokampsport.se\/2017\/09\/13\/domingos-kiesse-kanner-sig-mentalt-stark-infor-vm\/"},"wordCount":185,"commentCount":0,"image":{"@id":"https:\/\/www.budokampsport.se\/2017\/09\/13\/domingos-kiesse-kanner-sig-mentalt-stark-infor-vm\/#primaryimage"},"thumbnailUrl":"https:\/\/www.budokampsport.se\/wp-content\/uploads\/2017\/09\/Domingos-e1624881981795.jpg","inLanguage":"sv-SE","potentialAction":[{"@type":"CommentAction","name":"Comment","target":["https:\/\/www.budokampsport.se\/2017\/09\/13\/domingos-kiesse-kanner-sig-mentalt-stark-infor-vm\/#respond"]}]},{"@type":"WebPage","@id":"https:\/\/www.budokampsport.se\/2017\/09\/13\/domingos-kiesse-kanner-sig-mentalt-stark-infor-vm\/","url":"https:\/\/www.budokampsport.se\/2017\/09\/13\/domingos-kiesse-kanner-sig-mentalt-stark-infor-vm\/","name":"Domingos Kiesse k\u00e4nner sig mentalt stark inf\u00f6r VM - Svenska Budo &amp; Kampsportsf\u00f6rbundet","isPartOf":{"@id":"https:\/\/www.budokampsport.se\/#website"},"primaryImageOfPage":{"@id":"https:\/\/www.budokampsport.se\/2017\/09\/13\/domingos-kiesse-kanner-sig-mentalt-stark-infor-vm\/#primaryimage"},"image":{"@id":"https:\/\/www.budokampsport.se\/2017\/09\/13\/domingos-kiesse-kanner-sig-mentalt-stark-infor-vm\/#primaryimage"},"thumbnailUrl":"https:\/\/www.budokampsport.se\/wp-content\/uploads\/2017\/09\/Domingos-e1624881981795.jpg","datePublished":"2017-09-13T10:44:59+00:00","dateModified":"2017-09-14T10:06:12+00:00","author":{"@id":"https:\/\/www.budokampsport.se\/#\/schema\/person\/c838cace8171f692e363fde3f38f208b"},"description":"Landslaget i sanda h\u00e5ller p\u00e5 att f\u00f6rbereda sig inf\u00f6r kommande v\u00e4rldsm\u00e4sterskap i Ryssland i slutet p\u00e5 september. M\u00e5nga debutanter finns med i truppen med","breadcrumb":{"@id":"https:\/\/www.budokampsport.se\/2017\/09\/13\/domingos-kiesse-kanner-sig-mentalt-stark-infor-vm\/#breadcrumb"},"inLanguage":"sv-SE","potentialAction":[{"@type":"ReadAction","target":["https:\/\/www.budokampsport.se\/2017\/09\/13\/domingos-kiesse-kanner-sig-mentalt-stark-infor-vm\/"]}]},{"@type":"ImageObject","inLanguage":"sv-SE","@id":"https:\/\/www.budokampsport.se\/2017\/09\/13\/domingos-kiesse-kanner-sig-mentalt-stark-infor-vm\/#primaryimage","url":"https:\/\/www.budokampsport.se\/wp-content\/uploads\/2017\/09\/Domingos-e1624881981795.jpg","contentUrl":"https:\/\/www.budokampsport.se\/wp-content\/uploads\/2017\/09\/Domingos-e1624881981795.jpg","width":850,"height":568},{"@type":"BreadcrumbList","@id":"https:\/\/www.budokampsport.se\/2017\/09\/13\/domingos-kiesse-kanner-sig-mentalt-stark-infor-vm\/#breadcrumb","itemListElement":[{"@type":"ListItem","position":1,"name":"Hem","item":"https:\/\/www.budokampsport.se\/"},{"@type":"ListItem","position":2,"name":"Domingos Kiesse k\u00e4nner sig mentalt stark inf\u00f6r VM"}]},{"@type":"WebSite","@id":"https:\/\/www.budokampsport.se\/#website","url":"https:\/\/www.budokampsport.se\/","name":"Svenska Budo &amp; Kampsportsf\u00f6rbundet","description":"T\u00e4vling, Tr\u00e4ning, Tradition","potentialAction":[{"@type":"SearchAction","target":{"@type":"EntryPoint","urlTemplate":"https:\/\/www.budokampsport.se\/?s={search_term_string}"},"query-input":{"@type":"PropertyValueSpecification","valueRequired":true,"valueName":"search_term_string"}}],"inLanguage":"sv-SE"},{"@type":"Person","@id":"https:\/\/www.budokampsport.se\/#\/schema\/person\/c838cace8171f692e363fde3f38f208b","name":"Annie Carriage","image":{"@type":"ImageObject","inLanguage":"sv-SE","@id":"https:\/\/www.budokampsport.se\/#\/schema\/person\/image\/","url":"https:\/\/secure.gravatar.com\/avatar\/9311295560bdfbdf78365a26f7df1876?s=96&d=blank&r=g","contentUrl":"https:\/\/secure.gravatar.com\/avatar\/9311295560bdfbdf78365a26f7df1876?s=96&d=blank&r=g","caption":"Annie Carriage"},"url":"https:\/\/www.budokampsport.se\/author\/annie-bondefelt\/"}]}},"_links":{"self":[{"href":"https:\/\/www.budokampsport.se\/api\/wp\/v2\/posts\/49678","targetHints":{"allow":["GET"]}}],"collection":[{"href":"https:\/\/www.budokampsport.se\/api\/wp\/v2\/posts"}],"about":[{"href":"https:\/\/www.budokampsport.se\/api\/wp\/v2\/types\/post"}],"author":[{"embeddable":true,"href":"https:\/\/www.budokampsport.se\/api\/wp\/v2\/users\/120"}],"replies":[{"embeddable":true,"href":"https:\/\/www.budokampsport.se\/api\/wp\/v2\/comments?post=49678"}],"version-history":[{"count":0,"href":"https:\/\/www.budokampsport.se\/api\/wp\/v2\/posts\/49678\/revisions"}],"wp:featuredmedia":[{"embeddable":true,"href":"https:\/\/www.budokampsport.se\/api\/wp\/v2\/media\/49681"}],"wp:attachment":[{"href":"https:\/\/www.budokampsport.se\/api\/wp\/v2\/media?parent=49678"}],"wp:term":[{"taxonomy":"category","embeddable":true,"href":"https:\/\/www.budokampsport.se\/api\/wp\/v2\/categories?post=49678"},{"taxonomy":"post_tag","embeddable":true,"href":"https:\/\/www.budokampsport.se\/api\/wp\/v2\/tags?post=49678"}],"curies":[{"name":"wp","href":"https:\/\/api.w.org\/{rel}","templated":true}]}}