{"id":4974,"date":"2014-04-29T13:37:05","date_gmt":"2014-04-29T11:37:05","guid":{"rendered":"http:\/\/budo.wordpress.dev\/2014\/04\/29\/inget-vm-for-utmattad-madeleine-vall\/"},"modified":"2016-12-06T22:37:09","modified_gmt":"2016-12-06T21:37:09","slug":"inget-vm-for-utmattad-madeleine-vall","status":"publish","type":"post","link":"https:\/\/www.budokampsport.se\/2014\/04\/29\/inget-vm-for-utmattad-madeleine-vall\/","title":{"rendered":"Inget VM f\u00f6r utmattad Madeleine Vall"},"content":{"rendered":"<p><strong><img decoding=\"async\" alt=\"\" src=\"\/sites\/default\/files\/maddev_0.jpg\" style=\"height:360px; width:435px\"><br \/>Thaiboxaren Madeleine Vall, ett av Sveriges st\u00f6rsta medaljhopp, skulle ha befunnit sig p\u00e5 ett plan till VM nu. Men efter att ha kollapsat totalt utmattad under helgens tr\u00e4ningsl\u00e4ger p\u00e5 Bos\u00f6n v\u00e4ljer hon att inte f\u00f6lja med till VM.<br \/>\u00a0\u00a0 \u201dDetta \u00e4r inte resultatet av ETT landslagsl\u00e4ger, EN tuff VM-uppladdning eller EN f\u00f6r h\u00e5rd matchbantning. Utan \u00c5R av det. Utan stopp. Utan vila, utan chans f\u00f6r skador att l\u00e4ka, utan chans f\u00f6r n\u00e5gon som helst \u00e5terh\u00e4mtning och utan chans f\u00f6r psyket att pausa fr\u00e5n att leva under prestationshetsen och pressen.\u201d, skriver hon i sin blogg.<\/strong><!--break--><\/p>\n<p><a href=\"http:\/\/madeleinevall.com\/blogg-3\/\">L\u00e4s hela hennes blogginl\u00e4gg h\u00e4r<\/a>.<br \/>Foto: Eva Hedman<\/p>\n","protected":false},"excerpt":{"rendered":"<p><strong><img decoding=\"async\" alt=\"\" src=\"\/sites\/default\/files\/maddev_0.jpg\" style=\"height:360px; width:435px\"><br \/>Thaiboxaren Madeleine Vall, ett av Sveriges st\u00f6rsta medaljhopp, skulle ha befunnit sig p\u00e5 ett plan till VM nu. Men efter att ha kollapsat totalt utmattad under helgens tr\u00e4ningsl\u00e4ger p\u00e5 Bos\u00f6n v\u00e4ljer hon att inte f\u00f6lja med till VM.<br \/>\u00a0\u00a0 \u201dDetta \u00e4r inte resultatet av ETT landslagsl\u00e4ger, EN tuff VM-uppladdning eller EN f\u00f6r h\u00e5rd matchbantning. Utan \u00c5R av det. Utan stopp. Utan vila, utan chans f\u00f6r skador att l\u00e4ka, utan chans f\u00f6r n\u00e5gon som helst \u00e5terh\u00e4mtning och utan chans f\u00f6r psyket att pausa fr\u00e5n att leva under prestationshetsen och pressen.\u201d, skriver hon i sin blogg.<\/strong><\/p><br>","protected":false},"author":7,"featured_media":0,"comment_status":"closed","ping_status":"closed","sticky":false,"template":"","format":"standard","meta":{"_acf_changed":false,"footnotes":""},"categories":[1],"tags":[],"class_list":["post-4974","post","type-post","status-publish","format-standard","hentry","category-okategoriserade"],"acf":[],"yoast_head":"<!-- This site is optimized with the Yoast SEO plugin v26.8 - https:\/\/yoast.com\/product\/yoast-seo-wordpress\/ -->\n<title>Inget VM f\u00f6r utmattad Madeleine Vall - Svenska Budo &amp; Kampsportsf\u00f6rbundet<\/title>\n<meta name=\"description\" content=\"Thaiboxaren Madeleine Vall, ett av Sveriges st\u00f6rsta medaljhopp, skulle ha befunnit sig p\u00e5 ett plan till VM nu. Men efter att ha kollapsat totalt utmattad under helgens tr\u00e4ningsl\u00e4ger p\u00e5 Bos\u00f6n v\u00e4ljer hon att inte f\u00f6lja med till VM.\u00a0\u00a0 \u201dDetta \u00e4r inte resultatet av ETT landslagsl\u00e4ger, EN tuff VM-uppladdning eller EN f\u00f6r h\u00e5rd matchbantning. Utan \u00c5R av det. Utan stopp. Utan vila, utan chans f\u00f6r skador att l\u00e4ka, utan chans f\u00f6r n\u00e5gon som helst \u00e5terh\u00e4mtning och utan chans f\u00f6r psyket att pausa fr\u00e5n att leva under prestationshetsen och pressen.\u201d, skriver hon i sin blogg.\" \/>\n<meta name=\"robots\" content=\"index, follow, max-snippet:-1, max-image-preview:large, max-video-preview:-1\" \/>\n<link rel=\"canonical\" href=\"https:\/\/www.budokampsport.se\/2014\/04\/29\/inget-vm-for-utmattad-madeleine-vall\/\" \/>\n<meta property=\"og:locale\" content=\"sv_SE\" \/>\n<meta property=\"og:type\" content=\"article\" \/>\n<meta property=\"og:title\" content=\"Inget VM f\u00f6r utmattad Madeleine Vall - Svenska Budo &amp; Kampsportsf\u00f6rbundet\" \/>\n<meta property=\"og:description\" content=\"Thaiboxaren Madeleine Vall, ett av Sveriges st\u00f6rsta medaljhopp, skulle ha befunnit sig p\u00e5 ett plan till VM nu. Men efter att ha kollapsat totalt utmattad under helgens tr\u00e4ningsl\u00e4ger p\u00e5 Bos\u00f6n v\u00e4ljer hon att inte f\u00f6lja med till VM.\u00a0\u00a0 \u201dDetta \u00e4r inte resultatet av ETT landslagsl\u00e4ger, EN tuff VM-uppladdning eller EN f\u00f6r h\u00e5rd matchbantning. Utan \u00c5R av det. Utan stopp. Utan vila, utan chans f\u00f6r skador att l\u00e4ka, utan chans f\u00f6r n\u00e5gon som helst \u00e5terh\u00e4mtning och utan chans f\u00f6r psyket att pausa fr\u00e5n att leva under prestationshetsen och pressen.\u201d, skriver hon i sin blogg.\" \/>\n<meta property=\"og:url\" content=\"https:\/\/www.budokampsport.se\/2014\/04\/29\/inget-vm-for-utmattad-madeleine-vall\/\" \/>\n<meta property=\"og:site_name\" content=\"Svenska Budo &amp; Kampsportsf\u00f6rbundet\" \/>\n<meta property=\"article:author\" content=\"https:\/\/www.facebook.com\/jonathan.broberg.7\" \/>\n<meta property=\"article:published_time\" content=\"2014-04-29T11:37:05+00:00\" \/>\n<meta property=\"article:modified_time\" content=\"2016-12-06T21:37:09+00:00\" \/>\n<meta name=\"author\" content=\"Jonathan Broberg\" \/>\n<meta name=\"twitter:card\" content=\"summary_large_image\" \/>\n<meta name=\"twitter:label1\" content=\"Skriven av\" \/>\n\t<meta name=\"twitter:data1\" content=\"Jonathan Broberg\" \/>\n\t<meta name=\"twitter:label2\" content=\"Ber\u00e4knad l\u00e4stid\" \/>\n\t<meta name=\"twitter:data2\" content=\"1 minut\" \/>\n<script type=\"application\/ld+json\" class=\"yoast-schema-graph\">{\"@context\":\"https:\/\/schema.org\",\"@graph\":[{\"@type\":\"Article\",\"@id\":\"https:\/\/www.budokampsport.se\/2014\/04\/29\/inget-vm-for-utmattad-madeleine-vall\/#article\",\"isPartOf\":{\"@id\":\"https:\/\/www.budokampsport.se\/2014\/04\/29\/inget-vm-for-utmattad-madeleine-vall\/\"},\"author\":{\"name\":\"Jonathan Broberg\",\"@id\":\"https:\/\/www.budokampsport.se\/#\/schema\/person\/5c06d81d14850e2a8ce5493386560145\"},\"headline\":\"Inget VM f\u00f6r utmattad Madeleine Vall\",\"datePublished\":\"2014-04-29T11:37:05+00:00\",\"dateModified\":\"2016-12-06T21:37:09+00:00\",\"mainEntityOfPage\":{\"@id\":\"https:\/\/www.budokampsport.se\/2014\/04\/29\/inget-vm-for-utmattad-madeleine-vall\/\"},\"wordCount\":127,\"inLanguage\":\"sv-SE\"},{\"@type\":\"WebPage\",\"@id\":\"https:\/\/www.budokampsport.se\/2014\/04\/29\/inget-vm-for-utmattad-madeleine-vall\/\",\"url\":\"https:\/\/www.budokampsport.se\/2014\/04\/29\/inget-vm-for-utmattad-madeleine-vall\/\",\"name\":\"Inget VM f\u00f6r utmattad Madeleine Vall - Svenska Budo &amp; Kampsportsf\u00f6rbundet\",\"isPartOf\":{\"@id\":\"https:\/\/www.budokampsport.se\/#website\"},\"datePublished\":\"2014-04-29T11:37:05+00:00\",\"dateModified\":\"2016-12-06T21:37:09+00:00\",\"author\":{\"@id\":\"https:\/\/www.budokampsport.se\/#\/schema\/person\/5c06d81d14850e2a8ce5493386560145\"},\"description\":\"Thaiboxaren Madeleine Vall, ett av Sveriges st\u00f6rsta medaljhopp, skulle ha befunnit sig p\u00e5 ett plan till VM nu. Men efter att ha kollapsat totalt utmattad under helgens tr\u00e4ningsl\u00e4ger p\u00e5 Bos\u00f6n v\u00e4ljer hon att inte f\u00f6lja med till VM.\u00a0\u00a0 \u201dDetta \u00e4r inte resultatet av ETT landslagsl\u00e4ger, EN tuff VM-uppladdning eller EN f\u00f6r h\u00e5rd matchbantning. Utan \u00c5R av det. Utan stopp. Utan vila, utan chans f\u00f6r skador att l\u00e4ka, utan chans f\u00f6r n\u00e5gon som helst \u00e5terh\u00e4mtning och utan chans f\u00f6r psyket att pausa fr\u00e5n att leva under prestationshetsen och pressen.\u201d, skriver hon i sin blogg.\",\"breadcrumb\":{\"@id\":\"https:\/\/www.budokampsport.se\/2014\/04\/29\/inget-vm-for-utmattad-madeleine-vall\/#breadcrumb\"},\"inLanguage\":\"sv-SE\",\"potentialAction\":[{\"@type\":\"ReadAction\",\"target\":[\"https:\/\/www.budokampsport.se\/2014\/04\/29\/inget-vm-for-utmattad-madeleine-vall\/\"]}]},{\"@type\":\"BreadcrumbList\",\"@id\":\"https:\/\/www.budokampsport.se\/2014\/04\/29\/inget-vm-for-utmattad-madeleine-vall\/#breadcrumb\",\"itemListElement\":[{\"@type\":\"ListItem\",\"position\":1,\"name\":\"Hem\",\"item\":\"https:\/\/www.budokampsport.se\/\"},{\"@type\":\"ListItem\",\"position\":2,\"name\":\"Inget VM f\u00f6r utmattad Madeleine Vall\"}]},{\"@type\":\"WebSite\",\"@id\":\"https:\/\/www.budokampsport.se\/#website\",\"url\":\"https:\/\/www.budokampsport.se\/\",\"name\":\"Svenska Budo &amp; Kampsportsf\u00f6rbundet\",\"description\":\"T\u00e4vling, Tr\u00e4ning, Tradition\",\"potentialAction\":[{\"@type\":\"SearchAction\",\"target\":{\"@type\":\"EntryPoint\",\"urlTemplate\":\"https:\/\/www.budokampsport.se\/?s={search_term_string}\"},\"query-input\":{\"@type\":\"PropertyValueSpecification\",\"valueRequired\":true,\"valueName\":\"search_term_string\"}}],\"inLanguage\":\"sv-SE\"},{\"@type\":\"Person\",\"@id\":\"https:\/\/www.budokampsport.se\/#\/schema\/person\/5c06d81d14850e2a8ce5493386560145\",\"name\":\"Jonathan Broberg\",\"image\":{\"@type\":\"ImageObject\",\"inLanguage\":\"sv-SE\",\"@id\":\"https:\/\/www.budokampsport.se\/#\/schema\/person\/image\/\",\"url\":\"https:\/\/secure.gravatar.com\/avatar\/a58041c6cea9128bd9c40ee2f26d4136?s=96&d=blank&r=g\",\"contentUrl\":\"https:\/\/secure.gravatar.com\/avatar\/a58041c6cea9128bd9c40ee2f26d4136?s=96&d=blank&r=g\",\"caption\":\"Jonathan Broberg\"},\"sameAs\":[\"https:\/\/www.facebook.com\/jonathan.broberg.7\"],\"url\":\"https:\/\/www.budokampsport.se\/author\/jonathan\/\"}]}<\/script>\n<!-- \/ Yoast SEO plugin. -->","yoast_head_json":{"title":"Inget VM f\u00f6r utmattad Madeleine Vall - Svenska Budo &amp; Kampsportsf\u00f6rbundet","description":"Thaiboxaren Madeleine Vall, ett av Sveriges st\u00f6rsta medaljhopp, skulle ha befunnit sig p\u00e5 ett plan till VM nu. Men efter att ha kollapsat totalt utmattad under helgens tr\u00e4ningsl\u00e4ger p\u00e5 Bos\u00f6n v\u00e4ljer hon att inte f\u00f6lja med till VM.\u00a0\u00a0 \u201dDetta \u00e4r inte resultatet av ETT landslagsl\u00e4ger, EN tuff VM-uppladdning eller EN f\u00f6r h\u00e5rd matchbantning. Utan \u00c5R av det. Utan stopp. Utan vila, utan chans f\u00f6r skador att l\u00e4ka, utan chans f\u00f6r n\u00e5gon som helst \u00e5terh\u00e4mtning och utan chans f\u00f6r psyket att pausa fr\u00e5n att leva under prestationshetsen och pressen.\u201d, skriver hon i sin blogg.","robots":{"index":"index","follow":"follow","max-snippet":"max-snippet:-1","max-image-preview":"max-image-preview:large","max-video-preview":"max-video-preview:-1"},"canonical":"https:\/\/www.budokampsport.se\/2014\/04\/29\/inget-vm-for-utmattad-madeleine-vall\/","og_locale":"sv_SE","og_type":"article","og_title":"Inget VM f\u00f6r utmattad Madeleine Vall - Svenska Budo &amp; Kampsportsf\u00f6rbundet","og_description":"Thaiboxaren Madeleine Vall, ett av Sveriges st\u00f6rsta medaljhopp, skulle ha befunnit sig p\u00e5 ett plan till VM nu. Men efter att ha kollapsat totalt utmattad under helgens tr\u00e4ningsl\u00e4ger p\u00e5 Bos\u00f6n v\u00e4ljer hon att inte f\u00f6lja med till VM.\u00a0\u00a0 \u201dDetta \u00e4r inte resultatet av ETT landslagsl\u00e4ger, EN tuff VM-uppladdning eller EN f\u00f6r h\u00e5rd matchbantning. Utan \u00c5R av det. Utan stopp. Utan vila, utan chans f\u00f6r skador att l\u00e4ka, utan chans f\u00f6r n\u00e5gon som helst \u00e5terh\u00e4mtning och utan chans f\u00f6r psyket att pausa fr\u00e5n att leva under prestationshetsen och pressen.\u201d, skriver hon i sin blogg.","og_url":"https:\/\/www.budokampsport.se\/2014\/04\/29\/inget-vm-for-utmattad-madeleine-vall\/","og_site_name":"Svenska Budo &amp; Kampsportsf\u00f6rbundet","article_author":"https:\/\/www.facebook.com\/jonathan.broberg.7","article_published_time":"2014-04-29T11:37:05+00:00","article_modified_time":"2016-12-06T21:37:09+00:00","author":"Jonathan Broberg","twitter_card":"summary_large_image","twitter_misc":{"Skriven av":"Jonathan Broberg","Ber\u00e4knad l\u00e4stid":"1 minut"},"schema":{"@context":"https:\/\/schema.org","@graph":[{"@type":"Article","@id":"https:\/\/www.budokampsport.se\/2014\/04\/29\/inget-vm-for-utmattad-madeleine-vall\/#article","isPartOf":{"@id":"https:\/\/www.budokampsport.se\/2014\/04\/29\/inget-vm-for-utmattad-madeleine-vall\/"},"author":{"name":"Jonathan Broberg","@id":"https:\/\/www.budokampsport.se\/#\/schema\/person\/5c06d81d14850e2a8ce5493386560145"},"headline":"Inget VM f\u00f6r utmattad Madeleine Vall","datePublished":"2014-04-29T11:37:05+00:00","dateModified":"2016-12-06T21:37:09+00:00","mainEntityOfPage":{"@id":"https:\/\/www.budokampsport.se\/2014\/04\/29\/inget-vm-for-utmattad-madeleine-vall\/"},"wordCount":127,"inLanguage":"sv-SE"},{"@type":"WebPage","@id":"https:\/\/www.budokampsport.se\/2014\/04\/29\/inget-vm-for-utmattad-madeleine-vall\/","url":"https:\/\/www.budokampsport.se\/2014\/04\/29\/inget-vm-for-utmattad-madeleine-vall\/","name":"Inget VM f\u00f6r utmattad Madeleine Vall - Svenska Budo &amp; Kampsportsf\u00f6rbundet","isPartOf":{"@id":"https:\/\/www.budokampsport.se\/#website"},"datePublished":"2014-04-29T11:37:05+00:00","dateModified":"2016-12-06T21:37:09+00:00","author":{"@id":"https:\/\/www.budokampsport.se\/#\/schema\/person\/5c06d81d14850e2a8ce5493386560145"},"description":"Thaiboxaren Madeleine Vall, ett av Sveriges st\u00f6rsta medaljhopp, skulle ha befunnit sig p\u00e5 ett plan till VM nu. Men efter att ha kollapsat totalt utmattad under helgens tr\u00e4ningsl\u00e4ger p\u00e5 Bos\u00f6n v\u00e4ljer hon att inte f\u00f6lja med till VM.\u00a0\u00a0 \u201dDetta \u00e4r inte resultatet av ETT landslagsl\u00e4ger, EN tuff VM-uppladdning eller EN f\u00f6r h\u00e5rd matchbantning. Utan \u00c5R av det. Utan stopp. Utan vila, utan chans f\u00f6r skador att l\u00e4ka, utan chans f\u00f6r n\u00e5gon som helst \u00e5terh\u00e4mtning och utan chans f\u00f6r psyket att pausa fr\u00e5n att leva under prestationshetsen och pressen.\u201d, skriver hon i sin blogg.","breadcrumb":{"@id":"https:\/\/www.budokampsport.se\/2014\/04\/29\/inget-vm-for-utmattad-madeleine-vall\/#breadcrumb"},"inLanguage":"sv-SE","potentialAction":[{"@type":"ReadAction","target":["https:\/\/www.budokampsport.se\/2014\/04\/29\/inget-vm-for-utmattad-madeleine-vall\/"]}]},{"@type":"BreadcrumbList","@id":"https:\/\/www.budokampsport.se\/2014\/04\/29\/inget-vm-for-utmattad-madeleine-vall\/#breadcrumb","itemListElement":[{"@type":"ListItem","position":1,"name":"Hem","item":"https:\/\/www.budokampsport.se\/"},{"@type":"ListItem","position":2,"name":"Inget VM f\u00f6r utmattad Madeleine Vall"}]},{"@type":"WebSite","@id":"https:\/\/www.budokampsport.se\/#website","url":"https:\/\/www.budokampsport.se\/","name":"Svenska Budo &amp; Kampsportsf\u00f6rbundet","description":"T\u00e4vling, Tr\u00e4ning, Tradition","potentialAction":[{"@type":"SearchAction","target":{"@type":"EntryPoint","urlTemplate":"https:\/\/www.budokampsport.se\/?s={search_term_string}"},"query-input":{"@type":"PropertyValueSpecification","valueRequired":true,"valueName":"search_term_string"}}],"inLanguage":"sv-SE"},{"@type":"Person","@id":"https:\/\/www.budokampsport.se\/#\/schema\/person\/5c06d81d14850e2a8ce5493386560145","name":"Jonathan Broberg","image":{"@type":"ImageObject","inLanguage":"sv-SE","@id":"https:\/\/www.budokampsport.se\/#\/schema\/person\/image\/","url":"https:\/\/secure.gravatar.com\/avatar\/a58041c6cea9128bd9c40ee2f26d4136?s=96&d=blank&r=g","contentUrl":"https:\/\/secure.gravatar.com\/avatar\/a58041c6cea9128bd9c40ee2f26d4136?s=96&d=blank&r=g","caption":"Jonathan Broberg"},"sameAs":["https:\/\/www.facebook.com\/jonathan.broberg.7"],"url":"https:\/\/www.budokampsport.se\/author\/jonathan\/"}]}},"_links":{"self":[{"href":"https:\/\/www.budokampsport.se\/api\/wp\/v2\/posts\/4974","targetHints":{"allow":["GET"]}}],"collection":[{"href":"https:\/\/www.budokampsport.se\/api\/wp\/v2\/posts"}],"about":[{"href":"https:\/\/www.budokampsport.se\/api\/wp\/v2\/types\/post"}],"author":[{"embeddable":true,"href":"https:\/\/www.budokampsport.se\/api\/wp\/v2\/users\/7"}],"replies":[{"embeddable":true,"href":"https:\/\/www.budokampsport.se\/api\/wp\/v2\/comments?post=4974"}],"version-history":[{"count":0,"href":"https:\/\/www.budokampsport.se\/api\/wp\/v2\/posts\/4974\/revisions"}],"wp:attachment":[{"href":"https:\/\/www.budokampsport.se\/api\/wp\/v2\/media?parent=4974"}],"wp:term":[{"taxonomy":"category","embeddable":true,"href":"https:\/\/www.budokampsport.se\/api\/wp\/v2\/categories?post=4974"},{"taxonomy":"post_tag","embeddable":true,"href":"https:\/\/www.budokampsport.se\/api\/wp\/v2\/tags?post=4974"}],"curies":[{"name":"wp","href":"https:\/\/api.w.org\/{rel}","templated":true}]}}