{"id":49789,"date":"2017-09-15T13:25:42","date_gmt":"2017-09-15T11:25:42","guid":{"rendered":"http:\/\/www.budokampsport.se\/?p=49789"},"modified":"2017-09-15T13:25:42","modified_gmt":"2017-09-15T11:25:42","slug":"gabriella-ringblom-klar-superior-challenge","status":"publish","type":"post","link":"https:\/\/www.budokampsport.se\/2017\/09\/15\/gabriella-ringblom-klar-superior-challenge\/","title":{"rendered":"Gabriella Ringblom klar f\u00f6r Superior Challenge"},"content":{"rendered":"<p>Malin Hermansson och Gabriella Ringblom g\u00f6r sina proffsdebuter i MMA.<\/p>\n<p>Hermansson vann SM i ifjol och har en gedigen boxningsbakgrund. Gabriella Ringblom har tillh\u00f6rt landslaget i MMA d\u00e4r hon har sk\u00f6rdat stora internationella framg\u00e5ngar.<br \/>\n&#8211; Jag har f\u00f6ljt Gabriella under m\u00e5nga \u00e5r och har l\u00e4nge velat se henne g\u00e5 \u00f6ver till proffs. Men jag \u00e4r verkligen imponerad \u00f6ver att hon har tagit tid p\u00e5 sig och inte haft br\u00e5ttom in i proffskarri\u00e4ren. Hon \u00e4r tuff och farlig b\u00e5de st\u00e5ende och p\u00e5 marken och v\u00e4ldigt jobbig f\u00f6r de flesta i sin viktklass.<br \/>\n&#8211; Malins bakgrund \u00e4r aktningsv\u00e4rd och hon har med sig r\u00f6relsem\u00f6nstret fr\u00e5n boxning i sitt st\u00e5ende game. Jag tycker att hon r\u00f6r sig otroligt bra st\u00e5ende och hon \u00e4r en tuff och teknisk fighter med stor potential, s\u00e4ger Ashti.<\/p>\n<p>Text: Jonathan Broberg<br \/>\nFoto: Superior Challenge<\/p>\n","protected":false},"excerpt":{"rendered":"<p>Den svenska flerfaldige amat\u00f6r-v\u00e4rldsm\u00e4starinnan i MMA Gabriella Ringblom \u00e4r klar f\u00f6r sin proffsdebut. Hon kommer att m\u00f6ta Malin Hermansson p\u00e5 Superior Challenge den 2:a december i Stockholm.<br \/><br>&#8211; Det h\u00e4r \u00e4r tv\u00e5 av Sveriges absolut b\u00e4sta kvinnliga fighters, s\u00e4ger Babak Ashti i ett pressmeddelande.<\/p><br>","protected":false},"author":7,"featured_media":49790,"comment_status":"open","ping_status":"open","sticky":false,"template":"","format":"standard","meta":{"_acf_changed":false,"footnotes":""},"categories":[1],"tags":[],"class_list":["post-49789","post","type-post","status-publish","format-standard","has-post-thumbnail","hentry","category-okategoriserade"],"acf":[],"yoast_head":"<!-- This site is optimized with the Yoast SEO plugin v26.8 - https:\/\/yoast.com\/product\/yoast-seo-wordpress\/ -->\n<title>Gabriella Ringblom klar f\u00f6r Superior Challenge - Svenska Budo &amp; Kampsportsf\u00f6rbundet<\/title>\n<meta name=\"description\" content=\"Den svenska flerfaldige amat\u00f6r-v\u00e4rldsm\u00e4starinnan i MMA Gabriella Ringblom \u00e4r klar f\u00f6r sin proffsdebut. Hon kommer att m\u00f6ta Malin Hermansson p\u00e5 Superior Challenge den 2:a december i Stockholm. - Det h\u00e4r \u00e4r tv\u00e5 av Sveriges absolut b\u00e4sta kvinnliga fighters, s\u00e4ger Babak Ashti i ett pressmeddelande.\" \/>\n<meta name=\"robots\" content=\"index, follow, max-snippet:-1, max-image-preview:large, max-video-preview:-1\" \/>\n<link rel=\"canonical\" href=\"https:\/\/www.budokampsport.se\/2017\/09\/15\/gabriella-ringblom-klar-superior-challenge\/\" \/>\n<meta property=\"og:locale\" content=\"sv_SE\" \/>\n<meta property=\"og:type\" content=\"article\" \/>\n<meta property=\"og:title\" content=\"Gabriella Ringblom klar f\u00f6r Superior Challenge - Svenska Budo &amp; Kampsportsf\u00f6rbundet\" \/>\n<meta property=\"og:description\" content=\"Den svenska flerfaldige amat\u00f6r-v\u00e4rldsm\u00e4starinnan i MMA Gabriella Ringblom \u00e4r klar f\u00f6r sin proffsdebut. Hon kommer att m\u00f6ta Malin Hermansson p\u00e5 Superior Challenge den 2:a december i Stockholm. - Det h\u00e4r \u00e4r tv\u00e5 av Sveriges absolut b\u00e4sta kvinnliga fighters, s\u00e4ger Babak Ashti i ett pressmeddelande.\" \/>\n<meta property=\"og:url\" content=\"https:\/\/www.budokampsport.se\/2017\/09\/15\/gabriella-ringblom-klar-superior-challenge\/\" \/>\n<meta property=\"og:site_name\" content=\"Svenska Budo &amp; Kampsportsf\u00f6rbundet\" \/>\n<meta property=\"article:author\" content=\"https:\/\/www.facebook.com\/jonathan.broberg.7\" \/>\n<meta property=\"article:published_time\" content=\"2017-09-15T11:25:42+00:00\" \/>\n<meta property=\"og:image\" content=\"https:\/\/www.budokampsport.se\/wp-content\/uploads\/2017\/09\/superior-e1624881991481.jpg\" \/>\n\t<meta property=\"og:image:width\" content=\"850\" \/>\n\t<meta property=\"og:image:height\" content=\"322\" \/>\n\t<meta property=\"og:image:type\" content=\"image\/jpeg\" \/>\n<meta name=\"author\" content=\"Jonathan Broberg\" \/>\n<meta name=\"twitter:card\" content=\"summary_large_image\" \/>\n<meta name=\"twitter:label1\" content=\"Skriven av\" \/>\n\t<meta name=\"twitter:data1\" content=\"Jonathan Broberg\" \/>\n\t<meta name=\"twitter:label2\" content=\"Ber\u00e4knad l\u00e4stid\" \/>\n\t<meta name=\"twitter:data2\" content=\"1 minut\" \/>\n<script type=\"application\/ld+json\" class=\"yoast-schema-graph\">{\"@context\":\"https:\/\/schema.org\",\"@graph\":[{\"@type\":\"Article\",\"@id\":\"https:\/\/www.budokampsport.se\/2017\/09\/15\/gabriella-ringblom-klar-superior-challenge\/#article\",\"isPartOf\":{\"@id\":\"https:\/\/www.budokampsport.se\/2017\/09\/15\/gabriella-ringblom-klar-superior-challenge\/\"},\"author\":{\"name\":\"Jonathan Broberg\",\"@id\":\"https:\/\/www.budokampsport.se\/#\/schema\/person\/5c06d81d14850e2a8ce5493386560145\"},\"headline\":\"Gabriella Ringblom klar f\u00f6r Superior Challenge\",\"datePublished\":\"2017-09-15T11:25:42+00:00\",\"mainEntityOfPage\":{\"@id\":\"https:\/\/www.budokampsport.se\/2017\/09\/15\/gabriella-ringblom-klar-superior-challenge\/\"},\"wordCount\":165,\"commentCount\":0,\"image\":{\"@id\":\"https:\/\/www.budokampsport.se\/2017\/09\/15\/gabriella-ringblom-klar-superior-challenge\/#primaryimage\"},\"thumbnailUrl\":\"https:\/\/www.budokampsport.se\/wp-content\/uploads\/2017\/09\/superior-e1624881991481.jpg\",\"inLanguage\":\"sv-SE\",\"potentialAction\":[{\"@type\":\"CommentAction\",\"name\":\"Comment\",\"target\":[\"https:\/\/www.budokampsport.se\/2017\/09\/15\/gabriella-ringblom-klar-superior-challenge\/#respond\"]}]},{\"@type\":\"WebPage\",\"@id\":\"https:\/\/www.budokampsport.se\/2017\/09\/15\/gabriella-ringblom-klar-superior-challenge\/\",\"url\":\"https:\/\/www.budokampsport.se\/2017\/09\/15\/gabriella-ringblom-klar-superior-challenge\/\",\"name\":\"Gabriella Ringblom klar f\u00f6r Superior Challenge - Svenska Budo &amp; Kampsportsf\u00f6rbundet\",\"isPartOf\":{\"@id\":\"https:\/\/www.budokampsport.se\/#website\"},\"primaryImageOfPage\":{\"@id\":\"https:\/\/www.budokampsport.se\/2017\/09\/15\/gabriella-ringblom-klar-superior-challenge\/#primaryimage\"},\"image\":{\"@id\":\"https:\/\/www.budokampsport.se\/2017\/09\/15\/gabriella-ringblom-klar-superior-challenge\/#primaryimage\"},\"thumbnailUrl\":\"https:\/\/www.budokampsport.se\/wp-content\/uploads\/2017\/09\/superior-e1624881991481.jpg\",\"datePublished\":\"2017-09-15T11:25:42+00:00\",\"author\":{\"@id\":\"https:\/\/www.budokampsport.se\/#\/schema\/person\/5c06d81d14850e2a8ce5493386560145\"},\"description\":\"Den svenska flerfaldige amat\u00f6r-v\u00e4rldsm\u00e4starinnan i MMA Gabriella Ringblom \u00e4r klar f\u00f6r sin proffsdebut. Hon kommer att m\u00f6ta Malin Hermansson p\u00e5 Superior Challenge den 2:a december i Stockholm. - Det h\u00e4r \u00e4r tv\u00e5 av Sveriges absolut b\u00e4sta kvinnliga fighters, s\u00e4ger Babak Ashti i ett pressmeddelande.\",\"breadcrumb\":{\"@id\":\"https:\/\/www.budokampsport.se\/2017\/09\/15\/gabriella-ringblom-klar-superior-challenge\/#breadcrumb\"},\"inLanguage\":\"sv-SE\",\"potentialAction\":[{\"@type\":\"ReadAction\",\"target\":[\"https:\/\/www.budokampsport.se\/2017\/09\/15\/gabriella-ringblom-klar-superior-challenge\/\"]}]},{\"@type\":\"ImageObject\",\"inLanguage\":\"sv-SE\",\"@id\":\"https:\/\/www.budokampsport.se\/2017\/09\/15\/gabriella-ringblom-klar-superior-challenge\/#primaryimage\",\"url\":\"https:\/\/www.budokampsport.se\/wp-content\/uploads\/2017\/09\/superior-e1624881991481.jpg\",\"contentUrl\":\"https:\/\/www.budokampsport.se\/wp-content\/uploads\/2017\/09\/superior-e1624881991481.jpg\",\"width\":850,\"height\":322,\"caption\":\"Foto: Superior Challenge\"},{\"@type\":\"BreadcrumbList\",\"@id\":\"https:\/\/www.budokampsport.se\/2017\/09\/15\/gabriella-ringblom-klar-superior-challenge\/#breadcrumb\",\"itemListElement\":[{\"@type\":\"ListItem\",\"position\":1,\"name\":\"Hem\",\"item\":\"https:\/\/www.budokampsport.se\/\"},{\"@type\":\"ListItem\",\"position\":2,\"name\":\"Gabriella Ringblom klar f\u00f6r Superior Challenge\"}]},{\"@type\":\"WebSite\",\"@id\":\"https:\/\/www.budokampsport.se\/#website\",\"url\":\"https:\/\/www.budokampsport.se\/\",\"name\":\"Svenska Budo &amp; Kampsportsf\u00f6rbundet\",\"description\":\"T\u00e4vling, Tr\u00e4ning, Tradition\",\"potentialAction\":[{\"@type\":\"SearchAction\",\"target\":{\"@type\":\"EntryPoint\",\"urlTemplate\":\"https:\/\/www.budokampsport.se\/?s={search_term_string}\"},\"query-input\":{\"@type\":\"PropertyValueSpecification\",\"valueRequired\":true,\"valueName\":\"search_term_string\"}}],\"inLanguage\":\"sv-SE\"},{\"@type\":\"Person\",\"@id\":\"https:\/\/www.budokampsport.se\/#\/schema\/person\/5c06d81d14850e2a8ce5493386560145\",\"name\":\"Jonathan Broberg\",\"image\":{\"@type\":\"ImageObject\",\"inLanguage\":\"sv-SE\",\"@id\":\"https:\/\/www.budokampsport.se\/#\/schema\/person\/image\/\",\"url\":\"https:\/\/secure.gravatar.com\/avatar\/a58041c6cea9128bd9c40ee2f26d4136?s=96&d=blank&r=g\",\"contentUrl\":\"https:\/\/secure.gravatar.com\/avatar\/a58041c6cea9128bd9c40ee2f26d4136?s=96&d=blank&r=g\",\"caption\":\"Jonathan Broberg\"},\"sameAs\":[\"https:\/\/www.facebook.com\/jonathan.broberg.7\"],\"url\":\"https:\/\/www.budokampsport.se\/author\/jonathan\/\"}]}<\/script>\n<!-- \/ Yoast SEO plugin. -->","yoast_head_json":{"title":"Gabriella Ringblom klar f\u00f6r Superior Challenge - Svenska Budo &amp; Kampsportsf\u00f6rbundet","description":"Den svenska flerfaldige amat\u00f6r-v\u00e4rldsm\u00e4starinnan i MMA Gabriella Ringblom \u00e4r klar f\u00f6r sin proffsdebut. Hon kommer att m\u00f6ta Malin Hermansson p\u00e5 Superior Challenge den 2:a december i Stockholm. - Det h\u00e4r \u00e4r tv\u00e5 av Sveriges absolut b\u00e4sta kvinnliga fighters, s\u00e4ger Babak Ashti i ett pressmeddelande.","robots":{"index":"index","follow":"follow","max-snippet":"max-snippet:-1","max-image-preview":"max-image-preview:large","max-video-preview":"max-video-preview:-1"},"canonical":"https:\/\/www.budokampsport.se\/2017\/09\/15\/gabriella-ringblom-klar-superior-challenge\/","og_locale":"sv_SE","og_type":"article","og_title":"Gabriella Ringblom klar f\u00f6r Superior Challenge - Svenska Budo &amp; Kampsportsf\u00f6rbundet","og_description":"Den svenska flerfaldige amat\u00f6r-v\u00e4rldsm\u00e4starinnan i MMA Gabriella Ringblom \u00e4r klar f\u00f6r sin proffsdebut. Hon kommer att m\u00f6ta Malin Hermansson p\u00e5 Superior Challenge den 2:a december i Stockholm. - Det h\u00e4r \u00e4r tv\u00e5 av Sveriges absolut b\u00e4sta kvinnliga fighters, s\u00e4ger Babak Ashti i ett pressmeddelande.","og_url":"https:\/\/www.budokampsport.se\/2017\/09\/15\/gabriella-ringblom-klar-superior-challenge\/","og_site_name":"Svenska Budo &amp; Kampsportsf\u00f6rbundet","article_author":"https:\/\/www.facebook.com\/jonathan.broberg.7","article_published_time":"2017-09-15T11:25:42+00:00","og_image":[{"width":850,"height":322,"url":"https:\/\/www.budokampsport.se\/wp-content\/uploads\/2017\/09\/superior-e1624881991481.jpg","type":"image\/jpeg"}],"author":"Jonathan Broberg","twitter_card":"summary_large_image","twitter_misc":{"Skriven av":"Jonathan Broberg","Ber\u00e4knad l\u00e4stid":"1 minut"},"schema":{"@context":"https:\/\/schema.org","@graph":[{"@type":"Article","@id":"https:\/\/www.budokampsport.se\/2017\/09\/15\/gabriella-ringblom-klar-superior-challenge\/#article","isPartOf":{"@id":"https:\/\/www.budokampsport.se\/2017\/09\/15\/gabriella-ringblom-klar-superior-challenge\/"},"author":{"name":"Jonathan Broberg","@id":"https:\/\/www.budokampsport.se\/#\/schema\/person\/5c06d81d14850e2a8ce5493386560145"},"headline":"Gabriella Ringblom klar f\u00f6r Superior Challenge","datePublished":"2017-09-15T11:25:42+00:00","mainEntityOfPage":{"@id":"https:\/\/www.budokampsport.se\/2017\/09\/15\/gabriella-ringblom-klar-superior-challenge\/"},"wordCount":165,"commentCount":0,"image":{"@id":"https:\/\/www.budokampsport.se\/2017\/09\/15\/gabriella-ringblom-klar-superior-challenge\/#primaryimage"},"thumbnailUrl":"https:\/\/www.budokampsport.se\/wp-content\/uploads\/2017\/09\/superior-e1624881991481.jpg","inLanguage":"sv-SE","potentialAction":[{"@type":"CommentAction","name":"Comment","target":["https:\/\/www.budokampsport.se\/2017\/09\/15\/gabriella-ringblom-klar-superior-challenge\/#respond"]}]},{"@type":"WebPage","@id":"https:\/\/www.budokampsport.se\/2017\/09\/15\/gabriella-ringblom-klar-superior-challenge\/","url":"https:\/\/www.budokampsport.se\/2017\/09\/15\/gabriella-ringblom-klar-superior-challenge\/","name":"Gabriella Ringblom klar f\u00f6r Superior Challenge - Svenska Budo &amp; Kampsportsf\u00f6rbundet","isPartOf":{"@id":"https:\/\/www.budokampsport.se\/#website"},"primaryImageOfPage":{"@id":"https:\/\/www.budokampsport.se\/2017\/09\/15\/gabriella-ringblom-klar-superior-challenge\/#primaryimage"},"image":{"@id":"https:\/\/www.budokampsport.se\/2017\/09\/15\/gabriella-ringblom-klar-superior-challenge\/#primaryimage"},"thumbnailUrl":"https:\/\/www.budokampsport.se\/wp-content\/uploads\/2017\/09\/superior-e1624881991481.jpg","datePublished":"2017-09-15T11:25:42+00:00","author":{"@id":"https:\/\/www.budokampsport.se\/#\/schema\/person\/5c06d81d14850e2a8ce5493386560145"},"description":"Den svenska flerfaldige amat\u00f6r-v\u00e4rldsm\u00e4starinnan i MMA Gabriella Ringblom \u00e4r klar f\u00f6r sin proffsdebut. Hon kommer att m\u00f6ta Malin Hermansson p\u00e5 Superior Challenge den 2:a december i Stockholm. - Det h\u00e4r \u00e4r tv\u00e5 av Sveriges absolut b\u00e4sta kvinnliga fighters, s\u00e4ger Babak Ashti i ett pressmeddelande.","breadcrumb":{"@id":"https:\/\/www.budokampsport.se\/2017\/09\/15\/gabriella-ringblom-klar-superior-challenge\/#breadcrumb"},"inLanguage":"sv-SE","potentialAction":[{"@type":"ReadAction","target":["https:\/\/www.budokampsport.se\/2017\/09\/15\/gabriella-ringblom-klar-superior-challenge\/"]}]},{"@type":"ImageObject","inLanguage":"sv-SE","@id":"https:\/\/www.budokampsport.se\/2017\/09\/15\/gabriella-ringblom-klar-superior-challenge\/#primaryimage","url":"https:\/\/www.budokampsport.se\/wp-content\/uploads\/2017\/09\/superior-e1624881991481.jpg","contentUrl":"https:\/\/www.budokampsport.se\/wp-content\/uploads\/2017\/09\/superior-e1624881991481.jpg","width":850,"height":322,"caption":"Foto: Superior Challenge"},{"@type":"BreadcrumbList","@id":"https:\/\/www.budokampsport.se\/2017\/09\/15\/gabriella-ringblom-klar-superior-challenge\/#breadcrumb","itemListElement":[{"@type":"ListItem","position":1,"name":"Hem","item":"https:\/\/www.budokampsport.se\/"},{"@type":"ListItem","position":2,"name":"Gabriella Ringblom klar f\u00f6r Superior Challenge"}]},{"@type":"WebSite","@id":"https:\/\/www.budokampsport.se\/#website","url":"https:\/\/www.budokampsport.se\/","name":"Svenska Budo &amp; Kampsportsf\u00f6rbundet","description":"T\u00e4vling, Tr\u00e4ning, Tradition","potentialAction":[{"@type":"SearchAction","target":{"@type":"EntryPoint","urlTemplate":"https:\/\/www.budokampsport.se\/?s={search_term_string}"},"query-input":{"@type":"PropertyValueSpecification","valueRequired":true,"valueName":"search_term_string"}}],"inLanguage":"sv-SE"},{"@type":"Person","@id":"https:\/\/www.budokampsport.se\/#\/schema\/person\/5c06d81d14850e2a8ce5493386560145","name":"Jonathan Broberg","image":{"@type":"ImageObject","inLanguage":"sv-SE","@id":"https:\/\/www.budokampsport.se\/#\/schema\/person\/image\/","url":"https:\/\/secure.gravatar.com\/avatar\/a58041c6cea9128bd9c40ee2f26d4136?s=96&d=blank&r=g","contentUrl":"https:\/\/secure.gravatar.com\/avatar\/a58041c6cea9128bd9c40ee2f26d4136?s=96&d=blank&r=g","caption":"Jonathan Broberg"},"sameAs":["https:\/\/www.facebook.com\/jonathan.broberg.7"],"url":"https:\/\/www.budokampsport.se\/author\/jonathan\/"}]}},"_links":{"self":[{"href":"https:\/\/www.budokampsport.se\/api\/wp\/v2\/posts\/49789","targetHints":{"allow":["GET"]}}],"collection":[{"href":"https:\/\/www.budokampsport.se\/api\/wp\/v2\/posts"}],"about":[{"href":"https:\/\/www.budokampsport.se\/api\/wp\/v2\/types\/post"}],"author":[{"embeddable":true,"href":"https:\/\/www.budokampsport.se\/api\/wp\/v2\/users\/7"}],"replies":[{"embeddable":true,"href":"https:\/\/www.budokampsport.se\/api\/wp\/v2\/comments?post=49789"}],"version-history":[{"count":0,"href":"https:\/\/www.budokampsport.se\/api\/wp\/v2\/posts\/49789\/revisions"}],"wp:featuredmedia":[{"embeddable":true,"href":"https:\/\/www.budokampsport.se\/api\/wp\/v2\/media\/49790"}],"wp:attachment":[{"href":"https:\/\/www.budokampsport.se\/api\/wp\/v2\/media?parent=49789"}],"wp:term":[{"taxonomy":"category","embeddable":true,"href":"https:\/\/www.budokampsport.se\/api\/wp\/v2\/categories?post=49789"},{"taxonomy":"post_tag","embeddable":true,"href":"https:\/\/www.budokampsport.se\/api\/wp\/v2\/tags?post=49789"}],"curies":[{"name":"wp","href":"https:\/\/api.w.org\/{rel}","templated":true}]}}