{"id":5027,"date":"2014-05-06T18:33:48","date_gmt":"2014-05-06T16:33:48","guid":{"rendered":"http:\/\/budo.wordpress.dev\/2014\/05\/06\/nara-final-for-erika-bjornestrand\/"},"modified":"2016-12-06T22:37:20","modified_gmt":"2016-12-06T21:37:20","slug":"nara-final-for-erika-bjornestrand","status":"publish","type":"post","link":"https:\/\/www.budokampsport.se\/2014\/05\/06\/nara-final-for-erika-bjornestrand\/","title":{"rendered":"N\u00e4ra final f\u00f6r Erika Bj\u00f6rnestrand"},"content":{"rendered":"<p><strong><img decoding=\"async\" alt=\"\" src=\"\/sites\/default\/files\/erica.gif\"><br \/>VM-debutanten Erika Bj\u00f6rnestrand fortsatte att vara totalt respektl\u00f6s i dagens semifinal f\u00f6r damer -63,5kg. Den rutinerade Melissa Anderson fr\u00e5n Australien fick verkligen t\u00f6mma sig f\u00f6r att n\u00e5 den finurliga svenskan.<br \/>\u00a0\u00a0 &#8211; Jag \u00e4r stolt \u00f6ver mig sj\u00e4lv, med lite b\u00e4ttre fys hade jag varit i final, s\u00e4ger hon till budokampsport.se.<\/strong><!--break--><\/p>\n<p>Den PR-studerande Malm\u00f6tjejen Erika Bj\u00f6rnestrand inledde v\u00e4ldigt beg\u00e5vat mot den betydligt mer erfarne Melissa Anderson fr\u00e5n Australien.<\/p>\n<p>Bj\u00f6rnestrands r\u00e4ckvidd \u00e4r ett intressant vapen att anv\u00e4nda och n\u00e4r hon f\u00e5r till tajmingen \u00e4r hon sv\u00e5r\u00e5tkomlig.<br \/>\u00a0\u00a0 &#8211; Det \u00e4r s\u00e5 klart lite trist att f\u00f6rlora, det var min f\u00f6rsta f\u00f6rlust, men samtidigt k\u00e4nner jag mig \u00e4nd\u00e5 stolt \u00f6ver mig sj\u00e4lv med vad jag har presterat under VM.<\/p>\n<p>Text och foto: Jonathan Broberg<\/p>\n","protected":false},"excerpt":{"rendered":"<p><strong><img decoding=\"async\" alt=\"\" src=\"\/sites\/default\/files\/erica.gif\"><br \/>VM-debutanten Erika Bj\u00f6rnestrand fortsatte att vara totalt respektl\u00f6s i dagens semifinal f\u00f6r damer -63,5kg. Den rutinerade Melissa Anderson fr\u00e5n Australien fick verkligen t\u00f6mma sig f\u00f6r att n\u00e5 den finurliga svenskan.<br \/>\u00a0\u00a0 &#8211; Jag \u00e4r stolt \u00f6ver mig sj\u00e4lv, med lite b\u00e4ttre fys hade jag varit i final, s\u00e4ger hon till budokampsport.se.<\/strong><\/p><br>","protected":false},"author":7,"featured_media":0,"comment_status":"closed","ping_status":"closed","sticky":false,"template":"","format":"standard","meta":{"_acf_changed":false,"footnotes":""},"categories":[1],"tags":[],"class_list":["post-5027","post","type-post","status-publish","format-standard","hentry","category-okategoriserade"],"acf":[],"yoast_head":"<!-- This site is optimized with the Yoast SEO plugin v26.8 - https:\/\/yoast.com\/product\/yoast-seo-wordpress\/ -->\n<title>N\u00e4ra final f\u00f6r Erika Bj\u00f6rnestrand - Svenska Budo &amp; Kampsportsf\u00f6rbundet<\/title>\n<meta name=\"description\" content=\"VM-debutanten Erika Bj\u00f6rnestrand fortsatte att vara totalt respektl\u00f6s i dagens semifinal f\u00f6r damer -63,5kg. Den rutinerade Melissa Anderson fr\u00e5n Australien fick verkligen t\u00f6mma sig f\u00f6r att n\u00e5 den finurliga svenskan.\u00a0\u00a0 - Jag \u00e4r stolt \u00f6ver mig sj\u00e4lv, med lite b\u00e4ttre fys hade jag varit i final, s\u00e4ger hon till budokampsport.se.\" \/>\n<meta name=\"robots\" content=\"index, follow, max-snippet:-1, max-image-preview:large, max-video-preview:-1\" \/>\n<link rel=\"canonical\" href=\"https:\/\/www.budokampsport.se\/2014\/05\/06\/nara-final-for-erika-bjornestrand\/\" \/>\n<meta property=\"og:locale\" content=\"sv_SE\" \/>\n<meta property=\"og:type\" content=\"article\" \/>\n<meta property=\"og:title\" content=\"N\u00e4ra final f\u00f6r Erika Bj\u00f6rnestrand - Svenska Budo &amp; Kampsportsf\u00f6rbundet\" \/>\n<meta property=\"og:description\" content=\"VM-debutanten Erika Bj\u00f6rnestrand fortsatte att vara totalt respektl\u00f6s i dagens semifinal f\u00f6r damer -63,5kg. Den rutinerade Melissa Anderson fr\u00e5n Australien fick verkligen t\u00f6mma sig f\u00f6r att n\u00e5 den finurliga svenskan.\u00a0\u00a0 - Jag \u00e4r stolt \u00f6ver mig sj\u00e4lv, med lite b\u00e4ttre fys hade jag varit i final, s\u00e4ger hon till budokampsport.se.\" \/>\n<meta property=\"og:url\" content=\"https:\/\/www.budokampsport.se\/2014\/05\/06\/nara-final-for-erika-bjornestrand\/\" \/>\n<meta property=\"og:site_name\" content=\"Svenska Budo &amp; Kampsportsf\u00f6rbundet\" \/>\n<meta property=\"article:author\" content=\"https:\/\/www.facebook.com\/jonathan.broberg.7\" \/>\n<meta property=\"article:published_time\" content=\"2014-05-06T16:33:48+00:00\" \/>\n<meta property=\"article:modified_time\" content=\"2016-12-06T21:37:20+00:00\" \/>\n<meta name=\"author\" content=\"Jonathan Broberg\" \/>\n<meta name=\"twitter:card\" content=\"summary_large_image\" \/>\n<meta name=\"twitter:label1\" content=\"Skriven av\" \/>\n\t<meta name=\"twitter:data1\" content=\"Jonathan Broberg\" \/>\n\t<meta name=\"twitter:label2\" content=\"Ber\u00e4knad l\u00e4stid\" \/>\n\t<meta name=\"twitter:data2\" content=\"1 minut\" \/>\n<script type=\"application\/ld+json\" class=\"yoast-schema-graph\">{\"@context\":\"https:\/\/schema.org\",\"@graph\":[{\"@type\":\"Article\",\"@id\":\"https:\/\/www.budokampsport.se\/2014\/05\/06\/nara-final-for-erika-bjornestrand\/#article\",\"isPartOf\":{\"@id\":\"https:\/\/www.budokampsport.se\/2014\/05\/06\/nara-final-for-erika-bjornestrand\/\"},\"author\":{\"name\":\"Jonathan Broberg\",\"@id\":\"https:\/\/www.budokampsport.se\/#\/schema\/person\/5c06d81d14850e2a8ce5493386560145\"},\"headline\":\"N\u00e4ra final f\u00f6r Erika Bj\u00f6rnestrand\",\"datePublished\":\"2014-05-06T16:33:48+00:00\",\"dateModified\":\"2016-12-06T21:37:20+00:00\",\"mainEntityOfPage\":{\"@id\":\"https:\/\/www.budokampsport.se\/2014\/05\/06\/nara-final-for-erika-bjornestrand\/\"},\"wordCount\":156,\"inLanguage\":\"sv-SE\"},{\"@type\":\"WebPage\",\"@id\":\"https:\/\/www.budokampsport.se\/2014\/05\/06\/nara-final-for-erika-bjornestrand\/\",\"url\":\"https:\/\/www.budokampsport.se\/2014\/05\/06\/nara-final-for-erika-bjornestrand\/\",\"name\":\"N\u00e4ra final f\u00f6r Erika Bj\u00f6rnestrand - Svenska Budo &amp; Kampsportsf\u00f6rbundet\",\"isPartOf\":{\"@id\":\"https:\/\/www.budokampsport.se\/#website\"},\"datePublished\":\"2014-05-06T16:33:48+00:00\",\"dateModified\":\"2016-12-06T21:37:20+00:00\",\"author\":{\"@id\":\"https:\/\/www.budokampsport.se\/#\/schema\/person\/5c06d81d14850e2a8ce5493386560145\"},\"description\":\"VM-debutanten Erika Bj\u00f6rnestrand fortsatte att vara totalt respektl\u00f6s i dagens semifinal f\u00f6r damer -63,5kg. Den rutinerade Melissa Anderson fr\u00e5n Australien fick verkligen t\u00f6mma sig f\u00f6r att n\u00e5 den finurliga svenskan.\u00a0\u00a0 - Jag \u00e4r stolt \u00f6ver mig sj\u00e4lv, med lite b\u00e4ttre fys hade jag varit i final, s\u00e4ger hon till budokampsport.se.\",\"breadcrumb\":{\"@id\":\"https:\/\/www.budokampsport.se\/2014\/05\/06\/nara-final-for-erika-bjornestrand\/#breadcrumb\"},\"inLanguage\":\"sv-SE\",\"potentialAction\":[{\"@type\":\"ReadAction\",\"target\":[\"https:\/\/www.budokampsport.se\/2014\/05\/06\/nara-final-for-erika-bjornestrand\/\"]}]},{\"@type\":\"BreadcrumbList\",\"@id\":\"https:\/\/www.budokampsport.se\/2014\/05\/06\/nara-final-for-erika-bjornestrand\/#breadcrumb\",\"itemListElement\":[{\"@type\":\"ListItem\",\"position\":1,\"name\":\"Hem\",\"item\":\"https:\/\/www.budokampsport.se\/\"},{\"@type\":\"ListItem\",\"position\":2,\"name\":\"N\u00e4ra final f\u00f6r Erika Bj\u00f6rnestrand\"}]},{\"@type\":\"WebSite\",\"@id\":\"https:\/\/www.budokampsport.se\/#website\",\"url\":\"https:\/\/www.budokampsport.se\/\",\"name\":\"Svenska Budo &amp; Kampsportsf\u00f6rbundet\",\"description\":\"T\u00e4vling, Tr\u00e4ning, Tradition\",\"potentialAction\":[{\"@type\":\"SearchAction\",\"target\":{\"@type\":\"EntryPoint\",\"urlTemplate\":\"https:\/\/www.budokampsport.se\/?s={search_term_string}\"},\"query-input\":{\"@type\":\"PropertyValueSpecification\",\"valueRequired\":true,\"valueName\":\"search_term_string\"}}],\"inLanguage\":\"sv-SE\"},{\"@type\":\"Person\",\"@id\":\"https:\/\/www.budokampsport.se\/#\/schema\/person\/5c06d81d14850e2a8ce5493386560145\",\"name\":\"Jonathan Broberg\",\"image\":{\"@type\":\"ImageObject\",\"inLanguage\":\"sv-SE\",\"@id\":\"https:\/\/www.budokampsport.se\/#\/schema\/person\/image\/\",\"url\":\"https:\/\/secure.gravatar.com\/avatar\/a58041c6cea9128bd9c40ee2f26d4136?s=96&d=blank&r=g\",\"contentUrl\":\"https:\/\/secure.gravatar.com\/avatar\/a58041c6cea9128bd9c40ee2f26d4136?s=96&d=blank&r=g\",\"caption\":\"Jonathan Broberg\"},\"sameAs\":[\"https:\/\/www.facebook.com\/jonathan.broberg.7\"],\"url\":\"https:\/\/www.budokampsport.se\/author\/jonathan\/\"}]}<\/script>\n<!-- \/ Yoast SEO plugin. -->","yoast_head_json":{"title":"N\u00e4ra final f\u00f6r Erika Bj\u00f6rnestrand - Svenska Budo &amp; Kampsportsf\u00f6rbundet","description":"VM-debutanten Erika Bj\u00f6rnestrand fortsatte att vara totalt respektl\u00f6s i dagens semifinal f\u00f6r damer -63,5kg. Den rutinerade Melissa Anderson fr\u00e5n Australien fick verkligen t\u00f6mma sig f\u00f6r att n\u00e5 den finurliga svenskan.\u00a0\u00a0 - Jag \u00e4r stolt \u00f6ver mig sj\u00e4lv, med lite b\u00e4ttre fys hade jag varit i final, s\u00e4ger hon till budokampsport.se.","robots":{"index":"index","follow":"follow","max-snippet":"max-snippet:-1","max-image-preview":"max-image-preview:large","max-video-preview":"max-video-preview:-1"},"canonical":"https:\/\/www.budokampsport.se\/2014\/05\/06\/nara-final-for-erika-bjornestrand\/","og_locale":"sv_SE","og_type":"article","og_title":"N\u00e4ra final f\u00f6r Erika Bj\u00f6rnestrand - Svenska Budo &amp; Kampsportsf\u00f6rbundet","og_description":"VM-debutanten Erika Bj\u00f6rnestrand fortsatte att vara totalt respektl\u00f6s i dagens semifinal f\u00f6r damer -63,5kg. Den rutinerade Melissa Anderson fr\u00e5n Australien fick verkligen t\u00f6mma sig f\u00f6r att n\u00e5 den finurliga svenskan.\u00a0\u00a0 - Jag \u00e4r stolt \u00f6ver mig sj\u00e4lv, med lite b\u00e4ttre fys hade jag varit i final, s\u00e4ger hon till budokampsport.se.","og_url":"https:\/\/www.budokampsport.se\/2014\/05\/06\/nara-final-for-erika-bjornestrand\/","og_site_name":"Svenska Budo &amp; Kampsportsf\u00f6rbundet","article_author":"https:\/\/www.facebook.com\/jonathan.broberg.7","article_published_time":"2014-05-06T16:33:48+00:00","article_modified_time":"2016-12-06T21:37:20+00:00","author":"Jonathan Broberg","twitter_card":"summary_large_image","twitter_misc":{"Skriven av":"Jonathan Broberg","Ber\u00e4knad l\u00e4stid":"1 minut"},"schema":{"@context":"https:\/\/schema.org","@graph":[{"@type":"Article","@id":"https:\/\/www.budokampsport.se\/2014\/05\/06\/nara-final-for-erika-bjornestrand\/#article","isPartOf":{"@id":"https:\/\/www.budokampsport.se\/2014\/05\/06\/nara-final-for-erika-bjornestrand\/"},"author":{"name":"Jonathan Broberg","@id":"https:\/\/www.budokampsport.se\/#\/schema\/person\/5c06d81d14850e2a8ce5493386560145"},"headline":"N\u00e4ra final f\u00f6r Erika Bj\u00f6rnestrand","datePublished":"2014-05-06T16:33:48+00:00","dateModified":"2016-12-06T21:37:20+00:00","mainEntityOfPage":{"@id":"https:\/\/www.budokampsport.se\/2014\/05\/06\/nara-final-for-erika-bjornestrand\/"},"wordCount":156,"inLanguage":"sv-SE"},{"@type":"WebPage","@id":"https:\/\/www.budokampsport.se\/2014\/05\/06\/nara-final-for-erika-bjornestrand\/","url":"https:\/\/www.budokampsport.se\/2014\/05\/06\/nara-final-for-erika-bjornestrand\/","name":"N\u00e4ra final f\u00f6r Erika Bj\u00f6rnestrand - Svenska Budo &amp; Kampsportsf\u00f6rbundet","isPartOf":{"@id":"https:\/\/www.budokampsport.se\/#website"},"datePublished":"2014-05-06T16:33:48+00:00","dateModified":"2016-12-06T21:37:20+00:00","author":{"@id":"https:\/\/www.budokampsport.se\/#\/schema\/person\/5c06d81d14850e2a8ce5493386560145"},"description":"VM-debutanten Erika Bj\u00f6rnestrand fortsatte att vara totalt respektl\u00f6s i dagens semifinal f\u00f6r damer -63,5kg. Den rutinerade Melissa Anderson fr\u00e5n Australien fick verkligen t\u00f6mma sig f\u00f6r att n\u00e5 den finurliga svenskan.\u00a0\u00a0 - Jag \u00e4r stolt \u00f6ver mig sj\u00e4lv, med lite b\u00e4ttre fys hade jag varit i final, s\u00e4ger hon till budokampsport.se.","breadcrumb":{"@id":"https:\/\/www.budokampsport.se\/2014\/05\/06\/nara-final-for-erika-bjornestrand\/#breadcrumb"},"inLanguage":"sv-SE","potentialAction":[{"@type":"ReadAction","target":["https:\/\/www.budokampsport.se\/2014\/05\/06\/nara-final-for-erika-bjornestrand\/"]}]},{"@type":"BreadcrumbList","@id":"https:\/\/www.budokampsport.se\/2014\/05\/06\/nara-final-for-erika-bjornestrand\/#breadcrumb","itemListElement":[{"@type":"ListItem","position":1,"name":"Hem","item":"https:\/\/www.budokampsport.se\/"},{"@type":"ListItem","position":2,"name":"N\u00e4ra final f\u00f6r Erika Bj\u00f6rnestrand"}]},{"@type":"WebSite","@id":"https:\/\/www.budokampsport.se\/#website","url":"https:\/\/www.budokampsport.se\/","name":"Svenska Budo &amp; Kampsportsf\u00f6rbundet","description":"T\u00e4vling, Tr\u00e4ning, Tradition","potentialAction":[{"@type":"SearchAction","target":{"@type":"EntryPoint","urlTemplate":"https:\/\/www.budokampsport.se\/?s={search_term_string}"},"query-input":{"@type":"PropertyValueSpecification","valueRequired":true,"valueName":"search_term_string"}}],"inLanguage":"sv-SE"},{"@type":"Person","@id":"https:\/\/www.budokampsport.se\/#\/schema\/person\/5c06d81d14850e2a8ce5493386560145","name":"Jonathan Broberg","image":{"@type":"ImageObject","inLanguage":"sv-SE","@id":"https:\/\/www.budokampsport.se\/#\/schema\/person\/image\/","url":"https:\/\/secure.gravatar.com\/avatar\/a58041c6cea9128bd9c40ee2f26d4136?s=96&d=blank&r=g","contentUrl":"https:\/\/secure.gravatar.com\/avatar\/a58041c6cea9128bd9c40ee2f26d4136?s=96&d=blank&r=g","caption":"Jonathan Broberg"},"sameAs":["https:\/\/www.facebook.com\/jonathan.broberg.7"],"url":"https:\/\/www.budokampsport.se\/author\/jonathan\/"}]}},"_links":{"self":[{"href":"https:\/\/www.budokampsport.se\/api\/wp\/v2\/posts\/5027","targetHints":{"allow":["GET"]}}],"collection":[{"href":"https:\/\/www.budokampsport.se\/api\/wp\/v2\/posts"}],"about":[{"href":"https:\/\/www.budokampsport.se\/api\/wp\/v2\/types\/post"}],"author":[{"embeddable":true,"href":"https:\/\/www.budokampsport.se\/api\/wp\/v2\/users\/7"}],"replies":[{"embeddable":true,"href":"https:\/\/www.budokampsport.se\/api\/wp\/v2\/comments?post=5027"}],"version-history":[{"count":0,"href":"https:\/\/www.budokampsport.se\/api\/wp\/v2\/posts\/5027\/revisions"}],"wp:attachment":[{"href":"https:\/\/www.budokampsport.se\/api\/wp\/v2\/media?parent=5027"}],"wp:term":[{"taxonomy":"category","embeddable":true,"href":"https:\/\/www.budokampsport.se\/api\/wp\/v2\/categories?post=5027"},{"taxonomy":"post_tag","embeddable":true,"href":"https:\/\/www.budokampsport.se\/api\/wp\/v2\/tags?post=5027"}],"curies":[{"name":"wp","href":"https:\/\/api.w.org\/{rel}","templated":true}]}}