{"id":50280,"date":"2017-09-26T10:26:24","date_gmt":"2017-09-26T08:26:24","guid":{"rendered":"http:\/\/www.budokampsport.se\/?p=50280"},"modified":"2017-09-26T10:26:24","modified_gmt":"2017-09-26T08:26:24","slug":"joakim-karlsson-ny-forbundskapten-landslaget","status":"publish","type":"post","link":"https:\/\/www.budokampsport.se\/2017\/09\/26\/joakim-karlsson-ny-forbundskapten-landslaget\/","title":{"rendered":"Joakim Karlsson ny f\u00f6rbundskapten f\u00f6r landslaget"},"content":{"rendered":"<p><span style=\"font-size: 14pt;\">Joakim Karlsson \u00e4r ett v\u00e4lk\u00e4nt namn i thaiboxningsv\u00e4rlden och har sedan i slutet p\u00e5 2016 varit assisterande f\u00f6rbundskapten till Pelle B\u00e5ngh\u00e4ll. Nu v\u00e4ntar en ny utmaning som f\u00f6rbundskapten.<br \/>\n<\/span><br \/>\n&#8211; <em>Vi i styrelsen vill tacka Pelle f\u00e5r all den tid och det engagemang han lagt ner under sitt f\u00f6rtroendeuppdrag och \u00f6nskar honom lycka till i allt det han tar sig f\u00f6r i framtiden. Samtidigt v\u00e4lkomnar vi Joakim Karlsson och ser fram emot kommande framg\u00e5ngar<\/em>, skriver Svenska Muay Thai f\u00f6rbundet p\u00e5 sin hemsida.<\/p>\n<p>Joakim Karlsson \u00e4r sedan l\u00e4nge en mycket uppskattad tr\u00e4nare och har sj\u00e4lv en l\u00e5ng och framg\u00e5ngsrik karri\u00e4r som aktiv. F\u00f6rra \u00e5ret b\u00f6rjade han som assisterande f\u00f6rbundskapten och nu tar han ytterligare ett kliv.<\/p>\n<p>&#8211; <em>Det har varit ett intressant \u00e5r som assist d\u00e4r jag f\u00e5tt lite mer k\u00f6tt p\u00e5 benen var det g\u00e4ller uttagningar till landslag och mer erfarenhet vid st\u00f6rre m\u00e4sterskap. Nu kommer jag ta utmaningarna som de kommer och ta det d\u00e4rifr\u00e5n<\/em>, s\u00e4ger Joakim Karlsson till budokampsport.se<\/p>\n<p>V\u00e4l medveten om att m\u00e5nga starka l\u00e4nder jagar Sverige p\u00e5 den internationella scenen k\u00e4nner den nya f\u00f6rbundskaptenen sig trygg inf\u00f6r Sveriges utveckling som thaiboxningsnation.<\/p>\n<p>&#8211; <em>P\u00e5 klubbarna runt om i Sverige finns en otrolig kompetens vad det g\u00e4ller kunskap s\u00e5 jag \u00e4r inte ett dugg orolig att vi skall tappa v\u00e5r starka position ute i v\u00e4rlden<\/em>, s\u00e4ger Joakim.<\/p>\n<p>Text: Annie Bondefelt<br \/>\nFoto: Pelle B\u00e5ngh\u00e4ll<\/p>\n","protected":false},"excerpt":{"rendered":"<p>Joakim Karlsson \u00e4r ett v\u00e4lk\u00e4nt namn i thaiboxningsv\u00e4rlden och har [&#8230;]<\/p><br>","protected":false},"author":120,"featured_media":50318,"comment_status":"open","ping_status":"open","sticky":false,"template":"","format":"standard","meta":{"_acf_changed":false,"footnotes":""},"categories":[1],"tags":[],"class_list":["post-50280","post","type-post","status-publish","format-standard","has-post-thumbnail","hentry","category-okategoriserade"],"acf":[],"yoast_head":"<!-- This site is optimized with the Yoast SEO plugin v26.8 - https:\/\/yoast.com\/product\/yoast-seo-wordpress\/ -->\n<title>Joakim Karlsson ny f\u00f6rbundskapten f\u00f6r landslaget - Svenska Budo &amp; Kampsportsf\u00f6rbundet<\/title>\n<meta name=\"description\" content=\"Joakim Karlsson \u00e4r ett v\u00e4lk\u00e4nt namn i thaiboxningsv\u00e4rlden och har sedan i slutet p\u00e5 2016 varit assisterande f\u00f6rbundskapten till Pelle B\u00e5ngh\u00e4ll. Nu v\u00e4ntar\" \/>\n<meta name=\"robots\" content=\"index, follow, max-snippet:-1, max-image-preview:large, max-video-preview:-1\" \/>\n<link rel=\"canonical\" href=\"https:\/\/www.budokampsport.se\/2017\/09\/26\/joakim-karlsson-ny-forbundskapten-landslaget\/\" \/>\n<meta property=\"og:locale\" content=\"sv_SE\" \/>\n<meta property=\"og:type\" content=\"article\" \/>\n<meta property=\"og:title\" content=\"Joakim Karlsson ny f\u00f6rbundskapten f\u00f6r landslaget - Svenska Budo &amp; Kampsportsf\u00f6rbundet\" \/>\n<meta property=\"og:description\" content=\"Joakim Karlsson \u00e4r ett v\u00e4lk\u00e4nt namn i thaiboxningsv\u00e4rlden och har sedan i slutet p\u00e5 2016 varit assisterande f\u00f6rbundskapten till Pelle B\u00e5ngh\u00e4ll. Nu v\u00e4ntar\" \/>\n<meta property=\"og:url\" content=\"https:\/\/www.budokampsport.se\/2017\/09\/26\/joakim-karlsson-ny-forbundskapten-landslaget\/\" \/>\n<meta property=\"og:site_name\" content=\"Svenska Budo &amp; Kampsportsf\u00f6rbundet\" \/>\n<meta property=\"article:published_time\" content=\"2017-09-26T08:26:24+00:00\" \/>\n<meta property=\"og:image\" content=\"https:\/\/www.budokampsport.se\/wp-content\/uploads\/2017\/09\/joakim-1-e1624882155746.png\" \/>\n\t<meta property=\"og:image:width\" content=\"850\" \/>\n\t<meta property=\"og:image:height\" content=\"555\" \/>\n\t<meta property=\"og:image:type\" content=\"image\/png\" \/>\n<meta name=\"author\" content=\"Annie Carriage\" \/>\n<meta name=\"twitter:card\" content=\"summary_large_image\" \/>\n<meta name=\"twitter:label1\" content=\"Skriven av\" \/>\n\t<meta name=\"twitter:data1\" content=\"Annie Carriage\" \/>\n\t<meta name=\"twitter:label2\" content=\"Ber\u00e4knad l\u00e4stid\" \/>\n\t<meta name=\"twitter:data2\" content=\"1 minut\" \/>\n<script type=\"application\/ld+json\" class=\"yoast-schema-graph\">{\"@context\":\"https:\/\/schema.org\",\"@graph\":[{\"@type\":\"Article\",\"@id\":\"https:\/\/www.budokampsport.se\/2017\/09\/26\/joakim-karlsson-ny-forbundskapten-landslaget\/#article\",\"isPartOf\":{\"@id\":\"https:\/\/www.budokampsport.se\/2017\/09\/26\/joakim-karlsson-ny-forbundskapten-landslaget\/\"},\"author\":{\"name\":\"Annie Carriage\",\"@id\":\"https:\/\/www.budokampsport.se\/#\/schema\/person\/c838cace8171f692e363fde3f38f208b\"},\"headline\":\"Joakim Karlsson ny f\u00f6rbundskapten f\u00f6r landslaget\",\"datePublished\":\"2017-09-26T08:26:24+00:00\",\"mainEntityOfPage\":{\"@id\":\"https:\/\/www.budokampsport.se\/2017\/09\/26\/joakim-karlsson-ny-forbundskapten-landslaget\/\"},\"wordCount\":276,\"commentCount\":0,\"image\":{\"@id\":\"https:\/\/www.budokampsport.se\/2017\/09\/26\/joakim-karlsson-ny-forbundskapten-landslaget\/#primaryimage\"},\"thumbnailUrl\":\"https:\/\/www.budokampsport.se\/wp-content\/uploads\/2017\/09\/joakim-1-e1624882155746.png\",\"inLanguage\":\"sv-SE\",\"potentialAction\":[{\"@type\":\"CommentAction\",\"name\":\"Comment\",\"target\":[\"https:\/\/www.budokampsport.se\/2017\/09\/26\/joakim-karlsson-ny-forbundskapten-landslaget\/#respond\"]}]},{\"@type\":\"WebPage\",\"@id\":\"https:\/\/www.budokampsport.se\/2017\/09\/26\/joakim-karlsson-ny-forbundskapten-landslaget\/\",\"url\":\"https:\/\/www.budokampsport.se\/2017\/09\/26\/joakim-karlsson-ny-forbundskapten-landslaget\/\",\"name\":\"Joakim Karlsson ny f\u00f6rbundskapten f\u00f6r landslaget - Svenska Budo &amp; Kampsportsf\u00f6rbundet\",\"isPartOf\":{\"@id\":\"https:\/\/www.budokampsport.se\/#website\"},\"primaryImageOfPage\":{\"@id\":\"https:\/\/www.budokampsport.se\/2017\/09\/26\/joakim-karlsson-ny-forbundskapten-landslaget\/#primaryimage\"},\"image\":{\"@id\":\"https:\/\/www.budokampsport.se\/2017\/09\/26\/joakim-karlsson-ny-forbundskapten-landslaget\/#primaryimage\"},\"thumbnailUrl\":\"https:\/\/www.budokampsport.se\/wp-content\/uploads\/2017\/09\/joakim-1-e1624882155746.png\",\"datePublished\":\"2017-09-26T08:26:24+00:00\",\"author\":{\"@id\":\"https:\/\/www.budokampsport.se\/#\/schema\/person\/c838cace8171f692e363fde3f38f208b\"},\"description\":\"Joakim Karlsson \u00e4r ett v\u00e4lk\u00e4nt namn i thaiboxningsv\u00e4rlden och har sedan i slutet p\u00e5 2016 varit assisterande f\u00f6rbundskapten till Pelle B\u00e5ngh\u00e4ll. Nu v\u00e4ntar\",\"breadcrumb\":{\"@id\":\"https:\/\/www.budokampsport.se\/2017\/09\/26\/joakim-karlsson-ny-forbundskapten-landslaget\/#breadcrumb\"},\"inLanguage\":\"sv-SE\",\"potentialAction\":[{\"@type\":\"ReadAction\",\"target\":[\"https:\/\/www.budokampsport.se\/2017\/09\/26\/joakim-karlsson-ny-forbundskapten-landslaget\/\"]}]},{\"@type\":\"ImageObject\",\"inLanguage\":\"sv-SE\",\"@id\":\"https:\/\/www.budokampsport.se\/2017\/09\/26\/joakim-karlsson-ny-forbundskapten-landslaget\/#primaryimage\",\"url\":\"https:\/\/www.budokampsport.se\/wp-content\/uploads\/2017\/09\/joakim-1-e1624882155746.png\",\"contentUrl\":\"https:\/\/www.budokampsport.se\/wp-content\/uploads\/2017\/09\/joakim-1-e1624882155746.png\",\"width\":850,\"height\":555,\"caption\":\"Foto: Pelle B\u00e5ngh\u00e4ll\"},{\"@type\":\"BreadcrumbList\",\"@id\":\"https:\/\/www.budokampsport.se\/2017\/09\/26\/joakim-karlsson-ny-forbundskapten-landslaget\/#breadcrumb\",\"itemListElement\":[{\"@type\":\"ListItem\",\"position\":1,\"name\":\"Hem\",\"item\":\"https:\/\/www.budokampsport.se\/\"},{\"@type\":\"ListItem\",\"position\":2,\"name\":\"Joakim Karlsson ny f\u00f6rbundskapten f\u00f6r landslaget\"}]},{\"@type\":\"WebSite\",\"@id\":\"https:\/\/www.budokampsport.se\/#website\",\"url\":\"https:\/\/www.budokampsport.se\/\",\"name\":\"Svenska Budo &amp; Kampsportsf\u00f6rbundet\",\"description\":\"T\u00e4vling, Tr\u00e4ning, Tradition\",\"potentialAction\":[{\"@type\":\"SearchAction\",\"target\":{\"@type\":\"EntryPoint\",\"urlTemplate\":\"https:\/\/www.budokampsport.se\/?s={search_term_string}\"},\"query-input\":{\"@type\":\"PropertyValueSpecification\",\"valueRequired\":true,\"valueName\":\"search_term_string\"}}],\"inLanguage\":\"sv-SE\"},{\"@type\":\"Person\",\"@id\":\"https:\/\/www.budokampsport.se\/#\/schema\/person\/c838cace8171f692e363fde3f38f208b\",\"name\":\"Annie Carriage\",\"image\":{\"@type\":\"ImageObject\",\"inLanguage\":\"sv-SE\",\"@id\":\"https:\/\/www.budokampsport.se\/#\/schema\/person\/image\/\",\"url\":\"https:\/\/secure.gravatar.com\/avatar\/9311295560bdfbdf78365a26f7df1876?s=96&d=blank&r=g\",\"contentUrl\":\"https:\/\/secure.gravatar.com\/avatar\/9311295560bdfbdf78365a26f7df1876?s=96&d=blank&r=g\",\"caption\":\"Annie Carriage\"},\"url\":\"https:\/\/www.budokampsport.se\/author\/annie-bondefelt\/\"}]}<\/script>\n<!-- \/ Yoast SEO plugin. -->","yoast_head_json":{"title":"Joakim Karlsson ny f\u00f6rbundskapten f\u00f6r landslaget - Svenska Budo &amp; Kampsportsf\u00f6rbundet","description":"Joakim Karlsson \u00e4r ett v\u00e4lk\u00e4nt namn i thaiboxningsv\u00e4rlden och har sedan i slutet p\u00e5 2016 varit assisterande f\u00f6rbundskapten till Pelle B\u00e5ngh\u00e4ll. Nu v\u00e4ntar","robots":{"index":"index","follow":"follow","max-snippet":"max-snippet:-1","max-image-preview":"max-image-preview:large","max-video-preview":"max-video-preview:-1"},"canonical":"https:\/\/www.budokampsport.se\/2017\/09\/26\/joakim-karlsson-ny-forbundskapten-landslaget\/","og_locale":"sv_SE","og_type":"article","og_title":"Joakim Karlsson ny f\u00f6rbundskapten f\u00f6r landslaget - Svenska Budo &amp; Kampsportsf\u00f6rbundet","og_description":"Joakim Karlsson \u00e4r ett v\u00e4lk\u00e4nt namn i thaiboxningsv\u00e4rlden och har sedan i slutet p\u00e5 2016 varit assisterande f\u00f6rbundskapten till Pelle B\u00e5ngh\u00e4ll. Nu v\u00e4ntar","og_url":"https:\/\/www.budokampsport.se\/2017\/09\/26\/joakim-karlsson-ny-forbundskapten-landslaget\/","og_site_name":"Svenska Budo &amp; Kampsportsf\u00f6rbundet","article_published_time":"2017-09-26T08:26:24+00:00","og_image":[{"width":850,"height":555,"url":"https:\/\/www.budokampsport.se\/wp-content\/uploads\/2017\/09\/joakim-1-e1624882155746.png","type":"image\/png"}],"author":"Annie Carriage","twitter_card":"summary_large_image","twitter_misc":{"Skriven av":"Annie Carriage","Ber\u00e4knad l\u00e4stid":"1 minut"},"schema":{"@context":"https:\/\/schema.org","@graph":[{"@type":"Article","@id":"https:\/\/www.budokampsport.se\/2017\/09\/26\/joakim-karlsson-ny-forbundskapten-landslaget\/#article","isPartOf":{"@id":"https:\/\/www.budokampsport.se\/2017\/09\/26\/joakim-karlsson-ny-forbundskapten-landslaget\/"},"author":{"name":"Annie Carriage","@id":"https:\/\/www.budokampsport.se\/#\/schema\/person\/c838cace8171f692e363fde3f38f208b"},"headline":"Joakim Karlsson ny f\u00f6rbundskapten f\u00f6r landslaget","datePublished":"2017-09-26T08:26:24+00:00","mainEntityOfPage":{"@id":"https:\/\/www.budokampsport.se\/2017\/09\/26\/joakim-karlsson-ny-forbundskapten-landslaget\/"},"wordCount":276,"commentCount":0,"image":{"@id":"https:\/\/www.budokampsport.se\/2017\/09\/26\/joakim-karlsson-ny-forbundskapten-landslaget\/#primaryimage"},"thumbnailUrl":"https:\/\/www.budokampsport.se\/wp-content\/uploads\/2017\/09\/joakim-1-e1624882155746.png","inLanguage":"sv-SE","potentialAction":[{"@type":"CommentAction","name":"Comment","target":["https:\/\/www.budokampsport.se\/2017\/09\/26\/joakim-karlsson-ny-forbundskapten-landslaget\/#respond"]}]},{"@type":"WebPage","@id":"https:\/\/www.budokampsport.se\/2017\/09\/26\/joakim-karlsson-ny-forbundskapten-landslaget\/","url":"https:\/\/www.budokampsport.se\/2017\/09\/26\/joakim-karlsson-ny-forbundskapten-landslaget\/","name":"Joakim Karlsson ny f\u00f6rbundskapten f\u00f6r landslaget - Svenska Budo &amp; Kampsportsf\u00f6rbundet","isPartOf":{"@id":"https:\/\/www.budokampsport.se\/#website"},"primaryImageOfPage":{"@id":"https:\/\/www.budokampsport.se\/2017\/09\/26\/joakim-karlsson-ny-forbundskapten-landslaget\/#primaryimage"},"image":{"@id":"https:\/\/www.budokampsport.se\/2017\/09\/26\/joakim-karlsson-ny-forbundskapten-landslaget\/#primaryimage"},"thumbnailUrl":"https:\/\/www.budokampsport.se\/wp-content\/uploads\/2017\/09\/joakim-1-e1624882155746.png","datePublished":"2017-09-26T08:26:24+00:00","author":{"@id":"https:\/\/www.budokampsport.se\/#\/schema\/person\/c838cace8171f692e363fde3f38f208b"},"description":"Joakim Karlsson \u00e4r ett v\u00e4lk\u00e4nt namn i thaiboxningsv\u00e4rlden och har sedan i slutet p\u00e5 2016 varit assisterande f\u00f6rbundskapten till Pelle B\u00e5ngh\u00e4ll. Nu v\u00e4ntar","breadcrumb":{"@id":"https:\/\/www.budokampsport.se\/2017\/09\/26\/joakim-karlsson-ny-forbundskapten-landslaget\/#breadcrumb"},"inLanguage":"sv-SE","potentialAction":[{"@type":"ReadAction","target":["https:\/\/www.budokampsport.se\/2017\/09\/26\/joakim-karlsson-ny-forbundskapten-landslaget\/"]}]},{"@type":"ImageObject","inLanguage":"sv-SE","@id":"https:\/\/www.budokampsport.se\/2017\/09\/26\/joakim-karlsson-ny-forbundskapten-landslaget\/#primaryimage","url":"https:\/\/www.budokampsport.se\/wp-content\/uploads\/2017\/09\/joakim-1-e1624882155746.png","contentUrl":"https:\/\/www.budokampsport.se\/wp-content\/uploads\/2017\/09\/joakim-1-e1624882155746.png","width":850,"height":555,"caption":"Foto: Pelle B\u00e5ngh\u00e4ll"},{"@type":"BreadcrumbList","@id":"https:\/\/www.budokampsport.se\/2017\/09\/26\/joakim-karlsson-ny-forbundskapten-landslaget\/#breadcrumb","itemListElement":[{"@type":"ListItem","position":1,"name":"Hem","item":"https:\/\/www.budokampsport.se\/"},{"@type":"ListItem","position":2,"name":"Joakim Karlsson ny f\u00f6rbundskapten f\u00f6r landslaget"}]},{"@type":"WebSite","@id":"https:\/\/www.budokampsport.se\/#website","url":"https:\/\/www.budokampsport.se\/","name":"Svenska Budo &amp; Kampsportsf\u00f6rbundet","description":"T\u00e4vling, Tr\u00e4ning, Tradition","potentialAction":[{"@type":"SearchAction","target":{"@type":"EntryPoint","urlTemplate":"https:\/\/www.budokampsport.se\/?s={search_term_string}"},"query-input":{"@type":"PropertyValueSpecification","valueRequired":true,"valueName":"search_term_string"}}],"inLanguage":"sv-SE"},{"@type":"Person","@id":"https:\/\/www.budokampsport.se\/#\/schema\/person\/c838cace8171f692e363fde3f38f208b","name":"Annie Carriage","image":{"@type":"ImageObject","inLanguage":"sv-SE","@id":"https:\/\/www.budokampsport.se\/#\/schema\/person\/image\/","url":"https:\/\/secure.gravatar.com\/avatar\/9311295560bdfbdf78365a26f7df1876?s=96&d=blank&r=g","contentUrl":"https:\/\/secure.gravatar.com\/avatar\/9311295560bdfbdf78365a26f7df1876?s=96&d=blank&r=g","caption":"Annie Carriage"},"url":"https:\/\/www.budokampsport.se\/author\/annie-bondefelt\/"}]}},"_links":{"self":[{"href":"https:\/\/www.budokampsport.se\/api\/wp\/v2\/posts\/50280","targetHints":{"allow":["GET"]}}],"collection":[{"href":"https:\/\/www.budokampsport.se\/api\/wp\/v2\/posts"}],"about":[{"href":"https:\/\/www.budokampsport.se\/api\/wp\/v2\/types\/post"}],"author":[{"embeddable":true,"href":"https:\/\/www.budokampsport.se\/api\/wp\/v2\/users\/120"}],"replies":[{"embeddable":true,"href":"https:\/\/www.budokampsport.se\/api\/wp\/v2\/comments?post=50280"}],"version-history":[{"count":0,"href":"https:\/\/www.budokampsport.se\/api\/wp\/v2\/posts\/50280\/revisions"}],"wp:featuredmedia":[{"embeddable":true,"href":"https:\/\/www.budokampsport.se\/api\/wp\/v2\/media\/50318"}],"wp:attachment":[{"href":"https:\/\/www.budokampsport.se\/api\/wp\/v2\/media?parent=50280"}],"wp:term":[{"taxonomy":"category","embeddable":true,"href":"https:\/\/www.budokampsport.se\/api\/wp\/v2\/categories?post=50280"},{"taxonomy":"post_tag","embeddable":true,"href":"https:\/\/www.budokampsport.se\/api\/wp\/v2\/tags?post=50280"}],"curies":[{"name":"wp","href":"https:\/\/api.w.org\/{rel}","templated":true}]}}