{"id":50368,"date":"2017-09-26T14:33:41","date_gmt":"2017-09-26T12:33:41","guid":{"rendered":"http:\/\/www.budokampsport.se\/?p=50368"},"modified":"2017-09-26T14:33:41","modified_gmt":"2017-09-26T12:33:41","slug":"folj-vm-wushu","status":"publish","type":"post","link":"https:\/\/www.budokampsport.se\/2017\/09\/26\/folj-vm-wushu\/","title":{"rendered":"F\u00f6lj VM i wushu"},"content":{"rendered":"<p><span style=\"font-size: 14pt;\">Imorgon inleds VM i wushu, \u00f6ver 700 deltagare ber\u00e4knas delta n\u00e4r m\u00e4sterskapen drar ig\u00e5ng i den ryska staden Kazan. F\u00f6lj m\u00e4sterskapst\u00e4vlingarna live <a href=\"http:\/\/worldwushu.tv\/\">h\u00e4r.<\/a><\/span><\/p>\n<p>\u2013 <em>Sverige ett intressant lag med blandning av erfarna och nykomna fighter. Vi f\u00f6rv\u00e4ntar oss tuffa m\u00f6ten och ska se till att varje motst\u00e5ndare ska minnas v\u00e5rt lag. Lyckas vi med det som vi kan prestera, b\u00f6r vi f\u00e5 utdelning i form av placeringar. Svenska sandalandslaget har ingen brist p\u00e5 vare sig talanger eller arbetsmoral<\/em>, har landslagscoachen Anatoli Grigorenko tidigare sagt till budokampsport.se.<\/p>\n<p><strong>Fullst\u00e4ndiga truppen<\/strong><br \/>\nElin \u00d6berg, Combat Academy IF T\u00e4by<br \/>\nEmma Syring, Fightclub Freestyle Stockholm IF<br \/>\nStefan Montoya, Pancrase Shootfighting S\u00e4llskap<br \/>\nAmir Malekpour, Pancrase Shootfighting S\u00e4llskap<br \/>\nSebastian Espe, Idrottsf\u00f6rening Ale Kampsportshuset<br \/>\nDomingos Kiesse, Combat Academy IF T\u00e4by<\/p>\n<p>Text: Annie Bondefelt<br \/>\nFoto: Anton Svedberg<\/p>\n","protected":false},"excerpt":{"rendered":"<p>Imorgon inleds VM i wushu, \u00f6ver 700 deltagare ber\u00e4knas delta [&#8230;]<\/p><br>","protected":false},"author":120,"featured_media":49266,"comment_status":"open","ping_status":"open","sticky":false,"template":"","format":"standard","meta":{"_acf_changed":false,"footnotes":""},"categories":[1],"tags":[],"class_list":["post-50368","post","type-post","status-publish","format-standard","has-post-thumbnail","hentry","category-okategoriserade"],"acf":[],"yoast_head":"<!-- This site is optimized with the Yoast SEO plugin v26.8 - https:\/\/yoast.com\/product\/yoast-seo-wordpress\/ -->\n<title>F\u00f6lj VM i wushu - Svenska Budo &amp; Kampsportsf\u00f6rbundet<\/title>\n<meta name=\"description\" content=\"Imorgon inleds VM i wushu, \u00f6ver 700 deltagare ber\u00e4knas delta n\u00e4r m\u00e4sterskapen drar ig\u00e5ng i den ryska staden Kazan. F\u00f6lj m\u00e4sterskapst\u00e4vlingarna live h\u00e4r. \u2013\" \/>\n<meta name=\"robots\" content=\"index, follow, max-snippet:-1, max-image-preview:large, max-video-preview:-1\" \/>\n<link rel=\"canonical\" href=\"https:\/\/www.budokampsport.se\/2017\/09\/26\/folj-vm-wushu\/\" \/>\n<meta property=\"og:locale\" content=\"sv_SE\" \/>\n<meta property=\"og:type\" content=\"article\" \/>\n<meta property=\"og:title\" content=\"F\u00f6lj VM i wushu - Svenska Budo &amp; Kampsportsf\u00f6rbundet\" \/>\n<meta property=\"og:description\" content=\"Imorgon inleds VM i wushu, \u00f6ver 700 deltagare ber\u00e4knas delta n\u00e4r m\u00e4sterskapen drar ig\u00e5ng i den ryska staden Kazan. F\u00f6lj m\u00e4sterskapst\u00e4vlingarna live h\u00e4r. \u2013\" \/>\n<meta property=\"og:url\" content=\"https:\/\/www.budokampsport.se\/2017\/09\/26\/folj-vm-wushu\/\" \/>\n<meta property=\"og:site_name\" content=\"Svenska Budo &amp; Kampsportsf\u00f6rbundet\" \/>\n<meta property=\"article:published_time\" content=\"2017-09-26T12:33:41+00:00\" \/>\n<meta property=\"og:image\" content=\"https:\/\/www.budokampsport.se\/wp-content\/uploads\/2017\/09\/an.png\" \/>\n\t<meta property=\"og:image:width\" content=\"743\" \/>\n\t<meta property=\"og:image:height\" content=\"583\" \/>\n\t<meta property=\"og:image:type\" content=\"image\/png\" \/>\n<meta name=\"author\" content=\"Annie Carriage\" \/>\n<meta name=\"twitter:card\" content=\"summary_large_image\" \/>\n<meta name=\"twitter:label1\" content=\"Skriven av\" \/>\n\t<meta name=\"twitter:data1\" content=\"Annie Carriage\" \/>\n\t<meta name=\"twitter:label2\" content=\"Ber\u00e4knad l\u00e4stid\" \/>\n\t<meta name=\"twitter:data2\" content=\"1 minut\" \/>\n<script type=\"application\/ld+json\" class=\"yoast-schema-graph\">{\"@context\":\"https:\/\/schema.org\",\"@graph\":[{\"@type\":\"Article\",\"@id\":\"https:\/\/www.budokampsport.se\/2017\/09\/26\/folj-vm-wushu\/#article\",\"isPartOf\":{\"@id\":\"https:\/\/www.budokampsport.se\/2017\/09\/26\/folj-vm-wushu\/\"},\"author\":{\"name\":\"Annie Carriage\",\"@id\":\"https:\/\/www.budokampsport.se\/#\/schema\/person\/c838cace8171f692e363fde3f38f208b\"},\"headline\":\"F\u00f6lj VM i wushu\",\"datePublished\":\"2017-09-26T12:33:41+00:00\",\"mainEntityOfPage\":{\"@id\":\"https:\/\/www.budokampsport.se\/2017\/09\/26\/folj-vm-wushu\/\"},\"wordCount\":151,\"commentCount\":0,\"image\":{\"@id\":\"https:\/\/www.budokampsport.se\/2017\/09\/26\/folj-vm-wushu\/#primaryimage\"},\"thumbnailUrl\":\"https:\/\/www.budokampsport.se\/wp-content\/uploads\/2017\/09\/an.png\",\"inLanguage\":\"sv-SE\",\"potentialAction\":[{\"@type\":\"CommentAction\",\"name\":\"Comment\",\"target\":[\"https:\/\/www.budokampsport.se\/2017\/09\/26\/folj-vm-wushu\/#respond\"]}]},{\"@type\":\"WebPage\",\"@id\":\"https:\/\/www.budokampsport.se\/2017\/09\/26\/folj-vm-wushu\/\",\"url\":\"https:\/\/www.budokampsport.se\/2017\/09\/26\/folj-vm-wushu\/\",\"name\":\"F\u00f6lj VM i wushu - Svenska Budo &amp; Kampsportsf\u00f6rbundet\",\"isPartOf\":{\"@id\":\"https:\/\/www.budokampsport.se\/#website\"},\"primaryImageOfPage\":{\"@id\":\"https:\/\/www.budokampsport.se\/2017\/09\/26\/folj-vm-wushu\/#primaryimage\"},\"image\":{\"@id\":\"https:\/\/www.budokampsport.se\/2017\/09\/26\/folj-vm-wushu\/#primaryimage\"},\"thumbnailUrl\":\"https:\/\/www.budokampsport.se\/wp-content\/uploads\/2017\/09\/an.png\",\"datePublished\":\"2017-09-26T12:33:41+00:00\",\"author\":{\"@id\":\"https:\/\/www.budokampsport.se\/#\/schema\/person\/c838cace8171f692e363fde3f38f208b\"},\"description\":\"Imorgon inleds VM i wushu, \u00f6ver 700 deltagare ber\u00e4knas delta n\u00e4r m\u00e4sterskapen drar ig\u00e5ng i den ryska staden Kazan. F\u00f6lj m\u00e4sterskapst\u00e4vlingarna live h\u00e4r. \u2013\",\"breadcrumb\":{\"@id\":\"https:\/\/www.budokampsport.se\/2017\/09\/26\/folj-vm-wushu\/#breadcrumb\"},\"inLanguage\":\"sv-SE\",\"potentialAction\":[{\"@type\":\"ReadAction\",\"target\":[\"https:\/\/www.budokampsport.se\/2017\/09\/26\/folj-vm-wushu\/\"]}]},{\"@type\":\"ImageObject\",\"inLanguage\":\"sv-SE\",\"@id\":\"https:\/\/www.budokampsport.se\/2017\/09\/26\/folj-vm-wushu\/#primaryimage\",\"url\":\"https:\/\/www.budokampsport.se\/wp-content\/uploads\/2017\/09\/an.png\",\"contentUrl\":\"https:\/\/www.budokampsport.se\/wp-content\/uploads\/2017\/09\/an.png\",\"width\":743,\"height\":583,\"caption\":\"Foto: Anton Svedberg\"},{\"@type\":\"BreadcrumbList\",\"@id\":\"https:\/\/www.budokampsport.se\/2017\/09\/26\/folj-vm-wushu\/#breadcrumb\",\"itemListElement\":[{\"@type\":\"ListItem\",\"position\":1,\"name\":\"Hem\",\"item\":\"https:\/\/www.budokampsport.se\/\"},{\"@type\":\"ListItem\",\"position\":2,\"name\":\"F\u00f6lj VM i wushu\"}]},{\"@type\":\"WebSite\",\"@id\":\"https:\/\/www.budokampsport.se\/#website\",\"url\":\"https:\/\/www.budokampsport.se\/\",\"name\":\"Svenska Budo &amp; Kampsportsf\u00f6rbundet\",\"description\":\"T\u00e4vling, Tr\u00e4ning, Tradition\",\"potentialAction\":[{\"@type\":\"SearchAction\",\"target\":{\"@type\":\"EntryPoint\",\"urlTemplate\":\"https:\/\/www.budokampsport.se\/?s={search_term_string}\"},\"query-input\":{\"@type\":\"PropertyValueSpecification\",\"valueRequired\":true,\"valueName\":\"search_term_string\"}}],\"inLanguage\":\"sv-SE\"},{\"@type\":\"Person\",\"@id\":\"https:\/\/www.budokampsport.se\/#\/schema\/person\/c838cace8171f692e363fde3f38f208b\",\"name\":\"Annie Carriage\",\"image\":{\"@type\":\"ImageObject\",\"inLanguage\":\"sv-SE\",\"@id\":\"https:\/\/www.budokampsport.se\/#\/schema\/person\/image\/\",\"url\":\"https:\/\/secure.gravatar.com\/avatar\/9311295560bdfbdf78365a26f7df1876?s=96&d=blank&r=g\",\"contentUrl\":\"https:\/\/secure.gravatar.com\/avatar\/9311295560bdfbdf78365a26f7df1876?s=96&d=blank&r=g\",\"caption\":\"Annie Carriage\"},\"url\":\"https:\/\/www.budokampsport.se\/author\/annie-bondefelt\/\"}]}<\/script>\n<!-- \/ Yoast SEO plugin. -->","yoast_head_json":{"title":"F\u00f6lj VM i wushu - Svenska Budo &amp; Kampsportsf\u00f6rbundet","description":"Imorgon inleds VM i wushu, \u00f6ver 700 deltagare ber\u00e4knas delta n\u00e4r m\u00e4sterskapen drar ig\u00e5ng i den ryska staden Kazan. F\u00f6lj m\u00e4sterskapst\u00e4vlingarna live h\u00e4r. \u2013","robots":{"index":"index","follow":"follow","max-snippet":"max-snippet:-1","max-image-preview":"max-image-preview:large","max-video-preview":"max-video-preview:-1"},"canonical":"https:\/\/www.budokampsport.se\/2017\/09\/26\/folj-vm-wushu\/","og_locale":"sv_SE","og_type":"article","og_title":"F\u00f6lj VM i wushu - Svenska Budo &amp; Kampsportsf\u00f6rbundet","og_description":"Imorgon inleds VM i wushu, \u00f6ver 700 deltagare ber\u00e4knas delta n\u00e4r m\u00e4sterskapen drar ig\u00e5ng i den ryska staden Kazan. F\u00f6lj m\u00e4sterskapst\u00e4vlingarna live h\u00e4r. \u2013","og_url":"https:\/\/www.budokampsport.se\/2017\/09\/26\/folj-vm-wushu\/","og_site_name":"Svenska Budo &amp; Kampsportsf\u00f6rbundet","article_published_time":"2017-09-26T12:33:41+00:00","og_image":[{"width":743,"height":583,"url":"https:\/\/www.budokampsport.se\/wp-content\/uploads\/2017\/09\/an.png","type":"image\/png"}],"author":"Annie Carriage","twitter_card":"summary_large_image","twitter_misc":{"Skriven av":"Annie Carriage","Ber\u00e4knad l\u00e4stid":"1 minut"},"schema":{"@context":"https:\/\/schema.org","@graph":[{"@type":"Article","@id":"https:\/\/www.budokampsport.se\/2017\/09\/26\/folj-vm-wushu\/#article","isPartOf":{"@id":"https:\/\/www.budokampsport.se\/2017\/09\/26\/folj-vm-wushu\/"},"author":{"name":"Annie Carriage","@id":"https:\/\/www.budokampsport.se\/#\/schema\/person\/c838cace8171f692e363fde3f38f208b"},"headline":"F\u00f6lj VM i wushu","datePublished":"2017-09-26T12:33:41+00:00","mainEntityOfPage":{"@id":"https:\/\/www.budokampsport.se\/2017\/09\/26\/folj-vm-wushu\/"},"wordCount":151,"commentCount":0,"image":{"@id":"https:\/\/www.budokampsport.se\/2017\/09\/26\/folj-vm-wushu\/#primaryimage"},"thumbnailUrl":"https:\/\/www.budokampsport.se\/wp-content\/uploads\/2017\/09\/an.png","inLanguage":"sv-SE","potentialAction":[{"@type":"CommentAction","name":"Comment","target":["https:\/\/www.budokampsport.se\/2017\/09\/26\/folj-vm-wushu\/#respond"]}]},{"@type":"WebPage","@id":"https:\/\/www.budokampsport.se\/2017\/09\/26\/folj-vm-wushu\/","url":"https:\/\/www.budokampsport.se\/2017\/09\/26\/folj-vm-wushu\/","name":"F\u00f6lj VM i wushu - Svenska Budo &amp; Kampsportsf\u00f6rbundet","isPartOf":{"@id":"https:\/\/www.budokampsport.se\/#website"},"primaryImageOfPage":{"@id":"https:\/\/www.budokampsport.se\/2017\/09\/26\/folj-vm-wushu\/#primaryimage"},"image":{"@id":"https:\/\/www.budokampsport.se\/2017\/09\/26\/folj-vm-wushu\/#primaryimage"},"thumbnailUrl":"https:\/\/www.budokampsport.se\/wp-content\/uploads\/2017\/09\/an.png","datePublished":"2017-09-26T12:33:41+00:00","author":{"@id":"https:\/\/www.budokampsport.se\/#\/schema\/person\/c838cace8171f692e363fde3f38f208b"},"description":"Imorgon inleds VM i wushu, \u00f6ver 700 deltagare ber\u00e4knas delta n\u00e4r m\u00e4sterskapen drar ig\u00e5ng i den ryska staden Kazan. F\u00f6lj m\u00e4sterskapst\u00e4vlingarna live h\u00e4r. \u2013","breadcrumb":{"@id":"https:\/\/www.budokampsport.se\/2017\/09\/26\/folj-vm-wushu\/#breadcrumb"},"inLanguage":"sv-SE","potentialAction":[{"@type":"ReadAction","target":["https:\/\/www.budokampsport.se\/2017\/09\/26\/folj-vm-wushu\/"]}]},{"@type":"ImageObject","inLanguage":"sv-SE","@id":"https:\/\/www.budokampsport.se\/2017\/09\/26\/folj-vm-wushu\/#primaryimage","url":"https:\/\/www.budokampsport.se\/wp-content\/uploads\/2017\/09\/an.png","contentUrl":"https:\/\/www.budokampsport.se\/wp-content\/uploads\/2017\/09\/an.png","width":743,"height":583,"caption":"Foto: Anton Svedberg"},{"@type":"BreadcrumbList","@id":"https:\/\/www.budokampsport.se\/2017\/09\/26\/folj-vm-wushu\/#breadcrumb","itemListElement":[{"@type":"ListItem","position":1,"name":"Hem","item":"https:\/\/www.budokampsport.se\/"},{"@type":"ListItem","position":2,"name":"F\u00f6lj VM i wushu"}]},{"@type":"WebSite","@id":"https:\/\/www.budokampsport.se\/#website","url":"https:\/\/www.budokampsport.se\/","name":"Svenska Budo &amp; Kampsportsf\u00f6rbundet","description":"T\u00e4vling, Tr\u00e4ning, Tradition","potentialAction":[{"@type":"SearchAction","target":{"@type":"EntryPoint","urlTemplate":"https:\/\/www.budokampsport.se\/?s={search_term_string}"},"query-input":{"@type":"PropertyValueSpecification","valueRequired":true,"valueName":"search_term_string"}}],"inLanguage":"sv-SE"},{"@type":"Person","@id":"https:\/\/www.budokampsport.se\/#\/schema\/person\/c838cace8171f692e363fde3f38f208b","name":"Annie Carriage","image":{"@type":"ImageObject","inLanguage":"sv-SE","@id":"https:\/\/www.budokampsport.se\/#\/schema\/person\/image\/","url":"https:\/\/secure.gravatar.com\/avatar\/9311295560bdfbdf78365a26f7df1876?s=96&d=blank&r=g","contentUrl":"https:\/\/secure.gravatar.com\/avatar\/9311295560bdfbdf78365a26f7df1876?s=96&d=blank&r=g","caption":"Annie Carriage"},"url":"https:\/\/www.budokampsport.se\/author\/annie-bondefelt\/"}]}},"_links":{"self":[{"href":"https:\/\/www.budokampsport.se\/api\/wp\/v2\/posts\/50368","targetHints":{"allow":["GET"]}}],"collection":[{"href":"https:\/\/www.budokampsport.se\/api\/wp\/v2\/posts"}],"about":[{"href":"https:\/\/www.budokampsport.se\/api\/wp\/v2\/types\/post"}],"author":[{"embeddable":true,"href":"https:\/\/www.budokampsport.se\/api\/wp\/v2\/users\/120"}],"replies":[{"embeddable":true,"href":"https:\/\/www.budokampsport.se\/api\/wp\/v2\/comments?post=50368"}],"version-history":[{"count":0,"href":"https:\/\/www.budokampsport.se\/api\/wp\/v2\/posts\/50368\/revisions"}],"wp:featuredmedia":[{"embeddable":true,"href":"https:\/\/www.budokampsport.se\/api\/wp\/v2\/media\/49266"}],"wp:attachment":[{"href":"https:\/\/www.budokampsport.se\/api\/wp\/v2\/media?parent=50368"}],"wp:term":[{"taxonomy":"category","embeddable":true,"href":"https:\/\/www.budokampsport.se\/api\/wp\/v2\/categories?post=50368"},{"taxonomy":"post_tag","embeddable":true,"href":"https:\/\/www.budokampsport.se\/api\/wp\/v2\/tags?post=50368"}],"curies":[{"name":"wp","href":"https:\/\/api.w.org\/{rel}","templated":true}]}}