{"id":5063,"date":"2014-05-27T11:06:53","date_gmt":"2014-05-27T09:06:53","guid":{"rendered":"http:\/\/budo.wordpress.dev\/2014\/05\/27\/truppen-till-em-i-kyokushin\/"},"modified":"2016-12-06T22:37:26","modified_gmt":"2016-12-06T21:37:26","slug":"truppen-till-em-i-kyokushin","status":"publish","type":"post","link":"https:\/\/www.budokampsport.se\/2014\/05\/27\/truppen-till-em-i-kyokushin\/","title":{"rendered":"Truppen till EM i kyokushin"},"content":{"rendered":"<p><strong><img decoding=\"async\" alt=\"\" src=\"\/sites\/default\/files\/em_kyokushin.gif\" style=\"height:152px; width:435px\"><br \/>Sverige \u00e4r p\u00e5 medaljjakt i kyokushin, fullkontaktskarate, n\u00e4r EM i Azerbaijan n\u00e4rmar sig. M\u00e4sterskapet avg\u00f6rs mellan 30-31 maj.<\/strong><!--break--><\/p>\n<p>Det \u00e4r ett stort och brett landslag som \u00e5ker till Azerbaijan f\u00f6r EM i kyokushin.<\/p>\n<p>Men det \u00e4r ett svenskt landslag som f\u00e5r klara sig utan storstj\u00e4rnan Jimmie Collin, som av medicinska sk\u00e4l tvingas st\u00e5 \u00f6ver.<\/p>\n<p>Fredrik Olsson fr\u00e5n G\u00f6teborg och Cecilia Wallin fr\u00e5n Mj\u00f6lby har vunnit EM-medaljer f\u00f6rr och f\u00e5r p\u00e5 f\u00f6rhand r\u00e4knas som Sveriges st\u00f6rsta hopp om medalj under m\u00e4sterskapet.<\/p>\n<p>I juniorklassen ifjol tog Sanne Larsson fr\u00e5n Uppsala ett silver och har potential att till och med f\u00f6rb\u00e4ttra det resultatet.<\/p>\n<p>Sedan har Chalita Andersson fr\u00e5n Bollebygd varit en framst\u00e5ende junior p\u00e5 katasidan \u2013 nu g\u00f6r hon sitt f\u00f6rsta m\u00e4sterskap i seniorklass, vilket blir v\u00e4ldigt intressant att f\u00f6lja.<\/p>\n<p><strong>H\u00e4r \u00e4r truppen i sin helhet.<\/strong><\/p>\n<p><strong>Herrar +90 kg<\/strong><br \/>Fredrik Olsson, Keiko karates\u00e4llskap<br \/>Simon P\u00e5lsson, Keiko karates\u00e4llskap<\/p>\n<p><strong>Herrar -80 kg<\/strong><br \/>Oscar Bertilsson, KFUM Uppsala kyokushin<\/p>\n<p><strong>Damer\u00a0 +65 kg<\/strong><br \/>Sara H\u00e4gge, G\u00f6teborgs karate kai<\/p>\n<p><strong>Damer -65 kg<\/strong><br \/>Cecilia Wallin, Mj\u00f6lby Budoklubb<br \/>Johanna Rapp, Stockholms kyokushin<\/p>\n<p><strong>Junior herr<\/strong><br \/>Milad Ziyafatalla Samizade, Banzai karate kai<\/p>\n<p><strong>Junior dam<\/strong><br \/>Sanne Larsson, KFUM Uppsala kyokushin<\/p>\n<p><strong>Kata herr<\/strong><br \/>Johan Edin, KS Ume\u00e5 kyokushinkai<br \/>Andreas Tampe, KFUM Uppsala kyokushin<\/p>\n<p><strong>Kata dam<\/strong><br \/>Alicia Edin, KS Ume\u00e5 kyokushinkai<br \/>Chalita Andersson, Bollebygd<\/p>\n<p>Text: Jonathan Broberg<\/p>\n","protected":false},"excerpt":{"rendered":"<p><strong><img decoding=\"async\" alt=\"\" src=\"\/sites\/default\/files\/em_kyokushin.gif\" style=\"height:152px; width:435px\"><br \/>Sverige \u00e4r p\u00e5 medaljjakt i kyokushin, fullkontaktskarate, n\u00e4r EM i Azerbaijan n\u00e4rmar sig. M\u00e4sterskapet avg\u00f6rs mellan 30-31 maj.<\/strong><\/p><br>","protected":false},"author":7,"featured_media":0,"comment_status":"closed","ping_status":"closed","sticky":false,"template":"","format":"standard","meta":{"_acf_changed":false,"footnotes":""},"categories":[1],"tags":[],"class_list":["post-5063","post","type-post","status-publish","format-standard","hentry","category-okategoriserade"],"acf":[],"yoast_head":"<!-- This site is optimized with the Yoast SEO plugin v26.8 - https:\/\/yoast.com\/product\/yoast-seo-wordpress\/ -->\n<title>Truppen till EM i kyokushin - Svenska Budo &amp; Kampsportsf\u00f6rbundet<\/title>\n<meta name=\"description\" content=\"Sverige \u00e4r p\u00e5 medaljjakt i kyokushin, fullkontaktskarate, n\u00e4r EM i Azerbaijan n\u00e4rmar sig. M\u00e4sterskapet avg\u00f6rs mellan 30-31 maj.\" \/>\n<meta name=\"robots\" content=\"index, follow, max-snippet:-1, max-image-preview:large, max-video-preview:-1\" \/>\n<link rel=\"canonical\" href=\"https:\/\/www.budokampsport.se\/2014\/05\/27\/truppen-till-em-i-kyokushin\/\" \/>\n<meta property=\"og:locale\" content=\"sv_SE\" \/>\n<meta property=\"og:type\" content=\"article\" \/>\n<meta property=\"og:title\" content=\"Truppen till EM i kyokushin - Svenska Budo &amp; Kampsportsf\u00f6rbundet\" \/>\n<meta property=\"og:description\" content=\"Sverige \u00e4r p\u00e5 medaljjakt i kyokushin, fullkontaktskarate, n\u00e4r EM i Azerbaijan n\u00e4rmar sig. M\u00e4sterskapet avg\u00f6rs mellan 30-31 maj.\" \/>\n<meta property=\"og:url\" content=\"https:\/\/www.budokampsport.se\/2014\/05\/27\/truppen-till-em-i-kyokushin\/\" \/>\n<meta property=\"og:site_name\" content=\"Svenska Budo &amp; Kampsportsf\u00f6rbundet\" \/>\n<meta property=\"article:author\" content=\"https:\/\/www.facebook.com\/jonathan.broberg.7\" \/>\n<meta property=\"article:published_time\" content=\"2014-05-27T09:06:53+00:00\" \/>\n<meta property=\"article:modified_time\" content=\"2016-12-06T21:37:26+00:00\" \/>\n<meta name=\"author\" content=\"Jonathan Broberg\" \/>\n<meta name=\"twitter:card\" content=\"summary_large_image\" \/>\n<meta name=\"twitter:label1\" content=\"Skriven av\" \/>\n\t<meta name=\"twitter:data1\" content=\"Jonathan Broberg\" \/>\n\t<meta name=\"twitter:label2\" content=\"Ber\u00e4knad l\u00e4stid\" \/>\n\t<meta name=\"twitter:data2\" content=\"1 minut\" \/>\n<script type=\"application\/ld+json\" class=\"yoast-schema-graph\">{\"@context\":\"https:\/\/schema.org\",\"@graph\":[{\"@type\":\"Article\",\"@id\":\"https:\/\/www.budokampsport.se\/2014\/05\/27\/truppen-till-em-i-kyokushin\/#article\",\"isPartOf\":{\"@id\":\"https:\/\/www.budokampsport.se\/2014\/05\/27\/truppen-till-em-i-kyokushin\/\"},\"author\":{\"name\":\"Jonathan Broberg\",\"@id\":\"https:\/\/www.budokampsport.se\/#\/schema\/person\/5c06d81d14850e2a8ce5493386560145\"},\"headline\":\"Truppen till EM i kyokushin\",\"datePublished\":\"2014-05-27T09:06:53+00:00\",\"dateModified\":\"2016-12-06T21:37:26+00:00\",\"mainEntityOfPage\":{\"@id\":\"https:\/\/www.budokampsport.se\/2014\/05\/27\/truppen-till-em-i-kyokushin\/\"},\"wordCount\":244,\"inLanguage\":\"sv-SE\"},{\"@type\":\"WebPage\",\"@id\":\"https:\/\/www.budokampsport.se\/2014\/05\/27\/truppen-till-em-i-kyokushin\/\",\"url\":\"https:\/\/www.budokampsport.se\/2014\/05\/27\/truppen-till-em-i-kyokushin\/\",\"name\":\"Truppen till EM i kyokushin - Svenska Budo &amp; Kampsportsf\u00f6rbundet\",\"isPartOf\":{\"@id\":\"https:\/\/www.budokampsport.se\/#website\"},\"datePublished\":\"2014-05-27T09:06:53+00:00\",\"dateModified\":\"2016-12-06T21:37:26+00:00\",\"author\":{\"@id\":\"https:\/\/www.budokampsport.se\/#\/schema\/person\/5c06d81d14850e2a8ce5493386560145\"},\"description\":\"Sverige \u00e4r p\u00e5 medaljjakt i kyokushin, fullkontaktskarate, n\u00e4r EM i Azerbaijan n\u00e4rmar sig. M\u00e4sterskapet avg\u00f6rs mellan 30-31 maj.\",\"breadcrumb\":{\"@id\":\"https:\/\/www.budokampsport.se\/2014\/05\/27\/truppen-till-em-i-kyokushin\/#breadcrumb\"},\"inLanguage\":\"sv-SE\",\"potentialAction\":[{\"@type\":\"ReadAction\",\"target\":[\"https:\/\/www.budokampsport.se\/2014\/05\/27\/truppen-till-em-i-kyokushin\/\"]}]},{\"@type\":\"BreadcrumbList\",\"@id\":\"https:\/\/www.budokampsport.se\/2014\/05\/27\/truppen-till-em-i-kyokushin\/#breadcrumb\",\"itemListElement\":[{\"@type\":\"ListItem\",\"position\":1,\"name\":\"Hem\",\"item\":\"https:\/\/www.budokampsport.se\/\"},{\"@type\":\"ListItem\",\"position\":2,\"name\":\"Truppen till EM i kyokushin\"}]},{\"@type\":\"WebSite\",\"@id\":\"https:\/\/www.budokampsport.se\/#website\",\"url\":\"https:\/\/www.budokampsport.se\/\",\"name\":\"Svenska Budo &amp; Kampsportsf\u00f6rbundet\",\"description\":\"T\u00e4vling, Tr\u00e4ning, Tradition\",\"potentialAction\":[{\"@type\":\"SearchAction\",\"target\":{\"@type\":\"EntryPoint\",\"urlTemplate\":\"https:\/\/www.budokampsport.se\/?s={search_term_string}\"},\"query-input\":{\"@type\":\"PropertyValueSpecification\",\"valueRequired\":true,\"valueName\":\"search_term_string\"}}],\"inLanguage\":\"sv-SE\"},{\"@type\":\"Person\",\"@id\":\"https:\/\/www.budokampsport.se\/#\/schema\/person\/5c06d81d14850e2a8ce5493386560145\",\"name\":\"Jonathan Broberg\",\"image\":{\"@type\":\"ImageObject\",\"inLanguage\":\"sv-SE\",\"@id\":\"https:\/\/www.budokampsport.se\/#\/schema\/person\/image\/\",\"url\":\"https:\/\/secure.gravatar.com\/avatar\/a58041c6cea9128bd9c40ee2f26d4136?s=96&d=blank&r=g\",\"contentUrl\":\"https:\/\/secure.gravatar.com\/avatar\/a58041c6cea9128bd9c40ee2f26d4136?s=96&d=blank&r=g\",\"caption\":\"Jonathan Broberg\"},\"sameAs\":[\"https:\/\/www.facebook.com\/jonathan.broberg.7\"],\"url\":\"https:\/\/www.budokampsport.se\/author\/jonathan\/\"}]}<\/script>\n<!-- \/ Yoast SEO plugin. -->","yoast_head_json":{"title":"Truppen till EM i kyokushin - Svenska Budo &amp; Kampsportsf\u00f6rbundet","description":"Sverige \u00e4r p\u00e5 medaljjakt i kyokushin, fullkontaktskarate, n\u00e4r EM i Azerbaijan n\u00e4rmar sig. M\u00e4sterskapet avg\u00f6rs mellan 30-31 maj.","robots":{"index":"index","follow":"follow","max-snippet":"max-snippet:-1","max-image-preview":"max-image-preview:large","max-video-preview":"max-video-preview:-1"},"canonical":"https:\/\/www.budokampsport.se\/2014\/05\/27\/truppen-till-em-i-kyokushin\/","og_locale":"sv_SE","og_type":"article","og_title":"Truppen till EM i kyokushin - Svenska Budo &amp; Kampsportsf\u00f6rbundet","og_description":"Sverige \u00e4r p\u00e5 medaljjakt i kyokushin, fullkontaktskarate, n\u00e4r EM i Azerbaijan n\u00e4rmar sig. M\u00e4sterskapet avg\u00f6rs mellan 30-31 maj.","og_url":"https:\/\/www.budokampsport.se\/2014\/05\/27\/truppen-till-em-i-kyokushin\/","og_site_name":"Svenska Budo &amp; Kampsportsf\u00f6rbundet","article_author":"https:\/\/www.facebook.com\/jonathan.broberg.7","article_published_time":"2014-05-27T09:06:53+00:00","article_modified_time":"2016-12-06T21:37:26+00:00","author":"Jonathan Broberg","twitter_card":"summary_large_image","twitter_misc":{"Skriven av":"Jonathan Broberg","Ber\u00e4knad l\u00e4stid":"1 minut"},"schema":{"@context":"https:\/\/schema.org","@graph":[{"@type":"Article","@id":"https:\/\/www.budokampsport.se\/2014\/05\/27\/truppen-till-em-i-kyokushin\/#article","isPartOf":{"@id":"https:\/\/www.budokampsport.se\/2014\/05\/27\/truppen-till-em-i-kyokushin\/"},"author":{"name":"Jonathan Broberg","@id":"https:\/\/www.budokampsport.se\/#\/schema\/person\/5c06d81d14850e2a8ce5493386560145"},"headline":"Truppen till EM i kyokushin","datePublished":"2014-05-27T09:06:53+00:00","dateModified":"2016-12-06T21:37:26+00:00","mainEntityOfPage":{"@id":"https:\/\/www.budokampsport.se\/2014\/05\/27\/truppen-till-em-i-kyokushin\/"},"wordCount":244,"inLanguage":"sv-SE"},{"@type":"WebPage","@id":"https:\/\/www.budokampsport.se\/2014\/05\/27\/truppen-till-em-i-kyokushin\/","url":"https:\/\/www.budokampsport.se\/2014\/05\/27\/truppen-till-em-i-kyokushin\/","name":"Truppen till EM i kyokushin - Svenska Budo &amp; Kampsportsf\u00f6rbundet","isPartOf":{"@id":"https:\/\/www.budokampsport.se\/#website"},"datePublished":"2014-05-27T09:06:53+00:00","dateModified":"2016-12-06T21:37:26+00:00","author":{"@id":"https:\/\/www.budokampsport.se\/#\/schema\/person\/5c06d81d14850e2a8ce5493386560145"},"description":"Sverige \u00e4r p\u00e5 medaljjakt i kyokushin, fullkontaktskarate, n\u00e4r EM i Azerbaijan n\u00e4rmar sig. M\u00e4sterskapet avg\u00f6rs mellan 30-31 maj.","breadcrumb":{"@id":"https:\/\/www.budokampsport.se\/2014\/05\/27\/truppen-till-em-i-kyokushin\/#breadcrumb"},"inLanguage":"sv-SE","potentialAction":[{"@type":"ReadAction","target":["https:\/\/www.budokampsport.se\/2014\/05\/27\/truppen-till-em-i-kyokushin\/"]}]},{"@type":"BreadcrumbList","@id":"https:\/\/www.budokampsport.se\/2014\/05\/27\/truppen-till-em-i-kyokushin\/#breadcrumb","itemListElement":[{"@type":"ListItem","position":1,"name":"Hem","item":"https:\/\/www.budokampsport.se\/"},{"@type":"ListItem","position":2,"name":"Truppen till EM i kyokushin"}]},{"@type":"WebSite","@id":"https:\/\/www.budokampsport.se\/#website","url":"https:\/\/www.budokampsport.se\/","name":"Svenska Budo &amp; Kampsportsf\u00f6rbundet","description":"T\u00e4vling, Tr\u00e4ning, Tradition","potentialAction":[{"@type":"SearchAction","target":{"@type":"EntryPoint","urlTemplate":"https:\/\/www.budokampsport.se\/?s={search_term_string}"},"query-input":{"@type":"PropertyValueSpecification","valueRequired":true,"valueName":"search_term_string"}}],"inLanguage":"sv-SE"},{"@type":"Person","@id":"https:\/\/www.budokampsport.se\/#\/schema\/person\/5c06d81d14850e2a8ce5493386560145","name":"Jonathan Broberg","image":{"@type":"ImageObject","inLanguage":"sv-SE","@id":"https:\/\/www.budokampsport.se\/#\/schema\/person\/image\/","url":"https:\/\/secure.gravatar.com\/avatar\/a58041c6cea9128bd9c40ee2f26d4136?s=96&d=blank&r=g","contentUrl":"https:\/\/secure.gravatar.com\/avatar\/a58041c6cea9128bd9c40ee2f26d4136?s=96&d=blank&r=g","caption":"Jonathan Broberg"},"sameAs":["https:\/\/www.facebook.com\/jonathan.broberg.7"],"url":"https:\/\/www.budokampsport.se\/author\/jonathan\/"}]}},"_links":{"self":[{"href":"https:\/\/www.budokampsport.se\/api\/wp\/v2\/posts\/5063","targetHints":{"allow":["GET"]}}],"collection":[{"href":"https:\/\/www.budokampsport.se\/api\/wp\/v2\/posts"}],"about":[{"href":"https:\/\/www.budokampsport.se\/api\/wp\/v2\/types\/post"}],"author":[{"embeddable":true,"href":"https:\/\/www.budokampsport.se\/api\/wp\/v2\/users\/7"}],"replies":[{"embeddable":true,"href":"https:\/\/www.budokampsport.se\/api\/wp\/v2\/comments?post=5063"}],"version-history":[{"count":0,"href":"https:\/\/www.budokampsport.se\/api\/wp\/v2\/posts\/5063\/revisions"}],"wp:attachment":[{"href":"https:\/\/www.budokampsport.se\/api\/wp\/v2\/media?parent=5063"}],"wp:term":[{"taxonomy":"category","embeddable":true,"href":"https:\/\/www.budokampsport.se\/api\/wp\/v2\/categories?post=5063"},{"taxonomy":"post_tag","embeddable":true,"href":"https:\/\/www.budokampsport.se\/api\/wp\/v2\/tags?post=5063"}],"curies":[{"name":"wp","href":"https:\/\/api.w.org\/{rel}","templated":true}]}}