{"id":5089,"date":"2014-07-02T23:10:53","date_gmt":"2014-07-02T21:10:53","guid":{"rendered":"http:\/\/budo.wordpress.dev\/2014\/07\/02\/ingen-final-men-val-ett-vm-brons-for-alexander-parleros\/"},"modified":"2016-12-06T22:37:32","modified_gmt":"2016-12-06T21:37:32","slug":"ingen-final-men-val-ett-vm-brons-for-alexander-parleros","status":"publish","type":"post","link":"https:\/\/www.budokampsport.se\/2014\/07\/02\/ingen-final-men-val-ett-vm-brons-for-alexander-parleros\/","title":{"rendered":"Ingen final \u2013 men v\u00e4l ett VM-brons f\u00f6r Alexander P\u00e4rleros"},"content":{"rendered":"<p><strong><img decoding=\"async\" alt=\"\" src=\"\/sites\/default\/files\/parleros_2.jpg\" style=\"height:290px; width:435px\"><br \/>Alexander P\u00e4rleros lyckades under g\u00e5rdagen vinna sin kvartsfinal efter dryga minuten, idag f\u00f6rlorade han semifinalen i herrarnas heavyweight mot \u00f6sterrikaren Hans Lackner efter drygt tv\u00e5 minuter. \u00d6sterrikaren tr\u00e4ffade med en h\u00e5rd h\u00f6ger som s\u00e4nkte svensken.<br \/>\u00a0\u00a0 &#8211; Jag tyckte jag hade relativ kontroll, men det h\u00e4r \u00e4r heavyweight, det kan r\u00e4cka med en tr\u00e4ff, s\u00e4ger han till budokampsport.se.<\/strong><!--break--><\/p>\n<p>Semifinalen i herrarnas heavyweight i VM i Las Vegas mellan Alexander P\u00e4rleros och Hans Lackner fr\u00e5n \u00d6sterrike \u00f6verraskade med h\u00f6gt tempo och flera fina kombinationer.<\/p>\n<p>Och inte s\u00e4llan inledningsvis var det svenske P\u00e4rleros som stod f\u00f6r det kvalitativa. Svensken hade det b\u00e4ttre fotarbetet, k\u00e4ndes ocks\u00e5 lite mer planerad och \u00f6ppnade bitvis upp Lackners f\u00f6rsvar.<br \/>\u00a0\u00a0 &#8211; Det k\u00e4ndes ganska bra. Visst, han sl\u00e5r h\u00e5rt och han var den absolut b\u00e4sta motst\u00e5ndare jag har m\u00f6tt. Men jag k\u00e4nde mig ganska trygg och han hotade egentligen bara med h\u00e5rda svingar som inte var speciellt v\u00e4lriktade.<\/p>\n<p>Men en tr\u00e4ff kan ibland r\u00e4cka i den h\u00e4r sporten. N\u00e4r det k\u00e4ndes som att P\u00e4rleros hade kommit in i matchen, och faktiskt styrde den, kom Lackners h\u00e5rda h\u00f6ger och den f\u00e4llde svensken till marken.<br \/>\u00a0\u00a0 &#8211; Klart det k\u00e4nns j\u00e4kligt surt, eftersom jag k\u00e4nde att matchen b\u00f6rjade tippa \u00f6ver till min f\u00f6rdel. Dessutom vet jag att jag har bra kondition och hade jag f\u00e5tt matchen l\u00e4ngre hade han kanske inte orkat.<\/p>\n<p><strong>&#8220;VM-brons, j\u00e4tteh\u00e4ftigt&#8221;<\/strong><br \/>Men P\u00e4rleros \u00e5ker \u00e4nda hem med en stark bronspeng. N\u00e5got han hoppas ska kunna \u00f6ppna d\u00f6rrar fram\u00f6ver.<br \/>\u00a0\u00a0 &#8211; S\u00e5 h\u00e4r direkt efter en f\u00f6rlust \u00e4r det sv\u00e5rt att vara glad, men det \u00e4r klart att jag \u00e4r stolt \u00f6ver vad jag \u00e4nd\u00e5 har presterat. Ett VM-brons, att vara tredje-fj\u00e4rde b\u00e4st i v\u00e4rlden i amat\u00f6rregler, det \u00e4r ju j\u00e4tteh\u00e4ftigt.<\/p>\n<p>Text: Jonathan Broberg<br \/>Foto: Mona Lundkvist<\/p>\n","protected":false},"excerpt":{"rendered":"<p><strong><img decoding=\"async\" alt=\"\" src=\"\/sites\/default\/files\/parleros_2.jpg\" style=\"height:290px; width:435px\"><br \/>Alexander P\u00e4rleros lyckades under g\u00e5rdagen vinna sin kvartsfinal efter dryga minuten, idag f\u00f6rlorade han semifinalen i herrarnas heavyweight mot \u00f6sterrikaren Hans Lackner efter drygt tv\u00e5 minuter. \u00d6sterrikaren tr\u00e4ffade med en h\u00e5rd h\u00f6ger som s\u00e4nkte svensken.<br \/>\u00a0\u00a0 &#8211; Jag tyckte jag hade relativ kontroll, men det h\u00e4r \u00e4r heavyweight, det kan r\u00e4cka med en tr\u00e4ff, s\u00e4ger han till budokampsport.se.<\/strong><\/p><br>","protected":false},"author":7,"featured_media":0,"comment_status":"closed","ping_status":"closed","sticky":false,"template":"","format":"standard","meta":{"_acf_changed":false,"footnotes":""},"categories":[1],"tags":[],"class_list":["post-5089","post","type-post","status-publish","format-standard","hentry","category-okategoriserade"],"acf":[],"yoast_head":"<!-- This site is optimized with the Yoast SEO plugin v26.8 - https:\/\/yoast.com\/product\/yoast-seo-wordpress\/ -->\n<title>Ingen final \u2013 men v\u00e4l ett VM-brons f\u00f6r Alexander P\u00e4rleros - Svenska Budo &amp; Kampsportsf\u00f6rbundet<\/title>\n<meta name=\"description\" content=\"Alexander P\u00e4rleros lyckades under g\u00e5rdagen vinna sin kvartsfinal efter dryga minuten, idag f\u00f6rlorade han semifinalen i herrarnas heavyweight mot \u00f6sterrikaren Hans Lackner efter drygt tv\u00e5 minuter. \u00d6sterrikaren tr\u00e4ffade med en h\u00e5rd h\u00f6ger som s\u00e4nkte svensken.\u00a0\u00a0 - Jag tyckte jag hade relativ kontroll, men det h\u00e4r \u00e4r heavyweight, det kan r\u00e4cka med en tr\u00e4ff, s\u00e4ger han till budokampsport.se.\" \/>\n<meta name=\"robots\" content=\"index, follow, max-snippet:-1, max-image-preview:large, max-video-preview:-1\" \/>\n<link rel=\"canonical\" href=\"https:\/\/www.budokampsport.se\/2014\/07\/02\/ingen-final-men-val-ett-vm-brons-for-alexander-parleros\/\" \/>\n<meta property=\"og:locale\" content=\"sv_SE\" \/>\n<meta property=\"og:type\" content=\"article\" \/>\n<meta property=\"og:title\" content=\"Ingen final \u2013 men v\u00e4l ett VM-brons f\u00f6r Alexander P\u00e4rleros - Svenska Budo &amp; Kampsportsf\u00f6rbundet\" \/>\n<meta property=\"og:description\" content=\"Alexander P\u00e4rleros lyckades under g\u00e5rdagen vinna sin kvartsfinal efter dryga minuten, idag f\u00f6rlorade han semifinalen i herrarnas heavyweight mot \u00f6sterrikaren Hans Lackner efter drygt tv\u00e5 minuter. \u00d6sterrikaren tr\u00e4ffade med en h\u00e5rd h\u00f6ger som s\u00e4nkte svensken.\u00a0\u00a0 - Jag tyckte jag hade relativ kontroll, men det h\u00e4r \u00e4r heavyweight, det kan r\u00e4cka med en tr\u00e4ff, s\u00e4ger han till budokampsport.se.\" \/>\n<meta property=\"og:url\" content=\"https:\/\/www.budokampsport.se\/2014\/07\/02\/ingen-final-men-val-ett-vm-brons-for-alexander-parleros\/\" \/>\n<meta property=\"og:site_name\" content=\"Svenska Budo &amp; Kampsportsf\u00f6rbundet\" \/>\n<meta property=\"article:author\" content=\"https:\/\/www.facebook.com\/jonathan.broberg.7\" \/>\n<meta property=\"article:published_time\" content=\"2014-07-02T21:10:53+00:00\" \/>\n<meta property=\"article:modified_time\" content=\"2016-12-06T21:37:32+00:00\" \/>\n<meta name=\"author\" content=\"Jonathan Broberg\" \/>\n<meta name=\"twitter:card\" content=\"summary_large_image\" \/>\n<meta name=\"twitter:label1\" content=\"Skriven av\" \/>\n\t<meta name=\"twitter:data1\" content=\"Jonathan Broberg\" \/>\n\t<meta name=\"twitter:label2\" content=\"Ber\u00e4knad l\u00e4stid\" \/>\n\t<meta name=\"twitter:data2\" content=\"2 minuter\" \/>\n<script type=\"application\/ld+json\" class=\"yoast-schema-graph\">{\"@context\":\"https:\/\/schema.org\",\"@graph\":[{\"@type\":\"Article\",\"@id\":\"https:\/\/www.budokampsport.se\/2014\/07\/02\/ingen-final-men-val-ett-vm-brons-for-alexander-parleros\/#article\",\"isPartOf\":{\"@id\":\"https:\/\/www.budokampsport.se\/2014\/07\/02\/ingen-final-men-val-ett-vm-brons-for-alexander-parleros\/\"},\"author\":{\"name\":\"Jonathan Broberg\",\"@id\":\"https:\/\/www.budokampsport.se\/#\/schema\/person\/5c06d81d14850e2a8ce5493386560145\"},\"headline\":\"Ingen final \u2013 men v\u00e4l ett VM-brons f\u00f6r Alexander P\u00e4rleros\",\"datePublished\":\"2014-07-02T21:10:53+00:00\",\"dateModified\":\"2016-12-06T21:37:32+00:00\",\"mainEntityOfPage\":{\"@id\":\"https:\/\/www.budokampsport.se\/2014\/07\/02\/ingen-final-men-val-ett-vm-brons-for-alexander-parleros\/\"},\"wordCount\":358,\"inLanguage\":\"sv-SE\"},{\"@type\":\"WebPage\",\"@id\":\"https:\/\/www.budokampsport.se\/2014\/07\/02\/ingen-final-men-val-ett-vm-brons-for-alexander-parleros\/\",\"url\":\"https:\/\/www.budokampsport.se\/2014\/07\/02\/ingen-final-men-val-ett-vm-brons-for-alexander-parleros\/\",\"name\":\"Ingen final \u2013 men v\u00e4l ett VM-brons f\u00f6r Alexander P\u00e4rleros - Svenska Budo &amp; Kampsportsf\u00f6rbundet\",\"isPartOf\":{\"@id\":\"https:\/\/www.budokampsport.se\/#website\"},\"datePublished\":\"2014-07-02T21:10:53+00:00\",\"dateModified\":\"2016-12-06T21:37:32+00:00\",\"author\":{\"@id\":\"https:\/\/www.budokampsport.se\/#\/schema\/person\/5c06d81d14850e2a8ce5493386560145\"},\"description\":\"Alexander P\u00e4rleros lyckades under g\u00e5rdagen vinna sin kvartsfinal efter dryga minuten, idag f\u00f6rlorade han semifinalen i herrarnas heavyweight mot \u00f6sterrikaren Hans Lackner efter drygt tv\u00e5 minuter. \u00d6sterrikaren tr\u00e4ffade med en h\u00e5rd h\u00f6ger som s\u00e4nkte svensken.\u00a0\u00a0 - Jag tyckte jag hade relativ kontroll, men det h\u00e4r \u00e4r heavyweight, det kan r\u00e4cka med en tr\u00e4ff, s\u00e4ger han till budokampsport.se.\",\"breadcrumb\":{\"@id\":\"https:\/\/www.budokampsport.se\/2014\/07\/02\/ingen-final-men-val-ett-vm-brons-for-alexander-parleros\/#breadcrumb\"},\"inLanguage\":\"sv-SE\",\"potentialAction\":[{\"@type\":\"ReadAction\",\"target\":[\"https:\/\/www.budokampsport.se\/2014\/07\/02\/ingen-final-men-val-ett-vm-brons-for-alexander-parleros\/\"]}]},{\"@type\":\"BreadcrumbList\",\"@id\":\"https:\/\/www.budokampsport.se\/2014\/07\/02\/ingen-final-men-val-ett-vm-brons-for-alexander-parleros\/#breadcrumb\",\"itemListElement\":[{\"@type\":\"ListItem\",\"position\":1,\"name\":\"Hem\",\"item\":\"https:\/\/www.budokampsport.se\/\"},{\"@type\":\"ListItem\",\"position\":2,\"name\":\"Ingen final \u2013 men v\u00e4l ett VM-brons f\u00f6r Alexander P\u00e4rleros\"}]},{\"@type\":\"WebSite\",\"@id\":\"https:\/\/www.budokampsport.se\/#website\",\"url\":\"https:\/\/www.budokampsport.se\/\",\"name\":\"Svenska Budo &amp; Kampsportsf\u00f6rbundet\",\"description\":\"T\u00e4vling, Tr\u00e4ning, Tradition\",\"potentialAction\":[{\"@type\":\"SearchAction\",\"target\":{\"@type\":\"EntryPoint\",\"urlTemplate\":\"https:\/\/www.budokampsport.se\/?s={search_term_string}\"},\"query-input\":{\"@type\":\"PropertyValueSpecification\",\"valueRequired\":true,\"valueName\":\"search_term_string\"}}],\"inLanguage\":\"sv-SE\"},{\"@type\":\"Person\",\"@id\":\"https:\/\/www.budokampsport.se\/#\/schema\/person\/5c06d81d14850e2a8ce5493386560145\",\"name\":\"Jonathan Broberg\",\"image\":{\"@type\":\"ImageObject\",\"inLanguage\":\"sv-SE\",\"@id\":\"https:\/\/www.budokampsport.se\/#\/schema\/person\/image\/\",\"url\":\"https:\/\/secure.gravatar.com\/avatar\/a58041c6cea9128bd9c40ee2f26d4136?s=96&d=blank&r=g\",\"contentUrl\":\"https:\/\/secure.gravatar.com\/avatar\/a58041c6cea9128bd9c40ee2f26d4136?s=96&d=blank&r=g\",\"caption\":\"Jonathan Broberg\"},\"sameAs\":[\"https:\/\/www.facebook.com\/jonathan.broberg.7\"],\"url\":\"https:\/\/www.budokampsport.se\/author\/jonathan\/\"}]}<\/script>\n<!-- \/ Yoast SEO plugin. -->","yoast_head_json":{"title":"Ingen final \u2013 men v\u00e4l ett VM-brons f\u00f6r Alexander P\u00e4rleros - Svenska Budo &amp; Kampsportsf\u00f6rbundet","description":"Alexander P\u00e4rleros lyckades under g\u00e5rdagen vinna sin kvartsfinal efter dryga minuten, idag f\u00f6rlorade han semifinalen i herrarnas heavyweight mot \u00f6sterrikaren Hans Lackner efter drygt tv\u00e5 minuter. \u00d6sterrikaren tr\u00e4ffade med en h\u00e5rd h\u00f6ger som s\u00e4nkte svensken.\u00a0\u00a0 - Jag tyckte jag hade relativ kontroll, men det h\u00e4r \u00e4r heavyweight, det kan r\u00e4cka med en tr\u00e4ff, s\u00e4ger han till budokampsport.se.","robots":{"index":"index","follow":"follow","max-snippet":"max-snippet:-1","max-image-preview":"max-image-preview:large","max-video-preview":"max-video-preview:-1"},"canonical":"https:\/\/www.budokampsport.se\/2014\/07\/02\/ingen-final-men-val-ett-vm-brons-for-alexander-parleros\/","og_locale":"sv_SE","og_type":"article","og_title":"Ingen final \u2013 men v\u00e4l ett VM-brons f\u00f6r Alexander P\u00e4rleros - Svenska Budo &amp; Kampsportsf\u00f6rbundet","og_description":"Alexander P\u00e4rleros lyckades under g\u00e5rdagen vinna sin kvartsfinal efter dryga minuten, idag f\u00f6rlorade han semifinalen i herrarnas heavyweight mot \u00f6sterrikaren Hans Lackner efter drygt tv\u00e5 minuter. \u00d6sterrikaren tr\u00e4ffade med en h\u00e5rd h\u00f6ger som s\u00e4nkte svensken.\u00a0\u00a0 - Jag tyckte jag hade relativ kontroll, men det h\u00e4r \u00e4r heavyweight, det kan r\u00e4cka med en tr\u00e4ff, s\u00e4ger han till budokampsport.se.","og_url":"https:\/\/www.budokampsport.se\/2014\/07\/02\/ingen-final-men-val-ett-vm-brons-for-alexander-parleros\/","og_site_name":"Svenska Budo &amp; Kampsportsf\u00f6rbundet","article_author":"https:\/\/www.facebook.com\/jonathan.broberg.7","article_published_time":"2014-07-02T21:10:53+00:00","article_modified_time":"2016-12-06T21:37:32+00:00","author":"Jonathan Broberg","twitter_card":"summary_large_image","twitter_misc":{"Skriven av":"Jonathan Broberg","Ber\u00e4knad l\u00e4stid":"2 minuter"},"schema":{"@context":"https:\/\/schema.org","@graph":[{"@type":"Article","@id":"https:\/\/www.budokampsport.se\/2014\/07\/02\/ingen-final-men-val-ett-vm-brons-for-alexander-parleros\/#article","isPartOf":{"@id":"https:\/\/www.budokampsport.se\/2014\/07\/02\/ingen-final-men-val-ett-vm-brons-for-alexander-parleros\/"},"author":{"name":"Jonathan Broberg","@id":"https:\/\/www.budokampsport.se\/#\/schema\/person\/5c06d81d14850e2a8ce5493386560145"},"headline":"Ingen final \u2013 men v\u00e4l ett VM-brons f\u00f6r Alexander P\u00e4rleros","datePublished":"2014-07-02T21:10:53+00:00","dateModified":"2016-12-06T21:37:32+00:00","mainEntityOfPage":{"@id":"https:\/\/www.budokampsport.se\/2014\/07\/02\/ingen-final-men-val-ett-vm-brons-for-alexander-parleros\/"},"wordCount":358,"inLanguage":"sv-SE"},{"@type":"WebPage","@id":"https:\/\/www.budokampsport.se\/2014\/07\/02\/ingen-final-men-val-ett-vm-brons-for-alexander-parleros\/","url":"https:\/\/www.budokampsport.se\/2014\/07\/02\/ingen-final-men-val-ett-vm-brons-for-alexander-parleros\/","name":"Ingen final \u2013 men v\u00e4l ett VM-brons f\u00f6r Alexander P\u00e4rleros - Svenska Budo &amp; Kampsportsf\u00f6rbundet","isPartOf":{"@id":"https:\/\/www.budokampsport.se\/#website"},"datePublished":"2014-07-02T21:10:53+00:00","dateModified":"2016-12-06T21:37:32+00:00","author":{"@id":"https:\/\/www.budokampsport.se\/#\/schema\/person\/5c06d81d14850e2a8ce5493386560145"},"description":"Alexander P\u00e4rleros lyckades under g\u00e5rdagen vinna sin kvartsfinal efter dryga minuten, idag f\u00f6rlorade han semifinalen i herrarnas heavyweight mot \u00f6sterrikaren Hans Lackner efter drygt tv\u00e5 minuter. \u00d6sterrikaren tr\u00e4ffade med en h\u00e5rd h\u00f6ger som s\u00e4nkte svensken.\u00a0\u00a0 - Jag tyckte jag hade relativ kontroll, men det h\u00e4r \u00e4r heavyweight, det kan r\u00e4cka med en tr\u00e4ff, s\u00e4ger han till budokampsport.se.","breadcrumb":{"@id":"https:\/\/www.budokampsport.se\/2014\/07\/02\/ingen-final-men-val-ett-vm-brons-for-alexander-parleros\/#breadcrumb"},"inLanguage":"sv-SE","potentialAction":[{"@type":"ReadAction","target":["https:\/\/www.budokampsport.se\/2014\/07\/02\/ingen-final-men-val-ett-vm-brons-for-alexander-parleros\/"]}]},{"@type":"BreadcrumbList","@id":"https:\/\/www.budokampsport.se\/2014\/07\/02\/ingen-final-men-val-ett-vm-brons-for-alexander-parleros\/#breadcrumb","itemListElement":[{"@type":"ListItem","position":1,"name":"Hem","item":"https:\/\/www.budokampsport.se\/"},{"@type":"ListItem","position":2,"name":"Ingen final \u2013 men v\u00e4l ett VM-brons f\u00f6r Alexander P\u00e4rleros"}]},{"@type":"WebSite","@id":"https:\/\/www.budokampsport.se\/#website","url":"https:\/\/www.budokampsport.se\/","name":"Svenska Budo &amp; Kampsportsf\u00f6rbundet","description":"T\u00e4vling, Tr\u00e4ning, Tradition","potentialAction":[{"@type":"SearchAction","target":{"@type":"EntryPoint","urlTemplate":"https:\/\/www.budokampsport.se\/?s={search_term_string}"},"query-input":{"@type":"PropertyValueSpecification","valueRequired":true,"valueName":"search_term_string"}}],"inLanguage":"sv-SE"},{"@type":"Person","@id":"https:\/\/www.budokampsport.se\/#\/schema\/person\/5c06d81d14850e2a8ce5493386560145","name":"Jonathan Broberg","image":{"@type":"ImageObject","inLanguage":"sv-SE","@id":"https:\/\/www.budokampsport.se\/#\/schema\/person\/image\/","url":"https:\/\/secure.gravatar.com\/avatar\/a58041c6cea9128bd9c40ee2f26d4136?s=96&d=blank&r=g","contentUrl":"https:\/\/secure.gravatar.com\/avatar\/a58041c6cea9128bd9c40ee2f26d4136?s=96&d=blank&r=g","caption":"Jonathan Broberg"},"sameAs":["https:\/\/www.facebook.com\/jonathan.broberg.7"],"url":"https:\/\/www.budokampsport.se\/author\/jonathan\/"}]}},"_links":{"self":[{"href":"https:\/\/www.budokampsport.se\/api\/wp\/v2\/posts\/5089","targetHints":{"allow":["GET"]}}],"collection":[{"href":"https:\/\/www.budokampsport.se\/api\/wp\/v2\/posts"}],"about":[{"href":"https:\/\/www.budokampsport.se\/api\/wp\/v2\/types\/post"}],"author":[{"embeddable":true,"href":"https:\/\/www.budokampsport.se\/api\/wp\/v2\/users\/7"}],"replies":[{"embeddable":true,"href":"https:\/\/www.budokampsport.se\/api\/wp\/v2\/comments?post=5089"}],"version-history":[{"count":0,"href":"https:\/\/www.budokampsport.se\/api\/wp\/v2\/posts\/5089\/revisions"}],"wp:attachment":[{"href":"https:\/\/www.budokampsport.se\/api\/wp\/v2\/media?parent=5089"}],"wp:term":[{"taxonomy":"category","embeddable":true,"href":"https:\/\/www.budokampsport.se\/api\/wp\/v2\/categories?post=5089"},{"taxonomy":"post_tag","embeddable":true,"href":"https:\/\/www.budokampsport.se\/api\/wp\/v2\/tags?post=5089"}],"curies":[{"name":"wp","href":"https:\/\/api.w.org\/{rel}","templated":true}]}}