{"id":5110,"date":"2014-09-11T08:26:41","date_gmt":"2014-09-11T06:26:41","guid":{"rendered":"http:\/\/budo.wordpress.dev\/2014\/09\/11\/kampsportsgalan-2015-den-28e-mars-pa-berns-salonger\/"},"modified":"2016-12-06T22:37:36","modified_gmt":"2016-12-06T21:37:36","slug":"kampsportsgalan-2015-den-28e-mars-pa-berns-salonger","status":"publish","type":"post","link":"https:\/\/www.budokampsport.se\/2014\/09\/11\/kampsportsgalan-2015-den-28e-mars-pa-berns-salonger\/","title":{"rendered":"Kampsportsgalan 2015, den 28:e mars p\u00e5 Berns salonger"},"content":{"rendered":"<p><strong><img decoding=\"async\" alt=\"\" src=\"http:\/\/www.budokampsport.se\/sites\/default\/files\/kampsportgalan2014-214.gif\" style=\"height:290px; width:435px\"><br \/>Det st\u00e5r nu klart att den \u00e5rliga Kampsportsgalan kommer att h\u00e5llas den 28:e mars p\u00e5 Berns salonger i Stockholm. Det blir den sj\u00e4tte upplagan av galan och den tredje g\u00e5ngen som den h\u00e5lls p\u00e5 Berns.<br \/>\u00a0\u00a0 &#8211; Kampsportsgalan har blivit en central punkt f\u00f6r oss kampsportare sedan starten 2010. Det \u00e4r alltid en av de finare kv\u00e4llarna p\u00e5 \u00e5ret f\u00f6r min del, s\u00e4ger Svenska Budo &#038; Kampsportsf\u00f6rbundets informat\u00f6r Jonathan Broberg.<\/strong><!--break--><\/p>\n<p>Biljetterna till n\u00e4sta \u00e5rs Kampsportsgalan kommer att sl\u00e4ppas i mitten av oktober.<\/p>\n<p>Foto: Hamid Ershad Sarabi<\/p>\n","protected":false},"excerpt":{"rendered":"<p><strong><img decoding=\"async\" alt=\"\" src=\"http:\/\/www.budokampsport.se\/sites\/default\/files\/kampsportgalan2014-214.gif\" style=\"height:290px; width:435px\"><br \/>Det st\u00e5r nu klart att den \u00e5rliga Kampsportsgalan kommer att h\u00e5llas den 28:e mars p\u00e5 Berns salonger i Stockholm. Det blir den sj\u00e4tte upplagan av galan och den tredje g\u00e5ngen som den h\u00e5lls p\u00e5 Berns.<br \/>\u00a0\u00a0 &#8211; Kampsportsgalan har blivit en central punkt f\u00f6r oss kampsportare sedan starten 2010. Det \u00e4r alltid en av de finare kv\u00e4llarna p\u00e5 \u00e5ret f\u00f6r min del, s\u00e4ger Svenska Budo &#038; Kampsportsf\u00f6rbundets informat\u00f6r Jonathan Broberg.<\/strong><\/p><br>","protected":false},"author":7,"featured_media":0,"comment_status":"closed","ping_status":"closed","sticky":false,"template":"","format":"standard","meta":{"_acf_changed":false,"footnotes":""},"categories":[1],"tags":[],"class_list":["post-5110","post","type-post","status-publish","format-standard","hentry","category-okategoriserade"],"acf":[],"yoast_head":"<!-- This site is optimized with the Yoast SEO plugin v26.8 - https:\/\/yoast.com\/product\/yoast-seo-wordpress\/ -->\n<title>Kampsportsgalan 2015, den 28:e mars p\u00e5 Berns salonger - Svenska Budo &amp; Kampsportsf\u00f6rbundet<\/title>\n<meta name=\"description\" content=\"Det st\u00e5r nu klart att den \u00e5rliga Kampsportsgalan kommer att h\u00e5llas den 28:e mars p\u00e5 Berns salonger i Stockholm. Det blir den sj\u00e4tte upplagan av galan och den tredje g\u00e5ngen som den h\u00e5lls p\u00e5 Berns.\u00a0\u00a0 - Kampsportsgalan har blivit en central punkt f\u00f6r oss kampsportare sedan starten 2010. Det \u00e4r alltid en av de finare kv\u00e4llarna p\u00e5 \u00e5ret f\u00f6r min del, s\u00e4ger Svenska Budo &amp; Kampsportsf\u00f6rbundets informat\u00f6r Jonathan Broberg.\" \/>\n<meta name=\"robots\" content=\"index, follow, max-snippet:-1, max-image-preview:large, max-video-preview:-1\" \/>\n<link rel=\"canonical\" href=\"https:\/\/www.budokampsport.se\/2014\/09\/11\/kampsportsgalan-2015-den-28e-mars-pa-berns-salonger\/\" \/>\n<meta property=\"og:locale\" content=\"sv_SE\" \/>\n<meta property=\"og:type\" content=\"article\" \/>\n<meta property=\"og:title\" content=\"Kampsportsgalan 2015, den 28:e mars p\u00e5 Berns salonger - Svenska Budo &amp; Kampsportsf\u00f6rbundet\" \/>\n<meta property=\"og:description\" content=\"Det st\u00e5r nu klart att den \u00e5rliga Kampsportsgalan kommer att h\u00e5llas den 28:e mars p\u00e5 Berns salonger i Stockholm. Det blir den sj\u00e4tte upplagan av galan och den tredje g\u00e5ngen som den h\u00e5lls p\u00e5 Berns.\u00a0\u00a0 - Kampsportsgalan har blivit en central punkt f\u00f6r oss kampsportare sedan starten 2010. Det \u00e4r alltid en av de finare kv\u00e4llarna p\u00e5 \u00e5ret f\u00f6r min del, s\u00e4ger Svenska Budo &amp; Kampsportsf\u00f6rbundets informat\u00f6r Jonathan Broberg.\" \/>\n<meta property=\"og:url\" content=\"https:\/\/www.budokampsport.se\/2014\/09\/11\/kampsportsgalan-2015-den-28e-mars-pa-berns-salonger\/\" \/>\n<meta property=\"og:site_name\" content=\"Svenska Budo &amp; Kampsportsf\u00f6rbundet\" \/>\n<meta property=\"article:author\" content=\"https:\/\/www.facebook.com\/jonathan.broberg.7\" \/>\n<meta property=\"article:published_time\" content=\"2014-09-11T06:26:41+00:00\" \/>\n<meta property=\"article:modified_time\" content=\"2016-12-06T21:37:36+00:00\" \/>\n<meta property=\"og:image\" content=\"http:\/\/www.budokampsport.se\/sites\/default\/files\/kampsportgalan2014-214.gif\" \/>\n<meta name=\"author\" content=\"Jonathan Broberg\" \/>\n<meta name=\"twitter:card\" content=\"summary_large_image\" \/>\n<meta name=\"twitter:label1\" content=\"Skriven av\" \/>\n\t<meta name=\"twitter:data1\" content=\"Jonathan Broberg\" \/>\n<script type=\"application\/ld+json\" class=\"yoast-schema-graph\">{\"@context\":\"https:\/\/schema.org\",\"@graph\":[{\"@type\":\"Article\",\"@id\":\"https:\/\/www.budokampsport.se\/2014\/09\/11\/kampsportsgalan-2015-den-28e-mars-pa-berns-salonger\/#article\",\"isPartOf\":{\"@id\":\"https:\/\/www.budokampsport.se\/2014\/09\/11\/kampsportsgalan-2015-den-28e-mars-pa-berns-salonger\/\"},\"author\":{\"name\":\"Jonathan Broberg\",\"@id\":\"https:\/\/www.budokampsport.se\/#\/schema\/person\/5c06d81d14850e2a8ce5493386560145\"},\"headline\":\"Kampsportsgalan 2015, den 28:e mars p\u00e5 Berns salonger\",\"datePublished\":\"2014-09-11T06:26:41+00:00\",\"dateModified\":\"2016-12-06T21:37:36+00:00\",\"mainEntityOfPage\":{\"@id\":\"https:\/\/www.budokampsport.se\/2014\/09\/11\/kampsportsgalan-2015-den-28e-mars-pa-berns-salonger\/\"},\"wordCount\":103,\"image\":{\"@id\":\"https:\/\/www.budokampsport.se\/2014\/09\/11\/kampsportsgalan-2015-den-28e-mars-pa-berns-salonger\/#primaryimage\"},\"thumbnailUrl\":\"http:\/\/www.budokampsport.se\/sites\/default\/files\/kampsportgalan2014-214.gif\",\"inLanguage\":\"sv-SE\"},{\"@type\":\"WebPage\",\"@id\":\"https:\/\/www.budokampsport.se\/2014\/09\/11\/kampsportsgalan-2015-den-28e-mars-pa-berns-salonger\/\",\"url\":\"https:\/\/www.budokampsport.se\/2014\/09\/11\/kampsportsgalan-2015-den-28e-mars-pa-berns-salonger\/\",\"name\":\"Kampsportsgalan 2015, den 28:e mars p\u00e5 Berns salonger - Svenska Budo &amp; Kampsportsf\u00f6rbundet\",\"isPartOf\":{\"@id\":\"https:\/\/www.budokampsport.se\/#website\"},\"primaryImageOfPage\":{\"@id\":\"https:\/\/www.budokampsport.se\/2014\/09\/11\/kampsportsgalan-2015-den-28e-mars-pa-berns-salonger\/#primaryimage\"},\"image\":{\"@id\":\"https:\/\/www.budokampsport.se\/2014\/09\/11\/kampsportsgalan-2015-den-28e-mars-pa-berns-salonger\/#primaryimage\"},\"thumbnailUrl\":\"http:\/\/www.budokampsport.se\/sites\/default\/files\/kampsportgalan2014-214.gif\",\"datePublished\":\"2014-09-11T06:26:41+00:00\",\"dateModified\":\"2016-12-06T21:37:36+00:00\",\"author\":{\"@id\":\"https:\/\/www.budokampsport.se\/#\/schema\/person\/5c06d81d14850e2a8ce5493386560145\"},\"description\":\"Det st\u00e5r nu klart att den \u00e5rliga Kampsportsgalan kommer att h\u00e5llas den 28:e mars p\u00e5 Berns salonger i Stockholm. Det blir den sj\u00e4tte upplagan av galan och den tredje g\u00e5ngen som den h\u00e5lls p\u00e5 Berns.\u00a0\u00a0 - Kampsportsgalan har blivit en central punkt f\u00f6r oss kampsportare sedan starten 2010. Det \u00e4r alltid en av de finare kv\u00e4llarna p\u00e5 \u00e5ret f\u00f6r min del, s\u00e4ger Svenska Budo & Kampsportsf\u00f6rbundets informat\u00f6r Jonathan Broberg.\",\"breadcrumb\":{\"@id\":\"https:\/\/www.budokampsport.se\/2014\/09\/11\/kampsportsgalan-2015-den-28e-mars-pa-berns-salonger\/#breadcrumb\"},\"inLanguage\":\"sv-SE\",\"potentialAction\":[{\"@type\":\"ReadAction\",\"target\":[\"https:\/\/www.budokampsport.se\/2014\/09\/11\/kampsportsgalan-2015-den-28e-mars-pa-berns-salonger\/\"]}]},{\"@type\":\"ImageObject\",\"inLanguage\":\"sv-SE\",\"@id\":\"https:\/\/www.budokampsport.se\/2014\/09\/11\/kampsportsgalan-2015-den-28e-mars-pa-berns-salonger\/#primaryimage\",\"url\":\"http:\/\/www.budokampsport.se\/sites\/default\/files\/kampsportgalan2014-214.gif\",\"contentUrl\":\"http:\/\/www.budokampsport.se\/sites\/default\/files\/kampsportgalan2014-214.gif\"},{\"@type\":\"BreadcrumbList\",\"@id\":\"https:\/\/www.budokampsport.se\/2014\/09\/11\/kampsportsgalan-2015-den-28e-mars-pa-berns-salonger\/#breadcrumb\",\"itemListElement\":[{\"@type\":\"ListItem\",\"position\":1,\"name\":\"Hem\",\"item\":\"https:\/\/www.budokampsport.se\/\"},{\"@type\":\"ListItem\",\"position\":2,\"name\":\"Kampsportsgalan 2015, den 28:e mars p\u00e5 Berns salonger\"}]},{\"@type\":\"WebSite\",\"@id\":\"https:\/\/www.budokampsport.se\/#website\",\"url\":\"https:\/\/www.budokampsport.se\/\",\"name\":\"Svenska Budo &amp; Kampsportsf\u00f6rbundet\",\"description\":\"T\u00e4vling, Tr\u00e4ning, Tradition\",\"potentialAction\":[{\"@type\":\"SearchAction\",\"target\":{\"@type\":\"EntryPoint\",\"urlTemplate\":\"https:\/\/www.budokampsport.se\/?s={search_term_string}\"},\"query-input\":{\"@type\":\"PropertyValueSpecification\",\"valueRequired\":true,\"valueName\":\"search_term_string\"}}],\"inLanguage\":\"sv-SE\"},{\"@type\":\"Person\",\"@id\":\"https:\/\/www.budokampsport.se\/#\/schema\/person\/5c06d81d14850e2a8ce5493386560145\",\"name\":\"Jonathan Broberg\",\"image\":{\"@type\":\"ImageObject\",\"inLanguage\":\"sv-SE\",\"@id\":\"https:\/\/www.budokampsport.se\/#\/schema\/person\/image\/\",\"url\":\"https:\/\/secure.gravatar.com\/avatar\/a58041c6cea9128bd9c40ee2f26d4136?s=96&d=blank&r=g\",\"contentUrl\":\"https:\/\/secure.gravatar.com\/avatar\/a58041c6cea9128bd9c40ee2f26d4136?s=96&d=blank&r=g\",\"caption\":\"Jonathan Broberg\"},\"sameAs\":[\"https:\/\/www.facebook.com\/jonathan.broberg.7\"],\"url\":\"https:\/\/www.budokampsport.se\/author\/jonathan\/\"}]}<\/script>\n<!-- \/ Yoast SEO plugin. -->","yoast_head_json":{"title":"Kampsportsgalan 2015, den 28:e mars p\u00e5 Berns salonger - Svenska Budo &amp; Kampsportsf\u00f6rbundet","description":"Det st\u00e5r nu klart att den \u00e5rliga Kampsportsgalan kommer att h\u00e5llas den 28:e mars p\u00e5 Berns salonger i Stockholm. Det blir den sj\u00e4tte upplagan av galan och den tredje g\u00e5ngen som den h\u00e5lls p\u00e5 Berns.\u00a0\u00a0 - Kampsportsgalan har blivit en central punkt f\u00f6r oss kampsportare sedan starten 2010. Det \u00e4r alltid en av de finare kv\u00e4llarna p\u00e5 \u00e5ret f\u00f6r min del, s\u00e4ger Svenska Budo & Kampsportsf\u00f6rbundets informat\u00f6r Jonathan Broberg.","robots":{"index":"index","follow":"follow","max-snippet":"max-snippet:-1","max-image-preview":"max-image-preview:large","max-video-preview":"max-video-preview:-1"},"canonical":"https:\/\/www.budokampsport.se\/2014\/09\/11\/kampsportsgalan-2015-den-28e-mars-pa-berns-salonger\/","og_locale":"sv_SE","og_type":"article","og_title":"Kampsportsgalan 2015, den 28:e mars p\u00e5 Berns salonger - Svenska Budo &amp; Kampsportsf\u00f6rbundet","og_description":"Det st\u00e5r nu klart att den \u00e5rliga Kampsportsgalan kommer att h\u00e5llas den 28:e mars p\u00e5 Berns salonger i Stockholm. Det blir den sj\u00e4tte upplagan av galan och den tredje g\u00e5ngen som den h\u00e5lls p\u00e5 Berns.\u00a0\u00a0 - Kampsportsgalan har blivit en central punkt f\u00f6r oss kampsportare sedan starten 2010. Det \u00e4r alltid en av de finare kv\u00e4llarna p\u00e5 \u00e5ret f\u00f6r min del, s\u00e4ger Svenska Budo & Kampsportsf\u00f6rbundets informat\u00f6r Jonathan Broberg.","og_url":"https:\/\/www.budokampsport.se\/2014\/09\/11\/kampsportsgalan-2015-den-28e-mars-pa-berns-salonger\/","og_site_name":"Svenska Budo &amp; Kampsportsf\u00f6rbundet","article_author":"https:\/\/www.facebook.com\/jonathan.broberg.7","article_published_time":"2014-09-11T06:26:41+00:00","article_modified_time":"2016-12-06T21:37:36+00:00","og_image":[{"url":"http:\/\/www.budokampsport.se\/sites\/default\/files\/kampsportgalan2014-214.gif","type":"","width":"","height":""}],"author":"Jonathan Broberg","twitter_card":"summary_large_image","twitter_misc":{"Skriven av":"Jonathan Broberg"},"schema":{"@context":"https:\/\/schema.org","@graph":[{"@type":"Article","@id":"https:\/\/www.budokampsport.se\/2014\/09\/11\/kampsportsgalan-2015-den-28e-mars-pa-berns-salonger\/#article","isPartOf":{"@id":"https:\/\/www.budokampsport.se\/2014\/09\/11\/kampsportsgalan-2015-den-28e-mars-pa-berns-salonger\/"},"author":{"name":"Jonathan Broberg","@id":"https:\/\/www.budokampsport.se\/#\/schema\/person\/5c06d81d14850e2a8ce5493386560145"},"headline":"Kampsportsgalan 2015, den 28:e mars p\u00e5 Berns salonger","datePublished":"2014-09-11T06:26:41+00:00","dateModified":"2016-12-06T21:37:36+00:00","mainEntityOfPage":{"@id":"https:\/\/www.budokampsport.se\/2014\/09\/11\/kampsportsgalan-2015-den-28e-mars-pa-berns-salonger\/"},"wordCount":103,"image":{"@id":"https:\/\/www.budokampsport.se\/2014\/09\/11\/kampsportsgalan-2015-den-28e-mars-pa-berns-salonger\/#primaryimage"},"thumbnailUrl":"http:\/\/www.budokampsport.se\/sites\/default\/files\/kampsportgalan2014-214.gif","inLanguage":"sv-SE"},{"@type":"WebPage","@id":"https:\/\/www.budokampsport.se\/2014\/09\/11\/kampsportsgalan-2015-den-28e-mars-pa-berns-salonger\/","url":"https:\/\/www.budokampsport.se\/2014\/09\/11\/kampsportsgalan-2015-den-28e-mars-pa-berns-salonger\/","name":"Kampsportsgalan 2015, den 28:e mars p\u00e5 Berns salonger - Svenska Budo &amp; Kampsportsf\u00f6rbundet","isPartOf":{"@id":"https:\/\/www.budokampsport.se\/#website"},"primaryImageOfPage":{"@id":"https:\/\/www.budokampsport.se\/2014\/09\/11\/kampsportsgalan-2015-den-28e-mars-pa-berns-salonger\/#primaryimage"},"image":{"@id":"https:\/\/www.budokampsport.se\/2014\/09\/11\/kampsportsgalan-2015-den-28e-mars-pa-berns-salonger\/#primaryimage"},"thumbnailUrl":"http:\/\/www.budokampsport.se\/sites\/default\/files\/kampsportgalan2014-214.gif","datePublished":"2014-09-11T06:26:41+00:00","dateModified":"2016-12-06T21:37:36+00:00","author":{"@id":"https:\/\/www.budokampsport.se\/#\/schema\/person\/5c06d81d14850e2a8ce5493386560145"},"description":"Det st\u00e5r nu klart att den \u00e5rliga Kampsportsgalan kommer att h\u00e5llas den 28:e mars p\u00e5 Berns salonger i Stockholm. Det blir den sj\u00e4tte upplagan av galan och den tredje g\u00e5ngen som den h\u00e5lls p\u00e5 Berns.\u00a0\u00a0 - Kampsportsgalan har blivit en central punkt f\u00f6r oss kampsportare sedan starten 2010. Det \u00e4r alltid en av de finare kv\u00e4llarna p\u00e5 \u00e5ret f\u00f6r min del, s\u00e4ger Svenska Budo & Kampsportsf\u00f6rbundets informat\u00f6r Jonathan Broberg.","breadcrumb":{"@id":"https:\/\/www.budokampsport.se\/2014\/09\/11\/kampsportsgalan-2015-den-28e-mars-pa-berns-salonger\/#breadcrumb"},"inLanguage":"sv-SE","potentialAction":[{"@type":"ReadAction","target":["https:\/\/www.budokampsport.se\/2014\/09\/11\/kampsportsgalan-2015-den-28e-mars-pa-berns-salonger\/"]}]},{"@type":"ImageObject","inLanguage":"sv-SE","@id":"https:\/\/www.budokampsport.se\/2014\/09\/11\/kampsportsgalan-2015-den-28e-mars-pa-berns-salonger\/#primaryimage","url":"http:\/\/www.budokampsport.se\/sites\/default\/files\/kampsportgalan2014-214.gif","contentUrl":"http:\/\/www.budokampsport.se\/sites\/default\/files\/kampsportgalan2014-214.gif"},{"@type":"BreadcrumbList","@id":"https:\/\/www.budokampsport.se\/2014\/09\/11\/kampsportsgalan-2015-den-28e-mars-pa-berns-salonger\/#breadcrumb","itemListElement":[{"@type":"ListItem","position":1,"name":"Hem","item":"https:\/\/www.budokampsport.se\/"},{"@type":"ListItem","position":2,"name":"Kampsportsgalan 2015, den 28:e mars p\u00e5 Berns salonger"}]},{"@type":"WebSite","@id":"https:\/\/www.budokampsport.se\/#website","url":"https:\/\/www.budokampsport.se\/","name":"Svenska Budo &amp; Kampsportsf\u00f6rbundet","description":"T\u00e4vling, Tr\u00e4ning, Tradition","potentialAction":[{"@type":"SearchAction","target":{"@type":"EntryPoint","urlTemplate":"https:\/\/www.budokampsport.se\/?s={search_term_string}"},"query-input":{"@type":"PropertyValueSpecification","valueRequired":true,"valueName":"search_term_string"}}],"inLanguage":"sv-SE"},{"@type":"Person","@id":"https:\/\/www.budokampsport.se\/#\/schema\/person\/5c06d81d14850e2a8ce5493386560145","name":"Jonathan Broberg","image":{"@type":"ImageObject","inLanguage":"sv-SE","@id":"https:\/\/www.budokampsport.se\/#\/schema\/person\/image\/","url":"https:\/\/secure.gravatar.com\/avatar\/a58041c6cea9128bd9c40ee2f26d4136?s=96&d=blank&r=g","contentUrl":"https:\/\/secure.gravatar.com\/avatar\/a58041c6cea9128bd9c40ee2f26d4136?s=96&d=blank&r=g","caption":"Jonathan Broberg"},"sameAs":["https:\/\/www.facebook.com\/jonathan.broberg.7"],"url":"https:\/\/www.budokampsport.se\/author\/jonathan\/"}]}},"_links":{"self":[{"href":"https:\/\/www.budokampsport.se\/api\/wp\/v2\/posts\/5110","targetHints":{"allow":["GET"]}}],"collection":[{"href":"https:\/\/www.budokampsport.se\/api\/wp\/v2\/posts"}],"about":[{"href":"https:\/\/www.budokampsport.se\/api\/wp\/v2\/types\/post"}],"author":[{"embeddable":true,"href":"https:\/\/www.budokampsport.se\/api\/wp\/v2\/users\/7"}],"replies":[{"embeddable":true,"href":"https:\/\/www.budokampsport.se\/api\/wp\/v2\/comments?post=5110"}],"version-history":[{"count":0,"href":"https:\/\/www.budokampsport.se\/api\/wp\/v2\/posts\/5110\/revisions"}],"wp:attachment":[{"href":"https:\/\/www.budokampsport.se\/api\/wp\/v2\/media?parent=5110"}],"wp:term":[{"taxonomy":"category","embeddable":true,"href":"https:\/\/www.budokampsport.se\/api\/wp\/v2\/categories?post=5110"},{"taxonomy":"post_tag","embeddable":true,"href":"https:\/\/www.budokampsport.se\/api\/wp\/v2\/tags?post=5110"}],"curies":[{"name":"wp","href":"https:\/\/api.w.org\/{rel}","templated":true}]}}