{"id":5112,"date":"2014-09-12T09:27:11","date_gmt":"2014-09-12T07:27:11","guid":{"rendered":"http:\/\/budo.wordpress.dev\/2014\/09\/12\/foreningsforum-ett-satt-att-starka-sbks-foreningar\/"},"modified":"2016-12-06T22:37:37","modified_gmt":"2016-12-06T21:37:37","slug":"foreningsforum-ett-satt-att-starka-sbks-foreningar","status":"publish","type":"post","link":"https:\/\/www.budokampsport.se\/2014\/09\/12\/foreningsforum-ett-satt-att-starka-sbks-foreningar\/","title":{"rendered":"F\u00f6reningsforum \u2013 ett s\u00e4tt att st\u00e4rka SB&#038;K:s f\u00f6reningar"},"content":{"rendered":"<p><strong><img decoding=\"async\" alt=\"\" src=\"\/sites\/default\/files\/foreningsforum.jpg\" style=\"height:194px; width:435px\"><br \/>Svenska Budo &#038; Kampsportsf\u00f6rbundet g\u00f6r en rej\u00e4l kraftsamling f\u00f6r att st\u00e4rka f\u00f6rbundets f\u00f6reningar. F\u00f6reningsforum \u00e4r en del i den strategin. Och anm\u00e4lningarna till dagarna i Stockholm, G\u00f6teborg och Malm\u00f6 forts\u00e4tter att rulla in.<br \/>\u00a0\u00a0 &#8211; Det kommer bli h\u00e4rliga dagar fyllda med m\u00f6jlighet till ny kunskap och massor av sp\u00e4nnande m\u00f6ten, s\u00e4ger SB&#038;K:s utbildnings- och elitansvarige Magnus Ledin till budokampsport.se.<\/strong><!--break--><\/p>\n<p>Forumen kommer kretsa kring f\u00f6rel\u00e4sningar fr\u00e5n SISU Idrottsutbildarna ang\u00e5ende framtidens idrottsf\u00f6rening, idrottsr\u00f6relsens uppbyggnad samt \u00e5ldersanpassad fysisk tr\u00e4ning.<br \/>\u00a0 &#8211; Vi hoppas att f\u00f6reningarna verkligen tar tillf\u00e4llet i akt och kommer p\u00e5 forumen. K\u00e4nslan \u00e4r att f\u00f6reningarna kommer kunna utveckla sig \u00e4n mer efter f\u00f6reningsforum. Det \u00e4r dock viktigt att m\u00e5nga f\u00f6reningar och f\u00f6reningsledare medverkar, ju fler vi blir desto b\u00e4ttre kommer forumen att vara.<\/p>\n<p>Sista anm\u00e4lningsdag f\u00f6r Stockholm \u00e4r 15 september, Malm\u00f6 21 september, G\u00f6teborg 26 september.<\/p>\n<p>Text: Jonathan Broberg<\/p>\n","protected":false},"excerpt":{"rendered":"<p><strong><img decoding=\"async\" alt=\"\" src=\"\/sites\/default\/files\/foreningsforum.jpg\" style=\"height:194px; width:435px\"><br \/>Svenska Budo &#038; Kampsportsf\u00f6rbundet g\u00f6r en rej\u00e4l kraftsamling f\u00f6r att st\u00e4rka f\u00f6rbundets f\u00f6reningar. F\u00f6reningsforum \u00e4r en del i den strategin. Och anm\u00e4lningarna till dagarna i Stockholm, G\u00f6teborg och Malm\u00f6 forts\u00e4tter att rulla in.<br \/>\u00a0\u00a0 &#8211; Det kommer bli h\u00e4rliga dagar fyllda med m\u00f6jlighet till ny kunskap och massor av sp\u00e4nnande m\u00f6ten, s\u00e4ger SB&#038;K:s utbildnings- och elitansvarige Magnus Ledin till budokampsport.se.<\/strong><\/p><br>","protected":false},"author":7,"featured_media":0,"comment_status":"closed","ping_status":"closed","sticky":false,"template":"","format":"standard","meta":{"_acf_changed":false,"footnotes":""},"categories":[1],"tags":[],"class_list":["post-5112","post","type-post","status-publish","format-standard","hentry","category-okategoriserade"],"acf":[],"yoast_head":"<!-- This site is optimized with the Yoast SEO plugin v26.8 - https:\/\/yoast.com\/product\/yoast-seo-wordpress\/ -->\n<title>F\u00f6reningsforum \u2013 ett s\u00e4tt att st\u00e4rka SB&amp;K:s f\u00f6reningar - Svenska Budo &amp; Kampsportsf\u00f6rbundet<\/title>\n<meta name=\"description\" content=\"Svenska Budo &amp; Kampsportsf\u00f6rbundet g\u00f6r en rej\u00e4l kraftsamling f\u00f6r att st\u00e4rka f\u00f6rbundets f\u00f6reningar. F\u00f6reningsforum \u00e4r en del i den strategin. Och anm\u00e4lningarna till dagarna i Stockholm, G\u00f6teborg och Malm\u00f6 forts\u00e4tter att rulla in.\u00a0\u00a0 - Det kommer bli h\u00e4rliga dagar fyllda med m\u00f6jlighet till ny kunskap och massor av sp\u00e4nnande m\u00f6ten, s\u00e4ger SB&amp;K:s utbildnings- och elitansvarige Magnus Ledin till budokampsport.se.\" \/>\n<meta name=\"robots\" content=\"index, follow, max-snippet:-1, max-image-preview:large, max-video-preview:-1\" \/>\n<link rel=\"canonical\" href=\"https:\/\/www.budokampsport.se\/2014\/09\/12\/foreningsforum-ett-satt-att-starka-sbks-foreningar\/\" \/>\n<meta property=\"og:locale\" content=\"sv_SE\" \/>\n<meta property=\"og:type\" content=\"article\" \/>\n<meta property=\"og:title\" content=\"F\u00f6reningsforum \u2013 ett s\u00e4tt att st\u00e4rka SB&amp;K:s f\u00f6reningar - Svenska Budo &amp; Kampsportsf\u00f6rbundet\" \/>\n<meta property=\"og:description\" content=\"Svenska Budo &amp; Kampsportsf\u00f6rbundet g\u00f6r en rej\u00e4l kraftsamling f\u00f6r att st\u00e4rka f\u00f6rbundets f\u00f6reningar. F\u00f6reningsforum \u00e4r en del i den strategin. Och anm\u00e4lningarna till dagarna i Stockholm, G\u00f6teborg och Malm\u00f6 forts\u00e4tter att rulla in.\u00a0\u00a0 - Det kommer bli h\u00e4rliga dagar fyllda med m\u00f6jlighet till ny kunskap och massor av sp\u00e4nnande m\u00f6ten, s\u00e4ger SB&amp;K:s utbildnings- och elitansvarige Magnus Ledin till budokampsport.se.\" \/>\n<meta property=\"og:url\" content=\"https:\/\/www.budokampsport.se\/2014\/09\/12\/foreningsforum-ett-satt-att-starka-sbks-foreningar\/\" \/>\n<meta property=\"og:site_name\" content=\"Svenska Budo &amp; Kampsportsf\u00f6rbundet\" \/>\n<meta property=\"article:author\" content=\"https:\/\/www.facebook.com\/jonathan.broberg.7\" \/>\n<meta property=\"article:published_time\" content=\"2014-09-12T07:27:11+00:00\" \/>\n<meta property=\"article:modified_time\" content=\"2016-12-06T21:37:37+00:00\" \/>\n<meta name=\"author\" content=\"Jonathan Broberg\" \/>\n<meta name=\"twitter:card\" content=\"summary_large_image\" \/>\n<meta name=\"twitter:label1\" content=\"Skriven av\" \/>\n\t<meta name=\"twitter:data1\" content=\"Jonathan Broberg\" \/>\n\t<meta name=\"twitter:label2\" content=\"Ber\u00e4knad l\u00e4stid\" \/>\n\t<meta name=\"twitter:data2\" content=\"1 minut\" \/>\n<script type=\"application\/ld+json\" class=\"yoast-schema-graph\">{\"@context\":\"https:\/\/schema.org\",\"@graph\":[{\"@type\":\"Article\",\"@id\":\"https:\/\/www.budokampsport.se\/2014\/09\/12\/foreningsforum-ett-satt-att-starka-sbks-foreningar\/#article\",\"isPartOf\":{\"@id\":\"https:\/\/www.budokampsport.se\/2014\/09\/12\/foreningsforum-ett-satt-att-starka-sbks-foreningar\/\"},\"author\":{\"name\":\"Jonathan Broberg\",\"@id\":\"https:\/\/www.budokampsport.se\/#\/schema\/person\/5c06d81d14850e2a8ce5493386560145\"},\"headline\":\"F\u00f6reningsforum \u2013 ett s\u00e4tt att st\u00e4rka SB&#038;K:s f\u00f6reningar\",\"datePublished\":\"2014-09-12T07:27:11+00:00\",\"dateModified\":\"2016-12-06T21:37:37+00:00\",\"mainEntityOfPage\":{\"@id\":\"https:\/\/www.budokampsport.se\/2014\/09\/12\/foreningsforum-ett-satt-att-starka-sbks-foreningar\/\"},\"wordCount\":185,\"inLanguage\":\"sv-SE\"},{\"@type\":\"WebPage\",\"@id\":\"https:\/\/www.budokampsport.se\/2014\/09\/12\/foreningsforum-ett-satt-att-starka-sbks-foreningar\/\",\"url\":\"https:\/\/www.budokampsport.se\/2014\/09\/12\/foreningsforum-ett-satt-att-starka-sbks-foreningar\/\",\"name\":\"F\u00f6reningsforum \u2013 ett s\u00e4tt att st\u00e4rka SB&K:s f\u00f6reningar - Svenska Budo &amp; Kampsportsf\u00f6rbundet\",\"isPartOf\":{\"@id\":\"https:\/\/www.budokampsport.se\/#website\"},\"datePublished\":\"2014-09-12T07:27:11+00:00\",\"dateModified\":\"2016-12-06T21:37:37+00:00\",\"author\":{\"@id\":\"https:\/\/www.budokampsport.se\/#\/schema\/person\/5c06d81d14850e2a8ce5493386560145\"},\"description\":\"Svenska Budo & Kampsportsf\u00f6rbundet g\u00f6r en rej\u00e4l kraftsamling f\u00f6r att st\u00e4rka f\u00f6rbundets f\u00f6reningar. F\u00f6reningsforum \u00e4r en del i den strategin. Och anm\u00e4lningarna till dagarna i Stockholm, G\u00f6teborg och Malm\u00f6 forts\u00e4tter att rulla in.\u00a0\u00a0 - Det kommer bli h\u00e4rliga dagar fyllda med m\u00f6jlighet till ny kunskap och massor av sp\u00e4nnande m\u00f6ten, s\u00e4ger SB&K:s utbildnings- och elitansvarige Magnus Ledin till budokampsport.se.\",\"breadcrumb\":{\"@id\":\"https:\/\/www.budokampsport.se\/2014\/09\/12\/foreningsforum-ett-satt-att-starka-sbks-foreningar\/#breadcrumb\"},\"inLanguage\":\"sv-SE\",\"potentialAction\":[{\"@type\":\"ReadAction\",\"target\":[\"https:\/\/www.budokampsport.se\/2014\/09\/12\/foreningsforum-ett-satt-att-starka-sbks-foreningar\/\"]}]},{\"@type\":\"BreadcrumbList\",\"@id\":\"https:\/\/www.budokampsport.se\/2014\/09\/12\/foreningsforum-ett-satt-att-starka-sbks-foreningar\/#breadcrumb\",\"itemListElement\":[{\"@type\":\"ListItem\",\"position\":1,\"name\":\"Hem\",\"item\":\"https:\/\/www.budokampsport.se\/\"},{\"@type\":\"ListItem\",\"position\":2,\"name\":\"F\u00f6reningsforum \u2013 ett s\u00e4tt att st\u00e4rka SB&#038;K:s f\u00f6reningar\"}]},{\"@type\":\"WebSite\",\"@id\":\"https:\/\/www.budokampsport.se\/#website\",\"url\":\"https:\/\/www.budokampsport.se\/\",\"name\":\"Svenska Budo &amp; Kampsportsf\u00f6rbundet\",\"description\":\"T\u00e4vling, Tr\u00e4ning, Tradition\",\"potentialAction\":[{\"@type\":\"SearchAction\",\"target\":{\"@type\":\"EntryPoint\",\"urlTemplate\":\"https:\/\/www.budokampsport.se\/?s={search_term_string}\"},\"query-input\":{\"@type\":\"PropertyValueSpecification\",\"valueRequired\":true,\"valueName\":\"search_term_string\"}}],\"inLanguage\":\"sv-SE\"},{\"@type\":\"Person\",\"@id\":\"https:\/\/www.budokampsport.se\/#\/schema\/person\/5c06d81d14850e2a8ce5493386560145\",\"name\":\"Jonathan Broberg\",\"image\":{\"@type\":\"ImageObject\",\"inLanguage\":\"sv-SE\",\"@id\":\"https:\/\/www.budokampsport.se\/#\/schema\/person\/image\/\",\"url\":\"https:\/\/secure.gravatar.com\/avatar\/a58041c6cea9128bd9c40ee2f26d4136?s=96&d=blank&r=g\",\"contentUrl\":\"https:\/\/secure.gravatar.com\/avatar\/a58041c6cea9128bd9c40ee2f26d4136?s=96&d=blank&r=g\",\"caption\":\"Jonathan Broberg\"},\"sameAs\":[\"https:\/\/www.facebook.com\/jonathan.broberg.7\"],\"url\":\"https:\/\/www.budokampsport.se\/author\/jonathan\/\"}]}<\/script>\n<!-- \/ Yoast SEO plugin. -->","yoast_head_json":{"title":"F\u00f6reningsforum \u2013 ett s\u00e4tt att st\u00e4rka SB&K:s f\u00f6reningar - Svenska Budo &amp; Kampsportsf\u00f6rbundet","description":"Svenska Budo & Kampsportsf\u00f6rbundet g\u00f6r en rej\u00e4l kraftsamling f\u00f6r att st\u00e4rka f\u00f6rbundets f\u00f6reningar. F\u00f6reningsforum \u00e4r en del i den strategin. Och anm\u00e4lningarna till dagarna i Stockholm, G\u00f6teborg och Malm\u00f6 forts\u00e4tter att rulla in.\u00a0\u00a0 - Det kommer bli h\u00e4rliga dagar fyllda med m\u00f6jlighet till ny kunskap och massor av sp\u00e4nnande m\u00f6ten, s\u00e4ger SB&K:s utbildnings- och elitansvarige Magnus Ledin till budokampsport.se.","robots":{"index":"index","follow":"follow","max-snippet":"max-snippet:-1","max-image-preview":"max-image-preview:large","max-video-preview":"max-video-preview:-1"},"canonical":"https:\/\/www.budokampsport.se\/2014\/09\/12\/foreningsforum-ett-satt-att-starka-sbks-foreningar\/","og_locale":"sv_SE","og_type":"article","og_title":"F\u00f6reningsforum \u2013 ett s\u00e4tt att st\u00e4rka SB&K:s f\u00f6reningar - Svenska Budo &amp; Kampsportsf\u00f6rbundet","og_description":"Svenska Budo & Kampsportsf\u00f6rbundet g\u00f6r en rej\u00e4l kraftsamling f\u00f6r att st\u00e4rka f\u00f6rbundets f\u00f6reningar. F\u00f6reningsforum \u00e4r en del i den strategin. Och anm\u00e4lningarna till dagarna i Stockholm, G\u00f6teborg och Malm\u00f6 forts\u00e4tter att rulla in.\u00a0\u00a0 - Det kommer bli h\u00e4rliga dagar fyllda med m\u00f6jlighet till ny kunskap och massor av sp\u00e4nnande m\u00f6ten, s\u00e4ger SB&K:s utbildnings- och elitansvarige Magnus Ledin till budokampsport.se.","og_url":"https:\/\/www.budokampsport.se\/2014\/09\/12\/foreningsforum-ett-satt-att-starka-sbks-foreningar\/","og_site_name":"Svenska Budo &amp; Kampsportsf\u00f6rbundet","article_author":"https:\/\/www.facebook.com\/jonathan.broberg.7","article_published_time":"2014-09-12T07:27:11+00:00","article_modified_time":"2016-12-06T21:37:37+00:00","author":"Jonathan Broberg","twitter_card":"summary_large_image","twitter_misc":{"Skriven av":"Jonathan Broberg","Ber\u00e4knad l\u00e4stid":"1 minut"},"schema":{"@context":"https:\/\/schema.org","@graph":[{"@type":"Article","@id":"https:\/\/www.budokampsport.se\/2014\/09\/12\/foreningsforum-ett-satt-att-starka-sbks-foreningar\/#article","isPartOf":{"@id":"https:\/\/www.budokampsport.se\/2014\/09\/12\/foreningsforum-ett-satt-att-starka-sbks-foreningar\/"},"author":{"name":"Jonathan Broberg","@id":"https:\/\/www.budokampsport.se\/#\/schema\/person\/5c06d81d14850e2a8ce5493386560145"},"headline":"F\u00f6reningsforum \u2013 ett s\u00e4tt att st\u00e4rka SB&#038;K:s f\u00f6reningar","datePublished":"2014-09-12T07:27:11+00:00","dateModified":"2016-12-06T21:37:37+00:00","mainEntityOfPage":{"@id":"https:\/\/www.budokampsport.se\/2014\/09\/12\/foreningsforum-ett-satt-att-starka-sbks-foreningar\/"},"wordCount":185,"inLanguage":"sv-SE"},{"@type":"WebPage","@id":"https:\/\/www.budokampsport.se\/2014\/09\/12\/foreningsforum-ett-satt-att-starka-sbks-foreningar\/","url":"https:\/\/www.budokampsport.se\/2014\/09\/12\/foreningsforum-ett-satt-att-starka-sbks-foreningar\/","name":"F\u00f6reningsforum \u2013 ett s\u00e4tt att st\u00e4rka SB&K:s f\u00f6reningar - Svenska Budo &amp; Kampsportsf\u00f6rbundet","isPartOf":{"@id":"https:\/\/www.budokampsport.se\/#website"},"datePublished":"2014-09-12T07:27:11+00:00","dateModified":"2016-12-06T21:37:37+00:00","author":{"@id":"https:\/\/www.budokampsport.se\/#\/schema\/person\/5c06d81d14850e2a8ce5493386560145"},"description":"Svenska Budo & Kampsportsf\u00f6rbundet g\u00f6r en rej\u00e4l kraftsamling f\u00f6r att st\u00e4rka f\u00f6rbundets f\u00f6reningar. F\u00f6reningsforum \u00e4r en del i den strategin. Och anm\u00e4lningarna till dagarna i Stockholm, G\u00f6teborg och Malm\u00f6 forts\u00e4tter att rulla in.\u00a0\u00a0 - Det kommer bli h\u00e4rliga dagar fyllda med m\u00f6jlighet till ny kunskap och massor av sp\u00e4nnande m\u00f6ten, s\u00e4ger SB&K:s utbildnings- och elitansvarige Magnus Ledin till budokampsport.se.","breadcrumb":{"@id":"https:\/\/www.budokampsport.se\/2014\/09\/12\/foreningsforum-ett-satt-att-starka-sbks-foreningar\/#breadcrumb"},"inLanguage":"sv-SE","potentialAction":[{"@type":"ReadAction","target":["https:\/\/www.budokampsport.se\/2014\/09\/12\/foreningsforum-ett-satt-att-starka-sbks-foreningar\/"]}]},{"@type":"BreadcrumbList","@id":"https:\/\/www.budokampsport.se\/2014\/09\/12\/foreningsforum-ett-satt-att-starka-sbks-foreningar\/#breadcrumb","itemListElement":[{"@type":"ListItem","position":1,"name":"Hem","item":"https:\/\/www.budokampsport.se\/"},{"@type":"ListItem","position":2,"name":"F\u00f6reningsforum \u2013 ett s\u00e4tt att st\u00e4rka SB&#038;K:s f\u00f6reningar"}]},{"@type":"WebSite","@id":"https:\/\/www.budokampsport.se\/#website","url":"https:\/\/www.budokampsport.se\/","name":"Svenska Budo &amp; Kampsportsf\u00f6rbundet","description":"T\u00e4vling, Tr\u00e4ning, Tradition","potentialAction":[{"@type":"SearchAction","target":{"@type":"EntryPoint","urlTemplate":"https:\/\/www.budokampsport.se\/?s={search_term_string}"},"query-input":{"@type":"PropertyValueSpecification","valueRequired":true,"valueName":"search_term_string"}}],"inLanguage":"sv-SE"},{"@type":"Person","@id":"https:\/\/www.budokampsport.se\/#\/schema\/person\/5c06d81d14850e2a8ce5493386560145","name":"Jonathan Broberg","image":{"@type":"ImageObject","inLanguage":"sv-SE","@id":"https:\/\/www.budokampsport.se\/#\/schema\/person\/image\/","url":"https:\/\/secure.gravatar.com\/avatar\/a58041c6cea9128bd9c40ee2f26d4136?s=96&d=blank&r=g","contentUrl":"https:\/\/secure.gravatar.com\/avatar\/a58041c6cea9128bd9c40ee2f26d4136?s=96&d=blank&r=g","caption":"Jonathan Broberg"},"sameAs":["https:\/\/www.facebook.com\/jonathan.broberg.7"],"url":"https:\/\/www.budokampsport.se\/author\/jonathan\/"}]}},"_links":{"self":[{"href":"https:\/\/www.budokampsport.se\/api\/wp\/v2\/posts\/5112","targetHints":{"allow":["GET"]}}],"collection":[{"href":"https:\/\/www.budokampsport.se\/api\/wp\/v2\/posts"}],"about":[{"href":"https:\/\/www.budokampsport.se\/api\/wp\/v2\/types\/post"}],"author":[{"embeddable":true,"href":"https:\/\/www.budokampsport.se\/api\/wp\/v2\/users\/7"}],"replies":[{"embeddable":true,"href":"https:\/\/www.budokampsport.se\/api\/wp\/v2\/comments?post=5112"}],"version-history":[{"count":0,"href":"https:\/\/www.budokampsport.se\/api\/wp\/v2\/posts\/5112\/revisions"}],"wp:attachment":[{"href":"https:\/\/www.budokampsport.se\/api\/wp\/v2\/media?parent=5112"}],"wp:term":[{"taxonomy":"category","embeddable":true,"href":"https:\/\/www.budokampsport.se\/api\/wp\/v2\/categories?post=5112"},{"taxonomy":"post_tag","embeddable":true,"href":"https:\/\/www.budokampsport.se\/api\/wp\/v2\/tags?post=5112"}],"curies":[{"name":"wp","href":"https:\/\/api.w.org\/{rel}","templated":true}]}}