{"id":51218,"date":"2017-10-06T10:53:29","date_gmt":"2017-10-06T08:53:29","guid":{"rendered":"http:\/\/www.budokampsport.se\/?p=51218"},"modified":"2017-10-06T17:01:02","modified_gmt":"2017-10-06T15:01:02","slug":"kyokushin-klart-med-sitt-historiskt-forsta-sm","status":"publish","type":"post","link":"https:\/\/www.budokampsport.se\/2017\/10\/06\/kyokushin-klart-med-sitt-historiskt-forsta-sm\/","title":{"rendered":"Kyokushin klart med sitt historiskt f\u00f6rsta SM"},"content":{"rendered":"<p>Efter \u00e5r av diskussioner kommer s\u00e5 \u00e4ntligen det f\u00f6rsta svenska m\u00e4sterskapet i kyokushin att kunna arrangeras.<\/p>\n<p>Platsen f\u00f6r t\u00e4vlingen blir Kung\u00e4lv och initiativtagaren Mikael Andersson \u00e4r glad \u00f6ver att det nu \u00e4r dags.<br \/>\n&#8211; Ja, \u00e4ntligen, det var p\u00e5 tiden. Jag \u00e4r otroligt taggad.<\/p>\n<p>Sverige har p\u00e5 senaste tiden klivit allt l\u00e4ngre fram inom internationell kyokushin med bland annat storstj\u00e4rnor som Cecilia Wallin, Simon P\u00e5hlsson, Jimmie Collin och inte minst europam\u00e4starinnan Sara H\u00e4gge.<br \/>\n&#8211; Jag tycker man kan f\u00f6rv\u00e4nta sig en rolig t\u00e4vling med bra internationell klass och ett bra event. Vi har arrangerat RM f\u00f6rr och k\u00e4nner oss trygga i arrang\u00f6rskapet. Det blir ett bra st\u00e4lle att vara p\u00e5, det blir lite str\u00e5lkastare och p\u00e5 en scen, s\u00e5 inramningen l\u00e4r bli h\u00e4ftig, hoppas vi.<br \/>\n&#8211; K\u00e4nslan \u00e4r s\u00e5 klart v\u00e4ldigt positiv.<\/p>\n<p>Text och foto: Jonathan Broberg<\/p>\n","protected":false},"excerpt":{"rendered":"<p>Den 25 november blir ett historiskt svenskt kyokushindatum. D\u00e5 arrangeras n\u00e4mligen det f\u00f6rsta svenska m\u00e4sterskapet i idrotten, i Kung\u00e4lv utanf\u00f6r G\u00f6teborg.<br \/><br>&#8211; K\u00e4nslan \u00e4r s\u00e5 klart v\u00e4ldigt positiv, s\u00e4ger initiativtagare Mikael Andersson till budokampsport.se.<\/p><br>","protected":false},"author":7,"featured_media":36607,"comment_status":"open","ping_status":"open","sticky":false,"template":"","format":"standard","meta":{"_acf_changed":false,"footnotes":""},"categories":[1],"tags":[],"class_list":["post-51218","post","type-post","status-publish","format-standard","has-post-thumbnail","hentry","category-okategoriserade"],"acf":[],"yoast_head":"<!-- This site is optimized with the Yoast SEO plugin v26.8 - https:\/\/yoast.com\/product\/yoast-seo-wordpress\/ -->\n<title>Kyokushin klart med sitt historiskt f\u00f6rsta SM - Svenska Budo &amp; Kampsportsf\u00f6rbundet<\/title>\n<meta name=\"description\" content=\"Den 25 november blir ett historiskt svenskt kyokushindatum. D\u00e5 arrangeras n\u00e4mligen det f\u00f6rsta svenska m\u00e4sterskapet i idrotten, i Kung\u00e4lv utanf\u00f6r G\u00f6teborg. - K\u00e4nslan \u00e4r s\u00e5 klart v\u00e4ldigt positiv, s\u00e4ger initiativtagare Mikael Andersson till budokampsport.se.\" \/>\n<meta name=\"robots\" content=\"index, follow, max-snippet:-1, max-image-preview:large, max-video-preview:-1\" \/>\n<link rel=\"canonical\" href=\"https:\/\/www.budokampsport.se\/2017\/10\/06\/kyokushin-klart-med-sitt-historiskt-forsta-sm\/\" \/>\n<meta property=\"og:locale\" content=\"sv_SE\" \/>\n<meta property=\"og:type\" content=\"article\" \/>\n<meta property=\"og:title\" content=\"Kyokushin klart med sitt historiskt f\u00f6rsta SM - Svenska Budo &amp; Kampsportsf\u00f6rbundet\" \/>\n<meta property=\"og:description\" content=\"Den 25 november blir ett historiskt svenskt kyokushindatum. D\u00e5 arrangeras n\u00e4mligen det f\u00f6rsta svenska m\u00e4sterskapet i idrotten, i Kung\u00e4lv utanf\u00f6r G\u00f6teborg. - K\u00e4nslan \u00e4r s\u00e5 klart v\u00e4ldigt positiv, s\u00e4ger initiativtagare Mikael Andersson till budokampsport.se.\" \/>\n<meta property=\"og:url\" content=\"https:\/\/www.budokampsport.se\/2017\/10\/06\/kyokushin-klart-med-sitt-historiskt-forsta-sm\/\" \/>\n<meta property=\"og:site_name\" content=\"Svenska Budo &amp; Kampsportsf\u00f6rbundet\" \/>\n<meta property=\"article:author\" content=\"https:\/\/www.facebook.com\/jonathan.broberg.7\" \/>\n<meta property=\"article:published_time\" content=\"2017-10-06T08:53:29+00:00\" \/>\n<meta property=\"article:modified_time\" content=\"2017-10-06T15:01:02+00:00\" \/>\n<meta property=\"og:image\" content=\"https:\/\/www.budokampsport.se\/wp-content\/uploads\/2016\/05\/kyokushin.jpg\" \/>\n\t<meta property=\"og:image:width\" content=\"850\" \/>\n\t<meta property=\"og:image:height\" content=\"567\" \/>\n\t<meta property=\"og:image:type\" content=\"image\/jpeg\" \/>\n<meta name=\"author\" content=\"Jonathan Broberg\" \/>\n<meta name=\"twitter:card\" content=\"summary_large_image\" \/>\n<meta name=\"twitter:label1\" content=\"Skriven av\" \/>\n\t<meta name=\"twitter:data1\" content=\"Jonathan Broberg\" \/>\n\t<meta name=\"twitter:label2\" content=\"Ber\u00e4knad l\u00e4stid\" \/>\n\t<meta name=\"twitter:data2\" content=\"1 minut\" \/>\n<script type=\"application\/ld+json\" class=\"yoast-schema-graph\">{\"@context\":\"https:\/\/schema.org\",\"@graph\":[{\"@type\":\"Article\",\"@id\":\"https:\/\/www.budokampsport.se\/2017\/10\/06\/kyokushin-klart-med-sitt-historiskt-forsta-sm\/#article\",\"isPartOf\":{\"@id\":\"https:\/\/www.budokampsport.se\/2017\/10\/06\/kyokushin-klart-med-sitt-historiskt-forsta-sm\/\"},\"author\":{\"name\":\"Jonathan Broberg\",\"@id\":\"https:\/\/www.budokampsport.se\/#\/schema\/person\/5c06d81d14850e2a8ce5493386560145\"},\"headline\":\"Kyokushin klart med sitt historiskt f\u00f6rsta SM\",\"datePublished\":\"2017-10-06T08:53:29+00:00\",\"dateModified\":\"2017-10-06T15:01:02+00:00\",\"mainEntityOfPage\":{\"@id\":\"https:\/\/www.budokampsport.se\/2017\/10\/06\/kyokushin-klart-med-sitt-historiskt-forsta-sm\/\"},\"wordCount\":167,\"commentCount\":2,\"image\":{\"@id\":\"https:\/\/www.budokampsport.se\/2017\/10\/06\/kyokushin-klart-med-sitt-historiskt-forsta-sm\/#primaryimage\"},\"thumbnailUrl\":\"https:\/\/www.budokampsport.se\/wp-content\/uploads\/2016\/05\/kyokushin.jpg\",\"inLanguage\":\"sv-SE\",\"potentialAction\":[{\"@type\":\"CommentAction\",\"name\":\"Comment\",\"target\":[\"https:\/\/www.budokampsport.se\/2017\/10\/06\/kyokushin-klart-med-sitt-historiskt-forsta-sm\/#respond\"]}]},{\"@type\":\"WebPage\",\"@id\":\"https:\/\/www.budokampsport.se\/2017\/10\/06\/kyokushin-klart-med-sitt-historiskt-forsta-sm\/\",\"url\":\"https:\/\/www.budokampsport.se\/2017\/10\/06\/kyokushin-klart-med-sitt-historiskt-forsta-sm\/\",\"name\":\"Kyokushin klart med sitt historiskt f\u00f6rsta SM - Svenska Budo &amp; Kampsportsf\u00f6rbundet\",\"isPartOf\":{\"@id\":\"https:\/\/www.budokampsport.se\/#website\"},\"primaryImageOfPage\":{\"@id\":\"https:\/\/www.budokampsport.se\/2017\/10\/06\/kyokushin-klart-med-sitt-historiskt-forsta-sm\/#primaryimage\"},\"image\":{\"@id\":\"https:\/\/www.budokampsport.se\/2017\/10\/06\/kyokushin-klart-med-sitt-historiskt-forsta-sm\/#primaryimage\"},\"thumbnailUrl\":\"https:\/\/www.budokampsport.se\/wp-content\/uploads\/2016\/05\/kyokushin.jpg\",\"datePublished\":\"2017-10-06T08:53:29+00:00\",\"dateModified\":\"2017-10-06T15:01:02+00:00\",\"author\":{\"@id\":\"https:\/\/www.budokampsport.se\/#\/schema\/person\/5c06d81d14850e2a8ce5493386560145\"},\"description\":\"Den 25 november blir ett historiskt svenskt kyokushindatum. D\u00e5 arrangeras n\u00e4mligen det f\u00f6rsta svenska m\u00e4sterskapet i idrotten, i Kung\u00e4lv utanf\u00f6r G\u00f6teborg. - K\u00e4nslan \u00e4r s\u00e5 klart v\u00e4ldigt positiv, s\u00e4ger initiativtagare Mikael Andersson till budokampsport.se.\",\"breadcrumb\":{\"@id\":\"https:\/\/www.budokampsport.se\/2017\/10\/06\/kyokushin-klart-med-sitt-historiskt-forsta-sm\/#breadcrumb\"},\"inLanguage\":\"sv-SE\",\"potentialAction\":[{\"@type\":\"ReadAction\",\"target\":[\"https:\/\/www.budokampsport.se\/2017\/10\/06\/kyokushin-klart-med-sitt-historiskt-forsta-sm\/\"]}]},{\"@type\":\"ImageObject\",\"inLanguage\":\"sv-SE\",\"@id\":\"https:\/\/www.budokampsport.se\/2017\/10\/06\/kyokushin-klart-med-sitt-historiskt-forsta-sm\/#primaryimage\",\"url\":\"https:\/\/www.budokampsport.se\/wp-content\/uploads\/2016\/05\/kyokushin.jpg\",\"contentUrl\":\"https:\/\/www.budokampsport.se\/wp-content\/uploads\/2016\/05\/kyokushin.jpg\",\"width\":850,\"height\":567},{\"@type\":\"BreadcrumbList\",\"@id\":\"https:\/\/www.budokampsport.se\/2017\/10\/06\/kyokushin-klart-med-sitt-historiskt-forsta-sm\/#breadcrumb\",\"itemListElement\":[{\"@type\":\"ListItem\",\"position\":1,\"name\":\"Hem\",\"item\":\"https:\/\/www.budokampsport.se\/\"},{\"@type\":\"ListItem\",\"position\":2,\"name\":\"Kyokushin klart med sitt historiskt f\u00f6rsta SM\"}]},{\"@type\":\"WebSite\",\"@id\":\"https:\/\/www.budokampsport.se\/#website\",\"url\":\"https:\/\/www.budokampsport.se\/\",\"name\":\"Svenska Budo &amp; Kampsportsf\u00f6rbundet\",\"description\":\"T\u00e4vling, Tr\u00e4ning, Tradition\",\"potentialAction\":[{\"@type\":\"SearchAction\",\"target\":{\"@type\":\"EntryPoint\",\"urlTemplate\":\"https:\/\/www.budokampsport.se\/?s={search_term_string}\"},\"query-input\":{\"@type\":\"PropertyValueSpecification\",\"valueRequired\":true,\"valueName\":\"search_term_string\"}}],\"inLanguage\":\"sv-SE\"},{\"@type\":\"Person\",\"@id\":\"https:\/\/www.budokampsport.se\/#\/schema\/person\/5c06d81d14850e2a8ce5493386560145\",\"name\":\"Jonathan Broberg\",\"image\":{\"@type\":\"ImageObject\",\"inLanguage\":\"sv-SE\",\"@id\":\"https:\/\/www.budokampsport.se\/#\/schema\/person\/image\/\",\"url\":\"https:\/\/secure.gravatar.com\/avatar\/a58041c6cea9128bd9c40ee2f26d4136?s=96&d=blank&r=g\",\"contentUrl\":\"https:\/\/secure.gravatar.com\/avatar\/a58041c6cea9128bd9c40ee2f26d4136?s=96&d=blank&r=g\",\"caption\":\"Jonathan Broberg\"},\"sameAs\":[\"https:\/\/www.facebook.com\/jonathan.broberg.7\"],\"url\":\"https:\/\/www.budokampsport.se\/author\/jonathan\/\"}]}<\/script>\n<!-- \/ Yoast SEO plugin. -->","yoast_head_json":{"title":"Kyokushin klart med sitt historiskt f\u00f6rsta SM - Svenska Budo &amp; Kampsportsf\u00f6rbundet","description":"Den 25 november blir ett historiskt svenskt kyokushindatum. D\u00e5 arrangeras n\u00e4mligen det f\u00f6rsta svenska m\u00e4sterskapet i idrotten, i Kung\u00e4lv utanf\u00f6r G\u00f6teborg. - K\u00e4nslan \u00e4r s\u00e5 klart v\u00e4ldigt positiv, s\u00e4ger initiativtagare Mikael Andersson till budokampsport.se.","robots":{"index":"index","follow":"follow","max-snippet":"max-snippet:-1","max-image-preview":"max-image-preview:large","max-video-preview":"max-video-preview:-1"},"canonical":"https:\/\/www.budokampsport.se\/2017\/10\/06\/kyokushin-klart-med-sitt-historiskt-forsta-sm\/","og_locale":"sv_SE","og_type":"article","og_title":"Kyokushin klart med sitt historiskt f\u00f6rsta SM - Svenska Budo &amp; Kampsportsf\u00f6rbundet","og_description":"Den 25 november blir ett historiskt svenskt kyokushindatum. D\u00e5 arrangeras n\u00e4mligen det f\u00f6rsta svenska m\u00e4sterskapet i idrotten, i Kung\u00e4lv utanf\u00f6r G\u00f6teborg. - K\u00e4nslan \u00e4r s\u00e5 klart v\u00e4ldigt positiv, s\u00e4ger initiativtagare Mikael Andersson till budokampsport.se.","og_url":"https:\/\/www.budokampsport.se\/2017\/10\/06\/kyokushin-klart-med-sitt-historiskt-forsta-sm\/","og_site_name":"Svenska Budo &amp; Kampsportsf\u00f6rbundet","article_author":"https:\/\/www.facebook.com\/jonathan.broberg.7","article_published_time":"2017-10-06T08:53:29+00:00","article_modified_time":"2017-10-06T15:01:02+00:00","og_image":[{"width":850,"height":567,"url":"https:\/\/www.budokampsport.se\/wp-content\/uploads\/2016\/05\/kyokushin.jpg","type":"image\/jpeg"}],"author":"Jonathan Broberg","twitter_card":"summary_large_image","twitter_misc":{"Skriven av":"Jonathan Broberg","Ber\u00e4knad l\u00e4stid":"1 minut"},"schema":{"@context":"https:\/\/schema.org","@graph":[{"@type":"Article","@id":"https:\/\/www.budokampsport.se\/2017\/10\/06\/kyokushin-klart-med-sitt-historiskt-forsta-sm\/#article","isPartOf":{"@id":"https:\/\/www.budokampsport.se\/2017\/10\/06\/kyokushin-klart-med-sitt-historiskt-forsta-sm\/"},"author":{"name":"Jonathan Broberg","@id":"https:\/\/www.budokampsport.se\/#\/schema\/person\/5c06d81d14850e2a8ce5493386560145"},"headline":"Kyokushin klart med sitt historiskt f\u00f6rsta SM","datePublished":"2017-10-06T08:53:29+00:00","dateModified":"2017-10-06T15:01:02+00:00","mainEntityOfPage":{"@id":"https:\/\/www.budokampsport.se\/2017\/10\/06\/kyokushin-klart-med-sitt-historiskt-forsta-sm\/"},"wordCount":167,"commentCount":2,"image":{"@id":"https:\/\/www.budokampsport.se\/2017\/10\/06\/kyokushin-klart-med-sitt-historiskt-forsta-sm\/#primaryimage"},"thumbnailUrl":"https:\/\/www.budokampsport.se\/wp-content\/uploads\/2016\/05\/kyokushin.jpg","inLanguage":"sv-SE","potentialAction":[{"@type":"CommentAction","name":"Comment","target":["https:\/\/www.budokampsport.se\/2017\/10\/06\/kyokushin-klart-med-sitt-historiskt-forsta-sm\/#respond"]}]},{"@type":"WebPage","@id":"https:\/\/www.budokampsport.se\/2017\/10\/06\/kyokushin-klart-med-sitt-historiskt-forsta-sm\/","url":"https:\/\/www.budokampsport.se\/2017\/10\/06\/kyokushin-klart-med-sitt-historiskt-forsta-sm\/","name":"Kyokushin klart med sitt historiskt f\u00f6rsta SM - Svenska Budo &amp; Kampsportsf\u00f6rbundet","isPartOf":{"@id":"https:\/\/www.budokampsport.se\/#website"},"primaryImageOfPage":{"@id":"https:\/\/www.budokampsport.se\/2017\/10\/06\/kyokushin-klart-med-sitt-historiskt-forsta-sm\/#primaryimage"},"image":{"@id":"https:\/\/www.budokampsport.se\/2017\/10\/06\/kyokushin-klart-med-sitt-historiskt-forsta-sm\/#primaryimage"},"thumbnailUrl":"https:\/\/www.budokampsport.se\/wp-content\/uploads\/2016\/05\/kyokushin.jpg","datePublished":"2017-10-06T08:53:29+00:00","dateModified":"2017-10-06T15:01:02+00:00","author":{"@id":"https:\/\/www.budokampsport.se\/#\/schema\/person\/5c06d81d14850e2a8ce5493386560145"},"description":"Den 25 november blir ett historiskt svenskt kyokushindatum. D\u00e5 arrangeras n\u00e4mligen det f\u00f6rsta svenska m\u00e4sterskapet i idrotten, i Kung\u00e4lv utanf\u00f6r G\u00f6teborg. - K\u00e4nslan \u00e4r s\u00e5 klart v\u00e4ldigt positiv, s\u00e4ger initiativtagare Mikael Andersson till budokampsport.se.","breadcrumb":{"@id":"https:\/\/www.budokampsport.se\/2017\/10\/06\/kyokushin-klart-med-sitt-historiskt-forsta-sm\/#breadcrumb"},"inLanguage":"sv-SE","potentialAction":[{"@type":"ReadAction","target":["https:\/\/www.budokampsport.se\/2017\/10\/06\/kyokushin-klart-med-sitt-historiskt-forsta-sm\/"]}]},{"@type":"ImageObject","inLanguage":"sv-SE","@id":"https:\/\/www.budokampsport.se\/2017\/10\/06\/kyokushin-klart-med-sitt-historiskt-forsta-sm\/#primaryimage","url":"https:\/\/www.budokampsport.se\/wp-content\/uploads\/2016\/05\/kyokushin.jpg","contentUrl":"https:\/\/www.budokampsport.se\/wp-content\/uploads\/2016\/05\/kyokushin.jpg","width":850,"height":567},{"@type":"BreadcrumbList","@id":"https:\/\/www.budokampsport.se\/2017\/10\/06\/kyokushin-klart-med-sitt-historiskt-forsta-sm\/#breadcrumb","itemListElement":[{"@type":"ListItem","position":1,"name":"Hem","item":"https:\/\/www.budokampsport.se\/"},{"@type":"ListItem","position":2,"name":"Kyokushin klart med sitt historiskt f\u00f6rsta SM"}]},{"@type":"WebSite","@id":"https:\/\/www.budokampsport.se\/#website","url":"https:\/\/www.budokampsport.se\/","name":"Svenska Budo &amp; Kampsportsf\u00f6rbundet","description":"T\u00e4vling, Tr\u00e4ning, Tradition","potentialAction":[{"@type":"SearchAction","target":{"@type":"EntryPoint","urlTemplate":"https:\/\/www.budokampsport.se\/?s={search_term_string}"},"query-input":{"@type":"PropertyValueSpecification","valueRequired":true,"valueName":"search_term_string"}}],"inLanguage":"sv-SE"},{"@type":"Person","@id":"https:\/\/www.budokampsport.se\/#\/schema\/person\/5c06d81d14850e2a8ce5493386560145","name":"Jonathan Broberg","image":{"@type":"ImageObject","inLanguage":"sv-SE","@id":"https:\/\/www.budokampsport.se\/#\/schema\/person\/image\/","url":"https:\/\/secure.gravatar.com\/avatar\/a58041c6cea9128bd9c40ee2f26d4136?s=96&d=blank&r=g","contentUrl":"https:\/\/secure.gravatar.com\/avatar\/a58041c6cea9128bd9c40ee2f26d4136?s=96&d=blank&r=g","caption":"Jonathan Broberg"},"sameAs":["https:\/\/www.facebook.com\/jonathan.broberg.7"],"url":"https:\/\/www.budokampsport.se\/author\/jonathan\/"}]}},"_links":{"self":[{"href":"https:\/\/www.budokampsport.se\/api\/wp\/v2\/posts\/51218","targetHints":{"allow":["GET"]}}],"collection":[{"href":"https:\/\/www.budokampsport.se\/api\/wp\/v2\/posts"}],"about":[{"href":"https:\/\/www.budokampsport.se\/api\/wp\/v2\/types\/post"}],"author":[{"embeddable":true,"href":"https:\/\/www.budokampsport.se\/api\/wp\/v2\/users\/7"}],"replies":[{"embeddable":true,"href":"https:\/\/www.budokampsport.se\/api\/wp\/v2\/comments?post=51218"}],"version-history":[{"count":0,"href":"https:\/\/www.budokampsport.se\/api\/wp\/v2\/posts\/51218\/revisions"}],"wp:featuredmedia":[{"embeddable":true,"href":"https:\/\/www.budokampsport.se\/api\/wp\/v2\/media\/36607"}],"wp:attachment":[{"href":"https:\/\/www.budokampsport.se\/api\/wp\/v2\/media?parent=51218"}],"wp:term":[{"taxonomy":"category","embeddable":true,"href":"https:\/\/www.budokampsport.se\/api\/wp\/v2\/categories?post=51218"},{"taxonomy":"post_tag","embeddable":true,"href":"https:\/\/www.budokampsport.se\/api\/wp\/v2\/tags?post=51218"}],"curies":[{"name":"wp","href":"https:\/\/api.w.org\/{rel}","templated":true}]}}