{"id":5134,"date":"2014-09-25T13:47:37","date_gmt":"2014-09-25T11:47:37","guid":{"rendered":"http:\/\/budo.wordpress.dev\/2014\/09\/25\/vilodag-i-krakow\/"},"modified":"2016-12-06T22:37:41","modified_gmt":"2016-12-06T21:37:41","slug":"vilodag-i-krakow","status":"publish","type":"post","link":"https:\/\/www.budokampsport.se\/2014\/09\/25\/vilodag-i-krakow\/","title":{"rendered":"Vilodag i Krakow"},"content":{"rendered":"<p><strong><img decoding=\"async\" alt=\"\" src=\"http:\/\/www.budokampsport.se\/sites\/default\/files\/muaythai_250x250-copy.jpg\" style=\"float:right; height:125px; width:125px\">Det \u00e4r efter tv\u00e5 intensiva t\u00e4vlingsdagar i Krakow lite tid f\u00f6r rekreation f\u00f6r den svenska landslagstruppen. Under torsdagen \u00e4r det t\u00e4vlingledigt och den svenska truppen har \u00e4gnat sig \u00e5t lite team-aktiviteter och sight seeing.<\/strong><!--break--><\/p>\n<p>Redan \u00e4r 17 svenska medaljer s\u00e4krade under m\u00e4sterskapet, och p\u00e5 fredag startar semifinalpassen. Finalpassen ska b\u00f6rjar p\u00e5 s\u00f6ndag med reservation f\u00f6r vissa finaler som kan tidigarel\u00e4ggas.\u00a0<\/p>\n<p>Bland annat snurrar rykten, \u00e4n s\u00e5 l\u00e4nge obekr\u00e4ftade s\u00e5dana, att juniorfinalerna kan komma att avg\u00f6ras redan under morgondagen.<\/p>\n<p>Det s\u00e4gs ocks\u00e5 att vandrarhemmet som landslaget blev forslade till ska f\u00f6rses med v\u00e4rme. N\u00e5gra av landslagets medlemmar har m\u00f6ssa och halsduk inne p\u00e5 rummen f\u00f6r att det \u00e4r s\u00e5 kallt, helt enkelt.<\/p>\n<p>Vi \u00e5terkommer naturligtvis s\u00e5 snart vi vet mer om hur semifinaler och eventuella finaler under fredagen kommer att se ut f\u00f6r svenskt vidkommande.<\/p>\n<p>Text: Jonathan Broberg<\/p>\n","protected":false},"excerpt":{"rendered":"<p><strong><img decoding=\"async\" alt=\"\" src=\"http:\/\/www.budokampsport.se\/sites\/default\/files\/muaythai_250x250-copy.jpg\" style=\"float:right; height:125px; width:125px\">Det \u00e4r efter tv\u00e5 intensiva t\u00e4vlingsdagar i Krakow lite tid f\u00f6r rekreation f\u00f6r den svenska landslagstruppen. Under torsdagen \u00e4r det t\u00e4vlingledigt och den svenska truppen har \u00e4gnat sig \u00e5t lite team-aktiviteter och sight seeing.<\/strong><\/p><br>","protected":false},"author":7,"featured_media":0,"comment_status":"closed","ping_status":"closed","sticky":false,"template":"","format":"standard","meta":{"_acf_changed":false,"footnotes":""},"categories":[1],"tags":[],"class_list":["post-5134","post","type-post","status-publish","format-standard","hentry","category-okategoriserade"],"acf":[],"yoast_head":"<!-- This site is optimized with the Yoast SEO plugin v26.8 - https:\/\/yoast.com\/product\/yoast-seo-wordpress\/ -->\n<title>Vilodag i Krakow - Svenska Budo &amp; Kampsportsf\u00f6rbundet<\/title>\n<meta name=\"description\" content=\"Det \u00e4r efter tv\u00e5 intensiva t\u00e4vlingsdagar i Krakow lite tid f\u00f6r rekreation f\u00f6r den svenska landslagstruppen. Under torsdagen \u00e4r det t\u00e4vlingledigt och den svenska truppen har \u00e4gnat sig \u00e5t lite team-aktiviteter och sight seeing.\" \/>\n<meta name=\"robots\" content=\"index, follow, max-snippet:-1, max-image-preview:large, max-video-preview:-1\" \/>\n<link rel=\"canonical\" href=\"https:\/\/www.budokampsport.se\/2014\/09\/25\/vilodag-i-krakow\/\" \/>\n<meta property=\"og:locale\" content=\"sv_SE\" \/>\n<meta property=\"og:type\" content=\"article\" \/>\n<meta property=\"og:title\" content=\"Vilodag i Krakow - Svenska Budo &amp; Kampsportsf\u00f6rbundet\" \/>\n<meta property=\"og:description\" content=\"Det \u00e4r efter tv\u00e5 intensiva t\u00e4vlingsdagar i Krakow lite tid f\u00f6r rekreation f\u00f6r den svenska landslagstruppen. Under torsdagen \u00e4r det t\u00e4vlingledigt och den svenska truppen har \u00e4gnat sig \u00e5t lite team-aktiviteter och sight seeing.\" \/>\n<meta property=\"og:url\" content=\"https:\/\/www.budokampsport.se\/2014\/09\/25\/vilodag-i-krakow\/\" \/>\n<meta property=\"og:site_name\" content=\"Svenska Budo &amp; Kampsportsf\u00f6rbundet\" \/>\n<meta property=\"article:author\" content=\"https:\/\/www.facebook.com\/jonathan.broberg.7\" \/>\n<meta property=\"article:published_time\" content=\"2014-09-25T11:47:37+00:00\" \/>\n<meta property=\"article:modified_time\" content=\"2016-12-06T21:37:41+00:00\" \/>\n<meta property=\"og:image\" content=\"http:\/\/www.budokampsport.se\/sites\/default\/files\/muaythai_250x250-copy.jpg\" \/>\n<meta name=\"author\" content=\"Jonathan Broberg\" \/>\n<meta name=\"twitter:card\" content=\"summary_large_image\" \/>\n<meta name=\"twitter:label1\" content=\"Skriven av\" \/>\n\t<meta name=\"twitter:data1\" content=\"Jonathan Broberg\" \/>\n\t<meta name=\"twitter:label2\" content=\"Ber\u00e4knad l\u00e4stid\" \/>\n\t<meta name=\"twitter:data2\" content=\"1 minut\" \/>\n<script type=\"application\/ld+json\" class=\"yoast-schema-graph\">{\"@context\":\"https:\/\/schema.org\",\"@graph\":[{\"@type\":\"Article\",\"@id\":\"https:\/\/www.budokampsport.se\/2014\/09\/25\/vilodag-i-krakow\/#article\",\"isPartOf\":{\"@id\":\"https:\/\/www.budokampsport.se\/2014\/09\/25\/vilodag-i-krakow\/\"},\"author\":{\"name\":\"Jonathan Broberg\",\"@id\":\"https:\/\/www.budokampsport.se\/#\/schema\/person\/5c06d81d14850e2a8ce5493386560145\"},\"headline\":\"Vilodag i Krakow\",\"datePublished\":\"2014-09-25T11:47:37+00:00\",\"dateModified\":\"2016-12-06T21:37:41+00:00\",\"mainEntityOfPage\":{\"@id\":\"https:\/\/www.budokampsport.se\/2014\/09\/25\/vilodag-i-krakow\/\"},\"wordCount\":160,\"image\":{\"@id\":\"https:\/\/www.budokampsport.se\/2014\/09\/25\/vilodag-i-krakow\/#primaryimage\"},\"thumbnailUrl\":\"http:\/\/www.budokampsport.se\/sites\/default\/files\/muaythai_250x250-copy.jpg\",\"inLanguage\":\"sv-SE\"},{\"@type\":\"WebPage\",\"@id\":\"https:\/\/www.budokampsport.se\/2014\/09\/25\/vilodag-i-krakow\/\",\"url\":\"https:\/\/www.budokampsport.se\/2014\/09\/25\/vilodag-i-krakow\/\",\"name\":\"Vilodag i Krakow - Svenska Budo &amp; Kampsportsf\u00f6rbundet\",\"isPartOf\":{\"@id\":\"https:\/\/www.budokampsport.se\/#website\"},\"primaryImageOfPage\":{\"@id\":\"https:\/\/www.budokampsport.se\/2014\/09\/25\/vilodag-i-krakow\/#primaryimage\"},\"image\":{\"@id\":\"https:\/\/www.budokampsport.se\/2014\/09\/25\/vilodag-i-krakow\/#primaryimage\"},\"thumbnailUrl\":\"http:\/\/www.budokampsport.se\/sites\/default\/files\/muaythai_250x250-copy.jpg\",\"datePublished\":\"2014-09-25T11:47:37+00:00\",\"dateModified\":\"2016-12-06T21:37:41+00:00\",\"author\":{\"@id\":\"https:\/\/www.budokampsport.se\/#\/schema\/person\/5c06d81d14850e2a8ce5493386560145\"},\"description\":\"Det \u00e4r efter tv\u00e5 intensiva t\u00e4vlingsdagar i Krakow lite tid f\u00f6r rekreation f\u00f6r den svenska landslagstruppen. Under torsdagen \u00e4r det t\u00e4vlingledigt och den svenska truppen har \u00e4gnat sig \u00e5t lite team-aktiviteter och sight seeing.\",\"breadcrumb\":{\"@id\":\"https:\/\/www.budokampsport.se\/2014\/09\/25\/vilodag-i-krakow\/#breadcrumb\"},\"inLanguage\":\"sv-SE\",\"potentialAction\":[{\"@type\":\"ReadAction\",\"target\":[\"https:\/\/www.budokampsport.se\/2014\/09\/25\/vilodag-i-krakow\/\"]}]},{\"@type\":\"ImageObject\",\"inLanguage\":\"sv-SE\",\"@id\":\"https:\/\/www.budokampsport.se\/2014\/09\/25\/vilodag-i-krakow\/#primaryimage\",\"url\":\"http:\/\/www.budokampsport.se\/sites\/default\/files\/muaythai_250x250-copy.jpg\",\"contentUrl\":\"http:\/\/www.budokampsport.se\/sites\/default\/files\/muaythai_250x250-copy.jpg\"},{\"@type\":\"BreadcrumbList\",\"@id\":\"https:\/\/www.budokampsport.se\/2014\/09\/25\/vilodag-i-krakow\/#breadcrumb\",\"itemListElement\":[{\"@type\":\"ListItem\",\"position\":1,\"name\":\"Hem\",\"item\":\"https:\/\/www.budokampsport.se\/\"},{\"@type\":\"ListItem\",\"position\":2,\"name\":\"Vilodag i Krakow\"}]},{\"@type\":\"WebSite\",\"@id\":\"https:\/\/www.budokampsport.se\/#website\",\"url\":\"https:\/\/www.budokampsport.se\/\",\"name\":\"Svenska Budo &amp; Kampsportsf\u00f6rbundet\",\"description\":\"T\u00e4vling, Tr\u00e4ning, Tradition\",\"potentialAction\":[{\"@type\":\"SearchAction\",\"target\":{\"@type\":\"EntryPoint\",\"urlTemplate\":\"https:\/\/www.budokampsport.se\/?s={search_term_string}\"},\"query-input\":{\"@type\":\"PropertyValueSpecification\",\"valueRequired\":true,\"valueName\":\"search_term_string\"}}],\"inLanguage\":\"sv-SE\"},{\"@type\":\"Person\",\"@id\":\"https:\/\/www.budokampsport.se\/#\/schema\/person\/5c06d81d14850e2a8ce5493386560145\",\"name\":\"Jonathan Broberg\",\"image\":{\"@type\":\"ImageObject\",\"inLanguage\":\"sv-SE\",\"@id\":\"https:\/\/www.budokampsport.se\/#\/schema\/person\/image\/\",\"url\":\"https:\/\/secure.gravatar.com\/avatar\/a58041c6cea9128bd9c40ee2f26d4136?s=96&d=blank&r=g\",\"contentUrl\":\"https:\/\/secure.gravatar.com\/avatar\/a58041c6cea9128bd9c40ee2f26d4136?s=96&d=blank&r=g\",\"caption\":\"Jonathan Broberg\"},\"sameAs\":[\"https:\/\/www.facebook.com\/jonathan.broberg.7\"],\"url\":\"https:\/\/www.budokampsport.se\/author\/jonathan\/\"}]}<\/script>\n<!-- \/ Yoast SEO plugin. -->","yoast_head_json":{"title":"Vilodag i Krakow - Svenska Budo &amp; Kampsportsf\u00f6rbundet","description":"Det \u00e4r efter tv\u00e5 intensiva t\u00e4vlingsdagar i Krakow lite tid f\u00f6r rekreation f\u00f6r den svenska landslagstruppen. Under torsdagen \u00e4r det t\u00e4vlingledigt och den svenska truppen har \u00e4gnat sig \u00e5t lite team-aktiviteter och sight seeing.","robots":{"index":"index","follow":"follow","max-snippet":"max-snippet:-1","max-image-preview":"max-image-preview:large","max-video-preview":"max-video-preview:-1"},"canonical":"https:\/\/www.budokampsport.se\/2014\/09\/25\/vilodag-i-krakow\/","og_locale":"sv_SE","og_type":"article","og_title":"Vilodag i Krakow - Svenska Budo &amp; Kampsportsf\u00f6rbundet","og_description":"Det \u00e4r efter tv\u00e5 intensiva t\u00e4vlingsdagar i Krakow lite tid f\u00f6r rekreation f\u00f6r den svenska landslagstruppen. Under torsdagen \u00e4r det t\u00e4vlingledigt och den svenska truppen har \u00e4gnat sig \u00e5t lite team-aktiviteter och sight seeing.","og_url":"https:\/\/www.budokampsport.se\/2014\/09\/25\/vilodag-i-krakow\/","og_site_name":"Svenska Budo &amp; Kampsportsf\u00f6rbundet","article_author":"https:\/\/www.facebook.com\/jonathan.broberg.7","article_published_time":"2014-09-25T11:47:37+00:00","article_modified_time":"2016-12-06T21:37:41+00:00","og_image":[{"url":"http:\/\/www.budokampsport.se\/sites\/default\/files\/muaythai_250x250-copy.jpg","type":"","width":"","height":""}],"author":"Jonathan Broberg","twitter_card":"summary_large_image","twitter_misc":{"Skriven av":"Jonathan Broberg","Ber\u00e4knad l\u00e4stid":"1 minut"},"schema":{"@context":"https:\/\/schema.org","@graph":[{"@type":"Article","@id":"https:\/\/www.budokampsport.se\/2014\/09\/25\/vilodag-i-krakow\/#article","isPartOf":{"@id":"https:\/\/www.budokampsport.se\/2014\/09\/25\/vilodag-i-krakow\/"},"author":{"name":"Jonathan Broberg","@id":"https:\/\/www.budokampsport.se\/#\/schema\/person\/5c06d81d14850e2a8ce5493386560145"},"headline":"Vilodag i Krakow","datePublished":"2014-09-25T11:47:37+00:00","dateModified":"2016-12-06T21:37:41+00:00","mainEntityOfPage":{"@id":"https:\/\/www.budokampsport.se\/2014\/09\/25\/vilodag-i-krakow\/"},"wordCount":160,"image":{"@id":"https:\/\/www.budokampsport.se\/2014\/09\/25\/vilodag-i-krakow\/#primaryimage"},"thumbnailUrl":"http:\/\/www.budokampsport.se\/sites\/default\/files\/muaythai_250x250-copy.jpg","inLanguage":"sv-SE"},{"@type":"WebPage","@id":"https:\/\/www.budokampsport.se\/2014\/09\/25\/vilodag-i-krakow\/","url":"https:\/\/www.budokampsport.se\/2014\/09\/25\/vilodag-i-krakow\/","name":"Vilodag i Krakow - Svenska Budo &amp; Kampsportsf\u00f6rbundet","isPartOf":{"@id":"https:\/\/www.budokampsport.se\/#website"},"primaryImageOfPage":{"@id":"https:\/\/www.budokampsport.se\/2014\/09\/25\/vilodag-i-krakow\/#primaryimage"},"image":{"@id":"https:\/\/www.budokampsport.se\/2014\/09\/25\/vilodag-i-krakow\/#primaryimage"},"thumbnailUrl":"http:\/\/www.budokampsport.se\/sites\/default\/files\/muaythai_250x250-copy.jpg","datePublished":"2014-09-25T11:47:37+00:00","dateModified":"2016-12-06T21:37:41+00:00","author":{"@id":"https:\/\/www.budokampsport.se\/#\/schema\/person\/5c06d81d14850e2a8ce5493386560145"},"description":"Det \u00e4r efter tv\u00e5 intensiva t\u00e4vlingsdagar i Krakow lite tid f\u00f6r rekreation f\u00f6r den svenska landslagstruppen. Under torsdagen \u00e4r det t\u00e4vlingledigt och den svenska truppen har \u00e4gnat sig \u00e5t lite team-aktiviteter och sight seeing.","breadcrumb":{"@id":"https:\/\/www.budokampsport.se\/2014\/09\/25\/vilodag-i-krakow\/#breadcrumb"},"inLanguage":"sv-SE","potentialAction":[{"@type":"ReadAction","target":["https:\/\/www.budokampsport.se\/2014\/09\/25\/vilodag-i-krakow\/"]}]},{"@type":"ImageObject","inLanguage":"sv-SE","@id":"https:\/\/www.budokampsport.se\/2014\/09\/25\/vilodag-i-krakow\/#primaryimage","url":"http:\/\/www.budokampsport.se\/sites\/default\/files\/muaythai_250x250-copy.jpg","contentUrl":"http:\/\/www.budokampsport.se\/sites\/default\/files\/muaythai_250x250-copy.jpg"},{"@type":"BreadcrumbList","@id":"https:\/\/www.budokampsport.se\/2014\/09\/25\/vilodag-i-krakow\/#breadcrumb","itemListElement":[{"@type":"ListItem","position":1,"name":"Hem","item":"https:\/\/www.budokampsport.se\/"},{"@type":"ListItem","position":2,"name":"Vilodag i Krakow"}]},{"@type":"WebSite","@id":"https:\/\/www.budokampsport.se\/#website","url":"https:\/\/www.budokampsport.se\/","name":"Svenska Budo &amp; Kampsportsf\u00f6rbundet","description":"T\u00e4vling, Tr\u00e4ning, Tradition","potentialAction":[{"@type":"SearchAction","target":{"@type":"EntryPoint","urlTemplate":"https:\/\/www.budokampsport.se\/?s={search_term_string}"},"query-input":{"@type":"PropertyValueSpecification","valueRequired":true,"valueName":"search_term_string"}}],"inLanguage":"sv-SE"},{"@type":"Person","@id":"https:\/\/www.budokampsport.se\/#\/schema\/person\/5c06d81d14850e2a8ce5493386560145","name":"Jonathan Broberg","image":{"@type":"ImageObject","inLanguage":"sv-SE","@id":"https:\/\/www.budokampsport.se\/#\/schema\/person\/image\/","url":"https:\/\/secure.gravatar.com\/avatar\/a58041c6cea9128bd9c40ee2f26d4136?s=96&d=blank&r=g","contentUrl":"https:\/\/secure.gravatar.com\/avatar\/a58041c6cea9128bd9c40ee2f26d4136?s=96&d=blank&r=g","caption":"Jonathan Broberg"},"sameAs":["https:\/\/www.facebook.com\/jonathan.broberg.7"],"url":"https:\/\/www.budokampsport.se\/author\/jonathan\/"}]}},"_links":{"self":[{"href":"https:\/\/www.budokampsport.se\/api\/wp\/v2\/posts\/5134","targetHints":{"allow":["GET"]}}],"collection":[{"href":"https:\/\/www.budokampsport.se\/api\/wp\/v2\/posts"}],"about":[{"href":"https:\/\/www.budokampsport.se\/api\/wp\/v2\/types\/post"}],"author":[{"embeddable":true,"href":"https:\/\/www.budokampsport.se\/api\/wp\/v2\/users\/7"}],"replies":[{"embeddable":true,"href":"https:\/\/www.budokampsport.se\/api\/wp\/v2\/comments?post=5134"}],"version-history":[{"count":0,"href":"https:\/\/www.budokampsport.se\/api\/wp\/v2\/posts\/5134\/revisions"}],"wp:attachment":[{"href":"https:\/\/www.budokampsport.se\/api\/wp\/v2\/media?parent=5134"}],"wp:term":[{"taxonomy":"category","embeddable":true,"href":"https:\/\/www.budokampsport.se\/api\/wp\/v2\/categories?post=5134"},{"taxonomy":"post_tag","embeddable":true,"href":"https:\/\/www.budokampsport.se\/api\/wp\/v2\/tags?post=5134"}],"curies":[{"name":"wp","href":"https:\/\/api.w.org\/{rel}","templated":true}]}}