{"id":5141,"date":"2014-09-27T11:10:34","date_gmt":"2014-09-27T09:10:34","guid":{"rendered":"http:\/\/budo.wordpress.dev\/2014\/09\/27\/arrangorens-stormiss-svenska-plotsligt-med-i-startlistorna-vi-trodde-fransyskan-blivit-diskad\/"},"modified":"2016-12-02T07:26:21","modified_gmt":"2016-12-02T06:26:21","slug":"arrangorens-stormiss-svenska-plotsligt-med-i-startlistorna-vi-trodde-fransyskan-blivit-diskad","status":"publish","type":"post","link":"https:\/\/www.budokampsport.se\/2014\/09\/27\/arrangorens-stormiss-svenska-plotsligt-med-i-startlistorna-vi-trodde-fransyskan-blivit-diskad\/","title":{"rendered":"Arrang\u00f6rens stormiss \u2013 svenska pl\u00f6tsligt med i startlistorna &#8220;vi trodde fransyskan blivit diskad&#8221;"},"content":{"rendered":"<p><strong><img decoding=\"async\" alt=\"\" src=\"\/sites\/default\/files\/listor.gif\" style=\"height:75px; width:435px\"><br \/>Det europeiska thaiboxningsf\u00f6rbundet (European Muaythai Federation) har p\u00e5 flera s\u00e4tt strulat i arrang\u00f6rskapet under EM. Det svenska landslagets hotellbokning, som innefattade bad och bastu, blev ett vandrarhem med v\u00e4ggl\u00f6ss och utan rumsv\u00e4rme.<\/strong><!--break--><\/p>\n<p>Fast fr\u00e5gan \u00e4r om inte Sabina Land\u00e9n M\u00e5stensson drabbats v\u00e4rst av alla. Hon f\u00f6rlorade sin inledningsmatch i EM och blev f\u00f6ljaktligen utslagen.<\/p>\n<p><img decoding=\"async\" alt=\"\" src=\"\/sites\/default\/files\/sabina.gif\" style=\"float:right; height:117px; width:175px\">Men n\u00e4r matchlistorna f\u00f6r l\u00f6rdagen redovisades fanns Sand\u00e8n M\u00e5rtensson med bland de t\u00e4vlande. S\u00e5 07.35 blev hon v\u00e4ckt med information om att hon skulle g\u00e5 semifinal.<br \/>\u00a0\u00a0 &#8211; \u201dVi trodde att fransyskan jag m\u00f6tte hade blivit diskad\u201d, skriver hon p\u00e5 sin facebook.<\/p>\n<p>S\u00e5 Land\u00e9n M\u00e5rtensson skyndade upp p\u00e5 v\u00e5gen, d\u00e4r hon v\u00e4gde ett kilo \u00f6ver sin matchvikt. Hon kletade in sig i liniment, l\u00e5nade en svettdr\u00e4kt och gick ut och sprang \u2013 med m\u00f6ssa och halsduk. Allt f\u00f6r att hinna ner i matchvikt.<\/p>\n<p>Men v\u00e4l tillbaka efter l\u00f6prundan fick hon meddelandet \u2013 Europeiska f\u00f6rbundet hade skrivit fel i startlistorna.<br \/>\u201dVar F.A.N. ska man hitta det positiva i detta??\u201d, skriver hon.<\/p>\n<p>Text och foto:\u00a0Jonathan Broberg<\/p>\n","protected":false},"excerpt":{"rendered":"<p>Det europeiska thaiboxningsf\u00f6rbundet (European Muaythai Federation) har p\u00e5 flera s\u00e4tt [&#8230;]<\/p><br>","protected":false},"author":1,"featured_media":0,"comment_status":"closed","ping_status":"closed","sticky":false,"template":"","format":"standard","meta":{"_acf_changed":false,"footnotes":""},"categories":[1],"tags":[],"class_list":["post-5141","post","type-post","status-publish","format-standard","hentry","category-okategoriserade"],"acf":[],"yoast_head":"<!-- This site is optimized with the Yoast SEO plugin v26.8 - https:\/\/yoast.com\/product\/yoast-seo-wordpress\/ -->\n<title>Arrang\u00f6rens stormiss \u2013 svenska pl\u00f6tsligt med i startlistorna &quot;vi trodde fransyskan blivit diskad&quot; - Svenska Budo &amp; Kampsportsf\u00f6rbundet<\/title>\n<meta name=\"description\" content=\"Det europeiska thaiboxningsf\u00f6rbundet (European Muaythai Federation) har p\u00e5 flera s\u00e4tt strulat i arrang\u00f6rskapet under EM. Det svenska landslagets\" \/>\n<meta name=\"robots\" content=\"index, follow, max-snippet:-1, max-image-preview:large, max-video-preview:-1\" \/>\n<link rel=\"canonical\" href=\"https:\/\/www.budokampsport.se\/2014\/09\/27\/arrangorens-stormiss-svenska-plotsligt-med-i-startlistorna-vi-trodde-fransyskan-blivit-diskad\/\" \/>\n<meta property=\"og:locale\" content=\"sv_SE\" \/>\n<meta property=\"og:type\" content=\"article\" \/>\n<meta property=\"og:title\" content=\"Arrang\u00f6rens stormiss \u2013 svenska pl\u00f6tsligt med i startlistorna &quot;vi trodde fransyskan blivit diskad&quot; - Svenska Budo &amp; Kampsportsf\u00f6rbundet\" \/>\n<meta property=\"og:description\" content=\"Det europeiska thaiboxningsf\u00f6rbundet (European Muaythai Federation) har p\u00e5 flera s\u00e4tt strulat i arrang\u00f6rskapet under EM. Det svenska landslagets\" \/>\n<meta property=\"og:url\" content=\"https:\/\/www.budokampsport.se\/2014\/09\/27\/arrangorens-stormiss-svenska-plotsligt-med-i-startlistorna-vi-trodde-fransyskan-blivit-diskad\/\" \/>\n<meta property=\"og:site_name\" content=\"Svenska Budo &amp; Kampsportsf\u00f6rbundet\" \/>\n<meta property=\"article:published_time\" content=\"2014-09-27T09:10:34+00:00\" \/>\n<meta property=\"article:modified_time\" content=\"2016-12-02T06:26:21+00:00\" \/>\n<meta name=\"author\" content=\"Tony Svensson\" \/>\n<meta name=\"twitter:card\" content=\"summary_large_image\" \/>\n<meta name=\"twitter:label1\" content=\"Skriven av\" \/>\n\t<meta name=\"twitter:data1\" content=\"Tony Svensson\" \/>\n\t<meta name=\"twitter:label2\" content=\"Ber\u00e4knad l\u00e4stid\" \/>\n\t<meta name=\"twitter:data2\" content=\"1 minut\" \/>\n<script type=\"application\/ld+json\" class=\"yoast-schema-graph\">{\"@context\":\"https:\/\/schema.org\",\"@graph\":[{\"@type\":\"Article\",\"@id\":\"https:\/\/www.budokampsport.se\/2014\/09\/27\/arrangorens-stormiss-svenska-plotsligt-med-i-startlistorna-vi-trodde-fransyskan-blivit-diskad\/#article\",\"isPartOf\":{\"@id\":\"https:\/\/www.budokampsport.se\/2014\/09\/27\/arrangorens-stormiss-svenska-plotsligt-med-i-startlistorna-vi-trodde-fransyskan-blivit-diskad\/\"},\"author\":{\"name\":\"Tony Svensson\",\"@id\":\"https:\/\/www.budokampsport.se\/#\/schema\/person\/fa63fbbb0d79141e613a4ec1e6866e5e\"},\"headline\":\"Arrang\u00f6rens stormiss \u2013 svenska pl\u00f6tsligt med i startlistorna &#8220;vi trodde fransyskan blivit diskad&#8221;\",\"datePublished\":\"2014-09-27T09:10:34+00:00\",\"dateModified\":\"2016-12-02T06:26:21+00:00\",\"mainEntityOfPage\":{\"@id\":\"https:\/\/www.budokampsport.se\/2014\/09\/27\/arrangorens-stormiss-svenska-plotsligt-med-i-startlistorna-vi-trodde-fransyskan-blivit-diskad\/\"},\"wordCount\":213,\"inLanguage\":\"sv-SE\"},{\"@type\":\"WebPage\",\"@id\":\"https:\/\/www.budokampsport.se\/2014\/09\/27\/arrangorens-stormiss-svenska-plotsligt-med-i-startlistorna-vi-trodde-fransyskan-blivit-diskad\/\",\"url\":\"https:\/\/www.budokampsport.se\/2014\/09\/27\/arrangorens-stormiss-svenska-plotsligt-med-i-startlistorna-vi-trodde-fransyskan-blivit-diskad\/\",\"name\":\"Arrang\u00f6rens stormiss \u2013 svenska pl\u00f6tsligt med i startlistorna \\\"vi trodde fransyskan blivit diskad\\\" - Svenska Budo &amp; Kampsportsf\u00f6rbundet\",\"isPartOf\":{\"@id\":\"https:\/\/www.budokampsport.se\/#website\"},\"datePublished\":\"2014-09-27T09:10:34+00:00\",\"dateModified\":\"2016-12-02T06:26:21+00:00\",\"author\":{\"@id\":\"https:\/\/www.budokampsport.se\/#\/schema\/person\/fa63fbbb0d79141e613a4ec1e6866e5e\"},\"description\":\"Det europeiska thaiboxningsf\u00f6rbundet (European Muaythai Federation) har p\u00e5 flera s\u00e4tt strulat i arrang\u00f6rskapet under EM. Det svenska landslagets\",\"breadcrumb\":{\"@id\":\"https:\/\/www.budokampsport.se\/2014\/09\/27\/arrangorens-stormiss-svenska-plotsligt-med-i-startlistorna-vi-trodde-fransyskan-blivit-diskad\/#breadcrumb\"},\"inLanguage\":\"sv-SE\",\"potentialAction\":[{\"@type\":\"ReadAction\",\"target\":[\"https:\/\/www.budokampsport.se\/2014\/09\/27\/arrangorens-stormiss-svenska-plotsligt-med-i-startlistorna-vi-trodde-fransyskan-blivit-diskad\/\"]}]},{\"@type\":\"BreadcrumbList\",\"@id\":\"https:\/\/www.budokampsport.se\/2014\/09\/27\/arrangorens-stormiss-svenska-plotsligt-med-i-startlistorna-vi-trodde-fransyskan-blivit-diskad\/#breadcrumb\",\"itemListElement\":[{\"@type\":\"ListItem\",\"position\":1,\"name\":\"Hem\",\"item\":\"https:\/\/www.budokampsport.se\/\"},{\"@type\":\"ListItem\",\"position\":2,\"name\":\"Arrang\u00f6rens stormiss \u2013 svenska pl\u00f6tsligt med i startlistorna &#8220;vi trodde fransyskan blivit diskad&#8221;\"}]},{\"@type\":\"WebSite\",\"@id\":\"https:\/\/www.budokampsport.se\/#website\",\"url\":\"https:\/\/www.budokampsport.se\/\",\"name\":\"Svenska Budo &amp; Kampsportsf\u00f6rbundet\",\"description\":\"T\u00e4vling, Tr\u00e4ning, Tradition\",\"potentialAction\":[{\"@type\":\"SearchAction\",\"target\":{\"@type\":\"EntryPoint\",\"urlTemplate\":\"https:\/\/www.budokampsport.se\/?s={search_term_string}\"},\"query-input\":{\"@type\":\"PropertyValueSpecification\",\"valueRequired\":true,\"valueName\":\"search_term_string\"}}],\"inLanguage\":\"sv-SE\"},{\"@type\":\"Person\",\"@id\":\"https:\/\/www.budokampsport.se\/#\/schema\/person\/fa63fbbb0d79141e613a4ec1e6866e5e\",\"name\":\"Tony Svensson\",\"image\":{\"@type\":\"ImageObject\",\"inLanguage\":\"sv-SE\",\"@id\":\"https:\/\/www.budokampsport.se\/#\/schema\/person\/image\/\",\"url\":\"https:\/\/secure.gravatar.com\/avatar\/7bc374e22b288be285d5a3938a1e7522?s=96&d=blank&r=g\",\"contentUrl\":\"https:\/\/secure.gravatar.com\/avatar\/7bc374e22b288be285d5a3938a1e7522?s=96&d=blank&r=g\",\"caption\":\"Tony Svensson\"},\"url\":\"https:\/\/www.budokampsport.se\/author\/sbk\/\"}]}<\/script>\n<!-- \/ Yoast SEO plugin. -->","yoast_head_json":{"title":"Arrang\u00f6rens stormiss \u2013 svenska pl\u00f6tsligt med i startlistorna \"vi trodde fransyskan blivit diskad\" - Svenska Budo &amp; Kampsportsf\u00f6rbundet","description":"Det europeiska thaiboxningsf\u00f6rbundet (European Muaythai Federation) har p\u00e5 flera s\u00e4tt strulat i arrang\u00f6rskapet under EM. Det svenska landslagets","robots":{"index":"index","follow":"follow","max-snippet":"max-snippet:-1","max-image-preview":"max-image-preview:large","max-video-preview":"max-video-preview:-1"},"canonical":"https:\/\/www.budokampsport.se\/2014\/09\/27\/arrangorens-stormiss-svenska-plotsligt-med-i-startlistorna-vi-trodde-fransyskan-blivit-diskad\/","og_locale":"sv_SE","og_type":"article","og_title":"Arrang\u00f6rens stormiss \u2013 svenska pl\u00f6tsligt med i startlistorna \"vi trodde fransyskan blivit diskad\" - Svenska Budo &amp; Kampsportsf\u00f6rbundet","og_description":"Det europeiska thaiboxningsf\u00f6rbundet (European Muaythai Federation) har p\u00e5 flera s\u00e4tt strulat i arrang\u00f6rskapet under EM. Det svenska landslagets","og_url":"https:\/\/www.budokampsport.se\/2014\/09\/27\/arrangorens-stormiss-svenska-plotsligt-med-i-startlistorna-vi-trodde-fransyskan-blivit-diskad\/","og_site_name":"Svenska Budo &amp; Kampsportsf\u00f6rbundet","article_published_time":"2014-09-27T09:10:34+00:00","article_modified_time":"2016-12-02T06:26:21+00:00","author":"Tony Svensson","twitter_card":"summary_large_image","twitter_misc":{"Skriven av":"Tony Svensson","Ber\u00e4knad l\u00e4stid":"1 minut"},"schema":{"@context":"https:\/\/schema.org","@graph":[{"@type":"Article","@id":"https:\/\/www.budokampsport.se\/2014\/09\/27\/arrangorens-stormiss-svenska-plotsligt-med-i-startlistorna-vi-trodde-fransyskan-blivit-diskad\/#article","isPartOf":{"@id":"https:\/\/www.budokampsport.se\/2014\/09\/27\/arrangorens-stormiss-svenska-plotsligt-med-i-startlistorna-vi-trodde-fransyskan-blivit-diskad\/"},"author":{"name":"Tony Svensson","@id":"https:\/\/www.budokampsport.se\/#\/schema\/person\/fa63fbbb0d79141e613a4ec1e6866e5e"},"headline":"Arrang\u00f6rens stormiss \u2013 svenska pl\u00f6tsligt med i startlistorna &#8220;vi trodde fransyskan blivit diskad&#8221;","datePublished":"2014-09-27T09:10:34+00:00","dateModified":"2016-12-02T06:26:21+00:00","mainEntityOfPage":{"@id":"https:\/\/www.budokampsport.se\/2014\/09\/27\/arrangorens-stormiss-svenska-plotsligt-med-i-startlistorna-vi-trodde-fransyskan-blivit-diskad\/"},"wordCount":213,"inLanguage":"sv-SE"},{"@type":"WebPage","@id":"https:\/\/www.budokampsport.se\/2014\/09\/27\/arrangorens-stormiss-svenska-plotsligt-med-i-startlistorna-vi-trodde-fransyskan-blivit-diskad\/","url":"https:\/\/www.budokampsport.se\/2014\/09\/27\/arrangorens-stormiss-svenska-plotsligt-med-i-startlistorna-vi-trodde-fransyskan-blivit-diskad\/","name":"Arrang\u00f6rens stormiss \u2013 svenska pl\u00f6tsligt med i startlistorna \"vi trodde fransyskan blivit diskad\" - Svenska Budo &amp; Kampsportsf\u00f6rbundet","isPartOf":{"@id":"https:\/\/www.budokampsport.se\/#website"},"datePublished":"2014-09-27T09:10:34+00:00","dateModified":"2016-12-02T06:26:21+00:00","author":{"@id":"https:\/\/www.budokampsport.se\/#\/schema\/person\/fa63fbbb0d79141e613a4ec1e6866e5e"},"description":"Det europeiska thaiboxningsf\u00f6rbundet (European Muaythai Federation) har p\u00e5 flera s\u00e4tt strulat i arrang\u00f6rskapet under EM. Det svenska landslagets","breadcrumb":{"@id":"https:\/\/www.budokampsport.se\/2014\/09\/27\/arrangorens-stormiss-svenska-plotsligt-med-i-startlistorna-vi-trodde-fransyskan-blivit-diskad\/#breadcrumb"},"inLanguage":"sv-SE","potentialAction":[{"@type":"ReadAction","target":["https:\/\/www.budokampsport.se\/2014\/09\/27\/arrangorens-stormiss-svenska-plotsligt-med-i-startlistorna-vi-trodde-fransyskan-blivit-diskad\/"]}]},{"@type":"BreadcrumbList","@id":"https:\/\/www.budokampsport.se\/2014\/09\/27\/arrangorens-stormiss-svenska-plotsligt-med-i-startlistorna-vi-trodde-fransyskan-blivit-diskad\/#breadcrumb","itemListElement":[{"@type":"ListItem","position":1,"name":"Hem","item":"https:\/\/www.budokampsport.se\/"},{"@type":"ListItem","position":2,"name":"Arrang\u00f6rens stormiss \u2013 svenska pl\u00f6tsligt med i startlistorna &#8220;vi trodde fransyskan blivit diskad&#8221;"}]},{"@type":"WebSite","@id":"https:\/\/www.budokampsport.se\/#website","url":"https:\/\/www.budokampsport.se\/","name":"Svenska Budo &amp; Kampsportsf\u00f6rbundet","description":"T\u00e4vling, Tr\u00e4ning, Tradition","potentialAction":[{"@type":"SearchAction","target":{"@type":"EntryPoint","urlTemplate":"https:\/\/www.budokampsport.se\/?s={search_term_string}"},"query-input":{"@type":"PropertyValueSpecification","valueRequired":true,"valueName":"search_term_string"}}],"inLanguage":"sv-SE"},{"@type":"Person","@id":"https:\/\/www.budokampsport.se\/#\/schema\/person\/fa63fbbb0d79141e613a4ec1e6866e5e","name":"Tony Svensson","image":{"@type":"ImageObject","inLanguage":"sv-SE","@id":"https:\/\/www.budokampsport.se\/#\/schema\/person\/image\/","url":"https:\/\/secure.gravatar.com\/avatar\/7bc374e22b288be285d5a3938a1e7522?s=96&d=blank&r=g","contentUrl":"https:\/\/secure.gravatar.com\/avatar\/7bc374e22b288be285d5a3938a1e7522?s=96&d=blank&r=g","caption":"Tony Svensson"},"url":"https:\/\/www.budokampsport.se\/author\/sbk\/"}]}},"_links":{"self":[{"href":"https:\/\/www.budokampsport.se\/api\/wp\/v2\/posts\/5141","targetHints":{"allow":["GET"]}}],"collection":[{"href":"https:\/\/www.budokampsport.se\/api\/wp\/v2\/posts"}],"about":[{"href":"https:\/\/www.budokampsport.se\/api\/wp\/v2\/types\/post"}],"author":[{"embeddable":true,"href":"https:\/\/www.budokampsport.se\/api\/wp\/v2\/users\/1"}],"replies":[{"embeddable":true,"href":"https:\/\/www.budokampsport.se\/api\/wp\/v2\/comments?post=5141"}],"version-history":[{"count":0,"href":"https:\/\/www.budokampsport.se\/api\/wp\/v2\/posts\/5141\/revisions"}],"wp:attachment":[{"href":"https:\/\/www.budokampsport.se\/api\/wp\/v2\/media?parent=5141"}],"wp:term":[{"taxonomy":"category","embeddable":true,"href":"https:\/\/www.budokampsport.se\/api\/wp\/v2\/categories?post=5141"},{"taxonomy":"post_tag","embeddable":true,"href":"https:\/\/www.budokampsport.se\/api\/wp\/v2\/tags?post=5141"}],"curies":[{"name":"wp","href":"https:\/\/api.w.org\/{rel}","templated":true}]}}