{"id":51440,"date":"2017-10-10T15:54:20","date_gmt":"2017-10-10T13:54:20","guid":{"rendered":"http:\/\/www.budokampsport.se\/?p=51440"},"modified":"2017-10-10T15:54:20","modified_gmt":"2017-10-10T13:54:20","slug":"em-paris-vantar-johan-andersson","status":"publish","type":"post","link":"https:\/\/www.budokampsport.se\/2017\/10\/10\/em-paris-vantar-johan-andersson\/","title":{"rendered":"EM i Paris v\u00e4ntar f\u00f6r Johan Andersson"},"content":{"rendered":"<p><span style=\"font-size: 14pt;\">Ett av thaiboxningens framtidsnamn i Sverige sp\u00e5s bli Johan Andersson. Den 22-\u00e5riga killen fr\u00e5n \u00d6resund b\u00f6rjade med kickboxning som 15-\u00e5ring och b\u00f6rjade sedermera testa b\u00e5de MMA, submission wrestling och andra kampsporter. Men det var f\u00f6rst n\u00e4r han pr\u00f6vade thaiboxning han fastnade p\u00e5 riktigt.<\/span><\/p>\n<p>&#8211; <em>Jag testade ett thaiboxningspass f\u00f6r att bredda mina kunskaper f\u00f6r MMA:n, men jag fastnade helt f\u00f6r thaiboxning och sen dess har jag satsat helhj\u00e4rtat p\u00e5 sporten<\/em>, ber\u00e4ttar Johan f\u00f6r budokampsport.se<\/p>\n<p><strong>Johan vann EM i B-klass<\/strong> i Split men hade en tuffare start i A-klassen under v\u00e5rens VM d\u00e4r han missade pallen. Sen dess har han jobbat med sina svagheter och haft ett bra st\u00f6d fr\u00e5n sin tr\u00e4nare.<\/p>\n<p>&#8211; <em>P\u00e5 v\u00e5rens VM f\u00f6rlorade jag en j\u00e4mn match mot en ukrainare, vilket har gjort att jag har tr\u00e4nat v\u00e4ldigt h\u00e5rt p\u00e5 mina svagheter. Jag har utvecklats mycket och min tr\u00e4nare har hj\u00e4lpt mig att g\u00f6ra mina svagheter till styrkor och det har lett till en v\u00e4ldigt positiv utveckling<\/em>, s\u00e4ger Johan till budokampsport.se<\/p>\n<p><strong>Den nya f\u00f6rbundskaptenen Joakim Karlsson<\/strong> beskriver Johan som en lugn och trygg fighter, n\u00e5got som Johan g\u00e4rna skriver under p\u00e5.<br \/>\n&#8211; <em>Jag k\u00e4nner mig v\u00e4ldigt lugn och bekv\u00e4m n\u00e4r jag t\u00e4vlar. Det finns nervositet, men jag anv\u00e4nder det positivt och k\u00e4nner mig mest fokuserad p\u00e5 att f\u00e5 komma in i ringen och f\u00e5 ut allt det jag har tr\u00e4nat p\u00e5<\/em>, s\u00e4ger Johan till budokampsport.se<\/p>\n<p>Text: Annie Bondefelt<br \/>\nFoto:\u00a0Matilda Ritz\u00e9n<\/p>\n<p>&nbsp;<\/p>\n","protected":false},"excerpt":{"rendered":"<p>Ett av thaiboxningens framtidsnamn i Sverige sp\u00e5s bli Johan Andersson. [&#8230;]<\/p><br>","protected":false},"author":120,"featured_media":51166,"comment_status":"open","ping_status":"open","sticky":false,"template":"","format":"standard","meta":{"_acf_changed":false,"footnotes":""},"categories":[1],"tags":[],"class_list":["post-51440","post","type-post","status-publish","format-standard","has-post-thumbnail","hentry","category-okategoriserade"],"acf":[],"yoast_head":"<!-- This site is optimized with the Yoast SEO plugin v26.8 - https:\/\/yoast.com\/product\/yoast-seo-wordpress\/ -->\n<title>EM i Paris v\u00e4ntar f\u00f6r Johan Andersson - Svenska Budo &amp; Kampsportsf\u00f6rbundet<\/title>\n<meta name=\"description\" content=\"Ett av thaiboxningens framtidsnamn i Sverige sp\u00e5s bli Johan Andersson. Den 22-\u00e5riga killen fr\u00e5n \u00d6resund b\u00f6rjade med kickboxning som 15-\u00e5ring och b\u00f6rjade\" \/>\n<meta name=\"robots\" content=\"index, follow, max-snippet:-1, max-image-preview:large, max-video-preview:-1\" \/>\n<link rel=\"canonical\" href=\"https:\/\/www.budokampsport.se\/2017\/10\/10\/em-paris-vantar-johan-andersson\/\" \/>\n<meta property=\"og:locale\" content=\"sv_SE\" \/>\n<meta property=\"og:type\" content=\"article\" \/>\n<meta property=\"og:title\" content=\"EM i Paris v\u00e4ntar f\u00f6r Johan Andersson - Svenska Budo &amp; Kampsportsf\u00f6rbundet\" \/>\n<meta property=\"og:description\" content=\"Ett av thaiboxningens framtidsnamn i Sverige sp\u00e5s bli Johan Andersson. Den 22-\u00e5riga killen fr\u00e5n \u00d6resund b\u00f6rjade med kickboxning som 15-\u00e5ring och b\u00f6rjade\" \/>\n<meta property=\"og:url\" content=\"https:\/\/www.budokampsport.se\/2017\/10\/10\/em-paris-vantar-johan-andersson\/\" \/>\n<meta property=\"og:site_name\" content=\"Svenska Budo &amp; Kampsportsf\u00f6rbundet\" \/>\n<meta property=\"article:published_time\" content=\"2017-10-10T13:54:20+00:00\" \/>\n<meta property=\"og:image\" content=\"https:\/\/www.budokampsport.se\/wp-content\/uploads\/2017\/10\/johan-andersson.gif\" \/>\n\t<meta property=\"og:image:width\" content=\"435\" \/>\n\t<meta property=\"og:image:height\" content=\"290\" \/>\n\t<meta property=\"og:image:type\" content=\"image\/gif\" \/>\n<meta name=\"author\" content=\"Annie Carriage\" \/>\n<meta name=\"twitter:card\" content=\"summary_large_image\" \/>\n<meta name=\"twitter:label1\" content=\"Skriven av\" \/>\n\t<meta name=\"twitter:data1\" content=\"Annie Carriage\" \/>\n\t<meta name=\"twitter:label2\" content=\"Ber\u00e4knad l\u00e4stid\" \/>\n\t<meta name=\"twitter:data2\" content=\"1 minut\" \/>\n<script type=\"application\/ld+json\" class=\"yoast-schema-graph\">{\"@context\":\"https:\/\/schema.org\",\"@graph\":[{\"@type\":\"Article\",\"@id\":\"https:\/\/www.budokampsport.se\/2017\/10\/10\/em-paris-vantar-johan-andersson\/#article\",\"isPartOf\":{\"@id\":\"https:\/\/www.budokampsport.se\/2017\/10\/10\/em-paris-vantar-johan-andersson\/\"},\"author\":{\"name\":\"Annie Carriage\",\"@id\":\"https:\/\/www.budokampsport.se\/#\/schema\/person\/c838cace8171f692e363fde3f38f208b\"},\"headline\":\"EM i Paris v\u00e4ntar f\u00f6r Johan Andersson\",\"datePublished\":\"2017-10-10T13:54:20+00:00\",\"mainEntityOfPage\":{\"@id\":\"https:\/\/www.budokampsport.se\/2017\/10\/10\/em-paris-vantar-johan-andersson\/\"},\"wordCount\":293,\"commentCount\":0,\"image\":{\"@id\":\"https:\/\/www.budokampsport.se\/2017\/10\/10\/em-paris-vantar-johan-andersson\/#primaryimage\"},\"thumbnailUrl\":\"https:\/\/www.budokampsport.se\/wp-content\/uploads\/2017\/10\/johan-andersson.gif\",\"inLanguage\":\"sv-SE\",\"potentialAction\":[{\"@type\":\"CommentAction\",\"name\":\"Comment\",\"target\":[\"https:\/\/www.budokampsport.se\/2017\/10\/10\/em-paris-vantar-johan-andersson\/#respond\"]}]},{\"@type\":\"WebPage\",\"@id\":\"https:\/\/www.budokampsport.se\/2017\/10\/10\/em-paris-vantar-johan-andersson\/\",\"url\":\"https:\/\/www.budokampsport.se\/2017\/10\/10\/em-paris-vantar-johan-andersson\/\",\"name\":\"EM i Paris v\u00e4ntar f\u00f6r Johan Andersson - Svenska Budo &amp; Kampsportsf\u00f6rbundet\",\"isPartOf\":{\"@id\":\"https:\/\/www.budokampsport.se\/#website\"},\"primaryImageOfPage\":{\"@id\":\"https:\/\/www.budokampsport.se\/2017\/10\/10\/em-paris-vantar-johan-andersson\/#primaryimage\"},\"image\":{\"@id\":\"https:\/\/www.budokampsport.se\/2017\/10\/10\/em-paris-vantar-johan-andersson\/#primaryimage\"},\"thumbnailUrl\":\"https:\/\/www.budokampsport.se\/wp-content\/uploads\/2017\/10\/johan-andersson.gif\",\"datePublished\":\"2017-10-10T13:54:20+00:00\",\"author\":{\"@id\":\"https:\/\/www.budokampsport.se\/#\/schema\/person\/c838cace8171f692e363fde3f38f208b\"},\"description\":\"Ett av thaiboxningens framtidsnamn i Sverige sp\u00e5s bli Johan Andersson. Den 22-\u00e5riga killen fr\u00e5n \u00d6resund b\u00f6rjade med kickboxning som 15-\u00e5ring och b\u00f6rjade\",\"breadcrumb\":{\"@id\":\"https:\/\/www.budokampsport.se\/2017\/10\/10\/em-paris-vantar-johan-andersson\/#breadcrumb\"},\"inLanguage\":\"sv-SE\",\"potentialAction\":[{\"@type\":\"ReadAction\",\"target\":[\"https:\/\/www.budokampsport.se\/2017\/10\/10\/em-paris-vantar-johan-andersson\/\"]}]},{\"@type\":\"ImageObject\",\"inLanguage\":\"sv-SE\",\"@id\":\"https:\/\/www.budokampsport.se\/2017\/10\/10\/em-paris-vantar-johan-andersson\/#primaryimage\",\"url\":\"https:\/\/www.budokampsport.se\/wp-content\/uploads\/2017\/10\/johan-andersson.gif\",\"contentUrl\":\"https:\/\/www.budokampsport.se\/wp-content\/uploads\/2017\/10\/johan-andersson.gif\",\"width\":435,\"height\":290,\"caption\":\"Foto: Matilda Ritz\u00e9n\"},{\"@type\":\"BreadcrumbList\",\"@id\":\"https:\/\/www.budokampsport.se\/2017\/10\/10\/em-paris-vantar-johan-andersson\/#breadcrumb\",\"itemListElement\":[{\"@type\":\"ListItem\",\"position\":1,\"name\":\"Hem\",\"item\":\"https:\/\/www.budokampsport.se\/\"},{\"@type\":\"ListItem\",\"position\":2,\"name\":\"EM i Paris v\u00e4ntar f\u00f6r Johan Andersson\"}]},{\"@type\":\"WebSite\",\"@id\":\"https:\/\/www.budokampsport.se\/#website\",\"url\":\"https:\/\/www.budokampsport.se\/\",\"name\":\"Svenska Budo &amp; Kampsportsf\u00f6rbundet\",\"description\":\"T\u00e4vling, Tr\u00e4ning, Tradition\",\"potentialAction\":[{\"@type\":\"SearchAction\",\"target\":{\"@type\":\"EntryPoint\",\"urlTemplate\":\"https:\/\/www.budokampsport.se\/?s={search_term_string}\"},\"query-input\":{\"@type\":\"PropertyValueSpecification\",\"valueRequired\":true,\"valueName\":\"search_term_string\"}}],\"inLanguage\":\"sv-SE\"},{\"@type\":\"Person\",\"@id\":\"https:\/\/www.budokampsport.se\/#\/schema\/person\/c838cace8171f692e363fde3f38f208b\",\"name\":\"Annie Carriage\",\"image\":{\"@type\":\"ImageObject\",\"inLanguage\":\"sv-SE\",\"@id\":\"https:\/\/www.budokampsport.se\/#\/schema\/person\/image\/\",\"url\":\"https:\/\/secure.gravatar.com\/avatar\/9311295560bdfbdf78365a26f7df1876?s=96&d=blank&r=g\",\"contentUrl\":\"https:\/\/secure.gravatar.com\/avatar\/9311295560bdfbdf78365a26f7df1876?s=96&d=blank&r=g\",\"caption\":\"Annie Carriage\"},\"url\":\"https:\/\/www.budokampsport.se\/author\/annie-bondefelt\/\"}]}<\/script>\n<!-- \/ Yoast SEO plugin. -->","yoast_head_json":{"title":"EM i Paris v\u00e4ntar f\u00f6r Johan Andersson - Svenska Budo &amp; Kampsportsf\u00f6rbundet","description":"Ett av thaiboxningens framtidsnamn i Sverige sp\u00e5s bli Johan Andersson. Den 22-\u00e5riga killen fr\u00e5n \u00d6resund b\u00f6rjade med kickboxning som 15-\u00e5ring och b\u00f6rjade","robots":{"index":"index","follow":"follow","max-snippet":"max-snippet:-1","max-image-preview":"max-image-preview:large","max-video-preview":"max-video-preview:-1"},"canonical":"https:\/\/www.budokampsport.se\/2017\/10\/10\/em-paris-vantar-johan-andersson\/","og_locale":"sv_SE","og_type":"article","og_title":"EM i Paris v\u00e4ntar f\u00f6r Johan Andersson - Svenska Budo &amp; Kampsportsf\u00f6rbundet","og_description":"Ett av thaiboxningens framtidsnamn i Sverige sp\u00e5s bli Johan Andersson. Den 22-\u00e5riga killen fr\u00e5n \u00d6resund b\u00f6rjade med kickboxning som 15-\u00e5ring och b\u00f6rjade","og_url":"https:\/\/www.budokampsport.se\/2017\/10\/10\/em-paris-vantar-johan-andersson\/","og_site_name":"Svenska Budo &amp; Kampsportsf\u00f6rbundet","article_published_time":"2017-10-10T13:54:20+00:00","og_image":[{"width":435,"height":290,"url":"https:\/\/www.budokampsport.se\/wp-content\/uploads\/2017\/10\/johan-andersson.gif","type":"image\/gif"}],"author":"Annie Carriage","twitter_card":"summary_large_image","twitter_misc":{"Skriven av":"Annie Carriage","Ber\u00e4knad l\u00e4stid":"1 minut"},"schema":{"@context":"https:\/\/schema.org","@graph":[{"@type":"Article","@id":"https:\/\/www.budokampsport.se\/2017\/10\/10\/em-paris-vantar-johan-andersson\/#article","isPartOf":{"@id":"https:\/\/www.budokampsport.se\/2017\/10\/10\/em-paris-vantar-johan-andersson\/"},"author":{"name":"Annie Carriage","@id":"https:\/\/www.budokampsport.se\/#\/schema\/person\/c838cace8171f692e363fde3f38f208b"},"headline":"EM i Paris v\u00e4ntar f\u00f6r Johan Andersson","datePublished":"2017-10-10T13:54:20+00:00","mainEntityOfPage":{"@id":"https:\/\/www.budokampsport.se\/2017\/10\/10\/em-paris-vantar-johan-andersson\/"},"wordCount":293,"commentCount":0,"image":{"@id":"https:\/\/www.budokampsport.se\/2017\/10\/10\/em-paris-vantar-johan-andersson\/#primaryimage"},"thumbnailUrl":"https:\/\/www.budokampsport.se\/wp-content\/uploads\/2017\/10\/johan-andersson.gif","inLanguage":"sv-SE","potentialAction":[{"@type":"CommentAction","name":"Comment","target":["https:\/\/www.budokampsport.se\/2017\/10\/10\/em-paris-vantar-johan-andersson\/#respond"]}]},{"@type":"WebPage","@id":"https:\/\/www.budokampsport.se\/2017\/10\/10\/em-paris-vantar-johan-andersson\/","url":"https:\/\/www.budokampsport.se\/2017\/10\/10\/em-paris-vantar-johan-andersson\/","name":"EM i Paris v\u00e4ntar f\u00f6r Johan Andersson - Svenska Budo &amp; Kampsportsf\u00f6rbundet","isPartOf":{"@id":"https:\/\/www.budokampsport.se\/#website"},"primaryImageOfPage":{"@id":"https:\/\/www.budokampsport.se\/2017\/10\/10\/em-paris-vantar-johan-andersson\/#primaryimage"},"image":{"@id":"https:\/\/www.budokampsport.se\/2017\/10\/10\/em-paris-vantar-johan-andersson\/#primaryimage"},"thumbnailUrl":"https:\/\/www.budokampsport.se\/wp-content\/uploads\/2017\/10\/johan-andersson.gif","datePublished":"2017-10-10T13:54:20+00:00","author":{"@id":"https:\/\/www.budokampsport.se\/#\/schema\/person\/c838cace8171f692e363fde3f38f208b"},"description":"Ett av thaiboxningens framtidsnamn i Sverige sp\u00e5s bli Johan Andersson. Den 22-\u00e5riga killen fr\u00e5n \u00d6resund b\u00f6rjade med kickboxning som 15-\u00e5ring och b\u00f6rjade","breadcrumb":{"@id":"https:\/\/www.budokampsport.se\/2017\/10\/10\/em-paris-vantar-johan-andersson\/#breadcrumb"},"inLanguage":"sv-SE","potentialAction":[{"@type":"ReadAction","target":["https:\/\/www.budokampsport.se\/2017\/10\/10\/em-paris-vantar-johan-andersson\/"]}]},{"@type":"ImageObject","inLanguage":"sv-SE","@id":"https:\/\/www.budokampsport.se\/2017\/10\/10\/em-paris-vantar-johan-andersson\/#primaryimage","url":"https:\/\/www.budokampsport.se\/wp-content\/uploads\/2017\/10\/johan-andersson.gif","contentUrl":"https:\/\/www.budokampsport.se\/wp-content\/uploads\/2017\/10\/johan-andersson.gif","width":435,"height":290,"caption":"Foto: Matilda Ritz\u00e9n"},{"@type":"BreadcrumbList","@id":"https:\/\/www.budokampsport.se\/2017\/10\/10\/em-paris-vantar-johan-andersson\/#breadcrumb","itemListElement":[{"@type":"ListItem","position":1,"name":"Hem","item":"https:\/\/www.budokampsport.se\/"},{"@type":"ListItem","position":2,"name":"EM i Paris v\u00e4ntar f\u00f6r Johan Andersson"}]},{"@type":"WebSite","@id":"https:\/\/www.budokampsport.se\/#website","url":"https:\/\/www.budokampsport.se\/","name":"Svenska Budo &amp; Kampsportsf\u00f6rbundet","description":"T\u00e4vling, Tr\u00e4ning, Tradition","potentialAction":[{"@type":"SearchAction","target":{"@type":"EntryPoint","urlTemplate":"https:\/\/www.budokampsport.se\/?s={search_term_string}"},"query-input":{"@type":"PropertyValueSpecification","valueRequired":true,"valueName":"search_term_string"}}],"inLanguage":"sv-SE"},{"@type":"Person","@id":"https:\/\/www.budokampsport.se\/#\/schema\/person\/c838cace8171f692e363fde3f38f208b","name":"Annie Carriage","image":{"@type":"ImageObject","inLanguage":"sv-SE","@id":"https:\/\/www.budokampsport.se\/#\/schema\/person\/image\/","url":"https:\/\/secure.gravatar.com\/avatar\/9311295560bdfbdf78365a26f7df1876?s=96&d=blank&r=g","contentUrl":"https:\/\/secure.gravatar.com\/avatar\/9311295560bdfbdf78365a26f7df1876?s=96&d=blank&r=g","caption":"Annie Carriage"},"url":"https:\/\/www.budokampsport.se\/author\/annie-bondefelt\/"}]}},"_links":{"self":[{"href":"https:\/\/www.budokampsport.se\/api\/wp\/v2\/posts\/51440","targetHints":{"allow":["GET"]}}],"collection":[{"href":"https:\/\/www.budokampsport.se\/api\/wp\/v2\/posts"}],"about":[{"href":"https:\/\/www.budokampsport.se\/api\/wp\/v2\/types\/post"}],"author":[{"embeddable":true,"href":"https:\/\/www.budokampsport.se\/api\/wp\/v2\/users\/120"}],"replies":[{"embeddable":true,"href":"https:\/\/www.budokampsport.se\/api\/wp\/v2\/comments?post=51440"}],"version-history":[{"count":0,"href":"https:\/\/www.budokampsport.se\/api\/wp\/v2\/posts\/51440\/revisions"}],"wp:featuredmedia":[{"embeddable":true,"href":"https:\/\/www.budokampsport.se\/api\/wp\/v2\/media\/51166"}],"wp:attachment":[{"href":"https:\/\/www.budokampsport.se\/api\/wp\/v2\/media?parent=51440"}],"wp:term":[{"taxonomy":"category","embeddable":true,"href":"https:\/\/www.budokampsport.se\/api\/wp\/v2\/categories?post=51440"},{"taxonomy":"post_tag","embeddable":true,"href":"https:\/\/www.budokampsport.se\/api\/wp\/v2\/tags?post=51440"}],"curies":[{"name":"wp","href":"https:\/\/api.w.org\/{rel}","templated":true}]}}