{"id":5161,"date":"2014-10-07T13:59:33","date_gmt":"2014-10-07T11:59:33","guid":{"rendered":"http:\/\/budo.wordpress.dev\/2014\/10\/07\/reportage-en-kvall-infor-em-hos-stockholm-kickboxning\/"},"modified":"2016-12-06T22:37:46","modified_gmt":"2016-12-06T21:37:46","slug":"reportage-en-kvall-infor-em-hos-stockholm-kickboxning","status":"publish","type":"post","link":"https:\/\/www.budokampsport.se\/2014\/10\/07\/reportage-en-kvall-infor-em-hos-stockholm-kickboxning\/","title":{"rendered":"Reportage: En kv\u00e4ll inf\u00f6r EM hos Stockholm Kickboxning"},"content":{"rendered":"<p><img decoding=\"async\" alt=\"\" src=\"\/sites\/default\/files\/zina_0.gif\" style=\"height:290px; line-height:20.7999992370605px; opacity:0.9; width:435px\"><br \/><strong>Vintern andades f\u00f6r f\u00f6rsta g\u00e5ngen denna h\u00f6st i huvudstaden. Den varma, ljusa tiden \u00e4r f\u00f6rbi och allt mer p\u00e5tr\u00e4ngande g\u00f6r sig kylan och m\u00f6rkret sig p\u00e5mind. Vid Vasaparkens nordv\u00e4stra h\u00f6rn f\u00f6ll gyllene l\u00f6v fr\u00e5n tr\u00e4den s\u00e5 fort en vindpust tog sig ton. Tiden hos oss \u00e4r b\u00e5de lynnig och v\u00e4ldigt vacker, som en bitterljuv melodi. Och dofterna. Dessa lite r\u00e5are, v\u00e5tare och rakare dofter. Det \u00e4r h\u00f6st det.<\/strong><!--break--><\/p>\n<p>De djupa basg\u00e5ngarna. Den starka doften av liniment. Det pr\u00e4glar ocks\u00e5 Vasaparkens nordv\u00e4stra delar. De kommer ifr\u00e5n Stockholm Kickboxning. En av Sveriges fr\u00e4msta kickboxningsf\u00f6reningar \u2013 och en av de st\u00f6rsta.<\/p>\n<p>Klockan \u00e4r en bit \u00f6ver 19, det fallande m\u00f6rkret fr\u00e5n ovan dras \u00f6ver oss likt ett t\u00e4cke. Men inne i lokalen \u00e4r det ljust, varmt och fullt med aktivitet.<\/p>\n<p>Tanken var att tr\u00e4ffa de tv\u00e5 landslagstjejerna Zina Djelassi och Camila Rivarola, tv\u00e5 tjejer som ska till EM om knappt tv\u00e5 veckor. Tv\u00e5 tjejer som p\u00e5 s\u00e4tt och vis ocks\u00e5 symboliserar den struktur och satsning som Stockholm Kickboxning st\u00e5tt f\u00f6r de senare \u00e5ren.<\/p>\n<p><strong>Mer \u00e4n h\u00e4lften av medlemmarna \u00e4r tjejer<\/strong><br \/>Mer \u00e4n h\u00e4lften av klubbens medlemmar \u00e4r just tjejer \u2013 men den som ocks\u00e5 oftast st\u00e5r i klubbens reception och ocks\u00e5 \u00e4r f\u00f6reningens ordf\u00f6rande, Parisa Genaveh, vill inget annat \u00e4n att dela med sig av klubbens framg\u00e5ngar.<br \/>\u00a0\u00a0 &#8211; Vi har m\u00e5nga passionerade personer som kompletterar varandra, och det speglar nog av sig i v\u00e5ra resultat. Men sedan har vi byggt klubben p\u00e5 n\u00e4ra relationer. Vi vill att v\u00e5ra medlemmar ska k\u00e4nna det som att man tillh\u00f6r en familj. H\u00e4r pratar vi om sv\u00e5ra saker i livet tillsammans, vi tr\u00e4nar tillsammans och vi delar varandras fina stunder. Vi \u00e4r v\u00e4ldigt m\u00e5na om v\u00e5ra medlemmar och det \u00e4r nog en f\u00f6rklaring till att har man en g\u00e5ng b\u00f6rjat h\u00e4r \u00e4r det f\u00e5 som inte kommer tillbaka.<\/p>\n<p>Parisa tar emot ytterligare en medlem i receptionen, de utbyter en genuin pratstund som skulle kunnat ha tagit plats lite varstans annars \u2013 men det \u00e4r h\u00e4r de samtalar.<br \/>\u00a0\u00a0 &#8211; Ja, du ser ju sj\u00e4lv, ler hon.<br \/>\u00a0\u00a0 &#8211; N\u00e4r det g\u00e4ller v\u00e5r t\u00e4vlingsgrupp \u00e4r det Thamer (bilden nedan) och Sami (Cacan) och Carina (Palmers) som ska ha all cred.<\/p>\n<p><img decoding=\"async\" alt=\"\" src=\"\/sites\/default\/files\/thamer.gif\" style=\"height:290px; width:435px\"><\/p>\n<p>Thamer A Saoud h\u00e5ller i passet denna kv\u00e4ll. Det syns tydligt att detta \u00e4r en man med pondus. Hans instruktioner till passets deltagare \u00e4r tydliga och l\u00e4tta att f\u00f6rst\u00e5. Hans kroppspr\u00e5k vittnar om erfarenhet, om kunskap och om f\u00f6rtroende.<br \/>\u00a0\u00a0 &#8211; Thamer \u00e4r fantastisk p\u00e5 att f\u00e5 fram toppfighters. Han \u00e4r en stor anledning till att det g\u00e5r s\u00e5 pass bra f\u00f6r oss, och att vi hela tiden fyller p\u00e5 med nya talanger. Han f\u00e5r dem att blomma, s\u00e4ger Parisa.<\/p>\n<p>Genom att l\u00e5ta blicken f\u00f6lja denne Thamer A Saoud ges ocks\u00e5 m\u00f6jlighet att se hans blick f\u00f6r detaljer. Tv\u00e5 tjejer sparras. Thamer avbryter. Visar lite r\u00f6relser med v\u00e4nsterarmen i en jabbliknande position och vill att den ena tjejen tar efter. Sedan ler han, och n\u00e4r han ler \u00e4r det som om rummet f\u00e5r nytt ljus, ny luft.<\/p>\n<p><strong>Bra uppbyggnadsfas<\/strong><br \/>Camila Rivarola st\u00f6rtade fram som en pigg landslagsdebutant ifjol. Hennes framfart r\u00e4ckte hela v\u00e4gen till ett VM-brons \u2013 och hon var inte l\u00e5ngt ifr\u00e5n att ta sig h\u00f6gre upp i n\u00e4ringskedjan. Till \u00e5rets EM har hon fyllt p\u00e5 meritf\u00f6rteckningen med ett SM-guld och hon k\u00e4nner sig i b\u00e4ttre slag \u00e4n f\u00f6rr.<br \/>\u00a0\u00a0 &#8211; Men jag g\u00e5r in med liknande k\u00e4nsla som ifjol. Jag har inte riktigt samma rutin som m\u00e5nga av mina motst\u00e5ndare och \u00e4ven om jag sj\u00e4lvklart siktar p\u00e5 ny medalj \u00e4r jag fortfarande i en fas i min utvecklig d\u00e4r jag suger upp erfarenheter.<\/p>\n<p><img decoding=\"async\" alt=\"\" src=\"\/sites\/default\/files\/camila_0.gif\" style=\"height:290px; width:435px\"><\/p>\n<p>Rivarolas starka genombrott har emellertid medf\u00f6rt att hon m\u00e5ste bem\u00f6ta den mental p\u00e5 ett lite annorlunda vis.<br \/>\u00a0\u00a0 &#8211; Det handlar v\u00e4l om tv\u00e5 olika typer av press, kanske. Den press jag s\u00e4tter p\u00e5 mig sj\u00e4lv och den press andra s\u00e4tter p\u00e5 mig. Det \u00e4r egentligen bara den f\u00f6rsta delen som jag kan p\u00e5verka och d\u00e4rf\u00f6r f\u00f6rs\u00f6ker jag mestadels l\u00e4gga fokuset d\u00e4r.<\/p>\n<p>Det \u00e4r en pigg och formstark Camila Rivarola som \u00e5ker till EM. Hennes uppbyggnadsfas har varit lugn och utan sm\u00e5intermezzon. Annat har det varit f\u00f6r Zina Djelassi. Hennes f\u00f6rberedelser inf\u00f6r EM har kantats av sjukdom, d\u00e4r en halsfluss hindrat j\u00e4ttetalangen fr\u00e5n att tr\u00e4na f\u00f6r full.<br \/>\u00a0\u00a0 &#8211; Det \u00e4r ingen id\u00e9 att t\u00e4nka s\u00e5 mycket p\u00e5 det. Det \u00e4r full fokus fram\u00e5t nu sista tiden som \u00e4r kvar.<\/p>\n<p><strong>&#8220;Sikter p\u00e5 guldet&#8221;<\/strong><br \/>Zina Djelassi \u00e4r supertalangen som f\u00e5tt en lite krokigare v\u00e4g till toppen \u00e4n vad man kunde ana. F\u00f6rra \u00e5ret br\u00f6t hon armen inf\u00f6r VM och har efter det letat efter den d\u00e4r riktiga fulltr\u00e4ffen. Men nu \u00e4r hon p\u00e5 r\u00e4tt v\u00e4g.<\/p>\n<p>Det \u00e4r fr\u00e4mst genom hennes timing, den starka boxningen och det stabila psyket som hon ska n\u00e5 dit blicken h\u00e4grar \u2013 guld.<br \/>\u00a0\u00a0 &#8211; Jag siktar p\u00e5 guldet, s\u00e5 klart. Och jag vill k\u00e4nna att jag gjort precis allt jag kunde n\u00e4r jag l\u00e4mnar EM, ja, g\u00f6ra mitt allra b\u00e4sta allts\u00e5.<\/p>\n<p>Stockholm Kickboxning har faktiskt en kickboxare till i EM, men Farzad Rangrazian laddar upp till EM i Thailand.<\/p>\n<p>Musiken d\u00e5nar. I receptionen st\u00e5r Parisa Genaveh och blickar ut \u00f6ver de i runda sl\u00e4ngar 30 deltagarna. Det \u00e4r kanske inte alldeles ofta inom idrottens hierarki som receptionisten faktiskt \u00e4r klubbens ordf\u00f6rande.<\/p>\n<p>Det \u00e4r kanske s\u00e5 framtidens f\u00f6rening ser ut. I s\u00e5 fall \u00e4r Stockholm Kickboxning \u00e4r en f\u00f6reg\u00e5ngare. Med \u00f6ver h\u00e4lften kvinnliga medlemmar, med tre av fem kickboxare till EM-truppen, med en av landets medlemsrikaste f\u00f6reningar g\u00e5r det inte att l\u00e5ta bli att imponeras och l\u00e5ta sig v\u00e4rmas.<\/p>\n<p>\u00c4ven om kylan sl\u00e5r h\u00e5rdare \u00e4n en Zina Djelassi-jabb mot ansiktet n\u00e4r ytterd\u00f6rren \u00f6ppnas.<\/p>\n<p>Text och foto: Jonathan Broberg\u00a0<\/p>\n","protected":false},"excerpt":{"rendered":"<p><img decoding=\"async\" alt=\"\" src=\"\/sites\/default\/files\/zina_0.gif\" style=\"height:290px; line-height:20.7999992370605px; opacity:0.9; width:435px\"><br \/><strong>Vintern andades f\u00f6r f\u00f6rsta g\u00e5ngen denna h\u00f6st i huvudstaden. Den varma, ljusa tiden \u00e4r f\u00f6rbi och allt mer p\u00e5tr\u00e4ngande g\u00f6r sig kylan och m\u00f6rkret sig p\u00e5mind. Vid Vasaparkens nordv\u00e4stra h\u00f6rn f\u00f6ll gyllene l\u00f6v fr\u00e5n tr\u00e4den s\u00e5 fort en vindpust tog sig ton. Tiden hos oss \u00e4r b\u00e5de lynnig och v\u00e4ldigt vacker, som en bitterljuv melodi. Och dofterna. Dessa lite r\u00e5are, v\u00e5tare och rakare dofter. Det \u00e4r h\u00f6st det.<\/strong><\/p><br>","protected":false},"author":7,"featured_media":0,"comment_status":"closed","ping_status":"closed","sticky":false,"template":"","format":"standard","meta":{"_acf_changed":false,"footnotes":""},"categories":[1],"tags":[],"class_list":["post-5161","post","type-post","status-publish","format-standard","hentry","category-okategoriserade"],"acf":[],"yoast_head":"<!-- This site is optimized with the Yoast SEO plugin v26.8 - https:\/\/yoast.com\/product\/yoast-seo-wordpress\/ -->\n<title>Reportage: En kv\u00e4ll inf\u00f6r EM hos Stockholm Kickboxning - Svenska Budo &amp; Kampsportsf\u00f6rbundet<\/title>\n<meta name=\"description\" content=\"Vintern andades f\u00f6r f\u00f6rsta g\u00e5ngen denna h\u00f6st i huvudstaden. Den varma, ljusa tiden \u00e4r f\u00f6rbi och allt mer p\u00e5tr\u00e4ngande g\u00f6r sig kylan och m\u00f6rkret sig p\u00e5mind. Vid Vasaparkens nordv\u00e4stra h\u00f6rn f\u00f6ll gyllene l\u00f6v fr\u00e5n tr\u00e4den s\u00e5 fort en vindpust tog sig ton. Tiden hos oss \u00e4r b\u00e5de lynnig och v\u00e4ldigt vacker, som en bitterljuv melodi. Och dofterna. Dessa lite r\u00e5are, v\u00e5tare och rakare dofter. Det \u00e4r h\u00f6st det.\" \/>\n<meta name=\"robots\" content=\"index, follow, max-snippet:-1, max-image-preview:large, max-video-preview:-1\" \/>\n<link rel=\"canonical\" href=\"https:\/\/www.budokampsport.se\/2014\/10\/07\/reportage-en-kvall-infor-em-hos-stockholm-kickboxning\/\" \/>\n<meta property=\"og:locale\" content=\"sv_SE\" \/>\n<meta property=\"og:type\" content=\"article\" \/>\n<meta property=\"og:title\" content=\"Reportage: En kv\u00e4ll inf\u00f6r EM hos Stockholm Kickboxning - Svenska Budo &amp; Kampsportsf\u00f6rbundet\" \/>\n<meta property=\"og:description\" content=\"Vintern andades f\u00f6r f\u00f6rsta g\u00e5ngen denna h\u00f6st i huvudstaden. Den varma, ljusa tiden \u00e4r f\u00f6rbi och allt mer p\u00e5tr\u00e4ngande g\u00f6r sig kylan och m\u00f6rkret sig p\u00e5mind. Vid Vasaparkens nordv\u00e4stra h\u00f6rn f\u00f6ll gyllene l\u00f6v fr\u00e5n tr\u00e4den s\u00e5 fort en vindpust tog sig ton. Tiden hos oss \u00e4r b\u00e5de lynnig och v\u00e4ldigt vacker, som en bitterljuv melodi. Och dofterna. Dessa lite r\u00e5are, v\u00e5tare och rakare dofter. Det \u00e4r h\u00f6st det.\" \/>\n<meta property=\"og:url\" content=\"https:\/\/www.budokampsport.se\/2014\/10\/07\/reportage-en-kvall-infor-em-hos-stockholm-kickboxning\/\" \/>\n<meta property=\"og:site_name\" content=\"Svenska Budo &amp; Kampsportsf\u00f6rbundet\" \/>\n<meta property=\"article:author\" content=\"https:\/\/www.facebook.com\/jonathan.broberg.7\" \/>\n<meta property=\"article:published_time\" content=\"2014-10-07T11:59:33+00:00\" \/>\n<meta property=\"article:modified_time\" content=\"2016-12-06T21:37:46+00:00\" \/>\n<meta name=\"author\" content=\"Jonathan Broberg\" \/>\n<meta name=\"twitter:card\" content=\"summary_large_image\" \/>\n<meta name=\"twitter:label1\" content=\"Skriven av\" \/>\n\t<meta name=\"twitter:data1\" content=\"Jonathan Broberg\" \/>\n\t<meta name=\"twitter:label2\" content=\"Ber\u00e4knad l\u00e4stid\" \/>\n\t<meta name=\"twitter:data2\" content=\"5 minuter\" \/>\n<script type=\"application\/ld+json\" class=\"yoast-schema-graph\">{\"@context\":\"https:\/\/schema.org\",\"@graph\":[{\"@type\":\"Article\",\"@id\":\"https:\/\/www.budokampsport.se\/2014\/10\/07\/reportage-en-kvall-infor-em-hos-stockholm-kickboxning\/#article\",\"isPartOf\":{\"@id\":\"https:\/\/www.budokampsport.se\/2014\/10\/07\/reportage-en-kvall-infor-em-hos-stockholm-kickboxning\/\"},\"author\":{\"name\":\"Jonathan Broberg\",\"@id\":\"https:\/\/www.budokampsport.se\/#\/schema\/person\/5c06d81d14850e2a8ce5493386560145\"},\"headline\":\"Reportage: En kv\u00e4ll inf\u00f6r EM hos Stockholm Kickboxning\",\"datePublished\":\"2014-10-07T11:59:33+00:00\",\"dateModified\":\"2016-12-06T21:37:46+00:00\",\"mainEntityOfPage\":{\"@id\":\"https:\/\/www.budokampsport.se\/2014\/10\/07\/reportage-en-kvall-infor-em-hos-stockholm-kickboxning\/\"},\"wordCount\":1091,\"inLanguage\":\"sv-SE\"},{\"@type\":\"WebPage\",\"@id\":\"https:\/\/www.budokampsport.se\/2014\/10\/07\/reportage-en-kvall-infor-em-hos-stockholm-kickboxning\/\",\"url\":\"https:\/\/www.budokampsport.se\/2014\/10\/07\/reportage-en-kvall-infor-em-hos-stockholm-kickboxning\/\",\"name\":\"Reportage: En kv\u00e4ll inf\u00f6r EM hos Stockholm Kickboxning - Svenska Budo &amp; Kampsportsf\u00f6rbundet\",\"isPartOf\":{\"@id\":\"https:\/\/www.budokampsport.se\/#website\"},\"datePublished\":\"2014-10-07T11:59:33+00:00\",\"dateModified\":\"2016-12-06T21:37:46+00:00\",\"author\":{\"@id\":\"https:\/\/www.budokampsport.se\/#\/schema\/person\/5c06d81d14850e2a8ce5493386560145\"},\"description\":\"Vintern andades f\u00f6r f\u00f6rsta g\u00e5ngen denna h\u00f6st i huvudstaden. Den varma, ljusa tiden \u00e4r f\u00f6rbi och allt mer p\u00e5tr\u00e4ngande g\u00f6r sig kylan och m\u00f6rkret sig p\u00e5mind. Vid Vasaparkens nordv\u00e4stra h\u00f6rn f\u00f6ll gyllene l\u00f6v fr\u00e5n tr\u00e4den s\u00e5 fort en vindpust tog sig ton. Tiden hos oss \u00e4r b\u00e5de lynnig och v\u00e4ldigt vacker, som en bitterljuv melodi. Och dofterna. Dessa lite r\u00e5are, v\u00e5tare och rakare dofter. Det \u00e4r h\u00f6st det.\",\"breadcrumb\":{\"@id\":\"https:\/\/www.budokampsport.se\/2014\/10\/07\/reportage-en-kvall-infor-em-hos-stockholm-kickboxning\/#breadcrumb\"},\"inLanguage\":\"sv-SE\",\"potentialAction\":[{\"@type\":\"ReadAction\",\"target\":[\"https:\/\/www.budokampsport.se\/2014\/10\/07\/reportage-en-kvall-infor-em-hos-stockholm-kickboxning\/\"]}]},{\"@type\":\"BreadcrumbList\",\"@id\":\"https:\/\/www.budokampsport.se\/2014\/10\/07\/reportage-en-kvall-infor-em-hos-stockholm-kickboxning\/#breadcrumb\",\"itemListElement\":[{\"@type\":\"ListItem\",\"position\":1,\"name\":\"Hem\",\"item\":\"https:\/\/www.budokampsport.se\/\"},{\"@type\":\"ListItem\",\"position\":2,\"name\":\"Reportage: En kv\u00e4ll inf\u00f6r EM hos Stockholm Kickboxning\"}]},{\"@type\":\"WebSite\",\"@id\":\"https:\/\/www.budokampsport.se\/#website\",\"url\":\"https:\/\/www.budokampsport.se\/\",\"name\":\"Svenska Budo &amp; Kampsportsf\u00f6rbundet\",\"description\":\"T\u00e4vling, Tr\u00e4ning, Tradition\",\"potentialAction\":[{\"@type\":\"SearchAction\",\"target\":{\"@type\":\"EntryPoint\",\"urlTemplate\":\"https:\/\/www.budokampsport.se\/?s={search_term_string}\"},\"query-input\":{\"@type\":\"PropertyValueSpecification\",\"valueRequired\":true,\"valueName\":\"search_term_string\"}}],\"inLanguage\":\"sv-SE\"},{\"@type\":\"Person\",\"@id\":\"https:\/\/www.budokampsport.se\/#\/schema\/person\/5c06d81d14850e2a8ce5493386560145\",\"name\":\"Jonathan Broberg\",\"image\":{\"@type\":\"ImageObject\",\"inLanguage\":\"sv-SE\",\"@id\":\"https:\/\/www.budokampsport.se\/#\/schema\/person\/image\/\",\"url\":\"https:\/\/secure.gravatar.com\/avatar\/a58041c6cea9128bd9c40ee2f26d4136?s=96&d=blank&r=g\",\"contentUrl\":\"https:\/\/secure.gravatar.com\/avatar\/a58041c6cea9128bd9c40ee2f26d4136?s=96&d=blank&r=g\",\"caption\":\"Jonathan Broberg\"},\"sameAs\":[\"https:\/\/www.facebook.com\/jonathan.broberg.7\"],\"url\":\"https:\/\/www.budokampsport.se\/author\/jonathan\/\"}]}<\/script>\n<!-- \/ Yoast SEO plugin. -->","yoast_head_json":{"title":"Reportage: En kv\u00e4ll inf\u00f6r EM hos Stockholm Kickboxning - Svenska Budo &amp; Kampsportsf\u00f6rbundet","description":"Vintern andades f\u00f6r f\u00f6rsta g\u00e5ngen denna h\u00f6st i huvudstaden. Den varma, ljusa tiden \u00e4r f\u00f6rbi och allt mer p\u00e5tr\u00e4ngande g\u00f6r sig kylan och m\u00f6rkret sig p\u00e5mind. Vid Vasaparkens nordv\u00e4stra h\u00f6rn f\u00f6ll gyllene l\u00f6v fr\u00e5n tr\u00e4den s\u00e5 fort en vindpust tog sig ton. Tiden hos oss \u00e4r b\u00e5de lynnig och v\u00e4ldigt vacker, som en bitterljuv melodi. Och dofterna. Dessa lite r\u00e5are, v\u00e5tare och rakare dofter. Det \u00e4r h\u00f6st det.","robots":{"index":"index","follow":"follow","max-snippet":"max-snippet:-1","max-image-preview":"max-image-preview:large","max-video-preview":"max-video-preview:-1"},"canonical":"https:\/\/www.budokampsport.se\/2014\/10\/07\/reportage-en-kvall-infor-em-hos-stockholm-kickboxning\/","og_locale":"sv_SE","og_type":"article","og_title":"Reportage: En kv\u00e4ll inf\u00f6r EM hos Stockholm Kickboxning - Svenska Budo &amp; Kampsportsf\u00f6rbundet","og_description":"Vintern andades f\u00f6r f\u00f6rsta g\u00e5ngen denna h\u00f6st i huvudstaden. Den varma, ljusa tiden \u00e4r f\u00f6rbi och allt mer p\u00e5tr\u00e4ngande g\u00f6r sig kylan och m\u00f6rkret sig p\u00e5mind. Vid Vasaparkens nordv\u00e4stra h\u00f6rn f\u00f6ll gyllene l\u00f6v fr\u00e5n tr\u00e4den s\u00e5 fort en vindpust tog sig ton. Tiden hos oss \u00e4r b\u00e5de lynnig och v\u00e4ldigt vacker, som en bitterljuv melodi. Och dofterna. Dessa lite r\u00e5are, v\u00e5tare och rakare dofter. Det \u00e4r h\u00f6st det.","og_url":"https:\/\/www.budokampsport.se\/2014\/10\/07\/reportage-en-kvall-infor-em-hos-stockholm-kickboxning\/","og_site_name":"Svenska Budo &amp; Kampsportsf\u00f6rbundet","article_author":"https:\/\/www.facebook.com\/jonathan.broberg.7","article_published_time":"2014-10-07T11:59:33+00:00","article_modified_time":"2016-12-06T21:37:46+00:00","author":"Jonathan Broberg","twitter_card":"summary_large_image","twitter_misc":{"Skriven av":"Jonathan Broberg","Ber\u00e4knad l\u00e4stid":"5 minuter"},"schema":{"@context":"https:\/\/schema.org","@graph":[{"@type":"Article","@id":"https:\/\/www.budokampsport.se\/2014\/10\/07\/reportage-en-kvall-infor-em-hos-stockholm-kickboxning\/#article","isPartOf":{"@id":"https:\/\/www.budokampsport.se\/2014\/10\/07\/reportage-en-kvall-infor-em-hos-stockholm-kickboxning\/"},"author":{"name":"Jonathan Broberg","@id":"https:\/\/www.budokampsport.se\/#\/schema\/person\/5c06d81d14850e2a8ce5493386560145"},"headline":"Reportage: En kv\u00e4ll inf\u00f6r EM hos Stockholm Kickboxning","datePublished":"2014-10-07T11:59:33+00:00","dateModified":"2016-12-06T21:37:46+00:00","mainEntityOfPage":{"@id":"https:\/\/www.budokampsport.se\/2014\/10\/07\/reportage-en-kvall-infor-em-hos-stockholm-kickboxning\/"},"wordCount":1091,"inLanguage":"sv-SE"},{"@type":"WebPage","@id":"https:\/\/www.budokampsport.se\/2014\/10\/07\/reportage-en-kvall-infor-em-hos-stockholm-kickboxning\/","url":"https:\/\/www.budokampsport.se\/2014\/10\/07\/reportage-en-kvall-infor-em-hos-stockholm-kickboxning\/","name":"Reportage: En kv\u00e4ll inf\u00f6r EM hos Stockholm Kickboxning - Svenska Budo &amp; Kampsportsf\u00f6rbundet","isPartOf":{"@id":"https:\/\/www.budokampsport.se\/#website"},"datePublished":"2014-10-07T11:59:33+00:00","dateModified":"2016-12-06T21:37:46+00:00","author":{"@id":"https:\/\/www.budokampsport.se\/#\/schema\/person\/5c06d81d14850e2a8ce5493386560145"},"description":"Vintern andades f\u00f6r f\u00f6rsta g\u00e5ngen denna h\u00f6st i huvudstaden. Den varma, ljusa tiden \u00e4r f\u00f6rbi och allt mer p\u00e5tr\u00e4ngande g\u00f6r sig kylan och m\u00f6rkret sig p\u00e5mind. Vid Vasaparkens nordv\u00e4stra h\u00f6rn f\u00f6ll gyllene l\u00f6v fr\u00e5n tr\u00e4den s\u00e5 fort en vindpust tog sig ton. Tiden hos oss \u00e4r b\u00e5de lynnig och v\u00e4ldigt vacker, som en bitterljuv melodi. Och dofterna. Dessa lite r\u00e5are, v\u00e5tare och rakare dofter. Det \u00e4r h\u00f6st det.","breadcrumb":{"@id":"https:\/\/www.budokampsport.se\/2014\/10\/07\/reportage-en-kvall-infor-em-hos-stockholm-kickboxning\/#breadcrumb"},"inLanguage":"sv-SE","potentialAction":[{"@type":"ReadAction","target":["https:\/\/www.budokampsport.se\/2014\/10\/07\/reportage-en-kvall-infor-em-hos-stockholm-kickboxning\/"]}]},{"@type":"BreadcrumbList","@id":"https:\/\/www.budokampsport.se\/2014\/10\/07\/reportage-en-kvall-infor-em-hos-stockholm-kickboxning\/#breadcrumb","itemListElement":[{"@type":"ListItem","position":1,"name":"Hem","item":"https:\/\/www.budokampsport.se\/"},{"@type":"ListItem","position":2,"name":"Reportage: En kv\u00e4ll inf\u00f6r EM hos Stockholm Kickboxning"}]},{"@type":"WebSite","@id":"https:\/\/www.budokampsport.se\/#website","url":"https:\/\/www.budokampsport.se\/","name":"Svenska Budo &amp; Kampsportsf\u00f6rbundet","description":"T\u00e4vling, Tr\u00e4ning, Tradition","potentialAction":[{"@type":"SearchAction","target":{"@type":"EntryPoint","urlTemplate":"https:\/\/www.budokampsport.se\/?s={search_term_string}"},"query-input":{"@type":"PropertyValueSpecification","valueRequired":true,"valueName":"search_term_string"}}],"inLanguage":"sv-SE"},{"@type":"Person","@id":"https:\/\/www.budokampsport.se\/#\/schema\/person\/5c06d81d14850e2a8ce5493386560145","name":"Jonathan Broberg","image":{"@type":"ImageObject","inLanguage":"sv-SE","@id":"https:\/\/www.budokampsport.se\/#\/schema\/person\/image\/","url":"https:\/\/secure.gravatar.com\/avatar\/a58041c6cea9128bd9c40ee2f26d4136?s=96&d=blank&r=g","contentUrl":"https:\/\/secure.gravatar.com\/avatar\/a58041c6cea9128bd9c40ee2f26d4136?s=96&d=blank&r=g","caption":"Jonathan Broberg"},"sameAs":["https:\/\/www.facebook.com\/jonathan.broberg.7"],"url":"https:\/\/www.budokampsport.se\/author\/jonathan\/"}]}},"_links":{"self":[{"href":"https:\/\/www.budokampsport.se\/api\/wp\/v2\/posts\/5161","targetHints":{"allow":["GET"]}}],"collection":[{"href":"https:\/\/www.budokampsport.se\/api\/wp\/v2\/posts"}],"about":[{"href":"https:\/\/www.budokampsport.se\/api\/wp\/v2\/types\/post"}],"author":[{"embeddable":true,"href":"https:\/\/www.budokampsport.se\/api\/wp\/v2\/users\/7"}],"replies":[{"embeddable":true,"href":"https:\/\/www.budokampsport.se\/api\/wp\/v2\/comments?post=5161"}],"version-history":[{"count":0,"href":"https:\/\/www.budokampsport.se\/api\/wp\/v2\/posts\/5161\/revisions"}],"wp:attachment":[{"href":"https:\/\/www.budokampsport.se\/api\/wp\/v2\/media?parent=5161"}],"wp:term":[{"taxonomy":"category","embeddable":true,"href":"https:\/\/www.budokampsport.se\/api\/wp\/v2\/categories?post=5161"},{"taxonomy":"post_tag","embeddable":true,"href":"https:\/\/www.budokampsport.se\/api\/wp\/v2\/tags?post=5161"}],"curies":[{"name":"wp","href":"https:\/\/api.w.org\/{rel}","templated":true}]}}