{"id":5174,"date":"2014-10-24T11:42:05","date_gmt":"2014-10-24T09:42:05","guid":{"rendered":"http:\/\/budo.wordpress.dev\/2014\/10\/24\/zina-djelassi-drar-lardomar-av-em-for-framtiden\/"},"modified":"2016-12-06T22:37:49","modified_gmt":"2016-12-06T21:37:49","slug":"zina-djelassi-drar-lardomar-av-em-for-framtiden","status":"publish","type":"post","link":"https:\/\/www.budokampsport.se\/2014\/10\/24\/zina-djelassi-drar-lardomar-av-em-for-framtiden\/","title":{"rendered":"Zina Djelassi drar l\u00e4rdomar av EM f\u00f6r framtiden"},"content":{"rendered":"<p><strong><img decoding=\"async\" alt=\"\" src=\"\/sites\/default\/files\/zina_1.gif\" style=\"height:290px; width:435px\"><br \/>Det blev en tuff lottning f\u00f6r Zina Djelassi som \u00a0delvis\u00a0l\u00e5g till grund f\u00f6r hennes tidiga respass under EM i kickboxning i Bilbao. Vitryskan Alena Muratava rankas som en av de fr\u00e4msta i v\u00e4rlden i viktklassen -60kg.<br \/>\u00a0\u00a0 &#8211; Jag gillar inte att skylla p\u00e5 lottning, det \u00e4r som det \u00e4r, s\u00e4ger hon till budokampsport.se.<\/strong><!--break--><\/p>\n<p>EM i Bilbao blev inte vad Zina Djelassi, 23, fr\u00e5n Stockholm hade t\u00e4nkt sig. Hennes uppladdning kantades av dels en rehabiliteringsperiod efter sitt armbrott i februari, och dels av en entr\u00e4gen sjukdom som inte ville sl\u00e4ppa.<\/p>\n<p>Trots det, och trots tuffast m\u00f6jliga lottning i f\u00f6rsta matchen (Alena Muratava fr\u00e5n Vitryssland som \u00e4r regerande v\u00e4rldsm\u00e4starinna) lovordades Djelassi efter sin match.<br \/>\u00a0\u00a0 &#8211; Jag har sv\u00e5rt att vara glad \u00f6ver att sitta p\u00e5 l\u00e4ktaren och titta p\u00e5. Jag vill g\u00e5 matcher, jag vill vinna saker. Men jag drar l\u00e4rdom av detta. Jag har m\u00e5nga positiva detaljer att ta med mig.<\/p>\n<p><strong>&#8220;Vill g\u00e5 om matchen&#8221;<\/strong><br \/>En s\u00e5dan detalj \u00e4r att hennes bantning gick betydligt smidigare \u00e4n den brukar.<br \/>\u00a0\u00a0 &#8211; (skratt) Jag b\u00f6rjar v\u00e4l f\u00e5 rutin p\u00e5 det h\u00e4r nu. Jag har g\u00e5tt ner \u00e5tta kilo p\u00e5 sju veckor, s\u00e5 det \u00e4r absolut ingen hetsbantning. Utan det har k\u00e4nts bra.<\/p>\n<p>Matchen mot Muratava tar Djelassi ocks\u00e5 med sig som en positiv l\u00e4rdom.<br \/>\u00a0\u00a0 &#8211; Egentligen vill jag g\u00e5 om matchen. Det \u00e4r s\u00e5 m\u00e5nga saker jag inte hann med. Det g\u00e5r s\u00e5 oerh\u00f6rt snabbt d\u00e4r uppe i ringen, och jag skulle velat f\u00e5 lite utrymme att ocks\u00e5 t\u00e4nka till. D\u00e5 \u00e4r jag som allra b\u00e4st.<\/p>\n<p>En sak som emellertid b\u00f6rjar bli ett litet sp\u00f6ke \u00e4r att Djelassi varit med p\u00e5 tre m\u00e4sterskap och samtliga har hon \u00e5kt ut redan i f\u00f6rsta matchen. Hon erk\u00e4nner sj\u00e4lv att det \u00e4r n\u00e5got hon m\u00e5ste b\u00f6rja fokusera p\u00e5.<br \/>\u00a0\u00a0 &#8211; Det \u00e4r speciellt med f\u00f6rsta matchen. Man har liksom inte kommit in i turneringen \u00e4nnu och inte helt k\u00e4nt p\u00e5 ringen och s\u00e5 d\u00e4r. F\u00f6rsta g\u00e5ngen jag var med m\u00f6tte jag starkt motst\u00e5nd. Andra g\u00e5ngen p\u00e5 VM tyckte jag sj\u00e4lv att den brasilianska jag m\u00f6tte fick enkla po\u00e4ng, medan jag inte fick det. Och nu d\u00e5 mot regerande v\u00e4rldsm\u00e4starinnan. Det \u00e4r tuffa lottningar ocks\u00e5, samtidigt vill jag inte skylla p\u00e5 det. Ska man bli b\u00e4st m\u00e5ste man ocks\u00e5 vinna mot de b\u00e4sta.<\/p>\n<p><strong>F\u00f6rbundskapten Hayes Jemide n\u00f6jd med Zinas utveckling<\/strong><br \/>EM i Bilbao har \u00e4ndock givit henne mersmak att forts\u00e4tta sin satsning. Hon \u00e4r en b\u00e4ttre fighter nu \u00e4n f\u00f6rr, n\u00e5got \u00e4ven f\u00f6rbundskapten Hayes Jemide h\u00e5ller med om.<br \/>\u00a0\u00a0 &#8211; Zina har g\u00e5tt fram\u00e5t. Hon har blivit lite \u00e4ldre, lite klokare och har b\u00f6rjat greppa vad kickboxning p\u00e5 den h\u00e4r niv\u00e5n inneb\u00e4r och vad det kr\u00e4ver utav henne. Hon \u00e4r en stor talang och jag tror hon har mycket i sig som hon \u00e4nnu inte f\u00e5tt fram fullt ut.<\/p>\n<p>Text och foto: Jonathan Broberg<\/p>\n","protected":false},"excerpt":{"rendered":"<p><strong><img decoding=\"async\" alt=\"\" src=\"\/sites\/default\/files\/zina_1.gif\" style=\"height:290px; width:435px\"><br \/>Det blev en tuff lottning f\u00f6r Zina Djelassi som \u00a0delvis\u00a0l\u00e5g till grund f\u00f6r hennes tidiga respass under EM i kickboxning i Bilbao. Vitryskan Alena Muratava rankas som en av de fr\u00e4msta i v\u00e4rlden i viktklassen -60kg.<br \/>\u00a0\u00a0 &#8211; Jag gillar inte att skylla p\u00e5 lottning, det \u00e4r som det \u00e4r, s\u00e4ger hon till budokampsport.se.<\/strong><\/p><br>","protected":false},"author":7,"featured_media":0,"comment_status":"closed","ping_status":"closed","sticky":false,"template":"","format":"standard","meta":{"_acf_changed":false,"footnotes":""},"categories":[1],"tags":[],"class_list":["post-5174","post","type-post","status-publish","format-standard","hentry","category-okategoriserade"],"acf":[],"yoast_head":"<!-- This site is optimized with the Yoast SEO plugin v26.8 - https:\/\/yoast.com\/product\/yoast-seo-wordpress\/ -->\n<title>Zina Djelassi drar l\u00e4rdomar av EM f\u00f6r framtiden - Svenska Budo &amp; Kampsportsf\u00f6rbundet<\/title>\n<meta name=\"description\" content=\"Det blev en tuff lottning f\u00f6r Zina Djelassi som \u00a0delvis\u00a0l\u00e5g till grund f\u00f6r hennes tidiga respass under EM i kickboxning i Bilbao. Vitryskan Alena Muratava rankas som en av de fr\u00e4msta i v\u00e4rlden i viktklassen -60kg.\u00a0\u00a0 - Jag gillar inte att skylla p\u00e5 lottning, det \u00e4r som det \u00e4r, s\u00e4ger hon till budokampsport.se.\" \/>\n<meta name=\"robots\" content=\"index, follow, max-snippet:-1, max-image-preview:large, max-video-preview:-1\" \/>\n<link rel=\"canonical\" href=\"https:\/\/www.budokampsport.se\/2014\/10\/24\/zina-djelassi-drar-lardomar-av-em-for-framtiden\/\" \/>\n<meta property=\"og:locale\" content=\"sv_SE\" \/>\n<meta property=\"og:type\" content=\"article\" \/>\n<meta property=\"og:title\" content=\"Zina Djelassi drar l\u00e4rdomar av EM f\u00f6r framtiden - Svenska Budo &amp; Kampsportsf\u00f6rbundet\" \/>\n<meta property=\"og:description\" content=\"Det blev en tuff lottning f\u00f6r Zina Djelassi som \u00a0delvis\u00a0l\u00e5g till grund f\u00f6r hennes tidiga respass under EM i kickboxning i Bilbao. Vitryskan Alena Muratava rankas som en av de fr\u00e4msta i v\u00e4rlden i viktklassen -60kg.\u00a0\u00a0 - Jag gillar inte att skylla p\u00e5 lottning, det \u00e4r som det \u00e4r, s\u00e4ger hon till budokampsport.se.\" \/>\n<meta property=\"og:url\" content=\"https:\/\/www.budokampsport.se\/2014\/10\/24\/zina-djelassi-drar-lardomar-av-em-for-framtiden\/\" \/>\n<meta property=\"og:site_name\" content=\"Svenska Budo &amp; Kampsportsf\u00f6rbundet\" \/>\n<meta property=\"article:author\" content=\"https:\/\/www.facebook.com\/jonathan.broberg.7\" \/>\n<meta property=\"article:published_time\" content=\"2014-10-24T09:42:05+00:00\" \/>\n<meta property=\"article:modified_time\" content=\"2016-12-06T21:37:49+00:00\" \/>\n<meta name=\"author\" content=\"Jonathan Broberg\" \/>\n<meta name=\"twitter:card\" content=\"summary_large_image\" \/>\n<meta name=\"twitter:label1\" content=\"Skriven av\" \/>\n\t<meta name=\"twitter:data1\" content=\"Jonathan Broberg\" \/>\n\t<meta name=\"twitter:label2\" content=\"Ber\u00e4knad l\u00e4stid\" \/>\n\t<meta name=\"twitter:data2\" content=\"3 minuter\" \/>\n<script type=\"application\/ld+json\" class=\"yoast-schema-graph\">{\"@context\":\"https:\/\/schema.org\",\"@graph\":[{\"@type\":\"Article\",\"@id\":\"https:\/\/www.budokampsport.se\/2014\/10\/24\/zina-djelassi-drar-lardomar-av-em-for-framtiden\/#article\",\"isPartOf\":{\"@id\":\"https:\/\/www.budokampsport.se\/2014\/10\/24\/zina-djelassi-drar-lardomar-av-em-for-framtiden\/\"},\"author\":{\"name\":\"Jonathan Broberg\",\"@id\":\"https:\/\/www.budokampsport.se\/#\/schema\/person\/5c06d81d14850e2a8ce5493386560145\"},\"headline\":\"Zina Djelassi drar l\u00e4rdomar av EM f\u00f6r framtiden\",\"datePublished\":\"2014-10-24T09:42:05+00:00\",\"dateModified\":\"2016-12-06T21:37:49+00:00\",\"mainEntityOfPage\":{\"@id\":\"https:\/\/www.budokampsport.se\/2014\/10\/24\/zina-djelassi-drar-lardomar-av-em-for-framtiden\/\"},\"wordCount\":549,\"inLanguage\":\"sv-SE\"},{\"@type\":\"WebPage\",\"@id\":\"https:\/\/www.budokampsport.se\/2014\/10\/24\/zina-djelassi-drar-lardomar-av-em-for-framtiden\/\",\"url\":\"https:\/\/www.budokampsport.se\/2014\/10\/24\/zina-djelassi-drar-lardomar-av-em-for-framtiden\/\",\"name\":\"Zina Djelassi drar l\u00e4rdomar av EM f\u00f6r framtiden - Svenska Budo &amp; Kampsportsf\u00f6rbundet\",\"isPartOf\":{\"@id\":\"https:\/\/www.budokampsport.se\/#website\"},\"datePublished\":\"2014-10-24T09:42:05+00:00\",\"dateModified\":\"2016-12-06T21:37:49+00:00\",\"author\":{\"@id\":\"https:\/\/www.budokampsport.se\/#\/schema\/person\/5c06d81d14850e2a8ce5493386560145\"},\"description\":\"Det blev en tuff lottning f\u00f6r Zina Djelassi som \u00a0delvis\u00a0l\u00e5g till grund f\u00f6r hennes tidiga respass under EM i kickboxning i Bilbao. Vitryskan Alena Muratava rankas som en av de fr\u00e4msta i v\u00e4rlden i viktklassen -60kg.\u00a0\u00a0 - Jag gillar inte att skylla p\u00e5 lottning, det \u00e4r som det \u00e4r, s\u00e4ger hon till budokampsport.se.\",\"breadcrumb\":{\"@id\":\"https:\/\/www.budokampsport.se\/2014\/10\/24\/zina-djelassi-drar-lardomar-av-em-for-framtiden\/#breadcrumb\"},\"inLanguage\":\"sv-SE\",\"potentialAction\":[{\"@type\":\"ReadAction\",\"target\":[\"https:\/\/www.budokampsport.se\/2014\/10\/24\/zina-djelassi-drar-lardomar-av-em-for-framtiden\/\"]}]},{\"@type\":\"BreadcrumbList\",\"@id\":\"https:\/\/www.budokampsport.se\/2014\/10\/24\/zina-djelassi-drar-lardomar-av-em-for-framtiden\/#breadcrumb\",\"itemListElement\":[{\"@type\":\"ListItem\",\"position\":1,\"name\":\"Hem\",\"item\":\"https:\/\/www.budokampsport.se\/\"},{\"@type\":\"ListItem\",\"position\":2,\"name\":\"Zina Djelassi drar l\u00e4rdomar av EM f\u00f6r framtiden\"}]},{\"@type\":\"WebSite\",\"@id\":\"https:\/\/www.budokampsport.se\/#website\",\"url\":\"https:\/\/www.budokampsport.se\/\",\"name\":\"Svenska Budo &amp; Kampsportsf\u00f6rbundet\",\"description\":\"T\u00e4vling, Tr\u00e4ning, Tradition\",\"potentialAction\":[{\"@type\":\"SearchAction\",\"target\":{\"@type\":\"EntryPoint\",\"urlTemplate\":\"https:\/\/www.budokampsport.se\/?s={search_term_string}\"},\"query-input\":{\"@type\":\"PropertyValueSpecification\",\"valueRequired\":true,\"valueName\":\"search_term_string\"}}],\"inLanguage\":\"sv-SE\"},{\"@type\":\"Person\",\"@id\":\"https:\/\/www.budokampsport.se\/#\/schema\/person\/5c06d81d14850e2a8ce5493386560145\",\"name\":\"Jonathan Broberg\",\"image\":{\"@type\":\"ImageObject\",\"inLanguage\":\"sv-SE\",\"@id\":\"https:\/\/www.budokampsport.se\/#\/schema\/person\/image\/\",\"url\":\"https:\/\/secure.gravatar.com\/avatar\/a58041c6cea9128bd9c40ee2f26d4136?s=96&d=blank&r=g\",\"contentUrl\":\"https:\/\/secure.gravatar.com\/avatar\/a58041c6cea9128bd9c40ee2f26d4136?s=96&d=blank&r=g\",\"caption\":\"Jonathan Broberg\"},\"sameAs\":[\"https:\/\/www.facebook.com\/jonathan.broberg.7\"],\"url\":\"https:\/\/www.budokampsport.se\/author\/jonathan\/\"}]}<\/script>\n<!-- \/ Yoast SEO plugin. -->","yoast_head_json":{"title":"Zina Djelassi drar l\u00e4rdomar av EM f\u00f6r framtiden - Svenska Budo &amp; Kampsportsf\u00f6rbundet","description":"Det blev en tuff lottning f\u00f6r Zina Djelassi som \u00a0delvis\u00a0l\u00e5g till grund f\u00f6r hennes tidiga respass under EM i kickboxning i Bilbao. Vitryskan Alena Muratava rankas som en av de fr\u00e4msta i v\u00e4rlden i viktklassen -60kg.\u00a0\u00a0 - Jag gillar inte att skylla p\u00e5 lottning, det \u00e4r som det \u00e4r, s\u00e4ger hon till budokampsport.se.","robots":{"index":"index","follow":"follow","max-snippet":"max-snippet:-1","max-image-preview":"max-image-preview:large","max-video-preview":"max-video-preview:-1"},"canonical":"https:\/\/www.budokampsport.se\/2014\/10\/24\/zina-djelassi-drar-lardomar-av-em-for-framtiden\/","og_locale":"sv_SE","og_type":"article","og_title":"Zina Djelassi drar l\u00e4rdomar av EM f\u00f6r framtiden - Svenska Budo &amp; Kampsportsf\u00f6rbundet","og_description":"Det blev en tuff lottning f\u00f6r Zina Djelassi som \u00a0delvis\u00a0l\u00e5g till grund f\u00f6r hennes tidiga respass under EM i kickboxning i Bilbao. Vitryskan Alena Muratava rankas som en av de fr\u00e4msta i v\u00e4rlden i viktklassen -60kg.\u00a0\u00a0 - Jag gillar inte att skylla p\u00e5 lottning, det \u00e4r som det \u00e4r, s\u00e4ger hon till budokampsport.se.","og_url":"https:\/\/www.budokampsport.se\/2014\/10\/24\/zina-djelassi-drar-lardomar-av-em-for-framtiden\/","og_site_name":"Svenska Budo &amp; Kampsportsf\u00f6rbundet","article_author":"https:\/\/www.facebook.com\/jonathan.broberg.7","article_published_time":"2014-10-24T09:42:05+00:00","article_modified_time":"2016-12-06T21:37:49+00:00","author":"Jonathan Broberg","twitter_card":"summary_large_image","twitter_misc":{"Skriven av":"Jonathan Broberg","Ber\u00e4knad l\u00e4stid":"3 minuter"},"schema":{"@context":"https:\/\/schema.org","@graph":[{"@type":"Article","@id":"https:\/\/www.budokampsport.se\/2014\/10\/24\/zina-djelassi-drar-lardomar-av-em-for-framtiden\/#article","isPartOf":{"@id":"https:\/\/www.budokampsport.se\/2014\/10\/24\/zina-djelassi-drar-lardomar-av-em-for-framtiden\/"},"author":{"name":"Jonathan Broberg","@id":"https:\/\/www.budokampsport.se\/#\/schema\/person\/5c06d81d14850e2a8ce5493386560145"},"headline":"Zina Djelassi drar l\u00e4rdomar av EM f\u00f6r framtiden","datePublished":"2014-10-24T09:42:05+00:00","dateModified":"2016-12-06T21:37:49+00:00","mainEntityOfPage":{"@id":"https:\/\/www.budokampsport.se\/2014\/10\/24\/zina-djelassi-drar-lardomar-av-em-for-framtiden\/"},"wordCount":549,"inLanguage":"sv-SE"},{"@type":"WebPage","@id":"https:\/\/www.budokampsport.se\/2014\/10\/24\/zina-djelassi-drar-lardomar-av-em-for-framtiden\/","url":"https:\/\/www.budokampsport.se\/2014\/10\/24\/zina-djelassi-drar-lardomar-av-em-for-framtiden\/","name":"Zina Djelassi drar l\u00e4rdomar av EM f\u00f6r framtiden - Svenska Budo &amp; Kampsportsf\u00f6rbundet","isPartOf":{"@id":"https:\/\/www.budokampsport.se\/#website"},"datePublished":"2014-10-24T09:42:05+00:00","dateModified":"2016-12-06T21:37:49+00:00","author":{"@id":"https:\/\/www.budokampsport.se\/#\/schema\/person\/5c06d81d14850e2a8ce5493386560145"},"description":"Det blev en tuff lottning f\u00f6r Zina Djelassi som \u00a0delvis\u00a0l\u00e5g till grund f\u00f6r hennes tidiga respass under EM i kickboxning i Bilbao. Vitryskan Alena Muratava rankas som en av de fr\u00e4msta i v\u00e4rlden i viktklassen -60kg.\u00a0\u00a0 - Jag gillar inte att skylla p\u00e5 lottning, det \u00e4r som det \u00e4r, s\u00e4ger hon till budokampsport.se.","breadcrumb":{"@id":"https:\/\/www.budokampsport.se\/2014\/10\/24\/zina-djelassi-drar-lardomar-av-em-for-framtiden\/#breadcrumb"},"inLanguage":"sv-SE","potentialAction":[{"@type":"ReadAction","target":["https:\/\/www.budokampsport.se\/2014\/10\/24\/zina-djelassi-drar-lardomar-av-em-for-framtiden\/"]}]},{"@type":"BreadcrumbList","@id":"https:\/\/www.budokampsport.se\/2014\/10\/24\/zina-djelassi-drar-lardomar-av-em-for-framtiden\/#breadcrumb","itemListElement":[{"@type":"ListItem","position":1,"name":"Hem","item":"https:\/\/www.budokampsport.se\/"},{"@type":"ListItem","position":2,"name":"Zina Djelassi drar l\u00e4rdomar av EM f\u00f6r framtiden"}]},{"@type":"WebSite","@id":"https:\/\/www.budokampsport.se\/#website","url":"https:\/\/www.budokampsport.se\/","name":"Svenska Budo &amp; Kampsportsf\u00f6rbundet","description":"T\u00e4vling, Tr\u00e4ning, Tradition","potentialAction":[{"@type":"SearchAction","target":{"@type":"EntryPoint","urlTemplate":"https:\/\/www.budokampsport.se\/?s={search_term_string}"},"query-input":{"@type":"PropertyValueSpecification","valueRequired":true,"valueName":"search_term_string"}}],"inLanguage":"sv-SE"},{"@type":"Person","@id":"https:\/\/www.budokampsport.se\/#\/schema\/person\/5c06d81d14850e2a8ce5493386560145","name":"Jonathan Broberg","image":{"@type":"ImageObject","inLanguage":"sv-SE","@id":"https:\/\/www.budokampsport.se\/#\/schema\/person\/image\/","url":"https:\/\/secure.gravatar.com\/avatar\/a58041c6cea9128bd9c40ee2f26d4136?s=96&d=blank&r=g","contentUrl":"https:\/\/secure.gravatar.com\/avatar\/a58041c6cea9128bd9c40ee2f26d4136?s=96&d=blank&r=g","caption":"Jonathan Broberg"},"sameAs":["https:\/\/www.facebook.com\/jonathan.broberg.7"],"url":"https:\/\/www.budokampsport.se\/author\/jonathan\/"}]}},"_links":{"self":[{"href":"https:\/\/www.budokampsport.se\/api\/wp\/v2\/posts\/5174","targetHints":{"allow":["GET"]}}],"collection":[{"href":"https:\/\/www.budokampsport.se\/api\/wp\/v2\/posts"}],"about":[{"href":"https:\/\/www.budokampsport.se\/api\/wp\/v2\/types\/post"}],"author":[{"embeddable":true,"href":"https:\/\/www.budokampsport.se\/api\/wp\/v2\/users\/7"}],"replies":[{"embeddable":true,"href":"https:\/\/www.budokampsport.se\/api\/wp\/v2\/comments?post=5174"}],"version-history":[{"count":0,"href":"https:\/\/www.budokampsport.se\/api\/wp\/v2\/posts\/5174\/revisions"}],"wp:attachment":[{"href":"https:\/\/www.budokampsport.se\/api\/wp\/v2\/media?parent=5174"}],"wp:term":[{"taxonomy":"category","embeddable":true,"href":"https:\/\/www.budokampsport.se\/api\/wp\/v2\/categories?post=5174"},{"taxonomy":"post_tag","embeddable":true,"href":"https:\/\/www.budokampsport.se\/api\/wp\/v2\/tags?post=5174"}],"curies":[{"name":"wp","href":"https:\/\/api.w.org\/{rel}","templated":true}]}}