{"id":5179,"date":"2014-10-25T15:03:14","date_gmt":"2014-10-25T13:03:14","guid":{"rendered":"http:\/\/budo.wordpress.dev\/2014\/10\/25\/camila-rivarola-efterlyser-fler-matchningar\/"},"modified":"2016-12-06T22:37:50","modified_gmt":"2016-12-06T21:37:50","slug":"camila-rivarola-efterlyser-fler-matchningar","status":"publish","type":"post","link":"https:\/\/www.budokampsport.se\/2014\/10\/25\/camila-rivarola-efterlyser-fler-matchningar\/","title":{"rendered":"Camila Rivarola efterlyser fler matchningar"},"content":{"rendered":"<p><strong><img decoding=\"async\" alt=\"\" src=\"\/sites\/default\/files\/camila_1.gif\" style=\"height:290px; width:435px\"><br \/>Det blev ingen medalj under EM i Bilbao f\u00f6r Camila Rivarola, som hon hade sikte p\u00e5. Det blev respass redan i f\u00f6rsta matchen, men hon ser trots allt EM som n\u00e5got att bygga vidare p\u00e5.<br \/>\u00a0\u00a0 &#8211; Jag har inte haft n\u00e5gon s\u00e5dan teknisk match f\u00f6rr, s\u00e4ger hon till budokampsport.se.<\/strong><!--break--><\/p>\n<p>Efter VM-bronset ifjol fanns det f\u00f6rhoppningar om att Camila Rivarola fr\u00e5n Stockholm skulle kunna ta sig l\u00e5ngt ocks\u00e5 under EM.<\/p>\n<p>Men en sv\u00e5r lottning och en klurig matchbild gjorde att hon inte riktigt n\u00e5dde \u00e4nda fram. Fast hon pressade den rutinerade vitryskan Alesia Klimavets h\u00e5rt i tv\u00e5 av de tre ronderna.<br \/>\u00a0\u00a0 &#8211; Det k\u00e4ndes bra i en och en halv rond. Sedan tappade jag matchen\u00a0k\u00e4ndes det som. Det \u00e4r n\u00e5got jag m\u00e5ste ta tag i.<\/p>\n<p><strong>Vad berodde det p\u00e5, tror du?<\/strong><br \/>\u00a0\u00a0 &#8211; Jag b\u00f6rjade kanske t\u00e4nka lite f\u00f6r mycket p\u00e5 vilka tekniker jag skulle anv\u00e4nda mig av ist\u00e4llet f\u00f6r att bara k\u00f6ra. Det \u00e4r bra att t\u00e4nka i ringen, men det f\u00e5r inte bli f\u00f6r mycket t\u00e4nkande heller. Jag beh\u00f6ver mycket hj\u00e4rta i mina matcher.<\/p>\n<p><strong>Vad tar du med dig som positivt fr\u00e5n detta EM?<\/strong><br \/>\u00a0\u00a0 &#8211; Det k\u00e4nns \u00e4nd\u00e5 bra att jag har blivit b\u00e4ttre rent tekniskt. Nu g\u00e4ller det att slipa p\u00e5 detaljer,\u00a0bli lite mer po\u00e4ngs\u00e4ker och framf\u00f6rallt kunna beh\u00e5lla b\u00e5de fokus och tempo matcherna igenom.<\/p>\n<p>Ett numera \u00f6vergripande problem som Camila upplever \u00e4r emellertid m\u00e4ngden matcher det finns att tillg\u00e5 i Sverige. Kickboxningen upplever ett generationsskifte som medf\u00f6rt att m\u00e5nga, speciellt tjejer, har sv\u00e5rt att hitta adekvata matchningar.<br \/>\u00a0\u00a0 &#8211; Ja, jag kommer b\u00f6rja blicka mer utomlands. Det \u00e4r lite mer tids- och resurskr\u00e4vande, men som det har varit en tid nu i Sverige h\u00e5ller det inte att g\u00e5 s\u00e5 f\u00e5 matcher om vi ska kunna konkurrera med de allra b\u00e4sta i v\u00e4rlden.<\/p>\n<p>Text och foto: Jonathan Broberg<\/p>\n","protected":false},"excerpt":{"rendered":"<p><strong><img decoding=\"async\" alt=\"\" src=\"\/sites\/default\/files\/camila_1.gif\" style=\"height:290px; width:435px\"><br \/>Det blev ingen medalj under EM i Bilbao f\u00f6r Camila Rivarola, som hon hade sikte p\u00e5. Det blev respass redan i f\u00f6rsta matchen, men hon ser trots allt EM som n\u00e5got att bygga vidare p\u00e5.<br \/>\u00a0\u00a0 &#8211; Jag har inte haft n\u00e5gon s\u00e5dan teknisk match f\u00f6rr, s\u00e4ger hon till budokampsport.se.<\/strong><\/p><br>","protected":false},"author":7,"featured_media":0,"comment_status":"closed","ping_status":"closed","sticky":false,"template":"","format":"standard","meta":{"_acf_changed":false,"footnotes":""},"categories":[1],"tags":[],"class_list":["post-5179","post","type-post","status-publish","format-standard","hentry","category-okategoriserade"],"acf":[],"yoast_head":"<!-- This site is optimized with the Yoast SEO plugin v26.8 - https:\/\/yoast.com\/product\/yoast-seo-wordpress\/ -->\n<title>Camila Rivarola efterlyser fler matchningar - Svenska Budo &amp; Kampsportsf\u00f6rbundet<\/title>\n<meta name=\"description\" content=\"Det blev ingen medalj under EM i Bilbao f\u00f6r Camila Rivarola, som hon hade sikte p\u00e5. Det blev respass redan i f\u00f6rsta matchen, men hon ser trots allt EM som n\u00e5got att bygga vidare p\u00e5.\u00a0\u00a0 - Jag har inte haft n\u00e5gon s\u00e5dan teknisk match f\u00f6rr, s\u00e4ger hon till budokampsport.se.\" \/>\n<meta name=\"robots\" content=\"index, follow, max-snippet:-1, max-image-preview:large, max-video-preview:-1\" \/>\n<link rel=\"canonical\" href=\"https:\/\/www.budokampsport.se\/2014\/10\/25\/camila-rivarola-efterlyser-fler-matchningar\/\" \/>\n<meta property=\"og:locale\" content=\"sv_SE\" \/>\n<meta property=\"og:type\" content=\"article\" \/>\n<meta property=\"og:title\" content=\"Camila Rivarola efterlyser fler matchningar - Svenska Budo &amp; Kampsportsf\u00f6rbundet\" \/>\n<meta property=\"og:description\" content=\"Det blev ingen medalj under EM i Bilbao f\u00f6r Camila Rivarola, som hon hade sikte p\u00e5. Det blev respass redan i f\u00f6rsta matchen, men hon ser trots allt EM som n\u00e5got att bygga vidare p\u00e5.\u00a0\u00a0 - Jag har inte haft n\u00e5gon s\u00e5dan teknisk match f\u00f6rr, s\u00e4ger hon till budokampsport.se.\" \/>\n<meta property=\"og:url\" content=\"https:\/\/www.budokampsport.se\/2014\/10\/25\/camila-rivarola-efterlyser-fler-matchningar\/\" \/>\n<meta property=\"og:site_name\" content=\"Svenska Budo &amp; Kampsportsf\u00f6rbundet\" \/>\n<meta property=\"article:author\" content=\"https:\/\/www.facebook.com\/jonathan.broberg.7\" \/>\n<meta property=\"article:published_time\" content=\"2014-10-25T13:03:14+00:00\" \/>\n<meta property=\"article:modified_time\" content=\"2016-12-06T21:37:50+00:00\" \/>\n<meta name=\"author\" content=\"Jonathan Broberg\" \/>\n<meta name=\"twitter:card\" content=\"summary_large_image\" \/>\n<meta name=\"twitter:label1\" content=\"Skriven av\" \/>\n\t<meta name=\"twitter:data1\" content=\"Jonathan Broberg\" \/>\n\t<meta name=\"twitter:label2\" content=\"Ber\u00e4knad l\u00e4stid\" \/>\n\t<meta name=\"twitter:data2\" content=\"2 minuter\" \/>\n<script type=\"application\/ld+json\" class=\"yoast-schema-graph\">{\"@context\":\"https:\/\/schema.org\",\"@graph\":[{\"@type\":\"Article\",\"@id\":\"https:\/\/www.budokampsport.se\/2014\/10\/25\/camila-rivarola-efterlyser-fler-matchningar\/#article\",\"isPartOf\":{\"@id\":\"https:\/\/www.budokampsport.se\/2014\/10\/25\/camila-rivarola-efterlyser-fler-matchningar\/\"},\"author\":{\"name\":\"Jonathan Broberg\",\"@id\":\"https:\/\/www.budokampsport.se\/#\/schema\/person\/5c06d81d14850e2a8ce5493386560145\"},\"headline\":\"Camila Rivarola efterlyser fler matchningar\",\"datePublished\":\"2014-10-25T13:03:14+00:00\",\"dateModified\":\"2016-12-06T21:37:50+00:00\",\"mainEntityOfPage\":{\"@id\":\"https:\/\/www.budokampsport.se\/2014\/10\/25\/camila-rivarola-efterlyser-fler-matchningar\/\"},\"wordCount\":354,\"inLanguage\":\"sv-SE\"},{\"@type\":\"WebPage\",\"@id\":\"https:\/\/www.budokampsport.se\/2014\/10\/25\/camila-rivarola-efterlyser-fler-matchningar\/\",\"url\":\"https:\/\/www.budokampsport.se\/2014\/10\/25\/camila-rivarola-efterlyser-fler-matchningar\/\",\"name\":\"Camila Rivarola efterlyser fler matchningar - Svenska Budo &amp; Kampsportsf\u00f6rbundet\",\"isPartOf\":{\"@id\":\"https:\/\/www.budokampsport.se\/#website\"},\"datePublished\":\"2014-10-25T13:03:14+00:00\",\"dateModified\":\"2016-12-06T21:37:50+00:00\",\"author\":{\"@id\":\"https:\/\/www.budokampsport.se\/#\/schema\/person\/5c06d81d14850e2a8ce5493386560145\"},\"description\":\"Det blev ingen medalj under EM i Bilbao f\u00f6r Camila Rivarola, som hon hade sikte p\u00e5. Det blev respass redan i f\u00f6rsta matchen, men hon ser trots allt EM som n\u00e5got att bygga vidare p\u00e5.\u00a0\u00a0 - Jag har inte haft n\u00e5gon s\u00e5dan teknisk match f\u00f6rr, s\u00e4ger hon till budokampsport.se.\",\"breadcrumb\":{\"@id\":\"https:\/\/www.budokampsport.se\/2014\/10\/25\/camila-rivarola-efterlyser-fler-matchningar\/#breadcrumb\"},\"inLanguage\":\"sv-SE\",\"potentialAction\":[{\"@type\":\"ReadAction\",\"target\":[\"https:\/\/www.budokampsport.se\/2014\/10\/25\/camila-rivarola-efterlyser-fler-matchningar\/\"]}]},{\"@type\":\"BreadcrumbList\",\"@id\":\"https:\/\/www.budokampsport.se\/2014\/10\/25\/camila-rivarola-efterlyser-fler-matchningar\/#breadcrumb\",\"itemListElement\":[{\"@type\":\"ListItem\",\"position\":1,\"name\":\"Hem\",\"item\":\"https:\/\/www.budokampsport.se\/\"},{\"@type\":\"ListItem\",\"position\":2,\"name\":\"Camila Rivarola efterlyser fler matchningar\"}]},{\"@type\":\"WebSite\",\"@id\":\"https:\/\/www.budokampsport.se\/#website\",\"url\":\"https:\/\/www.budokampsport.se\/\",\"name\":\"Svenska Budo &amp; Kampsportsf\u00f6rbundet\",\"description\":\"T\u00e4vling, Tr\u00e4ning, Tradition\",\"potentialAction\":[{\"@type\":\"SearchAction\",\"target\":{\"@type\":\"EntryPoint\",\"urlTemplate\":\"https:\/\/www.budokampsport.se\/?s={search_term_string}\"},\"query-input\":{\"@type\":\"PropertyValueSpecification\",\"valueRequired\":true,\"valueName\":\"search_term_string\"}}],\"inLanguage\":\"sv-SE\"},{\"@type\":\"Person\",\"@id\":\"https:\/\/www.budokampsport.se\/#\/schema\/person\/5c06d81d14850e2a8ce5493386560145\",\"name\":\"Jonathan Broberg\",\"image\":{\"@type\":\"ImageObject\",\"inLanguage\":\"sv-SE\",\"@id\":\"https:\/\/www.budokampsport.se\/#\/schema\/person\/image\/\",\"url\":\"https:\/\/secure.gravatar.com\/avatar\/a58041c6cea9128bd9c40ee2f26d4136?s=96&d=blank&r=g\",\"contentUrl\":\"https:\/\/secure.gravatar.com\/avatar\/a58041c6cea9128bd9c40ee2f26d4136?s=96&d=blank&r=g\",\"caption\":\"Jonathan Broberg\"},\"sameAs\":[\"https:\/\/www.facebook.com\/jonathan.broberg.7\"],\"url\":\"https:\/\/www.budokampsport.se\/author\/jonathan\/\"}]}<\/script>\n<!-- \/ Yoast SEO plugin. -->","yoast_head_json":{"title":"Camila Rivarola efterlyser fler matchningar - Svenska Budo &amp; Kampsportsf\u00f6rbundet","description":"Det blev ingen medalj under EM i Bilbao f\u00f6r Camila Rivarola, som hon hade sikte p\u00e5. Det blev respass redan i f\u00f6rsta matchen, men hon ser trots allt EM som n\u00e5got att bygga vidare p\u00e5.\u00a0\u00a0 - Jag har inte haft n\u00e5gon s\u00e5dan teknisk match f\u00f6rr, s\u00e4ger hon till budokampsport.se.","robots":{"index":"index","follow":"follow","max-snippet":"max-snippet:-1","max-image-preview":"max-image-preview:large","max-video-preview":"max-video-preview:-1"},"canonical":"https:\/\/www.budokampsport.se\/2014\/10\/25\/camila-rivarola-efterlyser-fler-matchningar\/","og_locale":"sv_SE","og_type":"article","og_title":"Camila Rivarola efterlyser fler matchningar - Svenska Budo &amp; Kampsportsf\u00f6rbundet","og_description":"Det blev ingen medalj under EM i Bilbao f\u00f6r Camila Rivarola, som hon hade sikte p\u00e5. Det blev respass redan i f\u00f6rsta matchen, men hon ser trots allt EM som n\u00e5got att bygga vidare p\u00e5.\u00a0\u00a0 - Jag har inte haft n\u00e5gon s\u00e5dan teknisk match f\u00f6rr, s\u00e4ger hon till budokampsport.se.","og_url":"https:\/\/www.budokampsport.se\/2014\/10\/25\/camila-rivarola-efterlyser-fler-matchningar\/","og_site_name":"Svenska Budo &amp; Kampsportsf\u00f6rbundet","article_author":"https:\/\/www.facebook.com\/jonathan.broberg.7","article_published_time":"2014-10-25T13:03:14+00:00","article_modified_time":"2016-12-06T21:37:50+00:00","author":"Jonathan Broberg","twitter_card":"summary_large_image","twitter_misc":{"Skriven av":"Jonathan Broberg","Ber\u00e4knad l\u00e4stid":"2 minuter"},"schema":{"@context":"https:\/\/schema.org","@graph":[{"@type":"Article","@id":"https:\/\/www.budokampsport.se\/2014\/10\/25\/camila-rivarola-efterlyser-fler-matchningar\/#article","isPartOf":{"@id":"https:\/\/www.budokampsport.se\/2014\/10\/25\/camila-rivarola-efterlyser-fler-matchningar\/"},"author":{"name":"Jonathan Broberg","@id":"https:\/\/www.budokampsport.se\/#\/schema\/person\/5c06d81d14850e2a8ce5493386560145"},"headline":"Camila Rivarola efterlyser fler matchningar","datePublished":"2014-10-25T13:03:14+00:00","dateModified":"2016-12-06T21:37:50+00:00","mainEntityOfPage":{"@id":"https:\/\/www.budokampsport.se\/2014\/10\/25\/camila-rivarola-efterlyser-fler-matchningar\/"},"wordCount":354,"inLanguage":"sv-SE"},{"@type":"WebPage","@id":"https:\/\/www.budokampsport.se\/2014\/10\/25\/camila-rivarola-efterlyser-fler-matchningar\/","url":"https:\/\/www.budokampsport.se\/2014\/10\/25\/camila-rivarola-efterlyser-fler-matchningar\/","name":"Camila Rivarola efterlyser fler matchningar - Svenska Budo &amp; Kampsportsf\u00f6rbundet","isPartOf":{"@id":"https:\/\/www.budokampsport.se\/#website"},"datePublished":"2014-10-25T13:03:14+00:00","dateModified":"2016-12-06T21:37:50+00:00","author":{"@id":"https:\/\/www.budokampsport.se\/#\/schema\/person\/5c06d81d14850e2a8ce5493386560145"},"description":"Det blev ingen medalj under EM i Bilbao f\u00f6r Camila Rivarola, som hon hade sikte p\u00e5. Det blev respass redan i f\u00f6rsta matchen, men hon ser trots allt EM som n\u00e5got att bygga vidare p\u00e5.\u00a0\u00a0 - Jag har inte haft n\u00e5gon s\u00e5dan teknisk match f\u00f6rr, s\u00e4ger hon till budokampsport.se.","breadcrumb":{"@id":"https:\/\/www.budokampsport.se\/2014\/10\/25\/camila-rivarola-efterlyser-fler-matchningar\/#breadcrumb"},"inLanguage":"sv-SE","potentialAction":[{"@type":"ReadAction","target":["https:\/\/www.budokampsport.se\/2014\/10\/25\/camila-rivarola-efterlyser-fler-matchningar\/"]}]},{"@type":"BreadcrumbList","@id":"https:\/\/www.budokampsport.se\/2014\/10\/25\/camila-rivarola-efterlyser-fler-matchningar\/#breadcrumb","itemListElement":[{"@type":"ListItem","position":1,"name":"Hem","item":"https:\/\/www.budokampsport.se\/"},{"@type":"ListItem","position":2,"name":"Camila Rivarola efterlyser fler matchningar"}]},{"@type":"WebSite","@id":"https:\/\/www.budokampsport.se\/#website","url":"https:\/\/www.budokampsport.se\/","name":"Svenska Budo &amp; Kampsportsf\u00f6rbundet","description":"T\u00e4vling, Tr\u00e4ning, Tradition","potentialAction":[{"@type":"SearchAction","target":{"@type":"EntryPoint","urlTemplate":"https:\/\/www.budokampsport.se\/?s={search_term_string}"},"query-input":{"@type":"PropertyValueSpecification","valueRequired":true,"valueName":"search_term_string"}}],"inLanguage":"sv-SE"},{"@type":"Person","@id":"https:\/\/www.budokampsport.se\/#\/schema\/person\/5c06d81d14850e2a8ce5493386560145","name":"Jonathan Broberg","image":{"@type":"ImageObject","inLanguage":"sv-SE","@id":"https:\/\/www.budokampsport.se\/#\/schema\/person\/image\/","url":"https:\/\/secure.gravatar.com\/avatar\/a58041c6cea9128bd9c40ee2f26d4136?s=96&d=blank&r=g","contentUrl":"https:\/\/secure.gravatar.com\/avatar\/a58041c6cea9128bd9c40ee2f26d4136?s=96&d=blank&r=g","caption":"Jonathan Broberg"},"sameAs":["https:\/\/www.facebook.com\/jonathan.broberg.7"],"url":"https:\/\/www.budokampsport.se\/author\/jonathan\/"}]}},"_links":{"self":[{"href":"https:\/\/www.budokampsport.se\/api\/wp\/v2\/posts\/5179","targetHints":{"allow":["GET"]}}],"collection":[{"href":"https:\/\/www.budokampsport.se\/api\/wp\/v2\/posts"}],"about":[{"href":"https:\/\/www.budokampsport.se\/api\/wp\/v2\/types\/post"}],"author":[{"embeddable":true,"href":"https:\/\/www.budokampsport.se\/api\/wp\/v2\/users\/7"}],"replies":[{"embeddable":true,"href":"https:\/\/www.budokampsport.se\/api\/wp\/v2\/comments?post=5179"}],"version-history":[{"count":0,"href":"https:\/\/www.budokampsport.se\/api\/wp\/v2\/posts\/5179\/revisions"}],"wp:attachment":[{"href":"https:\/\/www.budokampsport.se\/api\/wp\/v2\/media?parent=5179"}],"wp:term":[{"taxonomy":"category","embeddable":true,"href":"https:\/\/www.budokampsport.se\/api\/wp\/v2\/categories?post=5179"},{"taxonomy":"post_tag","embeddable":true,"href":"https:\/\/www.budokampsport.se\/api\/wp\/v2\/tags?post=5179"}],"curies":[{"name":"wp","href":"https:\/\/api.w.org\/{rel}","templated":true}]}}