{"id":5190,"date":"2014-11-07T10:32:23","date_gmt":"2014-11-07T09:32:23","guid":{"rendered":"http:\/\/budo.wordpress.dev\/2014\/11\/07\/simon-skold-kan-de-na-ufc-varfor-skulle-inte-jag-kunna-det\/"},"modified":"2016-12-06T22:37:52","modified_gmt":"2016-12-06T21:37:52","slug":"simon-skold-kan-de-na-ufc-varfor-skulle-inte-jag-kunna-det","status":"publish","type":"post","link":"https:\/\/www.budokampsport.se\/2014\/11\/07\/simon-skold-kan-de-na-ufc-varfor-skulle-inte-jag-kunna-det\/","title":{"rendered":"Simon Sk\u00f6ld: \u201dKan de n\u00e5 UFC, varf\u00f6r skulle inte jag kunna det\u201d"},"content":{"rendered":"<p><strong><img decoding=\"async\" alt=\"\" src=\"\/sites\/default\/files\/simon_skold.gif\" style=\"height:290px; width:435px\"><br \/>MMA-vinsterna har b\u00f6rjat komma f\u00f6r Simon Sk\u00f6ld. Till matchen p\u00e5 Superior Challenge mot britten Dan Gibbon den 29:e november kommer den forne sanshoutalangen fr\u00e5n tv\u00e5 raka segrar.<br \/>\u00a0\u00a0 &#8211; Jag k\u00e4nner mig mycket lugnare nu \u00e4n f\u00f6rr n\u00e4r det \u00e4r match, s\u00e4ger han till budokampsport.se.<\/strong><!--break--><\/p>\n<p>F\u00f6r Simon Sk\u00f6ld har \u00e4ntligen segrarna b\u00f6rjat komma och med tv\u00e5 raka vinter (b\u00e5da p\u00e5 submission) \u00e4r det en formstark Sk\u00f6ld som tar sig an britten Dan Gibbon p\u00e5 Superior Challenge i S\u00f6dert\u00e4lje den 29 november.<\/p>\n<p>Och matchen p\u00e5 Superior blir ett v\u00e4gsk\u00e4l f\u00f6r honom.<br \/>\u00a0\u00a0 &#8211; Jag best\u00e4mde mig, n\u00e4r jag hamnade i proffssv\u00e4ngen och skulle g\u00e5 min f\u00f6rsta match, att jag skulle g\u00e5 tio matcher och sedan ta MMA:n d\u00e4rifr\u00e5n. Nu blir det min tionde mot Gibbon och oavsett hur det g\u00e5r i matchen har jag best\u00e4mt mig f\u00f6r att matcha vidare.<\/p>\n<p>Simon Sk\u00f6ld har till skillnad fr\u00e5n m\u00e5nga andra inte varit r\u00e4dd att g\u00e5 mot tufft motst\u00e5nd. Det har f\u00e5tt honom att hamna p\u00e5 ett minusrecord, men det har l\u00e4rt honom massor.<br \/>\u00a0\u00a0\u00a0 &#8211; Jag har m\u00f6tt Andreas St\u00e5hl och Niklas B\u00e4ckstr\u00f6m. Nu \u00e4r de i UFC och mina matchningar har f\u00e5tt mig att v\u00e4xa som fighter, s\u00e5 varf\u00f6r skulle inte jag kunna hamna i UFC jag med? Jag k\u00e4nner att jag har g\u00e5tt fram\u00e5t v\u00e4ldigt mycket den senaste tiden. Jag k\u00e4nner ocks\u00e5 att jag inte f\u00e5tt ut min fulla potential i matcherna f\u00f6rr. F\u00f6rhoppningsvis har det sl\u00e4ppt lite nu.<\/p>\n<p><strong>&#8220;Sjukt avancerad detaljniv\u00e5&#8221;<\/strong><br \/>Anm\u00e4rkningsv\u00e4rt \u00e4r att den forne sanshoutalangen Sk\u00f6ld, som borde ha sina f\u00f6rdelar i den st\u00e5ende fightingen, vunnit sina tv\u00e5 senaste matcher p\u00e5 submission.<br \/>\u00a0\u00a0 &#8211; Jag har tr\u00e4nat mycket grappling den senaste tiden. Jag har tr\u00e4nat med Ralf Carneborn, en svartb\u00e4ltare, som \u00e4r fantastiskt duktig och har l\u00e4rt mig enormt mycket. Fightingen idag har utvecklats s\u00e5 pass att man m\u00e5ste in djupt p\u00e5 detaljer f\u00f6r att kunna vinna. Det \u00e4r sjukt avancerad detaljniv\u00e5, men det har verkligen givit resultat.<\/p>\n<p><img decoding=\"async\" alt=\"\" src=\"\/sites\/default\/files\/simon_skold_tva.gif\" style=\"height:290px; width:435px\"><\/p>\n<p>N\u00e4r Sk\u00f6ld s\u00e5 st\u00e5r \u00f6ga mot \u00f6ga med Dan Gibbon kan vi f\u00f6rmoda att han k\u00e4nner sig r\u00e4tt s\u00e4ker med en matchbild b\u00e5de st\u00e5ende och p\u00e5 marken. Mentalt f\u00f6rs\u00f6ker han visualisera matchbilden ur alla m\u00f6jliga t\u00e4nkbara karakt\u00e4rsdrag.<br \/>\u00a0\u00a0 &#8211; Jag har inget dr\u00f6mscenario s\u00e5, det \u00e4r viktigt att mentalt vara f\u00f6rberedd p\u00e5 att matchen kan ta vilka v\u00e4ndningar som helst. Gibbon \u00e4r bra st\u00e5ende s\u00e5 han vill m\u00f6jligen ha matchen d\u00e4r, vilket inte \u00e4r mig emot. Jag k\u00e4nner att jag \u00e4r b\u00e4ttre \u00e4n honom b\u00e5de d\u00e4r och om det skulle bli en markmatch. Blir det st\u00e5ende \u00e4r jag beredd p\u00e5 det. Jag har med mig Nils Widlund i min ringh\u00f6rna och han har \u00e4ven hj\u00e4lpt mig med tr\u00e4ningen st\u00e5ende. Det k\u00e4nns tryggt.<\/p>\n<p><strong>&#8220;Viktigt att inte k\u00e4nnas sig ensam i buren&#8221;<\/strong><br \/>Simon Sk\u00f6ld kommer att ha ett stort st\u00f6d i Axa Sportcenter i matchen mot Gibbon. Klubbkompisar, v\u00e4nner, familj och flickv\u00e4n kommer finnas p\u00e5 plats.<br \/>\u00a0\u00a0 &#8211; Det betyder v\u00e4ldigt mycket. Det \u00e4r viktigt att inte k\u00e4nna sig ensam i buren. Det \u00e4r kanske fr\u00e4mst coachernas uppgift det inte k\u00e4nns ensamt, men just att ha med sig energin fr\u00e5n familj och v\u00e4nner in matchen \u00e4r v\u00e4ldigt viktigt.<\/p>\n<p>Text: Jonathan Broberg<br \/>Foto: Hamid Ershad Sarabi<\/p>\n","protected":false},"excerpt":{"rendered":"<p><strong><img decoding=\"async\" alt=\"\" src=\"\/sites\/default\/files\/simon_skold.gif\" style=\"height:290px; width:435px\"><br \/>MMA-vinsterna har b\u00f6rjat komma f\u00f6r Simon Sk\u00f6ld. Till matchen p\u00e5 Superior Challenge mot britten Dan Gibbon den 29:e november kommer den forne sanshoutalangen fr\u00e5n tv\u00e5 raka segrar.<br \/>\u00a0\u00a0 &#8211; Jag k\u00e4nner mig mycket lugnare nu \u00e4n f\u00f6rr n\u00e4r det \u00e4r match, s\u00e4ger han till budokampsport.se.<\/strong><\/p><br>","protected":false},"author":7,"featured_media":0,"comment_status":"closed","ping_status":"closed","sticky":false,"template":"","format":"standard","meta":{"_acf_changed":false,"footnotes":""},"categories":[1],"tags":[],"class_list":["post-5190","post","type-post","status-publish","format-standard","hentry","category-okategoriserade"],"acf":[],"yoast_head":"<!-- This site is optimized with the Yoast SEO plugin v26.8 - https:\/\/yoast.com\/product\/yoast-seo-wordpress\/ -->\n<title>Simon Sk\u00f6ld: \u201dKan de n\u00e5 UFC, varf\u00f6r skulle inte jag kunna det\u201d - Svenska Budo &amp; Kampsportsf\u00f6rbundet<\/title>\n<meta name=\"description\" content=\"MMA-vinsterna har b\u00f6rjat komma f\u00f6r Simon Sk\u00f6ld. Till matchen p\u00e5 Superior Challenge mot britten Dan Gibbon den 29:e november kommer den forne sanshoutalangen fr\u00e5n tv\u00e5 raka segrar.\u00a0\u00a0 - Jag k\u00e4nner mig mycket lugnare nu \u00e4n f\u00f6rr n\u00e4r det \u00e4r match, s\u00e4ger han till budokampsport.se.\" \/>\n<meta name=\"robots\" content=\"index, follow, max-snippet:-1, max-image-preview:large, max-video-preview:-1\" \/>\n<link rel=\"canonical\" href=\"https:\/\/www.budokampsport.se\/2014\/11\/07\/simon-skold-kan-de-na-ufc-varfor-skulle-inte-jag-kunna-det\/\" \/>\n<meta property=\"og:locale\" content=\"sv_SE\" \/>\n<meta property=\"og:type\" content=\"article\" \/>\n<meta property=\"og:title\" content=\"Simon Sk\u00f6ld: \u201dKan de n\u00e5 UFC, varf\u00f6r skulle inte jag kunna det\u201d - Svenska Budo &amp; Kampsportsf\u00f6rbundet\" \/>\n<meta property=\"og:description\" content=\"MMA-vinsterna har b\u00f6rjat komma f\u00f6r Simon Sk\u00f6ld. Till matchen p\u00e5 Superior Challenge mot britten Dan Gibbon den 29:e november kommer den forne sanshoutalangen fr\u00e5n tv\u00e5 raka segrar.\u00a0\u00a0 - Jag k\u00e4nner mig mycket lugnare nu \u00e4n f\u00f6rr n\u00e4r det \u00e4r match, s\u00e4ger han till budokampsport.se.\" \/>\n<meta property=\"og:url\" content=\"https:\/\/www.budokampsport.se\/2014\/11\/07\/simon-skold-kan-de-na-ufc-varfor-skulle-inte-jag-kunna-det\/\" \/>\n<meta property=\"og:site_name\" content=\"Svenska Budo &amp; Kampsportsf\u00f6rbundet\" \/>\n<meta property=\"article:author\" content=\"https:\/\/www.facebook.com\/jonathan.broberg.7\" \/>\n<meta property=\"article:published_time\" content=\"2014-11-07T09:32:23+00:00\" \/>\n<meta property=\"article:modified_time\" content=\"2016-12-06T21:37:52+00:00\" \/>\n<meta name=\"author\" content=\"Jonathan Broberg\" \/>\n<meta name=\"twitter:card\" content=\"summary_large_image\" \/>\n<meta name=\"twitter:label1\" content=\"Skriven av\" \/>\n\t<meta name=\"twitter:data1\" content=\"Jonathan Broberg\" \/>\n\t<meta name=\"twitter:label2\" content=\"Ber\u00e4knad l\u00e4stid\" \/>\n\t<meta name=\"twitter:data2\" content=\"3 minuter\" \/>\n<script type=\"application\/ld+json\" class=\"yoast-schema-graph\">{\"@context\":\"https:\/\/schema.org\",\"@graph\":[{\"@type\":\"Article\",\"@id\":\"https:\/\/www.budokampsport.se\/2014\/11\/07\/simon-skold-kan-de-na-ufc-varfor-skulle-inte-jag-kunna-det\/#article\",\"isPartOf\":{\"@id\":\"https:\/\/www.budokampsport.se\/2014\/11\/07\/simon-skold-kan-de-na-ufc-varfor-skulle-inte-jag-kunna-det\/\"},\"author\":{\"name\":\"Jonathan Broberg\",\"@id\":\"https:\/\/www.budokampsport.se\/#\/schema\/person\/5c06d81d14850e2a8ce5493386560145\"},\"headline\":\"Simon Sk\u00f6ld: \u201dKan de n\u00e5 UFC, varf\u00f6r skulle inte jag kunna det\u201d\",\"datePublished\":\"2014-11-07T09:32:23+00:00\",\"dateModified\":\"2016-12-06T21:37:52+00:00\",\"mainEntityOfPage\":{\"@id\":\"https:\/\/www.budokampsport.se\/2014\/11\/07\/simon-skold-kan-de-na-ufc-varfor-skulle-inte-jag-kunna-det\/\"},\"wordCount\":634,\"inLanguage\":\"sv-SE\"},{\"@type\":\"WebPage\",\"@id\":\"https:\/\/www.budokampsport.se\/2014\/11\/07\/simon-skold-kan-de-na-ufc-varfor-skulle-inte-jag-kunna-det\/\",\"url\":\"https:\/\/www.budokampsport.se\/2014\/11\/07\/simon-skold-kan-de-na-ufc-varfor-skulle-inte-jag-kunna-det\/\",\"name\":\"Simon Sk\u00f6ld: \u201dKan de n\u00e5 UFC, varf\u00f6r skulle inte jag kunna det\u201d - Svenska Budo &amp; Kampsportsf\u00f6rbundet\",\"isPartOf\":{\"@id\":\"https:\/\/www.budokampsport.se\/#website\"},\"datePublished\":\"2014-11-07T09:32:23+00:00\",\"dateModified\":\"2016-12-06T21:37:52+00:00\",\"author\":{\"@id\":\"https:\/\/www.budokampsport.se\/#\/schema\/person\/5c06d81d14850e2a8ce5493386560145\"},\"description\":\"MMA-vinsterna har b\u00f6rjat komma f\u00f6r Simon Sk\u00f6ld. Till matchen p\u00e5 Superior Challenge mot britten Dan Gibbon den 29:e november kommer den forne sanshoutalangen fr\u00e5n tv\u00e5 raka segrar.\u00a0\u00a0 - Jag k\u00e4nner mig mycket lugnare nu \u00e4n f\u00f6rr n\u00e4r det \u00e4r match, s\u00e4ger han till budokampsport.se.\",\"breadcrumb\":{\"@id\":\"https:\/\/www.budokampsport.se\/2014\/11\/07\/simon-skold-kan-de-na-ufc-varfor-skulle-inte-jag-kunna-det\/#breadcrumb\"},\"inLanguage\":\"sv-SE\",\"potentialAction\":[{\"@type\":\"ReadAction\",\"target\":[\"https:\/\/www.budokampsport.se\/2014\/11\/07\/simon-skold-kan-de-na-ufc-varfor-skulle-inte-jag-kunna-det\/\"]}]},{\"@type\":\"BreadcrumbList\",\"@id\":\"https:\/\/www.budokampsport.se\/2014\/11\/07\/simon-skold-kan-de-na-ufc-varfor-skulle-inte-jag-kunna-det\/#breadcrumb\",\"itemListElement\":[{\"@type\":\"ListItem\",\"position\":1,\"name\":\"Hem\",\"item\":\"https:\/\/www.budokampsport.se\/\"},{\"@type\":\"ListItem\",\"position\":2,\"name\":\"Simon Sk\u00f6ld: \u201dKan de n\u00e5 UFC, varf\u00f6r skulle inte jag kunna det\u201d\"}]},{\"@type\":\"WebSite\",\"@id\":\"https:\/\/www.budokampsport.se\/#website\",\"url\":\"https:\/\/www.budokampsport.se\/\",\"name\":\"Svenska Budo &amp; Kampsportsf\u00f6rbundet\",\"description\":\"T\u00e4vling, Tr\u00e4ning, Tradition\",\"potentialAction\":[{\"@type\":\"SearchAction\",\"target\":{\"@type\":\"EntryPoint\",\"urlTemplate\":\"https:\/\/www.budokampsport.se\/?s={search_term_string}\"},\"query-input\":{\"@type\":\"PropertyValueSpecification\",\"valueRequired\":true,\"valueName\":\"search_term_string\"}}],\"inLanguage\":\"sv-SE\"},{\"@type\":\"Person\",\"@id\":\"https:\/\/www.budokampsport.se\/#\/schema\/person\/5c06d81d14850e2a8ce5493386560145\",\"name\":\"Jonathan Broberg\",\"image\":{\"@type\":\"ImageObject\",\"inLanguage\":\"sv-SE\",\"@id\":\"https:\/\/www.budokampsport.se\/#\/schema\/person\/image\/\",\"url\":\"https:\/\/secure.gravatar.com\/avatar\/a58041c6cea9128bd9c40ee2f26d4136?s=96&d=blank&r=g\",\"contentUrl\":\"https:\/\/secure.gravatar.com\/avatar\/a58041c6cea9128bd9c40ee2f26d4136?s=96&d=blank&r=g\",\"caption\":\"Jonathan Broberg\"},\"sameAs\":[\"https:\/\/www.facebook.com\/jonathan.broberg.7\"],\"url\":\"https:\/\/www.budokampsport.se\/author\/jonathan\/\"}]}<\/script>\n<!-- \/ Yoast SEO plugin. -->","yoast_head_json":{"title":"Simon Sk\u00f6ld: \u201dKan de n\u00e5 UFC, varf\u00f6r skulle inte jag kunna det\u201d - Svenska Budo &amp; Kampsportsf\u00f6rbundet","description":"MMA-vinsterna har b\u00f6rjat komma f\u00f6r Simon Sk\u00f6ld. Till matchen p\u00e5 Superior Challenge mot britten Dan Gibbon den 29:e november kommer den forne sanshoutalangen fr\u00e5n tv\u00e5 raka segrar.\u00a0\u00a0 - Jag k\u00e4nner mig mycket lugnare nu \u00e4n f\u00f6rr n\u00e4r det \u00e4r match, s\u00e4ger han till budokampsport.se.","robots":{"index":"index","follow":"follow","max-snippet":"max-snippet:-1","max-image-preview":"max-image-preview:large","max-video-preview":"max-video-preview:-1"},"canonical":"https:\/\/www.budokampsport.se\/2014\/11\/07\/simon-skold-kan-de-na-ufc-varfor-skulle-inte-jag-kunna-det\/","og_locale":"sv_SE","og_type":"article","og_title":"Simon Sk\u00f6ld: \u201dKan de n\u00e5 UFC, varf\u00f6r skulle inte jag kunna det\u201d - Svenska Budo &amp; Kampsportsf\u00f6rbundet","og_description":"MMA-vinsterna har b\u00f6rjat komma f\u00f6r Simon Sk\u00f6ld. Till matchen p\u00e5 Superior Challenge mot britten Dan Gibbon den 29:e november kommer den forne sanshoutalangen fr\u00e5n tv\u00e5 raka segrar.\u00a0\u00a0 - Jag k\u00e4nner mig mycket lugnare nu \u00e4n f\u00f6rr n\u00e4r det \u00e4r match, s\u00e4ger han till budokampsport.se.","og_url":"https:\/\/www.budokampsport.se\/2014\/11\/07\/simon-skold-kan-de-na-ufc-varfor-skulle-inte-jag-kunna-det\/","og_site_name":"Svenska Budo &amp; Kampsportsf\u00f6rbundet","article_author":"https:\/\/www.facebook.com\/jonathan.broberg.7","article_published_time":"2014-11-07T09:32:23+00:00","article_modified_time":"2016-12-06T21:37:52+00:00","author":"Jonathan Broberg","twitter_card":"summary_large_image","twitter_misc":{"Skriven av":"Jonathan Broberg","Ber\u00e4knad l\u00e4stid":"3 minuter"},"schema":{"@context":"https:\/\/schema.org","@graph":[{"@type":"Article","@id":"https:\/\/www.budokampsport.se\/2014\/11\/07\/simon-skold-kan-de-na-ufc-varfor-skulle-inte-jag-kunna-det\/#article","isPartOf":{"@id":"https:\/\/www.budokampsport.se\/2014\/11\/07\/simon-skold-kan-de-na-ufc-varfor-skulle-inte-jag-kunna-det\/"},"author":{"name":"Jonathan Broberg","@id":"https:\/\/www.budokampsport.se\/#\/schema\/person\/5c06d81d14850e2a8ce5493386560145"},"headline":"Simon Sk\u00f6ld: \u201dKan de n\u00e5 UFC, varf\u00f6r skulle inte jag kunna det\u201d","datePublished":"2014-11-07T09:32:23+00:00","dateModified":"2016-12-06T21:37:52+00:00","mainEntityOfPage":{"@id":"https:\/\/www.budokampsport.se\/2014\/11\/07\/simon-skold-kan-de-na-ufc-varfor-skulle-inte-jag-kunna-det\/"},"wordCount":634,"inLanguage":"sv-SE"},{"@type":"WebPage","@id":"https:\/\/www.budokampsport.se\/2014\/11\/07\/simon-skold-kan-de-na-ufc-varfor-skulle-inte-jag-kunna-det\/","url":"https:\/\/www.budokampsport.se\/2014\/11\/07\/simon-skold-kan-de-na-ufc-varfor-skulle-inte-jag-kunna-det\/","name":"Simon Sk\u00f6ld: \u201dKan de n\u00e5 UFC, varf\u00f6r skulle inte jag kunna det\u201d - Svenska Budo &amp; Kampsportsf\u00f6rbundet","isPartOf":{"@id":"https:\/\/www.budokampsport.se\/#website"},"datePublished":"2014-11-07T09:32:23+00:00","dateModified":"2016-12-06T21:37:52+00:00","author":{"@id":"https:\/\/www.budokampsport.se\/#\/schema\/person\/5c06d81d14850e2a8ce5493386560145"},"description":"MMA-vinsterna har b\u00f6rjat komma f\u00f6r Simon Sk\u00f6ld. Till matchen p\u00e5 Superior Challenge mot britten Dan Gibbon den 29:e november kommer den forne sanshoutalangen fr\u00e5n tv\u00e5 raka segrar.\u00a0\u00a0 - Jag k\u00e4nner mig mycket lugnare nu \u00e4n f\u00f6rr n\u00e4r det \u00e4r match, s\u00e4ger han till budokampsport.se.","breadcrumb":{"@id":"https:\/\/www.budokampsport.se\/2014\/11\/07\/simon-skold-kan-de-na-ufc-varfor-skulle-inte-jag-kunna-det\/#breadcrumb"},"inLanguage":"sv-SE","potentialAction":[{"@type":"ReadAction","target":["https:\/\/www.budokampsport.se\/2014\/11\/07\/simon-skold-kan-de-na-ufc-varfor-skulle-inte-jag-kunna-det\/"]}]},{"@type":"BreadcrumbList","@id":"https:\/\/www.budokampsport.se\/2014\/11\/07\/simon-skold-kan-de-na-ufc-varfor-skulle-inte-jag-kunna-det\/#breadcrumb","itemListElement":[{"@type":"ListItem","position":1,"name":"Hem","item":"https:\/\/www.budokampsport.se\/"},{"@type":"ListItem","position":2,"name":"Simon Sk\u00f6ld: \u201dKan de n\u00e5 UFC, varf\u00f6r skulle inte jag kunna det\u201d"}]},{"@type":"WebSite","@id":"https:\/\/www.budokampsport.se\/#website","url":"https:\/\/www.budokampsport.se\/","name":"Svenska Budo &amp; Kampsportsf\u00f6rbundet","description":"T\u00e4vling, Tr\u00e4ning, Tradition","potentialAction":[{"@type":"SearchAction","target":{"@type":"EntryPoint","urlTemplate":"https:\/\/www.budokampsport.se\/?s={search_term_string}"},"query-input":{"@type":"PropertyValueSpecification","valueRequired":true,"valueName":"search_term_string"}}],"inLanguage":"sv-SE"},{"@type":"Person","@id":"https:\/\/www.budokampsport.se\/#\/schema\/person\/5c06d81d14850e2a8ce5493386560145","name":"Jonathan Broberg","image":{"@type":"ImageObject","inLanguage":"sv-SE","@id":"https:\/\/www.budokampsport.se\/#\/schema\/person\/image\/","url":"https:\/\/secure.gravatar.com\/avatar\/a58041c6cea9128bd9c40ee2f26d4136?s=96&d=blank&r=g","contentUrl":"https:\/\/secure.gravatar.com\/avatar\/a58041c6cea9128bd9c40ee2f26d4136?s=96&d=blank&r=g","caption":"Jonathan Broberg"},"sameAs":["https:\/\/www.facebook.com\/jonathan.broberg.7"],"url":"https:\/\/www.budokampsport.se\/author\/jonathan\/"}]}},"_links":{"self":[{"href":"https:\/\/www.budokampsport.se\/api\/wp\/v2\/posts\/5190","targetHints":{"allow":["GET"]}}],"collection":[{"href":"https:\/\/www.budokampsport.se\/api\/wp\/v2\/posts"}],"about":[{"href":"https:\/\/www.budokampsport.se\/api\/wp\/v2\/types\/post"}],"author":[{"embeddable":true,"href":"https:\/\/www.budokampsport.se\/api\/wp\/v2\/users\/7"}],"replies":[{"embeddable":true,"href":"https:\/\/www.budokampsport.se\/api\/wp\/v2\/comments?post=5190"}],"version-history":[{"count":0,"href":"https:\/\/www.budokampsport.se\/api\/wp\/v2\/posts\/5190\/revisions"}],"wp:attachment":[{"href":"https:\/\/www.budokampsport.se\/api\/wp\/v2\/media?parent=5190"}],"wp:term":[{"taxonomy":"category","embeddable":true,"href":"https:\/\/www.budokampsport.se\/api\/wp\/v2\/categories?post=5190"},{"taxonomy":"post_tag","embeddable":true,"href":"https:\/\/www.budokampsport.se\/api\/wp\/v2\/tags?post=5190"}],"curies":[{"name":"wp","href":"https:\/\/api.w.org\/{rel}","templated":true}]}}