{"id":5194,"date":"2014-11-13T09:53:20","date_gmt":"2014-11-13T08:53:20","guid":{"rendered":"http:\/\/budo.wordpress.dev\/2014\/11\/13\/paolo-roberto-om-uteblivna-nomineringar-till-idrottsgalan-vi-kampsportare-maste-stalla-krav-pa-rf\/"},"modified":"2016-12-06T22:37:53","modified_gmt":"2016-12-06T21:37:53","slug":"paolo-roberto-om-uteblivna-nomineringar-till-idrottsgalan-vi-kampsportare-maste-stalla-krav-pa-rf","status":"publish","type":"post","link":"https:\/\/www.budokampsport.se\/2014\/11\/13\/paolo-roberto-om-uteblivna-nomineringar-till-idrottsgalan-vi-kampsportare-maste-stalla-krav-pa-rf\/","title":{"rendered":"Paolo Roberto om uteblivna nomineringar till Idrottsgalan: \u201dVi kampsportare m\u00e5ste st\u00e4lla krav p\u00e5 RF\u201d"},"content":{"rendered":"<p><strong><img decoding=\"async\" alt=\"\" src=\"\/sites\/default\/files\/paolo.gif\" style=\"height:295px; width:435px\"><br \/>I g\u00e5r sl\u00e4ppte Idrottsgalan sina nomineringar och \u00e5terigen nobbas kampsporten. Det gillas inte av Paolo Roberto som skickar syrlig kritik mot Riksidrottsf\u00f6rbundet.<br \/>\u00a0\u00a0 &#8211; Vi blir diskriminerade. Vi kampsportare kan inte p\u00e5 sikt vara med i ett f\u00f6rbund, v\u00e5rt f\u00f6rbund, som konstant bortser fr\u00e5n allt det goda som kampsporten g\u00f6r, s\u00e4ger han till budokampsport.se<\/strong><!--break--><\/p>\n<p>Svensk kampsport st\u00e5r \u00e5terigen utan nominering till Idrottsgalan. Ig\u00e5r sl\u00e4pptes nomineringarna, som toppas av de stora traditionella idrotterna.<\/p>\n<p>Och behandlingen har inte heller blivit b\u00e4ttre med \u00e5ren. Paolo Roberto har varit med l\u00e4nge och sj\u00e4lv upplevt etablissemangets njugga inst\u00e4llning.<br \/>\u00a0\u00a0 &#8211; 1959 hade Sverige en v\u00e4rldsm\u00e4stare i tungviktsboxning som vi alla trodde skulle f\u00e5 bragdmedalj. Ingemar Johansson nobbades d\u00e5 och man valde Agne Simonsen som gjorde m\u00e5l i en fotbollslandskamp mot England. Det s\u00e4ger sig sj\u00e4lvt, kampsportare blev diskriminerade f\u00f6rr och vi blir fortfarande\u00a0diskriminerade. Det \u00e4r inte dugg b\u00e4ttre nu.<\/p>\n<p>Paolo Roberto lyfter fram MMA och Alexander Gustafsson som exempel.<br \/>\u00a0\u00a0 &#8211; MMA \u00e4r en av v\u00e4rldens snabbast v\u00e4xande idrotter och en av de popul\u00e4raste. Kollar man p\u00e5 hur stor Alex \u00e4r s\u00e5 \u00e4r det skandal att Idrottsgalan v\u00e4ljer att blunda f\u00f6r hans framg\u00e5ngar. Och andra kampsportares ocks\u00e5 f\u00f6r den delen.<\/p>\n<p><strong>Paolo, vad kan man g\u00f6ra konkret \u00e5t detta strukturella bekymmer?<\/strong><br \/>\u00a0\u00a0 &#8211; Vi kampsportare m\u00e5ste g\u00e5 samman \u00f6ver f\u00f6rbundsgr\u00e4nserna och gemensamt s\u00e4ga till RF att nog f\u00e5r det fan vara nog. Vi \u00e4r r\u00e4tt m\u00e5nga i Sverige som h\u00e5ller p\u00e5 med boxning, thaiboxning, karate, judo och s\u00e5 vidare. Vi kan inte vara med i ett f\u00f6rbund som s\u00e5 uppenbart hela tiden bortser fr\u00e5n allt det goda kampsporten g\u00f6r. Det \u00e4r f\u00f6rdomar som styr. Man tycker att det \u00e4r v\u00e5ld och inga riktiga idrotter, men man verkar skita i att kampsport snappar upp m\u00e4ngder med ungdomar och att vi vinner medaljer internationellt.<\/p>\n<p><strong>Kommer du sj\u00e4lv g\u00e5 p\u00e5 Idrottsgalan?<\/strong><br \/>\u00a0\u00a0 &#8211; Jag \u00e4r inte bjuden. Jag f\u00e5r aldrig n\u00e5gon inbjudan.<\/p>\n<p>Text: Jonathan Broberg<br \/>Foto: Hamid Ershad Sarabi<\/p>\n","protected":false},"excerpt":{"rendered":"<p><strong><img decoding=\"async\" alt=\"\" src=\"\/sites\/default\/files\/paolo.gif\" style=\"height:295px; width:435px\"><br \/>I g\u00e5r sl\u00e4ppte Idrottsgalan sina nomineringar och \u00e5terigen nobbas kampsporten. Det gillas inte av Paolo Roberto som skickar syrlig kritik mot Riksidrottsf\u00f6rbundet.<br \/>\u00a0\u00a0 &#8211; Vi blir diskriminerade. Vi kampsportare kan inte p\u00e5 sikt vara med i ett f\u00f6rbund, v\u00e5rt f\u00f6rbund, som konstant bortser fr\u00e5n allt det goda som kampsporten g\u00f6r, s\u00e4ger han till budokampsport.se<\/strong><\/p><br>","protected":false},"author":7,"featured_media":0,"comment_status":"closed","ping_status":"closed","sticky":false,"template":"","format":"standard","meta":{"_acf_changed":false,"footnotes":""},"categories":[1],"tags":[],"class_list":["post-5194","post","type-post","status-publish","format-standard","hentry","category-okategoriserade"],"acf":[],"yoast_head":"<!-- This site is optimized with the Yoast SEO plugin v26.8 - https:\/\/yoast.com\/product\/yoast-seo-wordpress\/ -->\n<title>Paolo Roberto om uteblivna nomineringar till Idrottsgalan: \u201dVi kampsportare m\u00e5ste st\u00e4lla krav p\u00e5 RF\u201d - Svenska Budo &amp; Kampsportsf\u00f6rbundet<\/title>\n<meta name=\"description\" content=\"I g\u00e5r sl\u00e4ppte Idrottsgalan sina nomineringar och \u00e5terigen nobbas kampsporten. Det gillas inte av Paolo Roberto som skickar syrlig kritik mot Riksidrottsf\u00f6rbundet.\u00a0\u00a0 - Vi blir diskriminerade. Vi kampsportare kan inte p\u00e5 sikt vara med i ett f\u00f6rbund, v\u00e5rt f\u00f6rbund, som konstant bortser fr\u00e5n allt det goda som kampsporten g\u00f6r, s\u00e4ger han till budokampsport.se\" \/>\n<meta name=\"robots\" content=\"index, follow, max-snippet:-1, max-image-preview:large, max-video-preview:-1\" \/>\n<link rel=\"canonical\" href=\"https:\/\/www.budokampsport.se\/2014\/11\/13\/paolo-roberto-om-uteblivna-nomineringar-till-idrottsgalan-vi-kampsportare-maste-stalla-krav-pa-rf\/\" \/>\n<meta property=\"og:locale\" content=\"sv_SE\" \/>\n<meta property=\"og:type\" content=\"article\" \/>\n<meta property=\"og:title\" content=\"Paolo Roberto om uteblivna nomineringar till Idrottsgalan: \u201dVi kampsportare m\u00e5ste st\u00e4lla krav p\u00e5 RF\u201d - Svenska Budo &amp; Kampsportsf\u00f6rbundet\" \/>\n<meta property=\"og:description\" content=\"I g\u00e5r sl\u00e4ppte Idrottsgalan sina nomineringar och \u00e5terigen nobbas kampsporten. Det gillas inte av Paolo Roberto som skickar syrlig kritik mot Riksidrottsf\u00f6rbundet.\u00a0\u00a0 - Vi blir diskriminerade. Vi kampsportare kan inte p\u00e5 sikt vara med i ett f\u00f6rbund, v\u00e5rt f\u00f6rbund, som konstant bortser fr\u00e5n allt det goda som kampsporten g\u00f6r, s\u00e4ger han till budokampsport.se\" \/>\n<meta property=\"og:url\" content=\"https:\/\/www.budokampsport.se\/2014\/11\/13\/paolo-roberto-om-uteblivna-nomineringar-till-idrottsgalan-vi-kampsportare-maste-stalla-krav-pa-rf\/\" \/>\n<meta property=\"og:site_name\" content=\"Svenska Budo &amp; Kampsportsf\u00f6rbundet\" \/>\n<meta property=\"article:author\" content=\"https:\/\/www.facebook.com\/jonathan.broberg.7\" \/>\n<meta property=\"article:published_time\" content=\"2014-11-13T08:53:20+00:00\" \/>\n<meta property=\"article:modified_time\" content=\"2016-12-06T21:37:53+00:00\" \/>\n<meta name=\"author\" content=\"Jonathan Broberg\" \/>\n<meta name=\"twitter:card\" content=\"summary_large_image\" \/>\n<meta name=\"twitter:label1\" content=\"Skriven av\" \/>\n\t<meta name=\"twitter:data1\" content=\"Jonathan Broberg\" \/>\n\t<meta name=\"twitter:label2\" content=\"Ber\u00e4knad l\u00e4stid\" \/>\n\t<meta name=\"twitter:data2\" content=\"2 minuter\" \/>\n<script type=\"application\/ld+json\" class=\"yoast-schema-graph\">{\"@context\":\"https:\/\/schema.org\",\"@graph\":[{\"@type\":\"Article\",\"@id\":\"https:\/\/www.budokampsport.se\/2014\/11\/13\/paolo-roberto-om-uteblivna-nomineringar-till-idrottsgalan-vi-kampsportare-maste-stalla-krav-pa-rf\/#article\",\"isPartOf\":{\"@id\":\"https:\/\/www.budokampsport.se\/2014\/11\/13\/paolo-roberto-om-uteblivna-nomineringar-till-idrottsgalan-vi-kampsportare-maste-stalla-krav-pa-rf\/\"},\"author\":{\"name\":\"Jonathan Broberg\",\"@id\":\"https:\/\/www.budokampsport.se\/#\/schema\/person\/5c06d81d14850e2a8ce5493386560145\"},\"headline\":\"Paolo Roberto om uteblivna nomineringar till Idrottsgalan: \u201dVi kampsportare m\u00e5ste st\u00e4lla krav p\u00e5 RF\u201d\",\"datePublished\":\"2014-11-13T08:53:20+00:00\",\"dateModified\":\"2016-12-06T21:37:53+00:00\",\"mainEntityOfPage\":{\"@id\":\"https:\/\/www.budokampsport.se\/2014\/11\/13\/paolo-roberto-om-uteblivna-nomineringar-till-idrottsgalan-vi-kampsportare-maste-stalla-krav-pa-rf\/\"},\"wordCount\":379,\"inLanguage\":\"sv-SE\"},{\"@type\":\"WebPage\",\"@id\":\"https:\/\/www.budokampsport.se\/2014\/11\/13\/paolo-roberto-om-uteblivna-nomineringar-till-idrottsgalan-vi-kampsportare-maste-stalla-krav-pa-rf\/\",\"url\":\"https:\/\/www.budokampsport.se\/2014\/11\/13\/paolo-roberto-om-uteblivna-nomineringar-till-idrottsgalan-vi-kampsportare-maste-stalla-krav-pa-rf\/\",\"name\":\"Paolo Roberto om uteblivna nomineringar till Idrottsgalan: \u201dVi kampsportare m\u00e5ste st\u00e4lla krav p\u00e5 RF\u201d - Svenska Budo &amp; Kampsportsf\u00f6rbundet\",\"isPartOf\":{\"@id\":\"https:\/\/www.budokampsport.se\/#website\"},\"datePublished\":\"2014-11-13T08:53:20+00:00\",\"dateModified\":\"2016-12-06T21:37:53+00:00\",\"author\":{\"@id\":\"https:\/\/www.budokampsport.se\/#\/schema\/person\/5c06d81d14850e2a8ce5493386560145\"},\"description\":\"I g\u00e5r sl\u00e4ppte Idrottsgalan sina nomineringar och \u00e5terigen nobbas kampsporten. Det gillas inte av Paolo Roberto som skickar syrlig kritik mot Riksidrottsf\u00f6rbundet.\u00a0\u00a0 - Vi blir diskriminerade. Vi kampsportare kan inte p\u00e5 sikt vara med i ett f\u00f6rbund, v\u00e5rt f\u00f6rbund, som konstant bortser fr\u00e5n allt det goda som kampsporten g\u00f6r, s\u00e4ger han till budokampsport.se\",\"breadcrumb\":{\"@id\":\"https:\/\/www.budokampsport.se\/2014\/11\/13\/paolo-roberto-om-uteblivna-nomineringar-till-idrottsgalan-vi-kampsportare-maste-stalla-krav-pa-rf\/#breadcrumb\"},\"inLanguage\":\"sv-SE\",\"potentialAction\":[{\"@type\":\"ReadAction\",\"target\":[\"https:\/\/www.budokampsport.se\/2014\/11\/13\/paolo-roberto-om-uteblivna-nomineringar-till-idrottsgalan-vi-kampsportare-maste-stalla-krav-pa-rf\/\"]}]},{\"@type\":\"BreadcrumbList\",\"@id\":\"https:\/\/www.budokampsport.se\/2014\/11\/13\/paolo-roberto-om-uteblivna-nomineringar-till-idrottsgalan-vi-kampsportare-maste-stalla-krav-pa-rf\/#breadcrumb\",\"itemListElement\":[{\"@type\":\"ListItem\",\"position\":1,\"name\":\"Hem\",\"item\":\"https:\/\/www.budokampsport.se\/\"},{\"@type\":\"ListItem\",\"position\":2,\"name\":\"Paolo Roberto om uteblivna nomineringar till Idrottsgalan: \u201dVi kampsportare m\u00e5ste st\u00e4lla krav p\u00e5 RF\u201d\"}]},{\"@type\":\"WebSite\",\"@id\":\"https:\/\/www.budokampsport.se\/#website\",\"url\":\"https:\/\/www.budokampsport.se\/\",\"name\":\"Svenska Budo &amp; Kampsportsf\u00f6rbundet\",\"description\":\"T\u00e4vling, Tr\u00e4ning, Tradition\",\"potentialAction\":[{\"@type\":\"SearchAction\",\"target\":{\"@type\":\"EntryPoint\",\"urlTemplate\":\"https:\/\/www.budokampsport.se\/?s={search_term_string}\"},\"query-input\":{\"@type\":\"PropertyValueSpecification\",\"valueRequired\":true,\"valueName\":\"search_term_string\"}}],\"inLanguage\":\"sv-SE\"},{\"@type\":\"Person\",\"@id\":\"https:\/\/www.budokampsport.se\/#\/schema\/person\/5c06d81d14850e2a8ce5493386560145\",\"name\":\"Jonathan Broberg\",\"image\":{\"@type\":\"ImageObject\",\"inLanguage\":\"sv-SE\",\"@id\":\"https:\/\/www.budokampsport.se\/#\/schema\/person\/image\/\",\"url\":\"https:\/\/secure.gravatar.com\/avatar\/a58041c6cea9128bd9c40ee2f26d4136?s=96&d=blank&r=g\",\"contentUrl\":\"https:\/\/secure.gravatar.com\/avatar\/a58041c6cea9128bd9c40ee2f26d4136?s=96&d=blank&r=g\",\"caption\":\"Jonathan Broberg\"},\"sameAs\":[\"https:\/\/www.facebook.com\/jonathan.broberg.7\"],\"url\":\"https:\/\/www.budokampsport.se\/author\/jonathan\/\"}]}<\/script>\n<!-- \/ Yoast SEO plugin. -->","yoast_head_json":{"title":"Paolo Roberto om uteblivna nomineringar till Idrottsgalan: \u201dVi kampsportare m\u00e5ste st\u00e4lla krav p\u00e5 RF\u201d - Svenska Budo &amp; Kampsportsf\u00f6rbundet","description":"I g\u00e5r sl\u00e4ppte Idrottsgalan sina nomineringar och \u00e5terigen nobbas kampsporten. Det gillas inte av Paolo Roberto som skickar syrlig kritik mot Riksidrottsf\u00f6rbundet.\u00a0\u00a0 - Vi blir diskriminerade. Vi kampsportare kan inte p\u00e5 sikt vara med i ett f\u00f6rbund, v\u00e5rt f\u00f6rbund, som konstant bortser fr\u00e5n allt det goda som kampsporten g\u00f6r, s\u00e4ger han till budokampsport.se","robots":{"index":"index","follow":"follow","max-snippet":"max-snippet:-1","max-image-preview":"max-image-preview:large","max-video-preview":"max-video-preview:-1"},"canonical":"https:\/\/www.budokampsport.se\/2014\/11\/13\/paolo-roberto-om-uteblivna-nomineringar-till-idrottsgalan-vi-kampsportare-maste-stalla-krav-pa-rf\/","og_locale":"sv_SE","og_type":"article","og_title":"Paolo Roberto om uteblivna nomineringar till Idrottsgalan: \u201dVi kampsportare m\u00e5ste st\u00e4lla krav p\u00e5 RF\u201d - Svenska Budo &amp; Kampsportsf\u00f6rbundet","og_description":"I g\u00e5r sl\u00e4ppte Idrottsgalan sina nomineringar och \u00e5terigen nobbas kampsporten. Det gillas inte av Paolo Roberto som skickar syrlig kritik mot Riksidrottsf\u00f6rbundet.\u00a0\u00a0 - Vi blir diskriminerade. Vi kampsportare kan inte p\u00e5 sikt vara med i ett f\u00f6rbund, v\u00e5rt f\u00f6rbund, som konstant bortser fr\u00e5n allt det goda som kampsporten g\u00f6r, s\u00e4ger han till budokampsport.se","og_url":"https:\/\/www.budokampsport.se\/2014\/11\/13\/paolo-roberto-om-uteblivna-nomineringar-till-idrottsgalan-vi-kampsportare-maste-stalla-krav-pa-rf\/","og_site_name":"Svenska Budo &amp; Kampsportsf\u00f6rbundet","article_author":"https:\/\/www.facebook.com\/jonathan.broberg.7","article_published_time":"2014-11-13T08:53:20+00:00","article_modified_time":"2016-12-06T21:37:53+00:00","author":"Jonathan Broberg","twitter_card":"summary_large_image","twitter_misc":{"Skriven av":"Jonathan Broberg","Ber\u00e4knad l\u00e4stid":"2 minuter"},"schema":{"@context":"https:\/\/schema.org","@graph":[{"@type":"Article","@id":"https:\/\/www.budokampsport.se\/2014\/11\/13\/paolo-roberto-om-uteblivna-nomineringar-till-idrottsgalan-vi-kampsportare-maste-stalla-krav-pa-rf\/#article","isPartOf":{"@id":"https:\/\/www.budokampsport.se\/2014\/11\/13\/paolo-roberto-om-uteblivna-nomineringar-till-idrottsgalan-vi-kampsportare-maste-stalla-krav-pa-rf\/"},"author":{"name":"Jonathan Broberg","@id":"https:\/\/www.budokampsport.se\/#\/schema\/person\/5c06d81d14850e2a8ce5493386560145"},"headline":"Paolo Roberto om uteblivna nomineringar till Idrottsgalan: \u201dVi kampsportare m\u00e5ste st\u00e4lla krav p\u00e5 RF\u201d","datePublished":"2014-11-13T08:53:20+00:00","dateModified":"2016-12-06T21:37:53+00:00","mainEntityOfPage":{"@id":"https:\/\/www.budokampsport.se\/2014\/11\/13\/paolo-roberto-om-uteblivna-nomineringar-till-idrottsgalan-vi-kampsportare-maste-stalla-krav-pa-rf\/"},"wordCount":379,"inLanguage":"sv-SE"},{"@type":"WebPage","@id":"https:\/\/www.budokampsport.se\/2014\/11\/13\/paolo-roberto-om-uteblivna-nomineringar-till-idrottsgalan-vi-kampsportare-maste-stalla-krav-pa-rf\/","url":"https:\/\/www.budokampsport.se\/2014\/11\/13\/paolo-roberto-om-uteblivna-nomineringar-till-idrottsgalan-vi-kampsportare-maste-stalla-krav-pa-rf\/","name":"Paolo Roberto om uteblivna nomineringar till Idrottsgalan: \u201dVi kampsportare m\u00e5ste st\u00e4lla krav p\u00e5 RF\u201d - Svenska Budo &amp; Kampsportsf\u00f6rbundet","isPartOf":{"@id":"https:\/\/www.budokampsport.se\/#website"},"datePublished":"2014-11-13T08:53:20+00:00","dateModified":"2016-12-06T21:37:53+00:00","author":{"@id":"https:\/\/www.budokampsport.se\/#\/schema\/person\/5c06d81d14850e2a8ce5493386560145"},"description":"I g\u00e5r sl\u00e4ppte Idrottsgalan sina nomineringar och \u00e5terigen nobbas kampsporten. Det gillas inte av Paolo Roberto som skickar syrlig kritik mot Riksidrottsf\u00f6rbundet.\u00a0\u00a0 - Vi blir diskriminerade. Vi kampsportare kan inte p\u00e5 sikt vara med i ett f\u00f6rbund, v\u00e5rt f\u00f6rbund, som konstant bortser fr\u00e5n allt det goda som kampsporten g\u00f6r, s\u00e4ger han till budokampsport.se","breadcrumb":{"@id":"https:\/\/www.budokampsport.se\/2014\/11\/13\/paolo-roberto-om-uteblivna-nomineringar-till-idrottsgalan-vi-kampsportare-maste-stalla-krav-pa-rf\/#breadcrumb"},"inLanguage":"sv-SE","potentialAction":[{"@type":"ReadAction","target":["https:\/\/www.budokampsport.se\/2014\/11\/13\/paolo-roberto-om-uteblivna-nomineringar-till-idrottsgalan-vi-kampsportare-maste-stalla-krav-pa-rf\/"]}]},{"@type":"BreadcrumbList","@id":"https:\/\/www.budokampsport.se\/2014\/11\/13\/paolo-roberto-om-uteblivna-nomineringar-till-idrottsgalan-vi-kampsportare-maste-stalla-krav-pa-rf\/#breadcrumb","itemListElement":[{"@type":"ListItem","position":1,"name":"Hem","item":"https:\/\/www.budokampsport.se\/"},{"@type":"ListItem","position":2,"name":"Paolo Roberto om uteblivna nomineringar till Idrottsgalan: \u201dVi kampsportare m\u00e5ste st\u00e4lla krav p\u00e5 RF\u201d"}]},{"@type":"WebSite","@id":"https:\/\/www.budokampsport.se\/#website","url":"https:\/\/www.budokampsport.se\/","name":"Svenska Budo &amp; Kampsportsf\u00f6rbundet","description":"T\u00e4vling, Tr\u00e4ning, Tradition","potentialAction":[{"@type":"SearchAction","target":{"@type":"EntryPoint","urlTemplate":"https:\/\/www.budokampsport.se\/?s={search_term_string}"},"query-input":{"@type":"PropertyValueSpecification","valueRequired":true,"valueName":"search_term_string"}}],"inLanguage":"sv-SE"},{"@type":"Person","@id":"https:\/\/www.budokampsport.se\/#\/schema\/person\/5c06d81d14850e2a8ce5493386560145","name":"Jonathan Broberg","image":{"@type":"ImageObject","inLanguage":"sv-SE","@id":"https:\/\/www.budokampsport.se\/#\/schema\/person\/image\/","url":"https:\/\/secure.gravatar.com\/avatar\/a58041c6cea9128bd9c40ee2f26d4136?s=96&d=blank&r=g","contentUrl":"https:\/\/secure.gravatar.com\/avatar\/a58041c6cea9128bd9c40ee2f26d4136?s=96&d=blank&r=g","caption":"Jonathan Broberg"},"sameAs":["https:\/\/www.facebook.com\/jonathan.broberg.7"],"url":"https:\/\/www.budokampsport.se\/author\/jonathan\/"}]}},"_links":{"self":[{"href":"https:\/\/www.budokampsport.se\/api\/wp\/v2\/posts\/5194","targetHints":{"allow":["GET"]}}],"collection":[{"href":"https:\/\/www.budokampsport.se\/api\/wp\/v2\/posts"}],"about":[{"href":"https:\/\/www.budokampsport.se\/api\/wp\/v2\/types\/post"}],"author":[{"embeddable":true,"href":"https:\/\/www.budokampsport.se\/api\/wp\/v2\/users\/7"}],"replies":[{"embeddable":true,"href":"https:\/\/www.budokampsport.se\/api\/wp\/v2\/comments?post=5194"}],"version-history":[{"count":0,"href":"https:\/\/www.budokampsport.se\/api\/wp\/v2\/posts\/5194\/revisions"}],"wp:attachment":[{"href":"https:\/\/www.budokampsport.se\/api\/wp\/v2\/media?parent=5194"}],"wp:term":[{"taxonomy":"category","embeddable":true,"href":"https:\/\/www.budokampsport.se\/api\/wp\/v2\/categories?post=5194"},{"taxonomy":"post_tag","embeddable":true,"href":"https:\/\/www.budokampsport.se\/api\/wp\/v2\/tags?post=5194"}],"curies":[{"name":"wp","href":"https:\/\/api.w.org\/{rel}","templated":true}]}}