{"id":51982,"date":"2017-10-18T18:00:27","date_gmt":"2017-10-18T16:00:27","guid":{"rendered":"http:\/\/www.budokampsport.se\/?p=51982"},"modified":"2017-10-18T18:03:00","modified_gmt":"2017-10-18T16:03:00","slug":"wasim-elkassem-tog-em-brons","status":"publish","type":"post","link":"https:\/\/www.budokampsport.se\/2017\/10\/18\/wasim-elkassem-tog-em-brons\/","title":{"rendered":"Wasim Elkassem tog EM-brons"},"content":{"rendered":"<p>Wasim Elkassem har haft ett h\u00e4ndelserikt \u00e5r och blev svensk m\u00e4stare i b\u00e5de thaiboxning och MMA. I v\u00e5ras tog han silver under v\u00e4rldsm\u00e4sterskapen i Minsk och idag stod han semifinal mot Serdar Eroglu fr\u00e5n Turkiet.<\/p>\n<p>Turken inledde offensivt men Wasim kom ig\u00e5ng i andra ronden och visade mer initiativ och r\u00f6rlighet. Men tyv\u00e4rr r\u00e4ckte det inte hela v\u00e4gen denna g\u00e5ng, turken vann med 29-28 och gick vidare till final medan Wasim fick n\u00f6ja sig med ett brons.<\/p>\n<p>Text: Annie Bondefelt<br \/>\nFoto: Jonathan Broberg<\/p>\n","protected":false},"excerpt":{"rendered":"<p>Wasim Elkassem har haft ett h\u00e4ndelserikt \u00e5r och blev svensk [&#8230;]<\/p><br>","protected":false},"author":120,"featured_media":51983,"comment_status":"open","ping_status":"open","sticky":false,"template":"","format":"standard","meta":{"_acf_changed":false,"footnotes":""},"categories":[1],"tags":[],"class_list":["post-51982","post","type-post","status-publish","format-standard","has-post-thumbnail","hentry","category-okategoriserade"],"acf":[],"yoast_head":"<!-- This site is optimized with the Yoast SEO plugin v26.8 - https:\/\/yoast.com\/product\/yoast-seo-wordpress\/ -->\n<title>Wasim Elkassem tog EM-brons - Svenska Budo &amp; Kampsportsf\u00f6rbundet<\/title>\n<meta name=\"description\" content=\"Wasim Elkassem har haft ett h\u00e4ndelserikt \u00e5r och blev svensk m\u00e4stare i b\u00e5de thaiboxning och MMA. I v\u00e5ras tog han silver under v\u00e4rldsm\u00e4sterskapen i Minsk\" \/>\n<meta name=\"robots\" content=\"index, follow, max-snippet:-1, max-image-preview:large, max-video-preview:-1\" \/>\n<link rel=\"canonical\" href=\"https:\/\/www.budokampsport.se\/2017\/10\/18\/wasim-elkassem-tog-em-brons\/\" \/>\n<meta property=\"og:locale\" content=\"sv_SE\" \/>\n<meta property=\"og:type\" content=\"article\" \/>\n<meta property=\"og:title\" content=\"Wasim Elkassem tog EM-brons - Svenska Budo &amp; Kampsportsf\u00f6rbundet\" \/>\n<meta property=\"og:description\" content=\"Wasim Elkassem har haft ett h\u00e4ndelserikt \u00e5r och blev svensk m\u00e4stare i b\u00e5de thaiboxning och MMA. I v\u00e5ras tog han silver under v\u00e4rldsm\u00e4sterskapen i Minsk\" \/>\n<meta property=\"og:url\" content=\"https:\/\/www.budokampsport.se\/2017\/10\/18\/wasim-elkassem-tog-em-brons\/\" \/>\n<meta property=\"og:site_name\" content=\"Svenska Budo &amp; Kampsportsf\u00f6rbundet\" \/>\n<meta property=\"article:published_time\" content=\"2017-10-18T16:00:27+00:00\" \/>\n<meta property=\"article:modified_time\" content=\"2017-10-18T16:03:00+00:00\" \/>\n<meta property=\"og:image\" content=\"https:\/\/www.budokampsport.se\/wp-content\/uploads\/2017\/10\/thaiboxning-generell.png\" \/>\n\t<meta property=\"og:image:width\" content=\"619\" \/>\n\t<meta property=\"og:image:height\" content=\"378\" \/>\n\t<meta property=\"og:image:type\" content=\"image\/png\" \/>\n<meta name=\"author\" content=\"Annie Carriage\" \/>\n<meta name=\"twitter:card\" content=\"summary_large_image\" \/>\n<meta name=\"twitter:label1\" content=\"Skriven av\" \/>\n\t<meta name=\"twitter:data1\" content=\"Annie Carriage\" \/>\n<script type=\"application\/ld+json\" class=\"yoast-schema-graph\">{\"@context\":\"https:\/\/schema.org\",\"@graph\":[{\"@type\":\"Article\",\"@id\":\"https:\/\/www.budokampsport.se\/2017\/10\/18\/wasim-elkassem-tog-em-brons\/#article\",\"isPartOf\":{\"@id\":\"https:\/\/www.budokampsport.se\/2017\/10\/18\/wasim-elkassem-tog-em-brons\/\"},\"author\":{\"name\":\"Annie Carriage\",\"@id\":\"https:\/\/www.budokampsport.se\/#\/schema\/person\/c838cace8171f692e363fde3f38f208b\"},\"headline\":\"Wasim Elkassem tog EM-brons\",\"datePublished\":\"2017-10-18T16:00:27+00:00\",\"dateModified\":\"2017-10-18T16:03:00+00:00\",\"mainEntityOfPage\":{\"@id\":\"https:\/\/www.budokampsport.se\/2017\/10\/18\/wasim-elkassem-tog-em-brons\/\"},\"wordCount\":101,\"commentCount\":0,\"image\":{\"@id\":\"https:\/\/www.budokampsport.se\/2017\/10\/18\/wasim-elkassem-tog-em-brons\/#primaryimage\"},\"thumbnailUrl\":\"https:\/\/www.budokampsport.se\/wp-content\/uploads\/2017\/10\/thaiboxning-generell.png\",\"inLanguage\":\"sv-SE\",\"potentialAction\":[{\"@type\":\"CommentAction\",\"name\":\"Comment\",\"target\":[\"https:\/\/www.budokampsport.se\/2017\/10\/18\/wasim-elkassem-tog-em-brons\/#respond\"]}]},{\"@type\":\"WebPage\",\"@id\":\"https:\/\/www.budokampsport.se\/2017\/10\/18\/wasim-elkassem-tog-em-brons\/\",\"url\":\"https:\/\/www.budokampsport.se\/2017\/10\/18\/wasim-elkassem-tog-em-brons\/\",\"name\":\"Wasim Elkassem tog EM-brons - Svenska Budo &amp; Kampsportsf\u00f6rbundet\",\"isPartOf\":{\"@id\":\"https:\/\/www.budokampsport.se\/#website\"},\"primaryImageOfPage\":{\"@id\":\"https:\/\/www.budokampsport.se\/2017\/10\/18\/wasim-elkassem-tog-em-brons\/#primaryimage\"},\"image\":{\"@id\":\"https:\/\/www.budokampsport.se\/2017\/10\/18\/wasim-elkassem-tog-em-brons\/#primaryimage\"},\"thumbnailUrl\":\"https:\/\/www.budokampsport.se\/wp-content\/uploads\/2017\/10\/thaiboxning-generell.png\",\"datePublished\":\"2017-10-18T16:00:27+00:00\",\"dateModified\":\"2017-10-18T16:03:00+00:00\",\"author\":{\"@id\":\"https:\/\/www.budokampsport.se\/#\/schema\/person\/c838cace8171f692e363fde3f38f208b\"},\"description\":\"Wasim Elkassem har haft ett h\u00e4ndelserikt \u00e5r och blev svensk m\u00e4stare i b\u00e5de thaiboxning och MMA. I v\u00e5ras tog han silver under v\u00e4rldsm\u00e4sterskapen i Minsk\",\"breadcrumb\":{\"@id\":\"https:\/\/www.budokampsport.se\/2017\/10\/18\/wasim-elkassem-tog-em-brons\/#breadcrumb\"},\"inLanguage\":\"sv-SE\",\"potentialAction\":[{\"@type\":\"ReadAction\",\"target\":[\"https:\/\/www.budokampsport.se\/2017\/10\/18\/wasim-elkassem-tog-em-brons\/\"]}]},{\"@type\":\"ImageObject\",\"inLanguage\":\"sv-SE\",\"@id\":\"https:\/\/www.budokampsport.se\/2017\/10\/18\/wasim-elkassem-tog-em-brons\/#primaryimage\",\"url\":\"https:\/\/www.budokampsport.se\/wp-content\/uploads\/2017\/10\/thaiboxning-generell.png\",\"contentUrl\":\"https:\/\/www.budokampsport.se\/wp-content\/uploads\/2017\/10\/thaiboxning-generell.png\",\"width\":619,\"height\":378,\"caption\":\"Foto: Jonathan Broberg\"},{\"@type\":\"BreadcrumbList\",\"@id\":\"https:\/\/www.budokampsport.se\/2017\/10\/18\/wasim-elkassem-tog-em-brons\/#breadcrumb\",\"itemListElement\":[{\"@type\":\"ListItem\",\"position\":1,\"name\":\"Hem\",\"item\":\"https:\/\/www.budokampsport.se\/\"},{\"@type\":\"ListItem\",\"position\":2,\"name\":\"Wasim Elkassem tog EM-brons\"}]},{\"@type\":\"WebSite\",\"@id\":\"https:\/\/www.budokampsport.se\/#website\",\"url\":\"https:\/\/www.budokampsport.se\/\",\"name\":\"Svenska Budo &amp; Kampsportsf\u00f6rbundet\",\"description\":\"T\u00e4vling, Tr\u00e4ning, Tradition\",\"potentialAction\":[{\"@type\":\"SearchAction\",\"target\":{\"@type\":\"EntryPoint\",\"urlTemplate\":\"https:\/\/www.budokampsport.se\/?s={search_term_string}\"},\"query-input\":{\"@type\":\"PropertyValueSpecification\",\"valueRequired\":true,\"valueName\":\"search_term_string\"}}],\"inLanguage\":\"sv-SE\"},{\"@type\":\"Person\",\"@id\":\"https:\/\/www.budokampsport.se\/#\/schema\/person\/c838cace8171f692e363fde3f38f208b\",\"name\":\"Annie Carriage\",\"image\":{\"@type\":\"ImageObject\",\"inLanguage\":\"sv-SE\",\"@id\":\"https:\/\/www.budokampsport.se\/#\/schema\/person\/image\/\",\"url\":\"https:\/\/secure.gravatar.com\/avatar\/9311295560bdfbdf78365a26f7df1876?s=96&d=blank&r=g\",\"contentUrl\":\"https:\/\/secure.gravatar.com\/avatar\/9311295560bdfbdf78365a26f7df1876?s=96&d=blank&r=g\",\"caption\":\"Annie Carriage\"},\"url\":\"https:\/\/www.budokampsport.se\/author\/annie-bondefelt\/\"}]}<\/script>\n<!-- \/ Yoast SEO plugin. -->","yoast_head_json":{"title":"Wasim Elkassem tog EM-brons - Svenska Budo &amp; Kampsportsf\u00f6rbundet","description":"Wasim Elkassem har haft ett h\u00e4ndelserikt \u00e5r och blev svensk m\u00e4stare i b\u00e5de thaiboxning och MMA. I v\u00e5ras tog han silver under v\u00e4rldsm\u00e4sterskapen i Minsk","robots":{"index":"index","follow":"follow","max-snippet":"max-snippet:-1","max-image-preview":"max-image-preview:large","max-video-preview":"max-video-preview:-1"},"canonical":"https:\/\/www.budokampsport.se\/2017\/10\/18\/wasim-elkassem-tog-em-brons\/","og_locale":"sv_SE","og_type":"article","og_title":"Wasim Elkassem tog EM-brons - Svenska Budo &amp; Kampsportsf\u00f6rbundet","og_description":"Wasim Elkassem har haft ett h\u00e4ndelserikt \u00e5r och blev svensk m\u00e4stare i b\u00e5de thaiboxning och MMA. I v\u00e5ras tog han silver under v\u00e4rldsm\u00e4sterskapen i Minsk","og_url":"https:\/\/www.budokampsport.se\/2017\/10\/18\/wasim-elkassem-tog-em-brons\/","og_site_name":"Svenska Budo &amp; Kampsportsf\u00f6rbundet","article_published_time":"2017-10-18T16:00:27+00:00","article_modified_time":"2017-10-18T16:03:00+00:00","og_image":[{"width":619,"height":378,"url":"https:\/\/www.budokampsport.se\/wp-content\/uploads\/2017\/10\/thaiboxning-generell.png","type":"image\/png"}],"author":"Annie Carriage","twitter_card":"summary_large_image","twitter_misc":{"Skriven av":"Annie Carriage"},"schema":{"@context":"https:\/\/schema.org","@graph":[{"@type":"Article","@id":"https:\/\/www.budokampsport.se\/2017\/10\/18\/wasim-elkassem-tog-em-brons\/#article","isPartOf":{"@id":"https:\/\/www.budokampsport.se\/2017\/10\/18\/wasim-elkassem-tog-em-brons\/"},"author":{"name":"Annie Carriage","@id":"https:\/\/www.budokampsport.se\/#\/schema\/person\/c838cace8171f692e363fde3f38f208b"},"headline":"Wasim Elkassem tog EM-brons","datePublished":"2017-10-18T16:00:27+00:00","dateModified":"2017-10-18T16:03:00+00:00","mainEntityOfPage":{"@id":"https:\/\/www.budokampsport.se\/2017\/10\/18\/wasim-elkassem-tog-em-brons\/"},"wordCount":101,"commentCount":0,"image":{"@id":"https:\/\/www.budokampsport.se\/2017\/10\/18\/wasim-elkassem-tog-em-brons\/#primaryimage"},"thumbnailUrl":"https:\/\/www.budokampsport.se\/wp-content\/uploads\/2017\/10\/thaiboxning-generell.png","inLanguage":"sv-SE","potentialAction":[{"@type":"CommentAction","name":"Comment","target":["https:\/\/www.budokampsport.se\/2017\/10\/18\/wasim-elkassem-tog-em-brons\/#respond"]}]},{"@type":"WebPage","@id":"https:\/\/www.budokampsport.se\/2017\/10\/18\/wasim-elkassem-tog-em-brons\/","url":"https:\/\/www.budokampsport.se\/2017\/10\/18\/wasim-elkassem-tog-em-brons\/","name":"Wasim Elkassem tog EM-brons - Svenska Budo &amp; Kampsportsf\u00f6rbundet","isPartOf":{"@id":"https:\/\/www.budokampsport.se\/#website"},"primaryImageOfPage":{"@id":"https:\/\/www.budokampsport.se\/2017\/10\/18\/wasim-elkassem-tog-em-brons\/#primaryimage"},"image":{"@id":"https:\/\/www.budokampsport.se\/2017\/10\/18\/wasim-elkassem-tog-em-brons\/#primaryimage"},"thumbnailUrl":"https:\/\/www.budokampsport.se\/wp-content\/uploads\/2017\/10\/thaiboxning-generell.png","datePublished":"2017-10-18T16:00:27+00:00","dateModified":"2017-10-18T16:03:00+00:00","author":{"@id":"https:\/\/www.budokampsport.se\/#\/schema\/person\/c838cace8171f692e363fde3f38f208b"},"description":"Wasim Elkassem har haft ett h\u00e4ndelserikt \u00e5r och blev svensk m\u00e4stare i b\u00e5de thaiboxning och MMA. I v\u00e5ras tog han silver under v\u00e4rldsm\u00e4sterskapen i Minsk","breadcrumb":{"@id":"https:\/\/www.budokampsport.se\/2017\/10\/18\/wasim-elkassem-tog-em-brons\/#breadcrumb"},"inLanguage":"sv-SE","potentialAction":[{"@type":"ReadAction","target":["https:\/\/www.budokampsport.se\/2017\/10\/18\/wasim-elkassem-tog-em-brons\/"]}]},{"@type":"ImageObject","inLanguage":"sv-SE","@id":"https:\/\/www.budokampsport.se\/2017\/10\/18\/wasim-elkassem-tog-em-brons\/#primaryimage","url":"https:\/\/www.budokampsport.se\/wp-content\/uploads\/2017\/10\/thaiboxning-generell.png","contentUrl":"https:\/\/www.budokampsport.se\/wp-content\/uploads\/2017\/10\/thaiboxning-generell.png","width":619,"height":378,"caption":"Foto: Jonathan Broberg"},{"@type":"BreadcrumbList","@id":"https:\/\/www.budokampsport.se\/2017\/10\/18\/wasim-elkassem-tog-em-brons\/#breadcrumb","itemListElement":[{"@type":"ListItem","position":1,"name":"Hem","item":"https:\/\/www.budokampsport.se\/"},{"@type":"ListItem","position":2,"name":"Wasim Elkassem tog EM-brons"}]},{"@type":"WebSite","@id":"https:\/\/www.budokampsport.se\/#website","url":"https:\/\/www.budokampsport.se\/","name":"Svenska Budo &amp; Kampsportsf\u00f6rbundet","description":"T\u00e4vling, Tr\u00e4ning, Tradition","potentialAction":[{"@type":"SearchAction","target":{"@type":"EntryPoint","urlTemplate":"https:\/\/www.budokampsport.se\/?s={search_term_string}"},"query-input":{"@type":"PropertyValueSpecification","valueRequired":true,"valueName":"search_term_string"}}],"inLanguage":"sv-SE"},{"@type":"Person","@id":"https:\/\/www.budokampsport.se\/#\/schema\/person\/c838cace8171f692e363fde3f38f208b","name":"Annie Carriage","image":{"@type":"ImageObject","inLanguage":"sv-SE","@id":"https:\/\/www.budokampsport.se\/#\/schema\/person\/image\/","url":"https:\/\/secure.gravatar.com\/avatar\/9311295560bdfbdf78365a26f7df1876?s=96&d=blank&r=g","contentUrl":"https:\/\/secure.gravatar.com\/avatar\/9311295560bdfbdf78365a26f7df1876?s=96&d=blank&r=g","caption":"Annie Carriage"},"url":"https:\/\/www.budokampsport.se\/author\/annie-bondefelt\/"}]}},"_links":{"self":[{"href":"https:\/\/www.budokampsport.se\/api\/wp\/v2\/posts\/51982","targetHints":{"allow":["GET"]}}],"collection":[{"href":"https:\/\/www.budokampsport.se\/api\/wp\/v2\/posts"}],"about":[{"href":"https:\/\/www.budokampsport.se\/api\/wp\/v2\/types\/post"}],"author":[{"embeddable":true,"href":"https:\/\/www.budokampsport.se\/api\/wp\/v2\/users\/120"}],"replies":[{"embeddable":true,"href":"https:\/\/www.budokampsport.se\/api\/wp\/v2\/comments?post=51982"}],"version-history":[{"count":0,"href":"https:\/\/www.budokampsport.se\/api\/wp\/v2\/posts\/51982\/revisions"}],"wp:featuredmedia":[{"embeddable":true,"href":"https:\/\/www.budokampsport.se\/api\/wp\/v2\/media\/51983"}],"wp:attachment":[{"href":"https:\/\/www.budokampsport.se\/api\/wp\/v2\/media?parent=51982"}],"wp:term":[{"taxonomy":"category","embeddable":true,"href":"https:\/\/www.budokampsport.se\/api\/wp\/v2\/categories?post=51982"},{"taxonomy":"post_tag","embeddable":true,"href":"https:\/\/www.budokampsport.se\/api\/wp\/v2\/tags?post=51982"}],"curies":[{"name":"wp","href":"https:\/\/api.w.org\/{rel}","templated":true}]}}