{"id":5199,"date":"2014-11-25T14:56:14","date_gmt":"2014-11-25T13:56:14","guid":{"rendered":"http:\/\/budo.wordpress.dev\/2014\/11\/25\/sverige-ar-en-av-de-starkaste-kandidaterna\/"},"modified":"2016-12-06T22:37:54","modified_gmt":"2016-12-06T21:37:54","slug":"sverige-ar-en-av-de-starkaste-kandidaterna","status":"publish","type":"post","link":"https:\/\/www.budokampsport.se\/2014\/11\/25\/sverige-ar-en-av-de-starkaste-kandidaterna\/","title":{"rendered":"\u201dSverige \u00e4r en av de starkaste kandidaterna\u201d"},"content":{"rendered":"<p><strong><img decoding=\"async\" alt=\"\" src=\"\/sites\/default\/files\/stephan_fox_igen.gif\" style=\"float:right; height:233px; width:175px\">I dag samlades en delegation i J\u00f6nk\u00f6ping f\u00f6r att presentera Sveriges f\u00f6rslag p\u00e5 VM i thaiboxning 2016. Generalsekreteraren f\u00f6r det Internationella Thaiboxningsf\u00f6rbundet (IFMA) Stephan Fox \u00e4r med i J\u00f6nk\u00f6ping och imponeras av Sveriges invit.<br \/>\u00a0\u00a0 &#8211; Det \u00e4r det mest solida f\u00f6rslag Sverige n\u00e5gonsin l\u00e4mnat till oss och detta \u00e4r ocks\u00e5 en av de starkaste kandidaterna till att f\u00e5 m\u00e4sterskapet, s\u00e4ger han till budokampsport.se.<\/strong><!--break--><\/p>\n<p>Det b\u00f6rjar br\u00e4nnas. Snart kommer tillk\u00e4nnagivandet var VM i thaiboxning 2016 hamnar.<\/p>\n<p>Idag samlades en delegation i J\u00f6nk\u00f6ping f\u00f6r att kika p\u00e5 det svenska f\u00f6rslaget och fr\u00e5n det Internationella Thaiboxningsf\u00f6rbundet (IFMA) fanns Generalsekreteraren Stephan Fox p\u00e5 plats.<br \/>\u00a0\u00a0 &#8211; Det \u00e4r lite kallt, men jag \u00e4r ganska van vid kyla, sk\u00e4mtar han.<\/p>\n<p>Sverige tampas om m\u00e4sterskapet med bland andra Hong-Kong, Macau och Kazakstan.<br \/>\u00a0\u00a0 &#8211; Det \u00e4r ett bra f\u00f6rslag som Sverige skickat, enligt min personliga uppfattning \u00e4r det den b\u00e4sta ans\u00f6kan vi n\u00e5gonsin f\u00e5tt fr\u00e5n Sverige och jag tycker Sverige \u00e4r en av de starkaste kandidaterna.<\/p>\n<p><strong>&#8220;Ett av de b\u00e4sta l\u00e4nderna i v\u00e4rlden&#8221;<\/strong><br \/>Stephan Fox framh\u00e5ller ocks\u00e5 att Sverige \u00e4r en stornation inom thaiboxning som ett plus.<br \/>\u00a0\u00a0 &#8211; Sverige \u00e4r en av de \u00e4ldsta medlemsnationerna vi har och dessutom har svensk thaiboxning alltid varit stark. F\u00f6rr med namn som Martin Holm och J\u00f6rgen Kruth, men numera \u00e4r Sverige ett av de b\u00e4sta l\u00e4nderna i v\u00e4rlden p\u00e5 damsidan.<\/p>\n<p>Stephan Fox kommer efter bes\u00f6ket i Sverige att rapportera till IFMA:s styrelse som sedan kommer att ta beslutet var VM 2016 tillslut hamnar. Under kv\u00e4llen kommer delegationen att bes\u00f6ka den tillt\u00e4nkta VM-arenan, Kinnarps Arena, n\u00e4r HV71 tar emot Djurg\u00e5rden i SHL.<br \/>\u00a0\u00a0 &#8211; Jag gillar hockey och det ska bli kul att k\u00e4nna p\u00e5 arenan under kv\u00e4llen. Ett litet minus f\u00f6r Sverige \u00e4r dock den extra restid det inneb\u00e4r att ta sig hit, fr\u00e5n exempelvis Stockholm eller K\u00f6penhamn, avslutar Fox.<\/p>\n<p><strong>&#8220;Enorm betydelse&#8221;<\/strong><br \/>Svenska Budo &#038; Kampsportsf\u00f6rbundets ordf\u00f6rande Stefan Stenudd \u00e4r ocks\u00e5 med p\u00e5 m\u00f6tet i J\u00f6nk\u00f6ping.\u00a0 Han tror att ett VM p\u00e5 hemmaplan kommer betyda v\u00e4ldigt mycket f\u00f6r svensk kampsport.<br \/>\u00a0\u00a0 &#8211; Vi pratar om ett VM i en av de st\u00f6rre kampsporterna, en sport som allm\u00e4nheten \u00e4r v\u00e4ldigt hungrig p\u00e5. Det \u00e4r klart att det har en enorm betydelse f\u00f6r oss om vi skulle f\u00e5 VM hit.\u00a0<\/p>\n<p>Text: Jonathan Broberg<br \/>Foto: Stefan Stenudd<\/p>\n","protected":false},"excerpt":{"rendered":"<p><strong><img decoding=\"async\" alt=\"\" src=\"\/sites\/default\/files\/stephan_fox_igen.gif\" style=\"float:right; height:233px; width:175px\">I dag samlades en delegation i J\u00f6nk\u00f6ping f\u00f6r att presentera Sveriges f\u00f6rslag p\u00e5 VM i thaiboxning 2016. Generalsekreteraren f\u00f6r det Internationella Thaiboxningsf\u00f6rbundet (IFMA) Stephan Fox \u00e4r med i J\u00f6nk\u00f6ping och imponeras av Sveriges invit.<br \/>\u00a0\u00a0 &#8211; Det \u00e4r det mest solida f\u00f6rslag Sverige n\u00e5gonsin l\u00e4mnat till oss och detta \u00e4r ocks\u00e5 en av de starkaste kandidaterna till att f\u00e5 m\u00e4sterskapet, s\u00e4ger han till budokampsport.se.<\/strong><\/p><br>","protected":false},"author":7,"featured_media":0,"comment_status":"closed","ping_status":"closed","sticky":false,"template":"","format":"standard","meta":{"_acf_changed":false,"footnotes":""},"categories":[1],"tags":[],"class_list":["post-5199","post","type-post","status-publish","format-standard","hentry","category-okategoriserade"],"acf":[],"yoast_head":"<!-- This site is optimized with the Yoast SEO plugin v26.8 - https:\/\/yoast.com\/product\/yoast-seo-wordpress\/ -->\n<title>\u201dSverige \u00e4r en av de starkaste kandidaterna\u201d - Svenska Budo &amp; Kampsportsf\u00f6rbundet<\/title>\n<meta name=\"description\" content=\"I dag samlades en delegation i J\u00f6nk\u00f6ping f\u00f6r att presentera Sveriges f\u00f6rslag p\u00e5 VM i thaiboxning 2016. Generalsekreteraren f\u00f6r det Internationella Thaiboxningsf\u00f6rbundet (IFMA) Stephan Fox \u00e4r med i J\u00f6nk\u00f6ping och imponeras av Sveriges invit.\u00a0\u00a0 - Det \u00e4r det mest solida f\u00f6rslag Sverige n\u00e5gonsin l\u00e4mnat till oss och detta \u00e4r ocks\u00e5 en av de starkaste kandidaterna till att f\u00e5 m\u00e4sterskapet, s\u00e4ger han till budokampsport.se.\" \/>\n<meta name=\"robots\" content=\"index, follow, max-snippet:-1, max-image-preview:large, max-video-preview:-1\" \/>\n<link rel=\"canonical\" href=\"https:\/\/www.budokampsport.se\/2014\/11\/25\/sverige-ar-en-av-de-starkaste-kandidaterna\/\" \/>\n<meta property=\"og:locale\" content=\"sv_SE\" \/>\n<meta property=\"og:type\" content=\"article\" \/>\n<meta property=\"og:title\" content=\"\u201dSverige \u00e4r en av de starkaste kandidaterna\u201d - Svenska Budo &amp; Kampsportsf\u00f6rbundet\" \/>\n<meta property=\"og:description\" content=\"I dag samlades en delegation i J\u00f6nk\u00f6ping f\u00f6r att presentera Sveriges f\u00f6rslag p\u00e5 VM i thaiboxning 2016. Generalsekreteraren f\u00f6r det Internationella Thaiboxningsf\u00f6rbundet (IFMA) Stephan Fox \u00e4r med i J\u00f6nk\u00f6ping och imponeras av Sveriges invit.\u00a0\u00a0 - Det \u00e4r det mest solida f\u00f6rslag Sverige n\u00e5gonsin l\u00e4mnat till oss och detta \u00e4r ocks\u00e5 en av de starkaste kandidaterna till att f\u00e5 m\u00e4sterskapet, s\u00e4ger han till budokampsport.se.\" \/>\n<meta property=\"og:url\" content=\"https:\/\/www.budokampsport.se\/2014\/11\/25\/sverige-ar-en-av-de-starkaste-kandidaterna\/\" \/>\n<meta property=\"og:site_name\" content=\"Svenska Budo &amp; Kampsportsf\u00f6rbundet\" \/>\n<meta property=\"article:author\" content=\"https:\/\/www.facebook.com\/jonathan.broberg.7\" \/>\n<meta property=\"article:published_time\" content=\"2014-11-25T13:56:14+00:00\" \/>\n<meta property=\"article:modified_time\" content=\"2016-12-06T21:37:54+00:00\" \/>\n<meta name=\"author\" content=\"Jonathan Broberg\" \/>\n<meta name=\"twitter:card\" content=\"summary_large_image\" \/>\n<meta name=\"twitter:label1\" content=\"Skriven av\" \/>\n\t<meta name=\"twitter:data1\" content=\"Jonathan Broberg\" \/>\n\t<meta name=\"twitter:label2\" content=\"Ber\u00e4knad l\u00e4stid\" \/>\n\t<meta name=\"twitter:data2\" content=\"2 minuter\" \/>\n<script type=\"application\/ld+json\" class=\"yoast-schema-graph\">{\"@context\":\"https:\/\/schema.org\",\"@graph\":[{\"@type\":\"Article\",\"@id\":\"https:\/\/www.budokampsport.se\/2014\/11\/25\/sverige-ar-en-av-de-starkaste-kandidaterna\/#article\",\"isPartOf\":{\"@id\":\"https:\/\/www.budokampsport.se\/2014\/11\/25\/sverige-ar-en-av-de-starkaste-kandidaterna\/\"},\"author\":{\"name\":\"Jonathan Broberg\",\"@id\":\"https:\/\/www.budokampsport.se\/#\/schema\/person\/5c06d81d14850e2a8ce5493386560145\"},\"headline\":\"\u201dSverige \u00e4r en av de starkaste kandidaterna\u201d\",\"datePublished\":\"2014-11-25T13:56:14+00:00\",\"dateModified\":\"2016-12-06T21:37:54+00:00\",\"mainEntityOfPage\":{\"@id\":\"https:\/\/www.budokampsport.se\/2014\/11\/25\/sverige-ar-en-av-de-starkaste-kandidaterna\/\"},\"wordCount\":437,\"inLanguage\":\"sv-SE\"},{\"@type\":\"WebPage\",\"@id\":\"https:\/\/www.budokampsport.se\/2014\/11\/25\/sverige-ar-en-av-de-starkaste-kandidaterna\/\",\"url\":\"https:\/\/www.budokampsport.se\/2014\/11\/25\/sverige-ar-en-av-de-starkaste-kandidaterna\/\",\"name\":\"\u201dSverige \u00e4r en av de starkaste kandidaterna\u201d - Svenska Budo &amp; Kampsportsf\u00f6rbundet\",\"isPartOf\":{\"@id\":\"https:\/\/www.budokampsport.se\/#website\"},\"datePublished\":\"2014-11-25T13:56:14+00:00\",\"dateModified\":\"2016-12-06T21:37:54+00:00\",\"author\":{\"@id\":\"https:\/\/www.budokampsport.se\/#\/schema\/person\/5c06d81d14850e2a8ce5493386560145\"},\"description\":\"I dag samlades en delegation i J\u00f6nk\u00f6ping f\u00f6r att presentera Sveriges f\u00f6rslag p\u00e5 VM i thaiboxning 2016. Generalsekreteraren f\u00f6r det Internationella Thaiboxningsf\u00f6rbundet (IFMA) Stephan Fox \u00e4r med i J\u00f6nk\u00f6ping och imponeras av Sveriges invit.\u00a0\u00a0 - Det \u00e4r det mest solida f\u00f6rslag Sverige n\u00e5gonsin l\u00e4mnat till oss och detta \u00e4r ocks\u00e5 en av de starkaste kandidaterna till att f\u00e5 m\u00e4sterskapet, s\u00e4ger han till budokampsport.se.\",\"breadcrumb\":{\"@id\":\"https:\/\/www.budokampsport.se\/2014\/11\/25\/sverige-ar-en-av-de-starkaste-kandidaterna\/#breadcrumb\"},\"inLanguage\":\"sv-SE\",\"potentialAction\":[{\"@type\":\"ReadAction\",\"target\":[\"https:\/\/www.budokampsport.se\/2014\/11\/25\/sverige-ar-en-av-de-starkaste-kandidaterna\/\"]}]},{\"@type\":\"BreadcrumbList\",\"@id\":\"https:\/\/www.budokampsport.se\/2014\/11\/25\/sverige-ar-en-av-de-starkaste-kandidaterna\/#breadcrumb\",\"itemListElement\":[{\"@type\":\"ListItem\",\"position\":1,\"name\":\"Hem\",\"item\":\"https:\/\/www.budokampsport.se\/\"},{\"@type\":\"ListItem\",\"position\":2,\"name\":\"\u201dSverige \u00e4r en av de starkaste kandidaterna\u201d\"}]},{\"@type\":\"WebSite\",\"@id\":\"https:\/\/www.budokampsport.se\/#website\",\"url\":\"https:\/\/www.budokampsport.se\/\",\"name\":\"Svenska Budo &amp; Kampsportsf\u00f6rbundet\",\"description\":\"T\u00e4vling, Tr\u00e4ning, Tradition\",\"potentialAction\":[{\"@type\":\"SearchAction\",\"target\":{\"@type\":\"EntryPoint\",\"urlTemplate\":\"https:\/\/www.budokampsport.se\/?s={search_term_string}\"},\"query-input\":{\"@type\":\"PropertyValueSpecification\",\"valueRequired\":true,\"valueName\":\"search_term_string\"}}],\"inLanguage\":\"sv-SE\"},{\"@type\":\"Person\",\"@id\":\"https:\/\/www.budokampsport.se\/#\/schema\/person\/5c06d81d14850e2a8ce5493386560145\",\"name\":\"Jonathan Broberg\",\"image\":{\"@type\":\"ImageObject\",\"inLanguage\":\"sv-SE\",\"@id\":\"https:\/\/www.budokampsport.se\/#\/schema\/person\/image\/\",\"url\":\"https:\/\/secure.gravatar.com\/avatar\/a58041c6cea9128bd9c40ee2f26d4136?s=96&d=blank&r=g\",\"contentUrl\":\"https:\/\/secure.gravatar.com\/avatar\/a58041c6cea9128bd9c40ee2f26d4136?s=96&d=blank&r=g\",\"caption\":\"Jonathan Broberg\"},\"sameAs\":[\"https:\/\/www.facebook.com\/jonathan.broberg.7\"],\"url\":\"https:\/\/www.budokampsport.se\/author\/jonathan\/\"}]}<\/script>\n<!-- \/ Yoast SEO plugin. -->","yoast_head_json":{"title":"\u201dSverige \u00e4r en av de starkaste kandidaterna\u201d - Svenska Budo &amp; Kampsportsf\u00f6rbundet","description":"I dag samlades en delegation i J\u00f6nk\u00f6ping f\u00f6r att presentera Sveriges f\u00f6rslag p\u00e5 VM i thaiboxning 2016. Generalsekreteraren f\u00f6r det Internationella Thaiboxningsf\u00f6rbundet (IFMA) Stephan Fox \u00e4r med i J\u00f6nk\u00f6ping och imponeras av Sveriges invit.\u00a0\u00a0 - Det \u00e4r det mest solida f\u00f6rslag Sverige n\u00e5gonsin l\u00e4mnat till oss och detta \u00e4r ocks\u00e5 en av de starkaste kandidaterna till att f\u00e5 m\u00e4sterskapet, s\u00e4ger han till budokampsport.se.","robots":{"index":"index","follow":"follow","max-snippet":"max-snippet:-1","max-image-preview":"max-image-preview:large","max-video-preview":"max-video-preview:-1"},"canonical":"https:\/\/www.budokampsport.se\/2014\/11\/25\/sverige-ar-en-av-de-starkaste-kandidaterna\/","og_locale":"sv_SE","og_type":"article","og_title":"\u201dSverige \u00e4r en av de starkaste kandidaterna\u201d - Svenska Budo &amp; Kampsportsf\u00f6rbundet","og_description":"I dag samlades en delegation i J\u00f6nk\u00f6ping f\u00f6r att presentera Sveriges f\u00f6rslag p\u00e5 VM i thaiboxning 2016. Generalsekreteraren f\u00f6r det Internationella Thaiboxningsf\u00f6rbundet (IFMA) Stephan Fox \u00e4r med i J\u00f6nk\u00f6ping och imponeras av Sveriges invit.\u00a0\u00a0 - Det \u00e4r det mest solida f\u00f6rslag Sverige n\u00e5gonsin l\u00e4mnat till oss och detta \u00e4r ocks\u00e5 en av de starkaste kandidaterna till att f\u00e5 m\u00e4sterskapet, s\u00e4ger han till budokampsport.se.","og_url":"https:\/\/www.budokampsport.se\/2014\/11\/25\/sverige-ar-en-av-de-starkaste-kandidaterna\/","og_site_name":"Svenska Budo &amp; Kampsportsf\u00f6rbundet","article_author":"https:\/\/www.facebook.com\/jonathan.broberg.7","article_published_time":"2014-11-25T13:56:14+00:00","article_modified_time":"2016-12-06T21:37:54+00:00","author":"Jonathan Broberg","twitter_card":"summary_large_image","twitter_misc":{"Skriven av":"Jonathan Broberg","Ber\u00e4knad l\u00e4stid":"2 minuter"},"schema":{"@context":"https:\/\/schema.org","@graph":[{"@type":"Article","@id":"https:\/\/www.budokampsport.se\/2014\/11\/25\/sverige-ar-en-av-de-starkaste-kandidaterna\/#article","isPartOf":{"@id":"https:\/\/www.budokampsport.se\/2014\/11\/25\/sverige-ar-en-av-de-starkaste-kandidaterna\/"},"author":{"name":"Jonathan Broberg","@id":"https:\/\/www.budokampsport.se\/#\/schema\/person\/5c06d81d14850e2a8ce5493386560145"},"headline":"\u201dSverige \u00e4r en av de starkaste kandidaterna\u201d","datePublished":"2014-11-25T13:56:14+00:00","dateModified":"2016-12-06T21:37:54+00:00","mainEntityOfPage":{"@id":"https:\/\/www.budokampsport.se\/2014\/11\/25\/sverige-ar-en-av-de-starkaste-kandidaterna\/"},"wordCount":437,"inLanguage":"sv-SE"},{"@type":"WebPage","@id":"https:\/\/www.budokampsport.se\/2014\/11\/25\/sverige-ar-en-av-de-starkaste-kandidaterna\/","url":"https:\/\/www.budokampsport.se\/2014\/11\/25\/sverige-ar-en-av-de-starkaste-kandidaterna\/","name":"\u201dSverige \u00e4r en av de starkaste kandidaterna\u201d - Svenska Budo &amp; Kampsportsf\u00f6rbundet","isPartOf":{"@id":"https:\/\/www.budokampsport.se\/#website"},"datePublished":"2014-11-25T13:56:14+00:00","dateModified":"2016-12-06T21:37:54+00:00","author":{"@id":"https:\/\/www.budokampsport.se\/#\/schema\/person\/5c06d81d14850e2a8ce5493386560145"},"description":"I dag samlades en delegation i J\u00f6nk\u00f6ping f\u00f6r att presentera Sveriges f\u00f6rslag p\u00e5 VM i thaiboxning 2016. Generalsekreteraren f\u00f6r det Internationella Thaiboxningsf\u00f6rbundet (IFMA) Stephan Fox \u00e4r med i J\u00f6nk\u00f6ping och imponeras av Sveriges invit.\u00a0\u00a0 - Det \u00e4r det mest solida f\u00f6rslag Sverige n\u00e5gonsin l\u00e4mnat till oss och detta \u00e4r ocks\u00e5 en av de starkaste kandidaterna till att f\u00e5 m\u00e4sterskapet, s\u00e4ger han till budokampsport.se.","breadcrumb":{"@id":"https:\/\/www.budokampsport.se\/2014\/11\/25\/sverige-ar-en-av-de-starkaste-kandidaterna\/#breadcrumb"},"inLanguage":"sv-SE","potentialAction":[{"@type":"ReadAction","target":["https:\/\/www.budokampsport.se\/2014\/11\/25\/sverige-ar-en-av-de-starkaste-kandidaterna\/"]}]},{"@type":"BreadcrumbList","@id":"https:\/\/www.budokampsport.se\/2014\/11\/25\/sverige-ar-en-av-de-starkaste-kandidaterna\/#breadcrumb","itemListElement":[{"@type":"ListItem","position":1,"name":"Hem","item":"https:\/\/www.budokampsport.se\/"},{"@type":"ListItem","position":2,"name":"\u201dSverige \u00e4r en av de starkaste kandidaterna\u201d"}]},{"@type":"WebSite","@id":"https:\/\/www.budokampsport.se\/#website","url":"https:\/\/www.budokampsport.se\/","name":"Svenska Budo &amp; Kampsportsf\u00f6rbundet","description":"T\u00e4vling, Tr\u00e4ning, Tradition","potentialAction":[{"@type":"SearchAction","target":{"@type":"EntryPoint","urlTemplate":"https:\/\/www.budokampsport.se\/?s={search_term_string}"},"query-input":{"@type":"PropertyValueSpecification","valueRequired":true,"valueName":"search_term_string"}}],"inLanguage":"sv-SE"},{"@type":"Person","@id":"https:\/\/www.budokampsport.se\/#\/schema\/person\/5c06d81d14850e2a8ce5493386560145","name":"Jonathan Broberg","image":{"@type":"ImageObject","inLanguage":"sv-SE","@id":"https:\/\/www.budokampsport.se\/#\/schema\/person\/image\/","url":"https:\/\/secure.gravatar.com\/avatar\/a58041c6cea9128bd9c40ee2f26d4136?s=96&d=blank&r=g","contentUrl":"https:\/\/secure.gravatar.com\/avatar\/a58041c6cea9128bd9c40ee2f26d4136?s=96&d=blank&r=g","caption":"Jonathan Broberg"},"sameAs":["https:\/\/www.facebook.com\/jonathan.broberg.7"],"url":"https:\/\/www.budokampsport.se\/author\/jonathan\/"}]}},"_links":{"self":[{"href":"https:\/\/www.budokampsport.se\/api\/wp\/v2\/posts\/5199","targetHints":{"allow":["GET"]}}],"collection":[{"href":"https:\/\/www.budokampsport.se\/api\/wp\/v2\/posts"}],"about":[{"href":"https:\/\/www.budokampsport.se\/api\/wp\/v2\/types\/post"}],"author":[{"embeddable":true,"href":"https:\/\/www.budokampsport.se\/api\/wp\/v2\/users\/7"}],"replies":[{"embeddable":true,"href":"https:\/\/www.budokampsport.se\/api\/wp\/v2\/comments?post=5199"}],"version-history":[{"count":0,"href":"https:\/\/www.budokampsport.se\/api\/wp\/v2\/posts\/5199\/revisions"}],"wp:attachment":[{"href":"https:\/\/www.budokampsport.se\/api\/wp\/v2\/media?parent=5199"}],"wp:term":[{"taxonomy":"category","embeddable":true,"href":"https:\/\/www.budokampsport.se\/api\/wp\/v2\/categories?post=5199"},{"taxonomy":"post_tag","embeddable":true,"href":"https:\/\/www.budokampsport.se\/api\/wp\/v2\/tags?post=5199"}],"curies":[{"name":"wp","href":"https:\/\/api.w.org\/{rel}","templated":true}]}}