{"id":52271,"date":"2017-10-21T22:25:56","date_gmt":"2017-10-21T20:25:56","guid":{"rendered":"http:\/\/www.budokampsport.se\/?p=52271"},"modified":"2017-10-21T22:51:05","modified_gmt":"2017-10-21T20:51:05","slug":"en-djup-ara-att-se-olofsson-ringen","status":"publish","type":"post","link":"https:\/\/www.budokampsport.se\/2017\/10\/21\/en-djup-ara-att-se-olofsson-ringen\/","title":{"rendered":"En djup \u00e4ra att se Olofsson i ringen"},"content":{"rendered":"<p>Idag \u00e5t jag ratatouille och anka till lunch, och det fick mig att t\u00e4nka p\u00e5 filmen R\u00e5ttatouille.<br \/>\nI den s\u00e4gs: <em>Vem som helst kan inte bli en stor konstn\u00e4r, men en stor konstn\u00e4r kan komma varifr\u00e5n som helst.<\/em><\/p>\n<p>Svensk thaiboxnings just nu st\u00f6rsta konstn\u00e4r heter Sofia Olofsson. Hon g\u00e5r sannolikt inte att stoppa. B\u00e4va m\u00e5nde Iman Barlow den 25:e november, s\u00e4ger jag.<\/p>\n<p>Det blev en ny storstilad svensk finaldag i Paris. Under g\u00e5rdagen vann Patricia Axling och Angela Mamic guld, idag var det Olofssons, (kanske turneringens s\u00e4kraste guld p\u00e5 f\u00f6rhand) och Andreas Gardasevics (sannolikt EM:s st\u00f6rsta \u00f6verraskning) tur.<\/p>\n<p><em><strong>Sofia Olofsson detroniserade stackars fransyskan Juliette Lacroix. Matchen h\u00f6lls vid liv (n\u00e5ja) fram till den tredje ronden, d\u00e5 Olofsson lade in en v\u00e4xel till. Det blev genast tv\u00e5 snabb franska r\u00e4kningar och n\u00e4r en kanonad av kn\u00e4n tr\u00e4ffade Lacroix strax d\u00e4rp\u00e5 hade domaren inget annat val \u00e4n att bryta tillst\u00e4llningen.<\/strong><\/em><\/p>\n<p>Olofssons furi\u00f6sa tempo \u00e4r beundransv\u00e4rt. Det \u00e4r fr\u00e5gan hur man ska g\u00f6ra f\u00f6r att besegra henne. I dagens final visade hon klass i klinchen, hon var str\u00e5lande i sparkarna och boxningen var utm\u00e4rkt den ocks\u00e5. Det var faktiskt l\u00e4nge sedan jag s\u00e5g n\u00e5got liknande. Jag h\u00e4pnade.<\/p>\n<p>Landslagsdebutanten Andreas Gardasevic l\u00e4r vi f\u00e5 tala m\u00e5nga g\u00e5nger till om. Det fanns en stund i b\u00f6rjan av den andra ronden som hade kunnat bryta ner den b\u00e4ste. Gardasevic hade f\u00f6rlorat rond ett, och hamnade i lite sv\u00e5righeter inledningsvis i den andra ronden ocks\u00e5.<\/p>\n<p>D\u00e4r och d\u00e5 hade kanske n\u00e5gon annan varit lite n\u00f6jd med ett silver som debutant, kanske hade man d\u00e5 (undermedvetet) b\u00f6rjat t\u00e4nka p\u00e5 hur bra turnering man faktiskt \u00e4nd\u00e5 gjort. Men inte Gardasevic.<\/p>\n<p><em><strong>Han v\u00e4nde p\u00e5 matchen, k\u00e4mpade sig till en direkt avg\u00f6rande tredje rond \u2013 och var stundtals briljant i den. Segern \u00f6ver Sartakov var som h\u00e4mtad ur vilket stordrama som helst, och luktar f\u00f6r mig bara rakt igenom klass. \u00a0Jag kommer nog aldrig gl\u00f6mma den h\u00e4r matchen, finalen i -86-kilo i Paris den 21:a oktober 2017.<\/strong> <\/em><\/p>\n<p>Sverige vann allts\u00e5 fyra guld och fyra brons i EM och slutade femma i medaljligan. Nye f\u00f6rbundskaptenen Joakim Karlsson ska vara mycket n\u00f6jd med sitt f\u00f6rsta internationella m\u00e4sterskap.<\/p>\n<p>Och en sak till: det har varit sommarv\u00e4rme i Paris de har dagarna. N\u00e4r jag vandrade hem till mitt hotell gjorde jag det i bara en pik\u00e9ttr\u00f6ja. Befolkningen h\u00e4r \u00e4r dock betydligt mer p\u00e5kl\u00e4dda.<br \/>\nMen jag vet att v\u00e4dret v\u00e4rmt dessa underbara EM-dagar i Paris.<br \/>\nOch s\u00e5 \u00e4r det en djup \u00e4ra att se Sofia Olofsson i ringen.<\/p>\n<p>Foto: Hamid Ershad Sarabi<\/p>\n","protected":false},"excerpt":{"rendered":"<p>Jag t\u00e4nker s\u00e5 h\u00e4r, alltmedan natten drar in \u00f6ver Paris \u2013 av alla jordens tidender, alla dessa o\u00e4ndliga \u00e5r, \u00e4r jag v\u00e4ldigt glad \u00f6ver att min jordvandring r\u00e5kade sammanfalla med Sofia Olofssons. <\/p><br>","protected":false},"author":7,"featured_media":36105,"comment_status":"open","ping_status":"open","sticky":false,"template":"","format":"standard","meta":{"_acf_changed":false,"footnotes":""},"categories":[179],"tags":[],"class_list":["post-52271","post","type-post","status-publish","format-standard","has-post-thumbnail","hentry","category-kronika"],"acf":[],"yoast_head":"<!-- This site is optimized with the Yoast SEO plugin v26.8 - https:\/\/yoast.com\/product\/yoast-seo-wordpress\/ -->\n<title>En djup \u00e4ra att se Olofsson i ringen - Svenska Budo &amp; Kampsportsf\u00f6rbundet<\/title>\n<meta name=\"description\" content=\"Jag t\u00e4nker s\u00e5 h\u00e4r, alltmedan natten drar in \u00f6ver Paris \u2013 av alla jordens tidender, alla dessa o\u00e4ndliga \u00e5r, \u00e4r jag v\u00e4ldigt glad \u00f6ver att min jordvandring r\u00e5kade sammanfalla med Sofia Olofssons.\" \/>\n<meta name=\"robots\" content=\"index, follow, max-snippet:-1, max-image-preview:large, max-video-preview:-1\" \/>\n<link rel=\"canonical\" href=\"https:\/\/www.budokampsport.se\/2017\/10\/21\/en-djup-ara-att-se-olofsson-ringen\/\" \/>\n<meta property=\"og:locale\" content=\"sv_SE\" \/>\n<meta property=\"og:type\" content=\"article\" \/>\n<meta property=\"og:title\" content=\"En djup \u00e4ra att se Olofsson i ringen - Svenska Budo &amp; Kampsportsf\u00f6rbundet\" \/>\n<meta property=\"og:description\" content=\"Jag t\u00e4nker s\u00e5 h\u00e4r, alltmedan natten drar in \u00f6ver Paris \u2013 av alla jordens tidender, alla dessa o\u00e4ndliga \u00e5r, \u00e4r jag v\u00e4ldigt glad \u00f6ver att min jordvandring r\u00e5kade sammanfalla med Sofia Olofssons.\" \/>\n<meta property=\"og:url\" content=\"https:\/\/www.budokampsport.se\/2017\/10\/21\/en-djup-ara-att-se-olofsson-ringen\/\" \/>\n<meta property=\"og:site_name\" content=\"Svenska Budo &amp; Kampsportsf\u00f6rbundet\" \/>\n<meta property=\"article:author\" content=\"https:\/\/www.facebook.com\/jonathan.broberg.7\" \/>\n<meta property=\"article:published_time\" content=\"2017-10-21T20:25:56+00:00\" \/>\n<meta property=\"article:modified_time\" content=\"2017-10-21T20:51:05+00:00\" \/>\n<meta property=\"og:image\" content=\"https:\/\/www.budokampsport.se\/wp-content\/uploads\/2016\/12\/jonathan.broberg-1.jpg\" \/>\n\t<meta property=\"og:image:width\" content=\"850\" \/>\n\t<meta property=\"og:image:height\" content=\"500\" \/>\n\t<meta property=\"og:image:type\" content=\"image\/jpeg\" \/>\n<meta name=\"author\" content=\"Jonathan Broberg\" \/>\n<meta name=\"twitter:card\" content=\"summary_large_image\" \/>\n<meta name=\"twitter:label1\" content=\"Skriven av\" \/>\n\t<meta name=\"twitter:data1\" content=\"Jonathan Broberg\" \/>\n\t<meta name=\"twitter:label2\" content=\"Ber\u00e4knad l\u00e4stid\" \/>\n\t<meta name=\"twitter:data2\" content=\"2 minuter\" \/>\n<script type=\"application\/ld+json\" class=\"yoast-schema-graph\">{\"@context\":\"https:\/\/schema.org\",\"@graph\":[{\"@type\":\"Article\",\"@id\":\"https:\/\/www.budokampsport.se\/2017\/10\/21\/en-djup-ara-att-se-olofsson-ringen\/#article\",\"isPartOf\":{\"@id\":\"https:\/\/www.budokampsport.se\/2017\/10\/21\/en-djup-ara-att-se-olofsson-ringen\/\"},\"author\":{\"name\":\"Jonathan Broberg\",\"@id\":\"https:\/\/www.budokampsport.se\/#\/schema\/person\/5c06d81d14850e2a8ce5493386560145\"},\"headline\":\"En djup \u00e4ra att se Olofsson i ringen\",\"datePublished\":\"2017-10-21T20:25:56+00:00\",\"dateModified\":\"2017-10-21T20:51:05+00:00\",\"mainEntityOfPage\":{\"@id\":\"https:\/\/www.budokampsport.se\/2017\/10\/21\/en-djup-ara-att-se-olofsson-ringen\/\"},\"wordCount\":492,\"commentCount\":2,\"image\":{\"@id\":\"https:\/\/www.budokampsport.se\/2017\/10\/21\/en-djup-ara-att-se-olofsson-ringen\/#primaryimage\"},\"thumbnailUrl\":\"https:\/\/www.budokampsport.se\/wp-content\/uploads\/2016\/12\/jonathan.broberg-1.jpg\",\"articleSection\":[\"Kr\u00f6nika\"],\"inLanguage\":\"sv-SE\",\"potentialAction\":[{\"@type\":\"CommentAction\",\"name\":\"Comment\",\"target\":[\"https:\/\/www.budokampsport.se\/2017\/10\/21\/en-djup-ara-att-se-olofsson-ringen\/#respond\"]}]},{\"@type\":\"WebPage\",\"@id\":\"https:\/\/www.budokampsport.se\/2017\/10\/21\/en-djup-ara-att-se-olofsson-ringen\/\",\"url\":\"https:\/\/www.budokampsport.se\/2017\/10\/21\/en-djup-ara-att-se-olofsson-ringen\/\",\"name\":\"En djup \u00e4ra att se Olofsson i ringen - Svenska Budo &amp; Kampsportsf\u00f6rbundet\",\"isPartOf\":{\"@id\":\"https:\/\/www.budokampsport.se\/#website\"},\"primaryImageOfPage\":{\"@id\":\"https:\/\/www.budokampsport.se\/2017\/10\/21\/en-djup-ara-att-se-olofsson-ringen\/#primaryimage\"},\"image\":{\"@id\":\"https:\/\/www.budokampsport.se\/2017\/10\/21\/en-djup-ara-att-se-olofsson-ringen\/#primaryimage\"},\"thumbnailUrl\":\"https:\/\/www.budokampsport.se\/wp-content\/uploads\/2016\/12\/jonathan.broberg-1.jpg\",\"datePublished\":\"2017-10-21T20:25:56+00:00\",\"dateModified\":\"2017-10-21T20:51:05+00:00\",\"author\":{\"@id\":\"https:\/\/www.budokampsport.se\/#\/schema\/person\/5c06d81d14850e2a8ce5493386560145\"},\"description\":\"Jag t\u00e4nker s\u00e5 h\u00e4r, alltmedan natten drar in \u00f6ver Paris \u2013 av alla jordens tidender, alla dessa o\u00e4ndliga \u00e5r, \u00e4r jag v\u00e4ldigt glad \u00f6ver att min jordvandring r\u00e5kade sammanfalla med Sofia Olofssons.\",\"breadcrumb\":{\"@id\":\"https:\/\/www.budokampsport.se\/2017\/10\/21\/en-djup-ara-att-se-olofsson-ringen\/#breadcrumb\"},\"inLanguage\":\"sv-SE\",\"potentialAction\":[{\"@type\":\"ReadAction\",\"target\":[\"https:\/\/www.budokampsport.se\/2017\/10\/21\/en-djup-ara-att-se-olofsson-ringen\/\"]}]},{\"@type\":\"ImageObject\",\"inLanguage\":\"sv-SE\",\"@id\":\"https:\/\/www.budokampsport.se\/2017\/10\/21\/en-djup-ara-att-se-olofsson-ringen\/#primaryimage\",\"url\":\"https:\/\/www.budokampsport.se\/wp-content\/uploads\/2016\/12\/jonathan.broberg-1.jpg\",\"contentUrl\":\"https:\/\/www.budokampsport.se\/wp-content\/uploads\/2016\/12\/jonathan.broberg-1.jpg\",\"width\":850,\"height\":500,\"caption\":\"Foto: Hamid Ershad Sarabi\"},{\"@type\":\"BreadcrumbList\",\"@id\":\"https:\/\/www.budokampsport.se\/2017\/10\/21\/en-djup-ara-att-se-olofsson-ringen\/#breadcrumb\",\"itemListElement\":[{\"@type\":\"ListItem\",\"position\":1,\"name\":\"Hem\",\"item\":\"https:\/\/www.budokampsport.se\/\"},{\"@type\":\"ListItem\",\"position\":2,\"name\":\"En djup \u00e4ra att se Olofsson i ringen\"}]},{\"@type\":\"WebSite\",\"@id\":\"https:\/\/www.budokampsport.se\/#website\",\"url\":\"https:\/\/www.budokampsport.se\/\",\"name\":\"Svenska Budo &amp; Kampsportsf\u00f6rbundet\",\"description\":\"T\u00e4vling, Tr\u00e4ning, Tradition\",\"potentialAction\":[{\"@type\":\"SearchAction\",\"target\":{\"@type\":\"EntryPoint\",\"urlTemplate\":\"https:\/\/www.budokampsport.se\/?s={search_term_string}\"},\"query-input\":{\"@type\":\"PropertyValueSpecification\",\"valueRequired\":true,\"valueName\":\"search_term_string\"}}],\"inLanguage\":\"sv-SE\"},{\"@type\":\"Person\",\"@id\":\"https:\/\/www.budokampsport.se\/#\/schema\/person\/5c06d81d14850e2a8ce5493386560145\",\"name\":\"Jonathan Broberg\",\"image\":{\"@type\":\"ImageObject\",\"inLanguage\":\"sv-SE\",\"@id\":\"https:\/\/www.budokampsport.se\/#\/schema\/person\/image\/\",\"url\":\"https:\/\/secure.gravatar.com\/avatar\/a58041c6cea9128bd9c40ee2f26d4136?s=96&d=blank&r=g\",\"contentUrl\":\"https:\/\/secure.gravatar.com\/avatar\/a58041c6cea9128bd9c40ee2f26d4136?s=96&d=blank&r=g\",\"caption\":\"Jonathan Broberg\"},\"sameAs\":[\"https:\/\/www.facebook.com\/jonathan.broberg.7\"],\"url\":\"https:\/\/www.budokampsport.se\/author\/jonathan\/\"}]}<\/script>\n<!-- \/ Yoast SEO plugin. -->","yoast_head_json":{"title":"En djup \u00e4ra att se Olofsson i ringen - Svenska Budo &amp; Kampsportsf\u00f6rbundet","description":"Jag t\u00e4nker s\u00e5 h\u00e4r, alltmedan natten drar in \u00f6ver Paris \u2013 av alla jordens tidender, alla dessa o\u00e4ndliga \u00e5r, \u00e4r jag v\u00e4ldigt glad \u00f6ver att min jordvandring r\u00e5kade sammanfalla med Sofia Olofssons.","robots":{"index":"index","follow":"follow","max-snippet":"max-snippet:-1","max-image-preview":"max-image-preview:large","max-video-preview":"max-video-preview:-1"},"canonical":"https:\/\/www.budokampsport.se\/2017\/10\/21\/en-djup-ara-att-se-olofsson-ringen\/","og_locale":"sv_SE","og_type":"article","og_title":"En djup \u00e4ra att se Olofsson i ringen - Svenska Budo &amp; Kampsportsf\u00f6rbundet","og_description":"Jag t\u00e4nker s\u00e5 h\u00e4r, alltmedan natten drar in \u00f6ver Paris \u2013 av alla jordens tidender, alla dessa o\u00e4ndliga \u00e5r, \u00e4r jag v\u00e4ldigt glad \u00f6ver att min jordvandring r\u00e5kade sammanfalla med Sofia Olofssons.","og_url":"https:\/\/www.budokampsport.se\/2017\/10\/21\/en-djup-ara-att-se-olofsson-ringen\/","og_site_name":"Svenska Budo &amp; Kampsportsf\u00f6rbundet","article_author":"https:\/\/www.facebook.com\/jonathan.broberg.7","article_published_time":"2017-10-21T20:25:56+00:00","article_modified_time":"2017-10-21T20:51:05+00:00","og_image":[{"width":850,"height":500,"url":"https:\/\/www.budokampsport.se\/wp-content\/uploads\/2016\/12\/jonathan.broberg-1.jpg","type":"image\/jpeg"}],"author":"Jonathan Broberg","twitter_card":"summary_large_image","twitter_misc":{"Skriven av":"Jonathan Broberg","Ber\u00e4knad l\u00e4stid":"2 minuter"},"schema":{"@context":"https:\/\/schema.org","@graph":[{"@type":"Article","@id":"https:\/\/www.budokampsport.se\/2017\/10\/21\/en-djup-ara-att-se-olofsson-ringen\/#article","isPartOf":{"@id":"https:\/\/www.budokampsport.se\/2017\/10\/21\/en-djup-ara-att-se-olofsson-ringen\/"},"author":{"name":"Jonathan Broberg","@id":"https:\/\/www.budokampsport.se\/#\/schema\/person\/5c06d81d14850e2a8ce5493386560145"},"headline":"En djup \u00e4ra att se Olofsson i ringen","datePublished":"2017-10-21T20:25:56+00:00","dateModified":"2017-10-21T20:51:05+00:00","mainEntityOfPage":{"@id":"https:\/\/www.budokampsport.se\/2017\/10\/21\/en-djup-ara-att-se-olofsson-ringen\/"},"wordCount":492,"commentCount":2,"image":{"@id":"https:\/\/www.budokampsport.se\/2017\/10\/21\/en-djup-ara-att-se-olofsson-ringen\/#primaryimage"},"thumbnailUrl":"https:\/\/www.budokampsport.se\/wp-content\/uploads\/2016\/12\/jonathan.broberg-1.jpg","articleSection":["Kr\u00f6nika"],"inLanguage":"sv-SE","potentialAction":[{"@type":"CommentAction","name":"Comment","target":["https:\/\/www.budokampsport.se\/2017\/10\/21\/en-djup-ara-att-se-olofsson-ringen\/#respond"]}]},{"@type":"WebPage","@id":"https:\/\/www.budokampsport.se\/2017\/10\/21\/en-djup-ara-att-se-olofsson-ringen\/","url":"https:\/\/www.budokampsport.se\/2017\/10\/21\/en-djup-ara-att-se-olofsson-ringen\/","name":"En djup \u00e4ra att se Olofsson i ringen - Svenska Budo &amp; Kampsportsf\u00f6rbundet","isPartOf":{"@id":"https:\/\/www.budokampsport.se\/#website"},"primaryImageOfPage":{"@id":"https:\/\/www.budokampsport.se\/2017\/10\/21\/en-djup-ara-att-se-olofsson-ringen\/#primaryimage"},"image":{"@id":"https:\/\/www.budokampsport.se\/2017\/10\/21\/en-djup-ara-att-se-olofsson-ringen\/#primaryimage"},"thumbnailUrl":"https:\/\/www.budokampsport.se\/wp-content\/uploads\/2016\/12\/jonathan.broberg-1.jpg","datePublished":"2017-10-21T20:25:56+00:00","dateModified":"2017-10-21T20:51:05+00:00","author":{"@id":"https:\/\/www.budokampsport.se\/#\/schema\/person\/5c06d81d14850e2a8ce5493386560145"},"description":"Jag t\u00e4nker s\u00e5 h\u00e4r, alltmedan natten drar in \u00f6ver Paris \u2013 av alla jordens tidender, alla dessa o\u00e4ndliga \u00e5r, \u00e4r jag v\u00e4ldigt glad \u00f6ver att min jordvandring r\u00e5kade sammanfalla med Sofia Olofssons.","breadcrumb":{"@id":"https:\/\/www.budokampsport.se\/2017\/10\/21\/en-djup-ara-att-se-olofsson-ringen\/#breadcrumb"},"inLanguage":"sv-SE","potentialAction":[{"@type":"ReadAction","target":["https:\/\/www.budokampsport.se\/2017\/10\/21\/en-djup-ara-att-se-olofsson-ringen\/"]}]},{"@type":"ImageObject","inLanguage":"sv-SE","@id":"https:\/\/www.budokampsport.se\/2017\/10\/21\/en-djup-ara-att-se-olofsson-ringen\/#primaryimage","url":"https:\/\/www.budokampsport.se\/wp-content\/uploads\/2016\/12\/jonathan.broberg-1.jpg","contentUrl":"https:\/\/www.budokampsport.se\/wp-content\/uploads\/2016\/12\/jonathan.broberg-1.jpg","width":850,"height":500,"caption":"Foto: Hamid Ershad Sarabi"},{"@type":"BreadcrumbList","@id":"https:\/\/www.budokampsport.se\/2017\/10\/21\/en-djup-ara-att-se-olofsson-ringen\/#breadcrumb","itemListElement":[{"@type":"ListItem","position":1,"name":"Hem","item":"https:\/\/www.budokampsport.se\/"},{"@type":"ListItem","position":2,"name":"En djup \u00e4ra att se Olofsson i ringen"}]},{"@type":"WebSite","@id":"https:\/\/www.budokampsport.se\/#website","url":"https:\/\/www.budokampsport.se\/","name":"Svenska Budo &amp; Kampsportsf\u00f6rbundet","description":"T\u00e4vling, Tr\u00e4ning, Tradition","potentialAction":[{"@type":"SearchAction","target":{"@type":"EntryPoint","urlTemplate":"https:\/\/www.budokampsport.se\/?s={search_term_string}"},"query-input":{"@type":"PropertyValueSpecification","valueRequired":true,"valueName":"search_term_string"}}],"inLanguage":"sv-SE"},{"@type":"Person","@id":"https:\/\/www.budokampsport.se\/#\/schema\/person\/5c06d81d14850e2a8ce5493386560145","name":"Jonathan Broberg","image":{"@type":"ImageObject","inLanguage":"sv-SE","@id":"https:\/\/www.budokampsport.se\/#\/schema\/person\/image\/","url":"https:\/\/secure.gravatar.com\/avatar\/a58041c6cea9128bd9c40ee2f26d4136?s=96&d=blank&r=g","contentUrl":"https:\/\/secure.gravatar.com\/avatar\/a58041c6cea9128bd9c40ee2f26d4136?s=96&d=blank&r=g","caption":"Jonathan Broberg"},"sameAs":["https:\/\/www.facebook.com\/jonathan.broberg.7"],"url":"https:\/\/www.budokampsport.se\/author\/jonathan\/"}]}},"_links":{"self":[{"href":"https:\/\/www.budokampsport.se\/api\/wp\/v2\/posts\/52271","targetHints":{"allow":["GET"]}}],"collection":[{"href":"https:\/\/www.budokampsport.se\/api\/wp\/v2\/posts"}],"about":[{"href":"https:\/\/www.budokampsport.se\/api\/wp\/v2\/types\/post"}],"author":[{"embeddable":true,"href":"https:\/\/www.budokampsport.se\/api\/wp\/v2\/users\/7"}],"replies":[{"embeddable":true,"href":"https:\/\/www.budokampsport.se\/api\/wp\/v2\/comments?post=52271"}],"version-history":[{"count":0,"href":"https:\/\/www.budokampsport.se\/api\/wp\/v2\/posts\/52271\/revisions"}],"wp:featuredmedia":[{"embeddable":true,"href":"https:\/\/www.budokampsport.se\/api\/wp\/v2\/media\/36105"}],"wp:attachment":[{"href":"https:\/\/www.budokampsport.se\/api\/wp\/v2\/media?parent=52271"}],"wp:term":[{"taxonomy":"category","embeddable":true,"href":"https:\/\/www.budokampsport.se\/api\/wp\/v2\/categories?post=52271"},{"taxonomy":"post_tag","embeddable":true,"href":"https:\/\/www.budokampsport.se\/api\/wp\/v2\/tags?post=52271"}],"curies":[{"name":"wp","href":"https:\/\/api.w.org\/{rel}","templated":true}]}}