{"id":5249,"date":"2015-01-09T10:02:54","date_gmt":"2015-01-09T09:02:54","guid":{"rendered":"http:\/\/budo.wordpress.dev\/2015\/01\/09\/kampsport-fick-stort-utrymme-i-radiosportens-arskronika\/"},"modified":"2016-12-06T22:38:05","modified_gmt":"2016-12-06T21:38:05","slug":"kampsport-fick-stort-utrymme-i-radiosportens-arskronika","status":"publish","type":"post","link":"https:\/\/www.budokampsport.se\/2015\/01\/09\/kampsport-fick-stort-utrymme-i-radiosportens-arskronika\/","title":{"rendered":"Kampsport fick stort utrymme i Radiosportens \u00e5rskr\u00f6nika"},"content":{"rendered":"<p><strong><img decoding=\"async\" alt=\"\" src=\"\/sites\/default\/files\/isa_0.gif\" style=\"height:290px; width:435px\"><br \/>F\u00f6r ett tag sedan sl\u00e4ppte radiosporten, traditionsenligt, en \u00e5rskr\u00f6nika. Nytt f\u00f6r denna g\u00e5ng var att kampsport fick ett stort utrymme, d\u00e4r Alexander Gustafsson, Susan Kariuki, Isa Tidblad Keskikangas, Mikaela Laur\u00e9n och Janni Larsson bereddes spelrum under flera minuter.<\/strong><\/p>\n<p><a href=\"http:\/\/sverigesradio.se\/sida\/gruppsida.aspx?programid=4660&#038;grupp=20689&#038;artikel=6055753\">Lyssna p\u00e5 kr\u00f6nikan h\u00e4r!<\/a><br \/>(Kampsportsdelen inleds 23.40 in i kr\u00f6nikan)<!--break--><br \/>Foto: Jonathan Broberg<\/p>\n","protected":false},"excerpt":{"rendered":"<p><strong><img decoding=\"async\" alt=\"\" src=\"\/sites\/default\/files\/isa_0.gif\" style=\"height:290px; width:435px\"><br \/>F\u00f6r ett tag sedan sl\u00e4ppte radiosporten, traditionsenligt, en \u00e5rskr\u00f6nika. Nytt f\u00f6r denna g\u00e5ng var att kampsport fick ett stort utrymme, d\u00e4r Alexander Gustafsson, Susan Kariuki, Isa Tidblad Keskikangas, Mikaela Laur\u00e9n och Janni Larsson bereddes spelrum under flera minuter.<\/strong><\/p><br><p><a href=\"http:\/\/sverigesradio.se\/sida\/gruppsida.aspx?programid=4660&#038;grupp=20689&#038;artikel=6055753\">Lyssna p\u00e5 kr\u00f6nikan h\u00e4r!<\/a><br \/>(Kampsportsdelen inleds 23.40 in i kr\u00f6nikan)<\/p><br>","protected":false},"author":7,"featured_media":0,"comment_status":"closed","ping_status":"closed","sticky":false,"template":"","format":"standard","meta":{"_acf_changed":false,"footnotes":""},"categories":[1],"tags":[],"class_list":["post-5249","post","type-post","status-publish","format-standard","hentry","category-okategoriserade"],"acf":[],"yoast_head":"<!-- This site is optimized with the Yoast SEO plugin v26.8 - https:\/\/yoast.com\/product\/yoast-seo-wordpress\/ -->\n<title>Kampsport fick stort utrymme i Radiosportens \u00e5rskr\u00f6nika - Svenska Budo &amp; Kampsportsf\u00f6rbundet<\/title>\n<meta name=\"description\" content=\"F\u00f6r ett tag sedan sl\u00e4ppte radiosporten, traditionsenligt, en \u00e5rskr\u00f6nika. Nytt f\u00f6r denna g\u00e5ng var att kampsport fick ett stort utrymme, d\u00e4r Alexander Gustafsson, Susan Kariuki, Isa Tidblad Keskikangas, Mikaela Laur\u00e9n och Janni Larsson bereddes spelrum under flera minuter.Lyssna p\u00e5 kr\u00f6nikan h\u00e4r!(Kampsportsdelen inleds 23.40 in i kr\u00f6nikan)\" \/>\n<meta name=\"robots\" content=\"index, follow, max-snippet:-1, max-image-preview:large, max-video-preview:-1\" \/>\n<link rel=\"canonical\" href=\"https:\/\/www.budokampsport.se\/2015\/01\/09\/kampsport-fick-stort-utrymme-i-radiosportens-arskronika\/\" \/>\n<meta property=\"og:locale\" content=\"sv_SE\" \/>\n<meta property=\"og:type\" content=\"article\" \/>\n<meta property=\"og:title\" content=\"Kampsport fick stort utrymme i Radiosportens \u00e5rskr\u00f6nika - Svenska Budo &amp; Kampsportsf\u00f6rbundet\" \/>\n<meta property=\"og:description\" content=\"F\u00f6r ett tag sedan sl\u00e4ppte radiosporten, traditionsenligt, en \u00e5rskr\u00f6nika. Nytt f\u00f6r denna g\u00e5ng var att kampsport fick ett stort utrymme, d\u00e4r Alexander Gustafsson, Susan Kariuki, Isa Tidblad Keskikangas, Mikaela Laur\u00e9n och Janni Larsson bereddes spelrum under flera minuter.Lyssna p\u00e5 kr\u00f6nikan h\u00e4r!(Kampsportsdelen inleds 23.40 in i kr\u00f6nikan)\" \/>\n<meta property=\"og:url\" content=\"https:\/\/www.budokampsport.se\/2015\/01\/09\/kampsport-fick-stort-utrymme-i-radiosportens-arskronika\/\" \/>\n<meta property=\"og:site_name\" content=\"Svenska Budo &amp; Kampsportsf\u00f6rbundet\" \/>\n<meta property=\"article:author\" content=\"https:\/\/www.facebook.com\/jonathan.broberg.7\" \/>\n<meta property=\"article:published_time\" content=\"2015-01-09T09:02:54+00:00\" \/>\n<meta property=\"article:modified_time\" content=\"2016-12-06T21:38:05+00:00\" \/>\n<meta name=\"author\" content=\"Jonathan Broberg\" \/>\n<meta name=\"twitter:card\" content=\"summary_large_image\" \/>\n<meta name=\"twitter:label1\" content=\"Skriven av\" \/>\n\t<meta name=\"twitter:data1\" content=\"Jonathan Broberg\" \/>\n<script type=\"application\/ld+json\" class=\"yoast-schema-graph\">{\"@context\":\"https:\/\/schema.org\",\"@graph\":[{\"@type\":\"Article\",\"@id\":\"https:\/\/www.budokampsport.se\/2015\/01\/09\/kampsport-fick-stort-utrymme-i-radiosportens-arskronika\/#article\",\"isPartOf\":{\"@id\":\"https:\/\/www.budokampsport.se\/2015\/01\/09\/kampsport-fick-stort-utrymme-i-radiosportens-arskronika\/\"},\"author\":{\"name\":\"Jonathan Broberg\",\"@id\":\"https:\/\/www.budokampsport.se\/#\/schema\/person\/5c06d81d14850e2a8ce5493386560145\"},\"headline\":\"Kampsport fick stort utrymme i Radiosportens \u00e5rskr\u00f6nika\",\"datePublished\":\"2015-01-09T09:02:54+00:00\",\"dateModified\":\"2016-12-06T21:38:05+00:00\",\"mainEntityOfPage\":{\"@id\":\"https:\/\/www.budokampsport.se\/2015\/01\/09\/kampsport-fick-stort-utrymme-i-radiosportens-arskronika\/\"},\"wordCount\":68,\"inLanguage\":\"sv-SE\"},{\"@type\":\"WebPage\",\"@id\":\"https:\/\/www.budokampsport.se\/2015\/01\/09\/kampsport-fick-stort-utrymme-i-radiosportens-arskronika\/\",\"url\":\"https:\/\/www.budokampsport.se\/2015\/01\/09\/kampsport-fick-stort-utrymme-i-radiosportens-arskronika\/\",\"name\":\"Kampsport fick stort utrymme i Radiosportens \u00e5rskr\u00f6nika - Svenska Budo &amp; Kampsportsf\u00f6rbundet\",\"isPartOf\":{\"@id\":\"https:\/\/www.budokampsport.se\/#website\"},\"datePublished\":\"2015-01-09T09:02:54+00:00\",\"dateModified\":\"2016-12-06T21:38:05+00:00\",\"author\":{\"@id\":\"https:\/\/www.budokampsport.se\/#\/schema\/person\/5c06d81d14850e2a8ce5493386560145\"},\"description\":\"F\u00f6r ett tag sedan sl\u00e4ppte radiosporten, traditionsenligt, en \u00e5rskr\u00f6nika. Nytt f\u00f6r denna g\u00e5ng var att kampsport fick ett stort utrymme, d\u00e4r Alexander Gustafsson, Susan Kariuki, Isa Tidblad Keskikangas, Mikaela Laur\u00e9n och Janni Larsson bereddes spelrum under flera minuter.Lyssna p\u00e5 kr\u00f6nikan h\u00e4r!(Kampsportsdelen inleds 23.40 in i kr\u00f6nikan)\",\"breadcrumb\":{\"@id\":\"https:\/\/www.budokampsport.se\/2015\/01\/09\/kampsport-fick-stort-utrymme-i-radiosportens-arskronika\/#breadcrumb\"},\"inLanguage\":\"sv-SE\",\"potentialAction\":[{\"@type\":\"ReadAction\",\"target\":[\"https:\/\/www.budokampsport.se\/2015\/01\/09\/kampsport-fick-stort-utrymme-i-radiosportens-arskronika\/\"]}]},{\"@type\":\"BreadcrumbList\",\"@id\":\"https:\/\/www.budokampsport.se\/2015\/01\/09\/kampsport-fick-stort-utrymme-i-radiosportens-arskronika\/#breadcrumb\",\"itemListElement\":[{\"@type\":\"ListItem\",\"position\":1,\"name\":\"Hem\",\"item\":\"https:\/\/www.budokampsport.se\/\"},{\"@type\":\"ListItem\",\"position\":2,\"name\":\"Kampsport fick stort utrymme i Radiosportens \u00e5rskr\u00f6nika\"}]},{\"@type\":\"WebSite\",\"@id\":\"https:\/\/www.budokampsport.se\/#website\",\"url\":\"https:\/\/www.budokampsport.se\/\",\"name\":\"Svenska Budo &amp; Kampsportsf\u00f6rbundet\",\"description\":\"T\u00e4vling, Tr\u00e4ning, Tradition\",\"potentialAction\":[{\"@type\":\"SearchAction\",\"target\":{\"@type\":\"EntryPoint\",\"urlTemplate\":\"https:\/\/www.budokampsport.se\/?s={search_term_string}\"},\"query-input\":{\"@type\":\"PropertyValueSpecification\",\"valueRequired\":true,\"valueName\":\"search_term_string\"}}],\"inLanguage\":\"sv-SE\"},{\"@type\":\"Person\",\"@id\":\"https:\/\/www.budokampsport.se\/#\/schema\/person\/5c06d81d14850e2a8ce5493386560145\",\"name\":\"Jonathan Broberg\",\"image\":{\"@type\":\"ImageObject\",\"inLanguage\":\"sv-SE\",\"@id\":\"https:\/\/www.budokampsport.se\/#\/schema\/person\/image\/\",\"url\":\"https:\/\/secure.gravatar.com\/avatar\/a58041c6cea9128bd9c40ee2f26d4136?s=96&d=blank&r=g\",\"contentUrl\":\"https:\/\/secure.gravatar.com\/avatar\/a58041c6cea9128bd9c40ee2f26d4136?s=96&d=blank&r=g\",\"caption\":\"Jonathan Broberg\"},\"sameAs\":[\"https:\/\/www.facebook.com\/jonathan.broberg.7\"],\"url\":\"https:\/\/www.budokampsport.se\/author\/jonathan\/\"}]}<\/script>\n<!-- \/ Yoast SEO plugin. -->","yoast_head_json":{"title":"Kampsport fick stort utrymme i Radiosportens \u00e5rskr\u00f6nika - Svenska Budo &amp; Kampsportsf\u00f6rbundet","description":"F\u00f6r ett tag sedan sl\u00e4ppte radiosporten, traditionsenligt, en \u00e5rskr\u00f6nika. Nytt f\u00f6r denna g\u00e5ng var att kampsport fick ett stort utrymme, d\u00e4r Alexander Gustafsson, Susan Kariuki, Isa Tidblad Keskikangas, Mikaela Laur\u00e9n och Janni Larsson bereddes spelrum under flera minuter.Lyssna p\u00e5 kr\u00f6nikan h\u00e4r!(Kampsportsdelen inleds 23.40 in i kr\u00f6nikan)","robots":{"index":"index","follow":"follow","max-snippet":"max-snippet:-1","max-image-preview":"max-image-preview:large","max-video-preview":"max-video-preview:-1"},"canonical":"https:\/\/www.budokampsport.se\/2015\/01\/09\/kampsport-fick-stort-utrymme-i-radiosportens-arskronika\/","og_locale":"sv_SE","og_type":"article","og_title":"Kampsport fick stort utrymme i Radiosportens \u00e5rskr\u00f6nika - Svenska Budo &amp; Kampsportsf\u00f6rbundet","og_description":"F\u00f6r ett tag sedan sl\u00e4ppte radiosporten, traditionsenligt, en \u00e5rskr\u00f6nika. Nytt f\u00f6r denna g\u00e5ng var att kampsport fick ett stort utrymme, d\u00e4r Alexander Gustafsson, Susan Kariuki, Isa Tidblad Keskikangas, Mikaela Laur\u00e9n och Janni Larsson bereddes spelrum under flera minuter.Lyssna p\u00e5 kr\u00f6nikan h\u00e4r!(Kampsportsdelen inleds 23.40 in i kr\u00f6nikan)","og_url":"https:\/\/www.budokampsport.se\/2015\/01\/09\/kampsport-fick-stort-utrymme-i-radiosportens-arskronika\/","og_site_name":"Svenska Budo &amp; Kampsportsf\u00f6rbundet","article_author":"https:\/\/www.facebook.com\/jonathan.broberg.7","article_published_time":"2015-01-09T09:02:54+00:00","article_modified_time":"2016-12-06T21:38:05+00:00","author":"Jonathan Broberg","twitter_card":"summary_large_image","twitter_misc":{"Skriven av":"Jonathan Broberg"},"schema":{"@context":"https:\/\/schema.org","@graph":[{"@type":"Article","@id":"https:\/\/www.budokampsport.se\/2015\/01\/09\/kampsport-fick-stort-utrymme-i-radiosportens-arskronika\/#article","isPartOf":{"@id":"https:\/\/www.budokampsport.se\/2015\/01\/09\/kampsport-fick-stort-utrymme-i-radiosportens-arskronika\/"},"author":{"name":"Jonathan Broberg","@id":"https:\/\/www.budokampsport.se\/#\/schema\/person\/5c06d81d14850e2a8ce5493386560145"},"headline":"Kampsport fick stort utrymme i Radiosportens \u00e5rskr\u00f6nika","datePublished":"2015-01-09T09:02:54+00:00","dateModified":"2016-12-06T21:38:05+00:00","mainEntityOfPage":{"@id":"https:\/\/www.budokampsport.se\/2015\/01\/09\/kampsport-fick-stort-utrymme-i-radiosportens-arskronika\/"},"wordCount":68,"inLanguage":"sv-SE"},{"@type":"WebPage","@id":"https:\/\/www.budokampsport.se\/2015\/01\/09\/kampsport-fick-stort-utrymme-i-radiosportens-arskronika\/","url":"https:\/\/www.budokampsport.se\/2015\/01\/09\/kampsport-fick-stort-utrymme-i-radiosportens-arskronika\/","name":"Kampsport fick stort utrymme i Radiosportens \u00e5rskr\u00f6nika - Svenska Budo &amp; Kampsportsf\u00f6rbundet","isPartOf":{"@id":"https:\/\/www.budokampsport.se\/#website"},"datePublished":"2015-01-09T09:02:54+00:00","dateModified":"2016-12-06T21:38:05+00:00","author":{"@id":"https:\/\/www.budokampsport.se\/#\/schema\/person\/5c06d81d14850e2a8ce5493386560145"},"description":"F\u00f6r ett tag sedan sl\u00e4ppte radiosporten, traditionsenligt, en \u00e5rskr\u00f6nika. Nytt f\u00f6r denna g\u00e5ng var att kampsport fick ett stort utrymme, d\u00e4r Alexander Gustafsson, Susan Kariuki, Isa Tidblad Keskikangas, Mikaela Laur\u00e9n och Janni Larsson bereddes spelrum under flera minuter.Lyssna p\u00e5 kr\u00f6nikan h\u00e4r!(Kampsportsdelen inleds 23.40 in i kr\u00f6nikan)","breadcrumb":{"@id":"https:\/\/www.budokampsport.se\/2015\/01\/09\/kampsport-fick-stort-utrymme-i-radiosportens-arskronika\/#breadcrumb"},"inLanguage":"sv-SE","potentialAction":[{"@type":"ReadAction","target":["https:\/\/www.budokampsport.se\/2015\/01\/09\/kampsport-fick-stort-utrymme-i-radiosportens-arskronika\/"]}]},{"@type":"BreadcrumbList","@id":"https:\/\/www.budokampsport.se\/2015\/01\/09\/kampsport-fick-stort-utrymme-i-radiosportens-arskronika\/#breadcrumb","itemListElement":[{"@type":"ListItem","position":1,"name":"Hem","item":"https:\/\/www.budokampsport.se\/"},{"@type":"ListItem","position":2,"name":"Kampsport fick stort utrymme i Radiosportens \u00e5rskr\u00f6nika"}]},{"@type":"WebSite","@id":"https:\/\/www.budokampsport.se\/#website","url":"https:\/\/www.budokampsport.se\/","name":"Svenska Budo &amp; Kampsportsf\u00f6rbundet","description":"T\u00e4vling, Tr\u00e4ning, Tradition","potentialAction":[{"@type":"SearchAction","target":{"@type":"EntryPoint","urlTemplate":"https:\/\/www.budokampsport.se\/?s={search_term_string}"},"query-input":{"@type":"PropertyValueSpecification","valueRequired":true,"valueName":"search_term_string"}}],"inLanguage":"sv-SE"},{"@type":"Person","@id":"https:\/\/www.budokampsport.se\/#\/schema\/person\/5c06d81d14850e2a8ce5493386560145","name":"Jonathan Broberg","image":{"@type":"ImageObject","inLanguage":"sv-SE","@id":"https:\/\/www.budokampsport.se\/#\/schema\/person\/image\/","url":"https:\/\/secure.gravatar.com\/avatar\/a58041c6cea9128bd9c40ee2f26d4136?s=96&d=blank&r=g","contentUrl":"https:\/\/secure.gravatar.com\/avatar\/a58041c6cea9128bd9c40ee2f26d4136?s=96&d=blank&r=g","caption":"Jonathan Broberg"},"sameAs":["https:\/\/www.facebook.com\/jonathan.broberg.7"],"url":"https:\/\/www.budokampsport.se\/author\/jonathan\/"}]}},"_links":{"self":[{"href":"https:\/\/www.budokampsport.se\/api\/wp\/v2\/posts\/5249","targetHints":{"allow":["GET"]}}],"collection":[{"href":"https:\/\/www.budokampsport.se\/api\/wp\/v2\/posts"}],"about":[{"href":"https:\/\/www.budokampsport.se\/api\/wp\/v2\/types\/post"}],"author":[{"embeddable":true,"href":"https:\/\/www.budokampsport.se\/api\/wp\/v2\/users\/7"}],"replies":[{"embeddable":true,"href":"https:\/\/www.budokampsport.se\/api\/wp\/v2\/comments?post=5249"}],"version-history":[{"count":0,"href":"https:\/\/www.budokampsport.se\/api\/wp\/v2\/posts\/5249\/revisions"}],"wp:attachment":[{"href":"https:\/\/www.budokampsport.se\/api\/wp\/v2\/media?parent=5249"}],"wp:term":[{"taxonomy":"category","embeddable":true,"href":"https:\/\/www.budokampsport.se\/api\/wp\/v2\/categories?post=5249"},{"taxonomy":"post_tag","embeddable":true,"href":"https:\/\/www.budokampsport.se\/api\/wp\/v2\/tags?post=5249"}],"curies":[{"name":"wp","href":"https:\/\/api.w.org\/{rel}","templated":true}]}}