{"id":52499,"date":"2017-10-25T13:47:14","date_gmt":"2017-10-25T11:47:14","guid":{"rendered":"http:\/\/www.budokampsport.se\/?p=52499"},"modified":"2017-10-25T13:47:14","modified_gmt":"2017-10-25T11:47:14","slug":"arman-popal-moter-jonathan-ramon","status":"publish","type":"post","link":"https:\/\/www.budokampsport.se\/2017\/10\/25\/arman-popal-moter-jonathan-ramon\/","title":{"rendered":"Arman Popal m\u00f6ter Jonathan Ramon"},"content":{"rendered":"<p>Den 2:a december \u00e4r det dags f\u00f6r Superior Challenge att inta Eriksdalshallen i Stockholm. Den svenske talangen Arman Popal g\u00e5r upp i oktogonen f\u00f6r att m\u00f6ta fransmannen Jonathan Ramon p\u00e5 underkortet. Arman har tidigare vunnit mot Linus Ahlb\u00e4ck p\u00e5 knockout och den senaste segern i bagaget \u00e4r finl\u00e4ndaren Aleski Putkonen som han besegrade via teknisk knockout. Ramon som har 18 proffsmatcher m\u00f6ter svensken efter att ha vunnit tv\u00e5 av sina tre senaste matcher, den ene mot Fabien Bouilly och den andre mot Tuukka Repo fr\u00e5n Finland.<\/p>\n<p>Superior Group Internationals grundare <strong>Babak Ashti<\/strong> ser fram emot m\u00f6tet mellan talangen fr\u00e5n Sverige och den lite mer meriterade fransmannen.<\/p>\n<p>&#8211; &#8220;<em>Arman har en sk\u00f6n avslappnad stil som p\u00e5minner om Gegard Mousasis fightingstil. N\u00e4r jag ser honom t\u00e4vla blir jag alltid lika f\u00f6rv\u00e5nad \u00f6ver att han bara g\u00e5tt ett par proffsmatcher, eftersom han visar ett enormt sj\u00e4lvf\u00f6rtroende och lugn. I december kommer han st\u00e4llas mot den rutinerad Jonathan fr\u00e5n Foissards team i Marseille, vilket blir Armans st\u00f6rsta utmaning hittills&#8221;.<\/em><\/p>\n<p>Text: Annie Bondefelt<br \/>\nFoto: Superior Challenge Group<\/p>\n","protected":false},"excerpt":{"rendered":"<p>Den 2:a december \u00e4r det dags f\u00f6r Superior Challenge att [&#8230;]<\/p><br>","protected":false},"author":120,"featured_media":52500,"comment_status":"open","ping_status":"open","sticky":false,"template":"","format":"standard","meta":{"_acf_changed":false,"footnotes":""},"categories":[1],"tags":[],"class_list":["post-52499","post","type-post","status-publish","format-standard","has-post-thumbnail","hentry","category-okategoriserade"],"acf":[],"yoast_head":"<!-- This site is optimized with the Yoast SEO plugin v26.8 - https:\/\/yoast.com\/product\/yoast-seo-wordpress\/ -->\n<title>Arman Popal m\u00f6ter Jonathan Ramon - Svenska Budo &amp; Kampsportsf\u00f6rbundet<\/title>\n<meta name=\"description\" content=\"Den 2:a december \u00e4r det dags f\u00f6r Superior Challenge att inta Eriksdalshallen i Stockholm. Den svenske talangen Arman Popal g\u00e5r upp i oktogonen f\u00f6r att\" \/>\n<meta name=\"robots\" content=\"index, follow, max-snippet:-1, max-image-preview:large, max-video-preview:-1\" \/>\n<link rel=\"canonical\" href=\"https:\/\/www.budokampsport.se\/2017\/10\/25\/arman-popal-moter-jonathan-ramon\/\" \/>\n<meta property=\"og:locale\" content=\"sv_SE\" \/>\n<meta property=\"og:type\" content=\"article\" \/>\n<meta property=\"og:title\" content=\"Arman Popal m\u00f6ter Jonathan Ramon - Svenska Budo &amp; Kampsportsf\u00f6rbundet\" \/>\n<meta property=\"og:description\" content=\"Den 2:a december \u00e4r det dags f\u00f6r Superior Challenge att inta Eriksdalshallen i Stockholm. Den svenske talangen Arman Popal g\u00e5r upp i oktogonen f\u00f6r att\" \/>\n<meta property=\"og:url\" content=\"https:\/\/www.budokampsport.se\/2017\/10\/25\/arman-popal-moter-jonathan-ramon\/\" \/>\n<meta property=\"og:site_name\" content=\"Svenska Budo &amp; Kampsportsf\u00f6rbundet\" \/>\n<meta property=\"article:published_time\" content=\"2017-10-25T11:47:14+00:00\" \/>\n<meta property=\"og:image\" content=\"https:\/\/www.budokampsport.se\/wp-content\/uploads\/2017\/10\/arman-popal-e1624882417202.png\" \/>\n\t<meta property=\"og:image:width\" content=\"850\" \/>\n\t<meta property=\"og:image:height\" content=\"321\" \/>\n\t<meta property=\"og:image:type\" content=\"image\/png\" \/>\n<meta name=\"author\" content=\"Annie Carriage\" \/>\n<meta name=\"twitter:card\" content=\"summary_large_image\" \/>\n<meta name=\"twitter:label1\" content=\"Skriven av\" \/>\n\t<meta name=\"twitter:data1\" content=\"Annie Carriage\" \/>\n\t<meta name=\"twitter:label2\" content=\"Ber\u00e4knad l\u00e4stid\" \/>\n\t<meta name=\"twitter:data2\" content=\"1 minut\" \/>\n<script type=\"application\/ld+json\" class=\"yoast-schema-graph\">{\"@context\":\"https:\/\/schema.org\",\"@graph\":[{\"@type\":\"Article\",\"@id\":\"https:\/\/www.budokampsport.se\/2017\/10\/25\/arman-popal-moter-jonathan-ramon\/#article\",\"isPartOf\":{\"@id\":\"https:\/\/www.budokampsport.se\/2017\/10\/25\/arman-popal-moter-jonathan-ramon\/\"},\"author\":{\"name\":\"Annie Carriage\",\"@id\":\"https:\/\/www.budokampsport.se\/#\/schema\/person\/c838cace8171f692e363fde3f38f208b\"},\"headline\":\"Arman Popal m\u00f6ter Jonathan Ramon\",\"datePublished\":\"2017-10-25T11:47:14+00:00\",\"mainEntityOfPage\":{\"@id\":\"https:\/\/www.budokampsport.se\/2017\/10\/25\/arman-popal-moter-jonathan-ramon\/\"},\"wordCount\":199,\"commentCount\":0,\"image\":{\"@id\":\"https:\/\/www.budokampsport.se\/2017\/10\/25\/arman-popal-moter-jonathan-ramon\/#primaryimage\"},\"thumbnailUrl\":\"https:\/\/www.budokampsport.se\/wp-content\/uploads\/2017\/10\/arman-popal-e1624882417202.png\",\"inLanguage\":\"sv-SE\",\"potentialAction\":[{\"@type\":\"CommentAction\",\"name\":\"Comment\",\"target\":[\"https:\/\/www.budokampsport.se\/2017\/10\/25\/arman-popal-moter-jonathan-ramon\/#respond\"]}]},{\"@type\":\"WebPage\",\"@id\":\"https:\/\/www.budokampsport.se\/2017\/10\/25\/arman-popal-moter-jonathan-ramon\/\",\"url\":\"https:\/\/www.budokampsport.se\/2017\/10\/25\/arman-popal-moter-jonathan-ramon\/\",\"name\":\"Arman Popal m\u00f6ter Jonathan Ramon - Svenska Budo &amp; Kampsportsf\u00f6rbundet\",\"isPartOf\":{\"@id\":\"https:\/\/www.budokampsport.se\/#website\"},\"primaryImageOfPage\":{\"@id\":\"https:\/\/www.budokampsport.se\/2017\/10\/25\/arman-popal-moter-jonathan-ramon\/#primaryimage\"},\"image\":{\"@id\":\"https:\/\/www.budokampsport.se\/2017\/10\/25\/arman-popal-moter-jonathan-ramon\/#primaryimage\"},\"thumbnailUrl\":\"https:\/\/www.budokampsport.se\/wp-content\/uploads\/2017\/10\/arman-popal-e1624882417202.png\",\"datePublished\":\"2017-10-25T11:47:14+00:00\",\"author\":{\"@id\":\"https:\/\/www.budokampsport.se\/#\/schema\/person\/c838cace8171f692e363fde3f38f208b\"},\"description\":\"Den 2:a december \u00e4r det dags f\u00f6r Superior Challenge att inta Eriksdalshallen i Stockholm. Den svenske talangen Arman Popal g\u00e5r upp i oktogonen f\u00f6r att\",\"breadcrumb\":{\"@id\":\"https:\/\/www.budokampsport.se\/2017\/10\/25\/arman-popal-moter-jonathan-ramon\/#breadcrumb\"},\"inLanguage\":\"sv-SE\",\"potentialAction\":[{\"@type\":\"ReadAction\",\"target\":[\"https:\/\/www.budokampsport.se\/2017\/10\/25\/arman-popal-moter-jonathan-ramon\/\"]}]},{\"@type\":\"ImageObject\",\"inLanguage\":\"sv-SE\",\"@id\":\"https:\/\/www.budokampsport.se\/2017\/10\/25\/arman-popal-moter-jonathan-ramon\/#primaryimage\",\"url\":\"https:\/\/www.budokampsport.se\/wp-content\/uploads\/2017\/10\/arman-popal-e1624882417202.png\",\"contentUrl\":\"https:\/\/www.budokampsport.se\/wp-content\/uploads\/2017\/10\/arman-popal-e1624882417202.png\",\"width\":850,\"height\":321},{\"@type\":\"BreadcrumbList\",\"@id\":\"https:\/\/www.budokampsport.se\/2017\/10\/25\/arman-popal-moter-jonathan-ramon\/#breadcrumb\",\"itemListElement\":[{\"@type\":\"ListItem\",\"position\":1,\"name\":\"Hem\",\"item\":\"https:\/\/www.budokampsport.se\/\"},{\"@type\":\"ListItem\",\"position\":2,\"name\":\"Arman Popal m\u00f6ter Jonathan Ramon\"}]},{\"@type\":\"WebSite\",\"@id\":\"https:\/\/www.budokampsport.se\/#website\",\"url\":\"https:\/\/www.budokampsport.se\/\",\"name\":\"Svenska Budo &amp; Kampsportsf\u00f6rbundet\",\"description\":\"T\u00e4vling, Tr\u00e4ning, Tradition\",\"potentialAction\":[{\"@type\":\"SearchAction\",\"target\":{\"@type\":\"EntryPoint\",\"urlTemplate\":\"https:\/\/www.budokampsport.se\/?s={search_term_string}\"},\"query-input\":{\"@type\":\"PropertyValueSpecification\",\"valueRequired\":true,\"valueName\":\"search_term_string\"}}],\"inLanguage\":\"sv-SE\"},{\"@type\":\"Person\",\"@id\":\"https:\/\/www.budokampsport.se\/#\/schema\/person\/c838cace8171f692e363fde3f38f208b\",\"name\":\"Annie Carriage\",\"image\":{\"@type\":\"ImageObject\",\"inLanguage\":\"sv-SE\",\"@id\":\"https:\/\/www.budokampsport.se\/#\/schema\/person\/image\/\",\"url\":\"https:\/\/secure.gravatar.com\/avatar\/9311295560bdfbdf78365a26f7df1876?s=96&d=blank&r=g\",\"contentUrl\":\"https:\/\/secure.gravatar.com\/avatar\/9311295560bdfbdf78365a26f7df1876?s=96&d=blank&r=g\",\"caption\":\"Annie Carriage\"},\"url\":\"https:\/\/www.budokampsport.se\/author\/annie-bondefelt\/\"}]}<\/script>\n<!-- \/ Yoast SEO plugin. -->","yoast_head_json":{"title":"Arman Popal m\u00f6ter Jonathan Ramon - Svenska Budo &amp; Kampsportsf\u00f6rbundet","description":"Den 2:a december \u00e4r det dags f\u00f6r Superior Challenge att inta Eriksdalshallen i Stockholm. Den svenske talangen Arman Popal g\u00e5r upp i oktogonen f\u00f6r att","robots":{"index":"index","follow":"follow","max-snippet":"max-snippet:-1","max-image-preview":"max-image-preview:large","max-video-preview":"max-video-preview:-1"},"canonical":"https:\/\/www.budokampsport.se\/2017\/10\/25\/arman-popal-moter-jonathan-ramon\/","og_locale":"sv_SE","og_type":"article","og_title":"Arman Popal m\u00f6ter Jonathan Ramon - Svenska Budo &amp; Kampsportsf\u00f6rbundet","og_description":"Den 2:a december \u00e4r det dags f\u00f6r Superior Challenge att inta Eriksdalshallen i Stockholm. Den svenske talangen Arman Popal g\u00e5r upp i oktogonen f\u00f6r att","og_url":"https:\/\/www.budokampsport.se\/2017\/10\/25\/arman-popal-moter-jonathan-ramon\/","og_site_name":"Svenska Budo &amp; Kampsportsf\u00f6rbundet","article_published_time":"2017-10-25T11:47:14+00:00","og_image":[{"width":850,"height":321,"url":"https:\/\/www.budokampsport.se\/wp-content\/uploads\/2017\/10\/arman-popal-e1624882417202.png","type":"image\/png"}],"author":"Annie Carriage","twitter_card":"summary_large_image","twitter_misc":{"Skriven av":"Annie Carriage","Ber\u00e4knad l\u00e4stid":"1 minut"},"schema":{"@context":"https:\/\/schema.org","@graph":[{"@type":"Article","@id":"https:\/\/www.budokampsport.se\/2017\/10\/25\/arman-popal-moter-jonathan-ramon\/#article","isPartOf":{"@id":"https:\/\/www.budokampsport.se\/2017\/10\/25\/arman-popal-moter-jonathan-ramon\/"},"author":{"name":"Annie Carriage","@id":"https:\/\/www.budokampsport.se\/#\/schema\/person\/c838cace8171f692e363fde3f38f208b"},"headline":"Arman Popal m\u00f6ter Jonathan Ramon","datePublished":"2017-10-25T11:47:14+00:00","mainEntityOfPage":{"@id":"https:\/\/www.budokampsport.se\/2017\/10\/25\/arman-popal-moter-jonathan-ramon\/"},"wordCount":199,"commentCount":0,"image":{"@id":"https:\/\/www.budokampsport.se\/2017\/10\/25\/arman-popal-moter-jonathan-ramon\/#primaryimage"},"thumbnailUrl":"https:\/\/www.budokampsport.se\/wp-content\/uploads\/2017\/10\/arman-popal-e1624882417202.png","inLanguage":"sv-SE","potentialAction":[{"@type":"CommentAction","name":"Comment","target":["https:\/\/www.budokampsport.se\/2017\/10\/25\/arman-popal-moter-jonathan-ramon\/#respond"]}]},{"@type":"WebPage","@id":"https:\/\/www.budokampsport.se\/2017\/10\/25\/arman-popal-moter-jonathan-ramon\/","url":"https:\/\/www.budokampsport.se\/2017\/10\/25\/arman-popal-moter-jonathan-ramon\/","name":"Arman Popal m\u00f6ter Jonathan Ramon - Svenska Budo &amp; Kampsportsf\u00f6rbundet","isPartOf":{"@id":"https:\/\/www.budokampsport.se\/#website"},"primaryImageOfPage":{"@id":"https:\/\/www.budokampsport.se\/2017\/10\/25\/arman-popal-moter-jonathan-ramon\/#primaryimage"},"image":{"@id":"https:\/\/www.budokampsport.se\/2017\/10\/25\/arman-popal-moter-jonathan-ramon\/#primaryimage"},"thumbnailUrl":"https:\/\/www.budokampsport.se\/wp-content\/uploads\/2017\/10\/arman-popal-e1624882417202.png","datePublished":"2017-10-25T11:47:14+00:00","author":{"@id":"https:\/\/www.budokampsport.se\/#\/schema\/person\/c838cace8171f692e363fde3f38f208b"},"description":"Den 2:a december \u00e4r det dags f\u00f6r Superior Challenge att inta Eriksdalshallen i Stockholm. Den svenske talangen Arman Popal g\u00e5r upp i oktogonen f\u00f6r att","breadcrumb":{"@id":"https:\/\/www.budokampsport.se\/2017\/10\/25\/arman-popal-moter-jonathan-ramon\/#breadcrumb"},"inLanguage":"sv-SE","potentialAction":[{"@type":"ReadAction","target":["https:\/\/www.budokampsport.se\/2017\/10\/25\/arman-popal-moter-jonathan-ramon\/"]}]},{"@type":"ImageObject","inLanguage":"sv-SE","@id":"https:\/\/www.budokampsport.se\/2017\/10\/25\/arman-popal-moter-jonathan-ramon\/#primaryimage","url":"https:\/\/www.budokampsport.se\/wp-content\/uploads\/2017\/10\/arman-popal-e1624882417202.png","contentUrl":"https:\/\/www.budokampsport.se\/wp-content\/uploads\/2017\/10\/arman-popal-e1624882417202.png","width":850,"height":321},{"@type":"BreadcrumbList","@id":"https:\/\/www.budokampsport.se\/2017\/10\/25\/arman-popal-moter-jonathan-ramon\/#breadcrumb","itemListElement":[{"@type":"ListItem","position":1,"name":"Hem","item":"https:\/\/www.budokampsport.se\/"},{"@type":"ListItem","position":2,"name":"Arman Popal m\u00f6ter Jonathan Ramon"}]},{"@type":"WebSite","@id":"https:\/\/www.budokampsport.se\/#website","url":"https:\/\/www.budokampsport.se\/","name":"Svenska Budo &amp; Kampsportsf\u00f6rbundet","description":"T\u00e4vling, Tr\u00e4ning, Tradition","potentialAction":[{"@type":"SearchAction","target":{"@type":"EntryPoint","urlTemplate":"https:\/\/www.budokampsport.se\/?s={search_term_string}"},"query-input":{"@type":"PropertyValueSpecification","valueRequired":true,"valueName":"search_term_string"}}],"inLanguage":"sv-SE"},{"@type":"Person","@id":"https:\/\/www.budokampsport.se\/#\/schema\/person\/c838cace8171f692e363fde3f38f208b","name":"Annie Carriage","image":{"@type":"ImageObject","inLanguage":"sv-SE","@id":"https:\/\/www.budokampsport.se\/#\/schema\/person\/image\/","url":"https:\/\/secure.gravatar.com\/avatar\/9311295560bdfbdf78365a26f7df1876?s=96&d=blank&r=g","contentUrl":"https:\/\/secure.gravatar.com\/avatar\/9311295560bdfbdf78365a26f7df1876?s=96&d=blank&r=g","caption":"Annie Carriage"},"url":"https:\/\/www.budokampsport.se\/author\/annie-bondefelt\/"}]}},"_links":{"self":[{"href":"https:\/\/www.budokampsport.se\/api\/wp\/v2\/posts\/52499","targetHints":{"allow":["GET"]}}],"collection":[{"href":"https:\/\/www.budokampsport.se\/api\/wp\/v2\/posts"}],"about":[{"href":"https:\/\/www.budokampsport.se\/api\/wp\/v2\/types\/post"}],"author":[{"embeddable":true,"href":"https:\/\/www.budokampsport.se\/api\/wp\/v2\/users\/120"}],"replies":[{"embeddable":true,"href":"https:\/\/www.budokampsport.se\/api\/wp\/v2\/comments?post=52499"}],"version-history":[{"count":0,"href":"https:\/\/www.budokampsport.se\/api\/wp\/v2\/posts\/52499\/revisions"}],"wp:featuredmedia":[{"embeddable":true,"href":"https:\/\/www.budokampsport.se\/api\/wp\/v2\/media\/52500"}],"wp:attachment":[{"href":"https:\/\/www.budokampsport.se\/api\/wp\/v2\/media?parent=52499"}],"wp:term":[{"taxonomy":"category","embeddable":true,"href":"https:\/\/www.budokampsport.se\/api\/wp\/v2\/categories?post=52499"},{"taxonomy":"post_tag","embeddable":true,"href":"https:\/\/www.budokampsport.se\/api\/wp\/v2\/tags?post=52499"}],"curies":[{"name":"wp","href":"https:\/\/api.w.org\/{rel}","templated":true}]}}